{"id":27984,"date":"2023-11-03T07:48:53","date_gmt":"2023-11-03T06:48:53","guid":{"rendered":"https:\/\/www.alteacultural.com\/2023\/11\/03\/lalteana-maria-poquet-rep-el-premi-al-millor-vestuari-dels-premis-de-les-arts-esceniques-valencianes\/"},"modified":"2023-11-04T18:01:00","modified_gmt":"2023-11-04T17:01:00","slug":"lalteana-maria-poquet-rep-el-premi-al-millor-vestuari-dels-premis-de-les-arts-esceniques-valencianes","status":"publish","type":"post","link":"https:\/\/www.alteacultural.com\/es\/2023\/11\/03\/lalteana-maria-poquet-rep-el-premi-al-millor-vestuari-dels-premis-de-les-arts-esceniques-valencianes\/","title":{"rendered":"La alteana Mar\u00eda Poquet recibe el Premio al Mejor Vestuario de los Premios de las Artes Esc\u00e9nicas Valencianas"},"content":{"rendered":"\n<figure class=\"wp-block-image\"><img decoding=\"async\" data-src=\"https:\/\/alteadigital.es\/wp-content\/uploads\/2023\/11\/Maria-Poquet-web.jpg\" alt=\"L\u2019alteana Mar\u00eda Poquet rep el Premi al Millor Vestuari dels Premis de les Arts Esc\u00e8niques Valencianes\" src=\"data:image\/gif;base64,R0lGODlhAQABAAAAACH5BAEKAAEALAAAAAABAAEAAAICTAEAOw==\" class=\"lazyload\" \/><\/figure>\n\n\n\n<p><strong>Por el vestuario de la obra \u201cLa caravana de las flores\u201d.<\/strong><\/p>\n\n\n\n<p>La actriz alteana Mar\u00eda Poquet recib\u00eda el pasado lunes el galard\u00f3n al Mejor Vestuario en los Premios de las Artes Esc\u00e9nicas Valencianas por la obra&nbsp; \u201cLa caravana de las Flores\u201d. Un reconocimiento que reconoce el trabajo de Maria Poquet en las artes esc\u00e9nicas y que la actriz dedicaba a todo el equipo, familia, amigos y a los que \u201cconf\u00edan en m\u00ed y me dejan poner mi semillita en sus trabajos\u201d.<\/p>\n\n\n\n<p>La gala de entrega de premios, que ten\u00eda lugar el pasado lunes en Castell\u00f3n, y la entrega de Premios de las Artes Esc\u00e9nicas, supone un reconocimiento a los profesionales de las artes esc\u00e9nicas valencianas, visibilizarlos e incentivar y promocionar la producci\u00f3n esc\u00e9nica valenciana; como as\u00ed lo es Mar\u00eda Poquet. \u201cSoy actriz, hago vestuarios y vivo y sobrevivo con este oficio. He hecho del teatro mi profesi\u00f3n y no hay m\u00e1s que tirar adelante. Como en la vida misma, se hace de todo y siempre que lo hagas porque quieres, sales adelante\u201d; ha declarado Poquet a R\u00e0dio Altea.<\/p>\n\n\n\n<p>Poquet, que reside en Valencia, donde en su d\u00eda estudi\u00f3 Artes Esc\u00e9nicas, piensa en los que tiene cerca y su alegr\u00eda, m\u00e1s que en ella misma, cuando recibe alg\u00fan tipo de reconocimiento y dice \u201cel premio es estar trabajando. Me han dado el premio a m\u00ed, pero tengo que dar las gracias a la gente que me permite trabajar\u201d.<\/p>\n\n\n\n<p>Mar\u00eda Poquet que es actriz hace tambi\u00e9n vestuarios y para ello \u201chay que poner una parte tuya. Tienes que ponerte en la piel de un personaje e intentar transmitir lo que se quiere contar. En el proceso creativo se empieza por leer el texto de la obra, hablar con el director y entonces proponer\u201d; comenta Maria del proceso creativo, para quien \u201csi el vestuario no se ve, mejor porque eso significa que est\u00e1 impregnado en el actor\u201d.<\/p>\n\n\n\n<p>Y en cuanto al presente y futuro laboral m\u00e1s inmediato de Maria Poquet, nos cuenta que est\u00e1 inmersa en la creaci\u00f3n de dos vestuarios y en la grabaci\u00f3n de tres sesiones en una serie; por lo que combina el proceso creativo con el estudio y grabaci\u00f3n de los papeles que le van surgiendo.<\/p>\n\n\n\n<p>Y en nombre del municipio de Altea, la edil de Cultura, Pepa Victoria P\u00e9rez, felicita a Maria Poquet por el premio y los logros conseguidos hasta el momento en su carrera profesional; as\u00ed como le desea muchos m\u00e1s \u00e9xitos. \u201cPara Altea, un municipio cuna de creadores, es un orgullo que nuestros vecinos y vecinas destaquen en sus disciplinas art\u00edsticas y en este caso en una que tanto ha costado de reconocer como es\u00a0 el de las artes esc\u00e9nicas; por lo que tiene mucho m\u00e9rito este galard\u00f3n y ojal\u00e1 Mar\u00eda consiga muchos m\u00e1s. Enhorabuena!\u201d. Ha concluido la responsable municipal de Cultura. |ALTEADIGITAL.ES<\/p>\n","protected":false},"excerpt":{"rendered":"<p>Por el vestuario de la obra \u201cLa caravana de las flores\u201d. La actriz alteana Mar\u00eda Poquet recib\u00eda el pasado [&hellip;]<\/p>\n","protected":false},"author":1,"featured_media":27982,"comment_status":"open","ping_status":"open","sticky":false,"template":"","format":"standard","meta":{"_expiration-date-status":"","_expiration-date":0,"_expiration-date-type":"","_expiration-date-categories":[],"_expiration-date-options":[],"footnotes":""},"yoast_head":"<!-- This site is optimized with the Yoast SEO plugin v22.8 - https:\/\/yoast.com\/wordpress\/plugins\/seo\/ -->\n<title>La alteana Mar\u00eda Poquet recibe el Premio al Mejor Vestuario de los Premios de las Artes Esc\u00e9nicas Valencianas - Altea Cultural<\/title>\n<meta name=\"robots\" content=\"index, follow, max-snippet:-1, max-image-preview:large, max-video-preview:-1\" \/>\n<link rel=\"canonical\" href=\"https:\/\/www.alteacultural.com\/es\/2023\/11\/03\/lalteana-maria-poquet-rep-el-premi-al-millor-vestuari-dels-premis-de-les-arts-esceniques-valencianes\/\" \/>\n<meta property=\"og:locale\" content=\"es_ES\" \/>\n<meta property=\"og:type\" content=\"article\" \/>\n<meta property=\"og:title\" content=\"La alteana Mar\u00eda Poquet recibe el Premio al Mejor Vestuario de los Premios de las Artes Esc\u00e9nicas Valencianas - Altea Cultural\" \/>\n<meta property=\"og:description\" content=\"Por el vestuario de la obra \u201cLa caravana de las flores\u201d. La actriz alteana Mar\u00eda Poquet recib\u00eda el pasado [&hellip;]\" \/>\n<meta property=\"og:url\" content=\"https:\/\/www.alteacultural.com\/es\/2023\/11\/03\/lalteana-maria-poquet-rep-el-premi-al-millor-vestuari-dels-premis-de-les-arts-esceniques-valencianes\/\" \/>\n<meta property=\"og:site_name\" content=\"Altea Cultural\" \/>\n<meta property=\"article:published_time\" content=\"2023-11-03T06:48:53+00:00\" \/>\n<meta property=\"article:modified_time\" content=\"2023-11-04T17:01:00+00:00\" \/>\n<meta property=\"og:image\" content=\"https:\/\/www.alteacultural.com\/wp-content\/uploads\/2023\/11\/Maria-Poquet-web.jpg\" \/>\n\t<meta property=\"og:image:width\" content=\"1028\" \/>\n\t<meta property=\"og:image:height\" content=\"726\" \/>\n\t<meta property=\"og:image:type\" content=\"image\/jpeg\" \/>\n<meta name=\"author\" content=\"sfaltea.com-admin\" \/>\n<meta name=\"twitter:card\" content=\"summary_large_image\" \/>\n<meta name=\"twitter:label1\" content=\"Escrito por\" \/>\n\t<meta name=\"twitter:data1\" content=\"sfaltea.com-admin\" \/>\n\t<meta name=\"twitter:label2\" content=\"Tiempo de lectura\" \/>\n\t<meta name=\"twitter:data2\" content=\"3 minutos\" \/>\n<script type=\"application\/ld+json\" class=\"yoast-schema-graph\">{\"@context\":\"https:\/\/schema.org\",\"@graph\":[{\"@type\":\"WebPage\",\"@id\":\"https:\/\/www.alteacultural.com\/es\/2023\/11\/03\/lalteana-maria-poquet-rep-el-premi-al-millor-vestuari-dels-premis-de-les-arts-esceniques-valencianes\/\",\"url\":\"https:\/\/www.alteacultural.com\/es\/2023\/11\/03\/lalteana-maria-poquet-rep-el-premi-al-millor-vestuari-dels-premis-de-les-arts-esceniques-valencianes\/\",\"name\":\"La alteana Mar\u00eda Poquet recibe el Premio al Mejor Vestuario de los Premios de las Artes Esc\u00e9nicas Valencianas - Altea Cultural\",\"isPartOf\":{\"@id\":\"https:\/\/www.alteacultural.com\/es\/#website\"},\"primaryImageOfPage\":{\"@id\":\"https:\/\/www.alteacultural.com\/es\/2023\/11\/03\/lalteana-maria-poquet-rep-el-premi-al-millor-vestuari-dels-premis-de-les-arts-esceniques-valencianes\/#primaryimage\"},\"image\":{\"@id\":\"https:\/\/www.alteacultural.com\/es\/2023\/11\/03\/lalteana-maria-poquet-rep-el-premi-al-millor-vestuari-dels-premis-de-les-arts-esceniques-valencianes\/#primaryimage\"},\"thumbnailUrl\":\"https:\/\/www.alteacultural.com\/wp-content\/uploads\/2023\/11\/Maria-Poquet-web.jpg\",\"datePublished\":\"2023-11-03T06:48:53+00:00\",\"dateModified\":\"2023-11-04T17:01:00+00:00\",\"author\":{\"@id\":\"https:\/\/www.alteacultural.com\/es\/#\/schema\/person\/c4e137537f1af546d214a315255e5172\"},\"breadcrumb\":{\"@id\":\"https:\/\/www.alteacultural.com\/es\/2023\/11\/03\/lalteana-maria-poquet-rep-el-premi-al-millor-vestuari-dels-premis-de-les-arts-esceniques-valencianes\/#breadcrumb\"},\"inLanguage\":\"es\",\"potentialAction\":[{\"@type\":\"ReadAction\",\"target\":[\"https:\/\/www.alteacultural.com\/es\/2023\/11\/03\/lalteana-maria-poquet-rep-el-premi-al-millor-vestuari-dels-premis-de-les-arts-esceniques-valencianes\/\"]}]},{\"@type\":\"ImageObject\",\"inLanguage\":\"es\",\"@id\":\"https:\/\/www.alteacultural.com\/es\/2023\/11\/03\/lalteana-maria-poquet-rep-el-premi-al-millor-vestuari-dels-premis-de-les-arts-esceniques-valencianes\/#primaryimage\",\"url\":\"https:\/\/www.alteacultural.com\/wp-content\/uploads\/2023\/11\/Maria-Poquet-web.jpg\",\"contentUrl\":\"https:\/\/www.alteacultural.com\/wp-content\/uploads\/2023\/11\/Maria-Poquet-web.jpg\",\"width\":1028,\"height\":726},{\"@type\":\"BreadcrumbList\",\"@id\":\"https:\/\/www.alteacultural.com\/es\/2023\/11\/03\/lalteana-maria-poquet-rep-el-premi-al-millor-vestuari-dels-premis-de-les-arts-esceniques-valencianes\/#breadcrumb\",\"itemListElement\":[{\"@type\":\"ListItem\",\"position\":1,\"name\":\"Inici\",\"item\":\"https:\/\/www.alteacultural.com\/es\/\"},{\"@type\":\"ListItem\",\"position\":2,\"name\":\"La alteana Mar\u00eda Poquet recibe el Premio al Mejor Vestuario de los Premios de las Artes Esc\u00e9nicas Valencianas\"}]},{\"@type\":\"WebSite\",\"@id\":\"https:\/\/www.alteacultural.com\/es\/#website\",\"url\":\"https:\/\/www.alteacultural.com\/es\/\",\"name\":\"Altea Cultural\",\"description\":\"Regidoria de Cultura de l&#039;Ajuntament d&#039;Altea\",\"potentialAction\":[{\"@type\":\"SearchAction\",\"target\":{\"@type\":\"EntryPoint\",\"urlTemplate\":\"https:\/\/www.alteacultural.com\/es\/?s={search_term_string}\"},\"query-input\":\"required name=search_term_string\"}],\"inLanguage\":\"es\"},{\"@type\":\"Person\",\"@id\":\"https:\/\/www.alteacultural.com\/es\/#\/schema\/person\/c4e137537f1af546d214a315255e5172\",\"name\":\"sfaltea.com-admin\",\"image\":{\"@type\":\"ImageObject\",\"inLanguage\":\"es\",\"@id\":\"https:\/\/www.alteacultural.com\/es\/#\/schema\/person\/image\/\",\"url\":\"https:\/\/secure.gravatar.com\/avatar\/f7473fa2fbd351270ccfd469de536202?s=96&d=mm&r=g\",\"contentUrl\":\"https:\/\/secure.gravatar.com\/avatar\/f7473fa2fbd351270ccfd469de536202?s=96&d=mm&r=g\",\"caption\":\"sfaltea.com-admin\"},\"url\":\"https:\/\/www.alteacultural.com\/es\/author\/sfaltea-com-admin\/\"}]}<\/script>\n<!-- \/ Yoast SEO plugin. -->","yoast_head_json":{"title":"La alteana Mar\u00eda Poquet recibe el Premio al Mejor Vestuario de los Premios de las Artes Esc\u00e9nicas Valencianas - Altea Cultural","robots":{"index":"index","follow":"follow","max-snippet":"max-snippet:-1","max-image-preview":"max-image-preview:large","max-video-preview":"max-video-preview:-1"},"canonical":"https:\/\/www.alteacultural.com\/es\/2023\/11\/03\/lalteana-maria-poquet-rep-el-premi-al-millor-vestuari-dels-premis-de-les-arts-esceniques-valencianes\/","og_locale":"es_ES","og_type":"article","og_title":"La alteana Mar\u00eda Poquet recibe el Premio al Mejor Vestuario de los Premios de las Artes Esc\u00e9nicas Valencianas - Altea Cultural","og_description":"Por el vestuario de la obra \u201cLa caravana de las flores\u201d. La actriz alteana Mar\u00eda Poquet recib\u00eda el pasado [&hellip;]","og_url":"https:\/\/www.alteacultural.com\/es\/2023\/11\/03\/lalteana-maria-poquet-rep-el-premi-al-millor-vestuari-dels-premis-de-les-arts-esceniques-valencianes\/","og_site_name":"Altea Cultural","article_published_time":"2023-11-03T06:48:53+00:00","article_modified_time":"2023-11-04T17:01:00+00:00","og_image":[{"width":1028,"height":726,"url":"https:\/\/www.alteacultural.com\/wp-content\/uploads\/2023\/11\/Maria-Poquet-web.jpg","type":"image\/jpeg"}],"author":"sfaltea.com-admin","twitter_card":"summary_large_image","twitter_misc":{"Escrito por":"sfaltea.com-admin","Tiempo de lectura":"3 minutos"},"schema":{"@context":"https:\/\/schema.org","@graph":[{"@type":"WebPage","@id":"https:\/\/www.alteacultural.com\/es\/2023\/11\/03\/lalteana-maria-poquet-rep-el-premi-al-millor-vestuari-dels-premis-de-les-arts-esceniques-valencianes\/","url":"https:\/\/www.alteacultural.com\/es\/2023\/11\/03\/lalteana-maria-poquet-rep-el-premi-al-millor-vestuari-dels-premis-de-les-arts-esceniques-valencianes\/","name":"La alteana Mar\u00eda Poquet recibe el Premio al Mejor Vestuario de los Premios de las Artes Esc\u00e9nicas Valencianas - Altea Cultural","isPartOf":{"@id":"https:\/\/www.alteacultural.com\/es\/#website"},"primaryImageOfPage":{"@id":"https:\/\/www.alteacultural.com\/es\/2023\/11\/03\/lalteana-maria-poquet-rep-el-premi-al-millor-vestuari-dels-premis-de-les-arts-esceniques-valencianes\/#primaryimage"},"image":{"@id":"https:\/\/www.alteacultural.com\/es\/2023\/11\/03\/lalteana-maria-poquet-rep-el-premi-al-millor-vestuari-dels-premis-de-les-arts-esceniques-valencianes\/#primaryimage"},"thumbnailUrl":"https:\/\/www.alteacultural.com\/wp-content\/uploads\/2023\/11\/Maria-Poquet-web.jpg","datePublished":"2023-11-03T06:48:53+00:00","dateModified":"2023-11-04T17:01:00+00:00","author":{"@id":"https:\/\/www.alteacultural.com\/es\/#\/schema\/person\/c4e137537f1af546d214a315255e5172"},"breadcrumb":{"@id":"https:\/\/www.alteacultural.com\/es\/2023\/11\/03\/lalteana-maria-poquet-rep-el-premi-al-millor-vestuari-dels-premis-de-les-arts-esceniques-valencianes\/#breadcrumb"},"inLanguage":"es","potentialAction":[{"@type":"ReadAction","target":["https:\/\/www.alteacultural.com\/es\/2023\/11\/03\/lalteana-maria-poquet-rep-el-premi-al-millor-vestuari-dels-premis-de-les-arts-esceniques-valencianes\/"]}]},{"@type":"ImageObject","inLanguage":"es","@id":"https:\/\/www.alteacultural.com\/es\/2023\/11\/03\/lalteana-maria-poquet-rep-el-premi-al-millor-vestuari-dels-premis-de-les-arts-esceniques-valencianes\/#primaryimage","url":"https:\/\/www.alteacultural.com\/wp-content\/uploads\/2023\/11\/Maria-Poquet-web.jpg","contentUrl":"https:\/\/www.alteacultural.com\/wp-content\/uploads\/2023\/11\/Maria-Poquet-web.jpg","width":1028,"height":726},{"@type":"BreadcrumbList","@id":"https:\/\/www.alteacultural.com\/es\/2023\/11\/03\/lalteana-maria-poquet-rep-el-premi-al-millor-vestuari-dels-premis-de-les-arts-esceniques-valencianes\/#breadcrumb","itemListElement":[{"@type":"ListItem","position":1,"name":"Inici","item":"https:\/\/www.alteacultural.com\/es\/"},{"@type":"ListItem","position":2,"name":"La alteana Mar\u00eda Poquet recibe el Premio al Mejor Vestuario de los Premios de las Artes Esc\u00e9nicas Valencianas"}]},{"@type":"WebSite","@id":"https:\/\/www.alteacultural.com\/es\/#website","url":"https:\/\/www.alteacultural.com\/es\/","name":"Altea Cultural","description":"Regidoria de Cultura de l&#039;Ajuntament d&#039;Altea","potentialAction":[{"@type":"SearchAction","target":{"@type":"EntryPoint","urlTemplate":"https:\/\/www.alteacultural.com\/es\/?s={search_term_string}"},"query-input":"required name=search_term_string"}],"inLanguage":"es"},{"@type":"Person","@id":"https:\/\/www.alteacultural.com\/es\/#\/schema\/person\/c4e137537f1af546d214a315255e5172","name":"sfaltea.com-admin","image":{"@type":"ImageObject","inLanguage":"es","@id":"https:\/\/www.alteacultural.com\/es\/#\/schema\/person\/image\/","url":"https:\/\/secure.gravatar.com\/avatar\/f7473fa2fbd351270ccfd469de536202?s=96&d=mm&r=g","contentUrl":"https:\/\/secure.gravatar.com\/avatar\/f7473fa2fbd351270ccfd469de536202?s=96&d=mm&r=g","caption":"sfaltea.com-admin"},"url":"https:\/\/www.alteacultural.com\/es\/author\/sfaltea-com-admin\/"}]}},"_links":{"self":[{"href":"https:\/\/www.alteacultural.com\/es\/wp-json\/wp\/v2\/posts\/27984"}],"collection":[{"href":"https:\/\/www.alteacultural.com\/es\/wp-json\/wp\/v2\/posts"}],"about":[{"href":"https:\/\/www.alteacultural.com\/es\/wp-json\/wp\/v2\/types\/post"}],"author":[{"embeddable":true,"href":"https:\/\/www.alteacultural.com\/es\/wp-json\/wp\/v2\/users\/1"}],"replies":[{"embeddable":true,"href":"https:\/\/www.alteacultural.com\/es\/wp-json\/wp\/v2\/comments?post=27984"}],"version-history":[{"count":1,"href":"https:\/\/www.alteacultural.com\/es\/wp-json\/wp\/v2\/posts\/27984\/revisions"}],"predecessor-version":[{"id":27985,"href":"https:\/\/www.alteacultural.com\/es\/wp-json\/wp\/v2\/posts\/27984\/revisions\/27985"}],"wp:featuredmedia":[{"embeddable":true,"href":"https:\/\/www.alteacultural.com\/es\/wp-json\/wp\/v2\/media\/27982"}],"wp:attachment":[{"href":"https:\/\/www.alteacultural.com\/es\/wp-json\/wp\/v2\/media?parent=27984"}],"curies":[{"name":"wp","href":"https:\/\/api.w.org\/{rel}","templated":true}]}}