{"id":28016,"date":"2023-11-06T12:26:10","date_gmt":"2023-11-06T11:26:10","guid":{"rendered":"https:\/\/www.alteacultural.com\/2023\/11\/06\/torna-el-mercat-del-convent-daltea-a-la-seua-edicio-de-tardor\/"},"modified":"2023-11-22T13:40:31","modified_gmt":"2023-11-22T12:40:31","slug":"torna-el-mercat-del-convent-daltea-a-la-seua-edicio-de-tardor","status":"publish","type":"post","link":"https:\/\/www.alteacultural.com\/es\/2023\/11\/06\/torna-el-mercat-del-convent-daltea-a-la-seua-edicio-de-tardor\/","title":{"rendered":"Vuelve el Mercat del Convent de Altea en su edici\u00f3n de oto\u00f1o"},"content":{"rendered":"\n<figure class=\"wp-block-image\"><img decoding=\"async\" data-src=\"https:\/\/alteadigital.es\/wp-content\/uploads\/2023\/11\/Mercat-dEstiu.jpg\" alt=\"Torna el Mercat del Convent d\u2019Altea a la seua edici\u00f3 de tardor\" src=\"data:image\/gif;base64,R0lGODlhAQABAAAAACH5BAEKAAEALAAAAAABAAEAAAICTAEAOw==\" class=\"lazyload\" \/><\/figure>\n\n\n\n<p>El s\u00e1bado 11 de noviembre tendr\u00e1 lugar la edici\u00f3n de oto\u00f1o del Mercat del Convent de Altea. Una nueva convocatoria que llega cargada de actividades que completan un proyecto que pretende poner en contacto a productores locales y de la zona con los consumidores, potenciar la agricultura local, sus tradiciones y fomentar el consumo de productos de Km0.<\/p>\n\n\n\n<p>\u201cEn esta nueva edici\u00f3n, uno de los objetivos ha sido tambi\u00e9n introducir el sector pesquero con una charla dedicada a la pesca mediterr\u00e1nea en el Espacio Caixaltea. Adem\u00e1s de otra charla, en esta ocasi\u00f3n, dedicada a la agricultura, que se llevar\u00e1 a cabo el viernes d\u00eda 10 en la Casa de Cultura de la localidad\u201d.<\/p>\n\n\n\n<div class=\"wp-block-image\"><figure class=\"aligncenter\"><img decoding=\"async\" data-src=\"https:\/\/alteadigital.es\/wp-content\/uploads\/2023\/11\/Mercat-dEstiu-2.jpg\" alt=\"\" class=\"wp-image-114625 lazyload\" src=\"data:image\/gif;base64,R0lGODlhAQABAAAAACH5BAEKAAEALAAAAAABAAEAAAICTAEAOw==\" \/><\/figure><\/div>\n\n\n\n<p>Adem\u00e1s de conferencias, el mercado, es tambi\u00e9n un evento que acoge numerosas actividades l\u00fadicas y culturales a lo largo de una amplia jornada, que abrir\u00e1 sus puertas a las 09:30h y acabar\u00e1 a las 19:30h, como por ejemplo un taller de muixeranga para todos los p\u00fablicos; talleres de cer\u00e1mica y acuarela para los m\u00e1s peque\u00f1os y un concierto de la Orquesta Azul, entre otras actividades.<\/p>\n\n\n\n<p>Con esta sexta edici\u00f3n, el proyecto fomentado por las concejal\u00edas de Medio Ambiente, Comercio y Cultura del Ayuntamiento de Altea, que cuenta con la colaboraci\u00f3n de la asociaci\u00f3n Agrollotja, se consolida como una cita ineludible en el circuito de mercados tradicionales de la Marina Baixa.<\/p>\n\n\n\n<div class=\"wp-block-image\"><figure class=\"aligncenter\"><img decoding=\"async\" data-src=\"https:\/\/alteadigital.es\/wp-content\/uploads\/2023\/11\/cartell-Mercat-del-Convent-web.jpg\" alt=\"\" class=\"wp-image-114627 lazyload\" src=\"data:image\/gif;base64,R0lGODlhAQABAAAAACH5BAEKAAEALAAAAAABAAEAAAICTAEAOw==\" \/><\/figure><\/div>\n\n\n\n<p>M\u00e1s informaci\u00f3n y horarios en&nbsp;<a href=\"http:\/\/www.alteacultural.com\/\">www.alteacultural.com<\/a> |ALTEADIGITAL.ES<\/p>\n","protected":false},"excerpt":{"rendered":"<p>El s\u00e1bado 11 de noviembre tendr\u00e1 lugar la edici\u00f3n de oto\u00f1o del Mercat del Convent de Altea. Una nueva [&hellip;]<\/p>\n","protected":false},"author":1,"featured_media":27970,"comment_status":"open","ping_status":"open","sticky":false,"template":"","format":"standard","meta":{"_expiration-date-status":"saved","_expiration-date":1699718400,"_expiration-date-type":"category-remove","_expiration-date-categories":[],"_expiration-date-options":[],"footnotes":""},"yoast_head":"<!-- This site is optimized with the Yoast SEO plugin v22.8 - https:\/\/yoast.com\/wordpress\/plugins\/seo\/ -->\n<title>Vuelve el Mercat del Convent de Altea en su edici\u00f3n de oto\u00f1o - Altea Cultural<\/title>\n<meta name=\"robots\" content=\"index, follow, max-snippet:-1, max-image-preview:large, max-video-preview:-1\" \/>\n<link rel=\"canonical\" href=\"https:\/\/www.alteacultural.com\/es\/2023\/11\/06\/torna-el-mercat-del-convent-daltea-a-la-seua-edicio-de-tardor\/\" \/>\n<meta property=\"og:locale\" content=\"es_ES\" \/>\n<meta property=\"og:type\" content=\"article\" \/>\n<meta property=\"og:title\" content=\"Vuelve el Mercat del Convent de Altea en su edici\u00f3n de oto\u00f1o - Altea Cultural\" \/>\n<meta property=\"og:description\" content=\"El s\u00e1bado 11 de noviembre tendr\u00e1 lugar la edici\u00f3n de oto\u00f1o del Mercat del Convent de Altea. Una nueva [&hellip;]\" \/>\n<meta property=\"og:url\" content=\"https:\/\/www.alteacultural.com\/es\/2023\/11\/06\/torna-el-mercat-del-convent-daltea-a-la-seua-edicio-de-tardor\/\" \/>\n<meta property=\"og:site_name\" content=\"Altea Cultural\" \/>\n<meta property=\"article:published_time\" content=\"2023-11-06T11:26:10+00:00\" \/>\n<meta property=\"article:modified_time\" content=\"2023-11-22T12:40:31+00:00\" \/>\n<meta property=\"og:image\" content=\"https:\/\/www.alteacultural.com\/wp-content\/uploads\/2023\/10\/2023-11-11-Mercat-del-Convent-tardor-2023-val.jpg\" \/>\n\t<meta property=\"og:image:width\" content=\"1457\" \/>\n\t<meta property=\"og:image:height\" content=\"2048\" \/>\n\t<meta property=\"og:image:type\" content=\"image\/jpeg\" \/>\n<meta name=\"author\" content=\"sfaltea.com-admin\" \/>\n<meta name=\"twitter:card\" content=\"summary_large_image\" \/>\n<meta name=\"twitter:label1\" content=\"Escrito por\" \/>\n\t<meta name=\"twitter:data1\" content=\"sfaltea.com-admin\" \/>\n\t<meta name=\"twitter:label2\" content=\"Tiempo de lectura\" \/>\n\t<meta name=\"twitter:data2\" content=\"2 minutos\" \/>\n<script type=\"application\/ld+json\" class=\"yoast-schema-graph\">{\"@context\":\"https:\/\/schema.org\",\"@graph\":[{\"@type\":\"WebPage\",\"@id\":\"https:\/\/www.alteacultural.com\/es\/2023\/11\/06\/torna-el-mercat-del-convent-daltea-a-la-seua-edicio-de-tardor\/\",\"url\":\"https:\/\/www.alteacultural.com\/es\/2023\/11\/06\/torna-el-mercat-del-convent-daltea-a-la-seua-edicio-de-tardor\/\",\"name\":\"Vuelve el Mercat del Convent de Altea en su edici\u00f3n de oto\u00f1o - Altea Cultural\",\"isPartOf\":{\"@id\":\"https:\/\/www.alteacultural.com\/es\/#website\"},\"primaryImageOfPage\":{\"@id\":\"https:\/\/www.alteacultural.com\/es\/2023\/11\/06\/torna-el-mercat-del-convent-daltea-a-la-seua-edicio-de-tardor\/#primaryimage\"},\"image\":{\"@id\":\"https:\/\/www.alteacultural.com\/es\/2023\/11\/06\/torna-el-mercat-del-convent-daltea-a-la-seua-edicio-de-tardor\/#primaryimage\"},\"thumbnailUrl\":\"https:\/\/www.alteacultural.com\/wp-content\/uploads\/2023\/10\/2023-11-11-Mercat-del-Convent-tardor-2023-val.jpg\",\"datePublished\":\"2023-11-06T11:26:10+00:00\",\"dateModified\":\"2023-11-22T12:40:31+00:00\",\"author\":{\"@id\":\"https:\/\/www.alteacultural.com\/es\/#\/schema\/person\/c4e137537f1af546d214a315255e5172\"},\"breadcrumb\":{\"@id\":\"https:\/\/www.alteacultural.com\/es\/2023\/11\/06\/torna-el-mercat-del-convent-daltea-a-la-seua-edicio-de-tardor\/#breadcrumb\"},\"inLanguage\":\"es\",\"potentialAction\":[{\"@type\":\"ReadAction\",\"target\":[\"https:\/\/www.alteacultural.com\/es\/2023\/11\/06\/torna-el-mercat-del-convent-daltea-a-la-seua-edicio-de-tardor\/\"]}]},{\"@type\":\"ImageObject\",\"inLanguage\":\"es\",\"@id\":\"https:\/\/www.alteacultural.com\/es\/2023\/11\/06\/torna-el-mercat-del-convent-daltea-a-la-seua-edicio-de-tardor\/#primaryimage\",\"url\":\"https:\/\/www.alteacultural.com\/wp-content\/uploads\/2023\/10\/2023-11-11-Mercat-del-Convent-tardor-2023-val.jpg\",\"contentUrl\":\"https:\/\/www.alteacultural.com\/wp-content\/uploads\/2023\/10\/2023-11-11-Mercat-del-Convent-tardor-2023-val.jpg\",\"width\":1457,\"height\":2048},{\"@type\":\"BreadcrumbList\",\"@id\":\"https:\/\/www.alteacultural.com\/es\/2023\/11\/06\/torna-el-mercat-del-convent-daltea-a-la-seua-edicio-de-tardor\/#breadcrumb\",\"itemListElement\":[{\"@type\":\"ListItem\",\"position\":1,\"name\":\"Inici\",\"item\":\"https:\/\/www.alteacultural.com\/es\/\"},{\"@type\":\"ListItem\",\"position\":2,\"name\":\"Vuelve el Mercat del Convent de Altea en su edici\u00f3n de oto\u00f1o\"}]},{\"@type\":\"WebSite\",\"@id\":\"https:\/\/www.alteacultural.com\/es\/#website\",\"url\":\"https:\/\/www.alteacultural.com\/es\/\",\"name\":\"Altea Cultural\",\"description\":\"Regidoria de Cultura de l&#039;Ajuntament d&#039;Altea\",\"potentialAction\":[{\"@type\":\"SearchAction\",\"target\":{\"@type\":\"EntryPoint\",\"urlTemplate\":\"https:\/\/www.alteacultural.com\/es\/?s={search_term_string}\"},\"query-input\":\"required name=search_term_string\"}],\"inLanguage\":\"es\"},{\"@type\":\"Person\",\"@id\":\"https:\/\/www.alteacultural.com\/es\/#\/schema\/person\/c4e137537f1af546d214a315255e5172\",\"name\":\"sfaltea.com-admin\",\"image\":{\"@type\":\"ImageObject\",\"inLanguage\":\"es\",\"@id\":\"https:\/\/www.alteacultural.com\/es\/#\/schema\/person\/image\/\",\"url\":\"https:\/\/secure.gravatar.com\/avatar\/f7473fa2fbd351270ccfd469de536202?s=96&d=mm&r=g\",\"contentUrl\":\"https:\/\/secure.gravatar.com\/avatar\/f7473fa2fbd351270ccfd469de536202?s=96&d=mm&r=g\",\"caption\":\"sfaltea.com-admin\"},\"url\":\"https:\/\/www.alteacultural.com\/es\/author\/sfaltea-com-admin\/\"}]}<\/script>\n<!-- \/ Yoast SEO plugin. -->","yoast_head_json":{"title":"Vuelve el Mercat del Convent de Altea en su edici\u00f3n de oto\u00f1o - Altea Cultural","robots":{"index":"index","follow":"follow","max-snippet":"max-snippet:-1","max-image-preview":"max-image-preview:large","max-video-preview":"max-video-preview:-1"},"canonical":"https:\/\/www.alteacultural.com\/es\/2023\/11\/06\/torna-el-mercat-del-convent-daltea-a-la-seua-edicio-de-tardor\/","og_locale":"es_ES","og_type":"article","og_title":"Vuelve el Mercat del Convent de Altea en su edici\u00f3n de oto\u00f1o - Altea Cultural","og_description":"El s\u00e1bado 11 de noviembre tendr\u00e1 lugar la edici\u00f3n de oto\u00f1o del Mercat del Convent de Altea. Una nueva [&hellip;]","og_url":"https:\/\/www.alteacultural.com\/es\/2023\/11\/06\/torna-el-mercat-del-convent-daltea-a-la-seua-edicio-de-tardor\/","og_site_name":"Altea Cultural","article_published_time":"2023-11-06T11:26:10+00:00","article_modified_time":"2023-11-22T12:40:31+00:00","og_image":[{"width":1457,"height":2048,"url":"https:\/\/www.alteacultural.com\/wp-content\/uploads\/2023\/10\/2023-11-11-Mercat-del-Convent-tardor-2023-val.jpg","type":"image\/jpeg"}],"author":"sfaltea.com-admin","twitter_card":"summary_large_image","twitter_misc":{"Escrito por":"sfaltea.com-admin","Tiempo de lectura":"2 minutos"},"schema":{"@context":"https:\/\/schema.org","@graph":[{"@type":"WebPage","@id":"https:\/\/www.alteacultural.com\/es\/2023\/11\/06\/torna-el-mercat-del-convent-daltea-a-la-seua-edicio-de-tardor\/","url":"https:\/\/www.alteacultural.com\/es\/2023\/11\/06\/torna-el-mercat-del-convent-daltea-a-la-seua-edicio-de-tardor\/","name":"Vuelve el Mercat del Convent de Altea en su edici\u00f3n de oto\u00f1o - Altea Cultural","isPartOf":{"@id":"https:\/\/www.alteacultural.com\/es\/#website"},"primaryImageOfPage":{"@id":"https:\/\/www.alteacultural.com\/es\/2023\/11\/06\/torna-el-mercat-del-convent-daltea-a-la-seua-edicio-de-tardor\/#primaryimage"},"image":{"@id":"https:\/\/www.alteacultural.com\/es\/2023\/11\/06\/torna-el-mercat-del-convent-daltea-a-la-seua-edicio-de-tardor\/#primaryimage"},"thumbnailUrl":"https:\/\/www.alteacultural.com\/wp-content\/uploads\/2023\/10\/2023-11-11-Mercat-del-Convent-tardor-2023-val.jpg","datePublished":"2023-11-06T11:26:10+00:00","dateModified":"2023-11-22T12:40:31+00:00","author":{"@id":"https:\/\/www.alteacultural.com\/es\/#\/schema\/person\/c4e137537f1af546d214a315255e5172"},"breadcrumb":{"@id":"https:\/\/www.alteacultural.com\/es\/2023\/11\/06\/torna-el-mercat-del-convent-daltea-a-la-seua-edicio-de-tardor\/#breadcrumb"},"inLanguage":"es","potentialAction":[{"@type":"ReadAction","target":["https:\/\/www.alteacultural.com\/es\/2023\/11\/06\/torna-el-mercat-del-convent-daltea-a-la-seua-edicio-de-tardor\/"]}]},{"@type":"ImageObject","inLanguage":"es","@id":"https:\/\/www.alteacultural.com\/es\/2023\/11\/06\/torna-el-mercat-del-convent-daltea-a-la-seua-edicio-de-tardor\/#primaryimage","url":"https:\/\/www.alteacultural.com\/wp-content\/uploads\/2023\/10\/2023-11-11-Mercat-del-Convent-tardor-2023-val.jpg","contentUrl":"https:\/\/www.alteacultural.com\/wp-content\/uploads\/2023\/10\/2023-11-11-Mercat-del-Convent-tardor-2023-val.jpg","width":1457,"height":2048},{"@type":"BreadcrumbList","@id":"https:\/\/www.alteacultural.com\/es\/2023\/11\/06\/torna-el-mercat-del-convent-daltea-a-la-seua-edicio-de-tardor\/#breadcrumb","itemListElement":[{"@type":"ListItem","position":1,"name":"Inici","item":"https:\/\/www.alteacultural.com\/es\/"},{"@type":"ListItem","position":2,"name":"Vuelve el Mercat del Convent de Altea en su edici\u00f3n de oto\u00f1o"}]},{"@type":"WebSite","@id":"https:\/\/www.alteacultural.com\/es\/#website","url":"https:\/\/www.alteacultural.com\/es\/","name":"Altea Cultural","description":"Regidoria de Cultura de l&#039;Ajuntament d&#039;Altea","potentialAction":[{"@type":"SearchAction","target":{"@type":"EntryPoint","urlTemplate":"https:\/\/www.alteacultural.com\/es\/?s={search_term_string}"},"query-input":"required name=search_term_string"}],"inLanguage":"es"},{"@type":"Person","@id":"https:\/\/www.alteacultural.com\/es\/#\/schema\/person\/c4e137537f1af546d214a315255e5172","name":"sfaltea.com-admin","image":{"@type":"ImageObject","inLanguage":"es","@id":"https:\/\/www.alteacultural.com\/es\/#\/schema\/person\/image\/","url":"https:\/\/secure.gravatar.com\/avatar\/f7473fa2fbd351270ccfd469de536202?s=96&d=mm&r=g","contentUrl":"https:\/\/secure.gravatar.com\/avatar\/f7473fa2fbd351270ccfd469de536202?s=96&d=mm&r=g","caption":"sfaltea.com-admin"},"url":"https:\/\/www.alteacultural.com\/es\/author\/sfaltea-com-admin\/"}]}},"_links":{"self":[{"href":"https:\/\/www.alteacultural.com\/es\/wp-json\/wp\/v2\/posts\/28016"}],"collection":[{"href":"https:\/\/www.alteacultural.com\/es\/wp-json\/wp\/v2\/posts"}],"about":[{"href":"https:\/\/www.alteacultural.com\/es\/wp-json\/wp\/v2\/types\/post"}],"author":[{"embeddable":true,"href":"https:\/\/www.alteacultural.com\/es\/wp-json\/wp\/v2\/users\/1"}],"replies":[{"embeddable":true,"href":"https:\/\/www.alteacultural.com\/es\/wp-json\/wp\/v2\/comments?post=28016"}],"version-history":[{"count":2,"href":"https:\/\/www.alteacultural.com\/es\/wp-json\/wp\/v2\/posts\/28016\/revisions"}],"predecessor-version":[{"id":28119,"href":"https:\/\/www.alteacultural.com\/es\/wp-json\/wp\/v2\/posts\/28016\/revisions\/28119"}],"wp:featuredmedia":[{"embeddable":true,"href":"https:\/\/www.alteacultural.com\/es\/wp-json\/wp\/v2\/media\/27970"}],"wp:attachment":[{"href":"https:\/\/www.alteacultural.com\/es\/wp-json\/wp\/v2\/media?parent=28016"}],"curies":[{"name":"wp","href":"https:\/\/api.w.org\/{rel}","templated":true}]}}