{"id":28023,"date":"2023-11-06T12:26:07","date_gmt":"2023-11-06T11:26:07","guid":{"rendered":"https:\/\/www.alteacultural.com\/2023\/11\/06\/programa-07-11-2023\/"},"modified":"2023-11-06T12:54:26","modified_gmt":"2023-11-06T11:54:26","slug":"programa-07-11-2023","status":"publish","type":"post","link":"https:\/\/www.alteacultural.com\/es\/2023\/11\/06\/programa-07-11-2023\/","title":{"rendered":"Programa 07-11-2023"},"content":{"rendered":"\t\t<div data-elementor-type=\"wp-post\" data-elementor-id=\"28023\" class=\"elementor elementor-28023\">\n\t\t\t\t\t\t<section class=\"elementor-section elementor-top-section elementor-element elementor-element-1fcb64c elementor-section-boxed elementor-section-height-default elementor-section-height-default exad-glass-effect-no exad-sticky-section-no\" data-id=\"1fcb64c\" data-element_type=\"section\">\n\t\t\t\t\t\t<div class=\"elementor-container elementor-column-gap-default\">\n\t\t\t\t\t<div class=\"elementor-column elementor-col-50 elementor-top-column elementor-element elementor-element-928d7ea exad-glass-effect-no exad-sticky-section-no\" data-id=\"928d7ea\" data-element_type=\"column\">\n\t\t\t<div class=\"elementor-widget-wrap elementor-element-populated\">\n\t\t\t\t\t\t<div class=\"elementor-element elementor-element-d19d03c exad-sticky-section-no exad-glass-effect-no elementor-widget elementor-widget-text-editor\" data-id=\"d19d03c\" data-element_type=\"widget\" data-widget_type=\"text-editor.default\">\n\t\t\t\t<div class=\"elementor-widget-container\">\n\t\t\t\t\t\t\t<p style=\"text-align: center;\">Programa \u00b7 07\/11\/2023 \u00b7 Concierto<\/p>\t\t\t\t\t\t<\/div>\n\t\t\t\t<\/div>\n\t\t\t\t\t<\/div>\n\t\t<\/div>\n\t\t\t\t<div class=\"elementor-column elementor-col-50 elementor-top-column elementor-element elementor-element-041b80c exad-glass-effect-no exad-sticky-section-no\" data-id=\"041b80c\" data-element_type=\"column\">\n\t\t\t<div class=\"elementor-widget-wrap elementor-element-populated\">\n\t\t\t\t\t\t<div class=\"elementor-element elementor-element-961ad1f exad-sticky-section-no exad-glass-effect-no elementor-widget elementor-widget-image\" data-id=\"961ad1f\" data-element_type=\"widget\" data-widget_type=\"image.default\">\n\t\t\t\t<div class=\"elementor-widget-container\">\n\t\t\t\t\t\t\t\t\t\t\t\t\t\t<a href=\"https:\/\/www.alteacultural.com\/2023\/11\/06\/programa-07-11-2023\">\n\t\t\t\t\t\t\t<img decoding=\"async\" data-src=\"https:\/\/www.alteacultural.com\/wp-content\/uploads\/elementor\/thumbs\/valencia-pt48thfiy0n8d036da41ndkk48zbusn7jwawsx7u0c.jpg\" title=\"valenci\u00e0\" alt=\"valenci\u00e0\" src=\"data:image\/gif;base64,R0lGODlhAQABAAAAACH5BAEKAAEALAAAAAABAAEAAAICTAEAOw==\" class=\"lazyload\" style=\"--smush-placeholder-width: 30px; --smush-placeholder-aspect-ratio: 30\/30;\" \/>\t\t\t\t\t\t\t\t<\/a>\n\t\t\t\t\t\t\t\t\t\t\t\t\t<\/div>\n\t\t\t\t<\/div>\n\t\t\t\t\t<\/div>\n\t\t<\/div>\n\t\t\t\t\t<\/div>\n\t\t<\/section>\n\t\t\t\t<section class=\"elementor-section elementor-top-section elementor-element elementor-element-73b943d elementor-section-boxed elementor-section-height-default elementor-section-height-default exad-glass-effect-no exad-sticky-section-no\" data-id=\"73b943d\" data-element_type=\"section\">\n\t\t\t\t\t\t<div class=\"elementor-container elementor-column-gap-default\">\n\t\t\t\t\t<div class=\"elementor-column elementor-col-100 elementor-top-column elementor-element elementor-element-73e008d exad-glass-effect-no exad-sticky-section-no\" data-id=\"73e008d\" data-element_type=\"column\">\n\t\t\t<div class=\"elementor-widget-wrap elementor-element-populated\">\n\t\t\t\t\t\t<div class=\"elementor-element elementor-element-47a15ef exad-sticky-section-no exad-glass-effect-no elementor-widget elementor-widget-text-editor\" data-id=\"47a15ef\" data-element_type=\"widget\" data-widget_type=\"text-editor.default\">\n\t\t\t\t<div class=\"elementor-widget-container\">\n\t\t\t\t\t\t\t<h3 style=\"text-align: center;\"><span style=\"color: #ffffff;\">Banda UDP Ll\u00edria-Camp de T\u00faria-Serranos<\/span><\/h3>\t\t\t\t\t\t<\/div>\n\t\t\t\t<\/div>\n\t\t\t\t\t<\/div>\n\t\t<\/div>\n\t\t\t\t\t<\/div>\n\t\t<\/section>\n\t\t\t\t<section class=\"elementor-section elementor-top-section elementor-element elementor-element-f2845cd elementor-section-boxed elementor-section-height-default elementor-section-height-default exad-glass-effect-no exad-sticky-section-no\" data-id=\"f2845cd\" data-element_type=\"section\">\n\t\t\t\t\t\t<div class=\"elementor-container elementor-column-gap-default\">\n\t\t\t\t\t<div class=\"elementor-column elementor-col-100 elementor-top-column elementor-element elementor-element-99fde3d exad-glass-effect-no exad-sticky-section-no\" data-id=\"99fde3d\" data-element_type=\"column\">\n\t\t\t<div class=\"elementor-widget-wrap elementor-element-populated\">\n\t\t\t\t\t\t<div class=\"elementor-element elementor-element-353eb5a exad-sticky-section-no exad-glass-effect-no elementor-widget elementor-widget-text-editor\" data-id=\"353eb5a\" data-element_type=\"widget\" data-widget_type=\"text-editor.default\">\n\t\t\t\t<div class=\"elementor-widget-container\">\n\t\t\t\t\t\t\t<div class=\"traductor-textarea form-group\" style=\"text-align: center;\"><h3 class=\"textarea-desti col-xs-12 col-sm-6\" style=\"text-align: center;\"><span style=\"text-decoration: underline; color: #ff6600;\">PROGRAMA<\/span><\/h3><\/div><div>\u00a0<\/div><div class=\"traductor-textarea form-group\" style=\"text-align: center;\"><p><span style=\"color: #0000ff;\">\u00a0<\/span><\/p><h3><span style=\"text-decoration: underline; color: #0000ff;\">1\u00aa parte<\/span><\/h3><h3>CHURUMBELERIAS (pasodoble)<\/h3><h3>Emilio Cebri\u00e1n<\/h3><h3>\u00a0<\/h3><h3>EL LAGO DE LOS CISNES (Vals)<br \/>Peter Tchaikovsky<\/h3><h3>\u00a0<\/h3><h3>EL SITIO DE ZARAGOZA<\/h3><h3>Oudrid<\/h3><h3>\u00a0<\/h3><h3>\u00a0THE BEATLES IN CONCERT (Selecci\u00f3n)<\/h3><h3>Lennon mc Cartney<\/h3><div>\u00a0 \u00a0 \u00a0 \u00a0 \u00a0 \u00a0<\/div><div><h3><span style=\"text-decoration: underline; color: #0000ff;\">2\u00aa parte<\/span><\/h3><\/div><div>\u00a0<\/div><h3>LAS ARENAS (pasodoble)<\/h3><h3>Manuel Morales<\/h3><h3>\u00a0<\/h3><h3>UNA NOCHE EN GRANADA (poema l\u00edrico)<\/h3><h3>Emilio Cebri\u00e1n<\/h3><h3>\u00a0<\/h3><h3>LA TEMPRANICA (Selecci\u00f3n)<\/h3><h3>Gregorio Gim\u00e9nez<\/h3><h3>\u00a0<\/h3><h3>LA BODA DE LUIS ALONSO<\/h3><h3>Gregorio Gim\u00e9nez<\/h3><h3>\u00a0<\/h3><h3><span style=\"color: #0000ff;\">Director:<\/span><\/h3><h3><span style=\"color: #0000ff;\">PEDRO CALVO PASCUAL<\/span><\/h3><h3><span style=\"color: #0000ff;\">\u00a0<\/span><\/h3><\/div><h3>\u00a0<\/h3><div class=\"traductor-textarea form-group\"><h4 class=\"textarea-desti col-xs-12 col-sm-6\" style=\"text-align: center;\">\u00a0<\/h4><\/div><h4>\u00a0<\/h4><h4 style=\"text-align: center;\"><span style=\"color: #ff6600;\">B.M. O.D.P. LLiria-Camp de T\u00faria-Serranos<\/span><\/h4><h4 style=\"text-align: center;\">La Banda Musical U.D.P. Ll\u00edria-Camp de Turia-Serranos, se form\u00f3 en Ll\u00edria (Ciudad de la M\u00fasica) (Valencia) en el a\u00f1o 1993, siendo la primera Banda Musical compuesta por personas mayores formada en Espa\u00f1a. Cuenta con una plantilla de 50 personas entre m\u00fasicos, Director, Presidente y Junta Directiva.<br \/>A lo largo de estos veintiocho a\u00f1os de Historia de esta Banda Musical, ha ofrecido cerca de 700 conciertos por toda la Geograf\u00eda<br \/>de Espa\u00f1a y tambi\u00e9n del extranjero como fue en Andorra, Gibraltar y Portugal entre otros.<\/h4><h4>\u00a0<\/h4><h4 style=\"text-align: center;\">Esta Entidad Musical a obtenido diversos galardones y trofeos de distintos Organismos Oficiales tal como el que en Octubre de<br \/>2007 se nos concedi\u00f3 La Gran Cruz de Las Palmas que la M.I. Academia Mundial de Ciencias, Tecnolog\u00eda, Educaci\u00f3n y Humanidades que esta Academia viene haciendo para premiar a las personas e Instituciones por su reconocimiento al trabajo y admiraci\u00f3n y con todo respeto de esta Academia.<\/h4><h4>\u00a0<\/h4><h4 style=\"text-align: center;\">En el a\u00f1o 2018 celebramos el 25 aniversario de la Banda, por lo cual editamos la grabaci\u00f3n de un DVD con t\u00edtulo de \u201cANTOLOGIA DE LA ZARZUELA\u201d.<\/h4><h4 style=\"text-align: center;\">Algunas obras fueron interpretadas conjuntamente con una Soprano y un Tenor.<br \/>Tambi\u00e9n se insertaron varios temas fotogr\u00e1ficos de las principales maravillas que poseemos en nuestra Ciudad de Ll\u00edria.<\/h4><h4>\u00a0<\/h4><h4 style=\"text-align: center;\">En el Libro de Oro de esta Entidad Musical, constan como Directores Honor\u00edficos D. Enrique Garc\u00eda Asensio, D. Bernardo Adam Ferrero y D. Jos\u00e9 Miguel Mic\u00f3 Castellano habiendo tenido el honor de haber sido dirigida esta Banda Musical por sus magistrales batutas.<\/h4><h4>\u00a0<\/h4><h4 style=\"text-align: center;\">Sin duda alguna, el Galard\u00f3n m\u00e1s preciado por todos nosotros fue, el que nos otorg\u00f3 en el a\u00f1o 2013 el MI Ayuntamiento de Ll\u00edria la Medalla de Oro de la Ciudad en virtud de los m\u00e9ritos Art\u00edsticos y Sociales logrados por esta Entidad durante los 20 a\u00f1os desde su fundaci\u00f3n.<br \/>En Enero de 2017 entro a formar parte de esta Banda Musical D. Vicente Puchol Calvo como instrumentista de clarinete con amplia experiencia como director de Bandas de M\u00fasica y ente la tesitura de la dimisi\u00f3n de D. Jos\u00e9 Alonso Rodr\u00edguez, la Junta<br \/>Directiva toma la decisi\u00f3n de ofrecerle la direcci\u00f3n de la misma como Maestro Director Titular, cosa que acepta con el benepl\u00e1cito de todos.<\/h4><h4>\u00a0<\/h4><h4 style=\"text-align: center;\">En la actualidad esta banda sufre un cambio institucional de la misma ya que a partir del 24 de enero de 2019, pasa a ser<br \/>presidida por D. Jos\u00e9 Zaragoz\u00e1 Novejarque y por miembros m\u00fasicos de la misma.<\/h4><h4>\u00a0<\/h4><h4 style=\"text-align: center;\">Ofreciendo el primer concierto en esta nueva etapa el d\u00eda 3 de Marzo de 2019 en conmemoraci\u00f3n del\u00a0<em>Dia de la Dona.<\/em><\/h4>\t\t\t\t\t\t<\/div>\n\t\t\t\t<\/div>\n\t\t\t\t\t<\/div>\n\t\t<\/div>\n\t\t\t\t\t<\/div>\n\t\t<\/section>\n\t\t\t\t<section class=\"elementor-section elementor-top-section elementor-element elementor-element-c66925c elementor-section-boxed elementor-section-height-default elementor-section-height-default exad-glass-effect-no exad-sticky-section-no\" data-id=\"c66925c\" data-element_type=\"section\">\n\t\t\t\t\t\t<div class=\"elementor-container elementor-column-gap-default\">\n\t\t\t\t\t<div class=\"elementor-column elementor-col-100 elementor-top-column elementor-element elementor-element-151023a exad-glass-effect-no exad-sticky-section-no\" data-id=\"151023a\" data-element_type=\"column\">\n\t\t\t<div class=\"elementor-widget-wrap\">\n\t\t\t\t\t\t\t<\/div>\n\t\t<\/div>\n\t\t\t\t\t<\/div>\n\t\t<\/section>\n\t\t\t\t<section class=\"elementor-section elementor-top-section elementor-element elementor-element-5625a3c elementor-section-boxed elementor-section-height-default elementor-section-height-default exad-glass-effect-no exad-sticky-section-no\" data-id=\"5625a3c\" data-element_type=\"section\">\n\t\t\t\t\t\t<div class=\"elementor-container elementor-column-gap-default\">\n\t\t\t\t\t<div class=\"elementor-column elementor-col-100 elementor-top-column elementor-element elementor-element-64c120d exad-glass-effect-no exad-sticky-section-no\" data-id=\"64c120d\" data-element_type=\"column\">\n\t\t\t<div class=\"elementor-widget-wrap elementor-element-populated\">\n\t\t\t\t\t\t<div class=\"elementor-element elementor-element-30c43d4 elementor-align-center exad-sticky-section-no exad-glass-effect-no elementor-widget elementor-widget-button\" data-id=\"30c43d4\" data-element_type=\"widget\" data-widget_type=\"button.default\">\n\t\t\t\t<div class=\"elementor-widget-container\">\n\t\t\t\t\t<div class=\"elementor-button-wrapper\">\n\t\t\t<a class=\"elementor-button elementor-button-link elementor-size-sm\" href=\"https:\/\/www.alteacultural.com\/agenda\/\">\n\t\t\t\t\t\t<span class=\"elementor-button-content-wrapper\">\n\t\t\t\t\t\t\t\t\t<span class=\"elementor-button-text\">Agenda cultural completa<\/span>\n\t\t\t\t\t<\/span>\n\t\t\t\t\t<\/a>\n\t\t<\/div>\n\t\t\t\t<\/div>\n\t\t\t\t<\/div>\n\t\t\t\t\t<\/div>\n\t\t<\/div>\n\t\t\t\t\t<\/div>\n\t\t<\/section>\n\t\t\t\t<section class=\"elementor-section elementor-top-section elementor-element elementor-element-7d46883 elementor-section-boxed elementor-section-height-default elementor-section-height-default exad-glass-effect-no exad-sticky-section-no\" data-id=\"7d46883\" data-element_type=\"section\">\n\t\t\t\t\t\t<div class=\"elementor-container elementor-column-gap-default\">\n\t\t\t\t\t<div class=\"elementor-column elementor-col-100 elementor-top-column elementor-element elementor-element-16ce4bc exad-glass-effect-no exad-sticky-section-no\" data-id=\"16ce4bc\" data-element_type=\"column\">\n\t\t\t<div class=\"elementor-widget-wrap elementor-element-populated\">\n\t\t\t\t\t\t<div class=\"elementor-element elementor-element-35b8ea1 elementor-arrows-position-inside elementor-pagination-position-outside exad-sticky-section-no exad-glass-effect-no elementor-widget elementor-widget-image-carousel\" data-id=\"35b8ea1\" data-element_type=\"widget\" data-settings=\"{&quot;navigation&quot;:&quot;both&quot;,&quot;autoplay&quot;:&quot;yes&quot;,&quot;pause_on_hover&quot;:&quot;yes&quot;,&quot;pause_on_interaction&quot;:&quot;yes&quot;,&quot;autoplay_speed&quot;:5000,&quot;infinite&quot;:&quot;yes&quot;,&quot;speed&quot;:500}\" data-widget_type=\"image-carousel.default\">\n\t\t\t\t<div class=\"elementor-widget-container\">\n\t\t\t\t\t<div class=\"elementor-image-carousel-wrapper swiper\" dir=\"ltr\">\n\t\t\t<div class=\"elementor-image-carousel swiper-wrapper\" aria-live=\"off\">\n\t\t\t\t\t\t\t\t<div class=\"swiper-slide\" role=\"group\" aria-roledescription=\"slide\" aria-label=\"1 de 3\"><figure class=\"swiper-slide-inner\"><img decoding=\"async\" class=\"swiper-slide-image lazyload\" data-src=\"https:\/\/www.alteacultural.com\/wp-content\/uploads\/2023\/11\/Banda-Musical-UDP-LLIRIA-Camp-de-Turia-Serranos-banner-300x300.jpg\" alt=\"Banda Musical UDP LL\u00cdRIA-Camp de T\u00faria-Serranos banner\" src=\"data:image\/gif;base64,R0lGODlhAQABAAAAACH5BAEKAAEALAAAAAABAAEAAAICTAEAOw==\" style=\"--smush-placeholder-width: 300px; --smush-placeholder-aspect-ratio: 300\/300;\" \/><\/figure><\/div><div class=\"swiper-slide\" role=\"group\" aria-roledescription=\"slide\" aria-label=\"2 de 3\"><figure class=\"swiper-slide-inner\"><img decoding=\"async\" class=\"swiper-slide-image lazyload\" data-src=\"https:\/\/www.alteacultural.com\/wp-content\/uploads\/2022\/11\/Lliria_bauldefotos__1928-9222-900-650-100-c-wm-right_bottom-100-nbmlogo32anivverticalnegativocolorpng-300x300.jpg\" alt=\"Lliria_bauldefotos__1928-9222-900-650-100-c-wm-right_bottom-100-nbmlogo32anivverticalnegativocolorpng\" src=\"data:image\/gif;base64,R0lGODlhAQABAAAAACH5BAEKAAEALAAAAAABAAEAAAICTAEAOw==\" style=\"--smush-placeholder-width: 300px; --smush-placeholder-aspect-ratio: 300\/300;\" \/><\/figure><\/div><div class=\"swiper-slide\" role=\"group\" aria-roledescription=\"slide\" aria-label=\"3 de 3\"><figure class=\"swiper-slide-inner\"><img decoding=\"async\" class=\"swiper-slide-image lazyload\" data-src=\"https:\/\/www.alteacultural.com\/wp-content\/uploads\/2022\/11\/311938079_551035193693918_8097479452664917633_n-300x300.jpg\" alt=\"311938079_551035193693918_8097479452664917633_n\" src=\"data:image\/gif;base64,R0lGODlhAQABAAAAACH5BAEKAAEALAAAAAABAAEAAAICTAEAOw==\" style=\"--smush-placeholder-width: 300px; --smush-placeholder-aspect-ratio: 300\/300;\" \/><\/figure><\/div>\t\t\t<\/div>\n\t\t\t\t\t\t\t\t\t\t\t\t<div class=\"elementor-swiper-button elementor-swiper-button-prev\" role=\"button\" tabindex=\"0\">\n\t\t\t\t\t\t<i aria-hidden=\"true\" class=\"eicon-chevron-left\"><\/i>\t\t\t\t\t<\/div>\n\t\t\t\t\t<div class=\"elementor-swiper-button elementor-swiper-button-next\" role=\"button\" tabindex=\"0\">\n\t\t\t\t\t\t<i aria-hidden=\"true\" class=\"eicon-chevron-right\"><\/i>\t\t\t\t\t<\/div>\n\t\t\t\t\n\t\t\t\t\t\t\t\t\t<div class=\"swiper-pagination\"><\/div>\n\t\t\t\t\t\t\t\t\t<\/div>\n\t\t\t\t<\/div>\n\t\t\t\t<\/div>\n\t\t\t\t<div class=\"elementor-element elementor-element-c0558ab exad-sticky-section-no exad-glass-effect-no elementor-widget elementor-widget-image\" data-id=\"c0558ab\" data-element_type=\"widget\" data-widget_type=\"image.default\">\n\t\t\t\t<div class=\"elementor-widget-container\">\n\t\t\t\t\t\t\t\t\t\t\t\t\t\t<a href=\"https:\/\/www.alteacultural.com\/alertes\">\n\t\t\t\t\t\t\t<img fetchpriority=\"high\" decoding=\"async\" width=\"2560\" height=\"1280\" src=\"https:\/\/www.alteacultural.com\/wp-content\/uploads\/2022\/04\/100x200-rollupbanner-medium_es2_AdpatParaRedesHoriz-01-scaled.jpg\" class=\"attachment-large size-large wp-image-18827\" alt=\"\" srcset=\"https:\/\/www.alteacultural.com\/wp-content\/uploads\/2022\/04\/100x200-rollupbanner-medium_es2_AdpatParaRedesHoriz-01-scaled.jpg 2560w, https:\/\/www.alteacultural.com\/wp-content\/uploads\/2022\/04\/100x200-rollupbanner-medium_es2_AdpatParaRedesHoriz-01-768x384.jpg 768w, https:\/\/www.alteacultural.com\/wp-content\/uploads\/2022\/04\/100x200-rollupbanner-medium_es2_AdpatParaRedesHoriz-01-1536x768.jpg 1536w, https:\/\/www.alteacultural.com\/wp-content\/uploads\/2022\/04\/100x200-rollupbanner-medium_es2_AdpatParaRedesHoriz-01-2048x1024.jpg 2048w\" sizes=\"(max-width: 2560px) 100vw, 2560px\" \/>\t\t\t\t\t\t\t\t<\/a>\n\t\t\t\t\t\t\t\t\t\t\t\t\t<\/div>\n\t\t\t\t<\/div>\n\t\t\t\t\t<\/div>\n\t\t<\/div>\n\t\t\t\t\t<\/div>\n\t\t<\/section>\n\t\t\t\t<section class=\"elementor-section elementor-top-section elementor-element elementor-element-75129c9 elementor-section-boxed elementor-section-height-default elementor-section-height-default exad-glass-effect-no exad-sticky-section-no\" data-id=\"75129c9\" data-element_type=\"section\">\n\t\t\t\t\t\t<div class=\"elementor-container elementor-column-gap-default\">\n\t\t\t\t\t<div class=\"elementor-column elementor-col-100 elementor-top-column elementor-element elementor-element-fafffc0 exad-glass-effect-no exad-sticky-section-no\" data-id=\"fafffc0\" data-element_type=\"column\">\n\t\t\t<div class=\"elementor-widget-wrap elementor-element-populated\">\n\t\t\t\t\t\t\t<\/div>\n\t\t<\/div>\n\t\t\t\t\t<\/div>\n\t\t<\/section>\n\t\t\t\t<section class=\"elementor-section elementor-top-section elementor-element elementor-element-a5974ad elementor-section-boxed elementor-section-height-default elementor-section-height-default exad-glass-effect-no exad-sticky-section-no\" data-id=\"a5974ad\" data-element_type=\"section\">\n\t\t\t\t\t\t<div class=\"elementor-container elementor-column-gap-default\">\n\t\t\t\t\t<div class=\"elementor-column elementor-col-100 elementor-top-column elementor-element elementor-element-8d2ca0a exad-glass-effect-no exad-sticky-section-no\" data-id=\"8d2ca0a\" data-element_type=\"column\">\n\t\t\t<div class=\"elementor-widget-wrap elementor-element-populated\">\n\t\t\t\t\t\t\t<\/div>\n\t\t<\/div>\n\t\t\t\t\t<\/div>\n\t\t<\/section>\n\t\t\t\t<section class=\"elementor-section elementor-top-section elementor-element elementor-element-2f3f51e elementor-section-boxed elementor-section-height-default elementor-section-height-default exad-glass-effect-no exad-sticky-section-no\" data-id=\"2f3f51e\" data-element_type=\"section\">\n\t\t\t\t\t\t<div class=\"elementor-container elementor-column-gap-default\">\n\t\t\t\t\t<div class=\"elementor-column elementor-col-100 elementor-top-column elementor-element elementor-element-e3d1e47 exad-glass-effect-no exad-sticky-section-no\" data-id=\"e3d1e47\" data-element_type=\"column\">\n\t\t\t<div class=\"elementor-widget-wrap elementor-element-populated\">\n\t\t\t\t\t\t\t<\/div>\n\t\t<\/div>\n\t\t\t\t\t<\/div>\n\t\t<\/section>\n\t\t\t\t<\/div>\n\t\t","protected":false},"excerpt":{"rendered":"<p>Programa \u00b7 07\/11\/2023 \u00b7 Concierto Banda UDP Ll\u00edria-Camp de T\u00faria-Serranos PROGRAMA \u00a0 \u00a0 1\u00aa parte CHURUMBELERIAS (pasodoble) Emilio Cebri\u00e1n [&hellip;]<\/p>\n","protected":false},"author":1,"featured_media":0,"comment_status":"closed","ping_status":"closed","sticky":false,"template":"elementor_canvas","format":"standard","meta":{"_expiration-date-status":"","_expiration-date":0,"_expiration-date-type":"","_expiration-date-categories":[],"_expiration-date-options":[],"footnotes":""},"yoast_head":"<!-- This site is optimized with the Yoast SEO plugin v22.8 - https:\/\/yoast.com\/wordpress\/plugins\/seo\/ -->\n<title>Programa 07-11-2023 - Altea Cultural<\/title>\n<meta name=\"robots\" content=\"index, follow, max-snippet:-1, max-image-preview:large, max-video-preview:-1\" \/>\n<link rel=\"canonical\" href=\"https:\/\/www.alteacultural.com\/es\/2023\/11\/06\/programa-07-11-2023\/\" \/>\n<meta property=\"og:locale\" content=\"es_ES\" \/>\n<meta property=\"og:type\" content=\"article\" \/>\n<meta property=\"og:title\" content=\"Programa 07-11-2023 - Altea Cultural\" \/>\n<meta property=\"og:description\" content=\"Programa \u00b7 07\/11\/2023 \u00b7 Concierto Banda UDP Ll\u00edria-Camp de T\u00faria-Serranos PROGRAMA \u00a0 \u00a0 1\u00aa parte CHURUMBELERIAS (pasodoble) Emilio Cebri\u00e1n [&hellip;]\" \/>\n<meta property=\"og:url\" content=\"https:\/\/www.alteacultural.com\/es\/2023\/11\/06\/programa-07-11-2023\/\" \/>\n<meta property=\"og:site_name\" content=\"Altea Cultural\" \/>\n<meta property=\"article:published_time\" content=\"2023-11-06T11:26:07+00:00\" \/>\n<meta property=\"article:modified_time\" content=\"2023-11-06T11:54:26+00:00\" \/>\n<meta property=\"og:image\" content=\"https:\/\/www.alteacultural.com\/wp-content\/uploads\/elementor\/thumbs\/valencia-pt48thfiy0n8d036da41ndkk48zbusn7jwawsx7u0c.jpg\" \/>\n<meta name=\"author\" content=\"sfaltea.com-admin\" \/>\n<meta name=\"twitter:card\" content=\"summary_large_image\" \/>\n<meta name=\"twitter:label1\" content=\"Escrito por\" \/>\n\t<meta name=\"twitter:data1\" content=\"sfaltea.com-admin\" \/>\n\t<meta name=\"twitter:label2\" content=\"Tiempo de lectura\" \/>\n\t<meta name=\"twitter:data2\" content=\"5 minutos\" \/>\n<script type=\"application\/ld+json\" class=\"yoast-schema-graph\">{\"@context\":\"https:\/\/schema.org\",\"@graph\":[{\"@type\":\"WebPage\",\"@id\":\"https:\/\/www.alteacultural.com\/es\/2023\/11\/06\/programa-07-11-2023\/\",\"url\":\"https:\/\/www.alteacultural.com\/es\/2023\/11\/06\/programa-07-11-2023\/\",\"name\":\"Programa 07-11-2023 - Altea Cultural\",\"isPartOf\":{\"@id\":\"https:\/\/www.alteacultural.com\/es\/#website\"},\"primaryImageOfPage\":{\"@id\":\"https:\/\/www.alteacultural.com\/es\/2023\/11\/06\/programa-07-11-2023\/#primaryimage\"},\"image\":{\"@id\":\"https:\/\/www.alteacultural.com\/es\/2023\/11\/06\/programa-07-11-2023\/#primaryimage\"},\"thumbnailUrl\":\"https:\/\/www.alteacultural.com\/wp-content\/uploads\/elementor\/thumbs\/valencia-pt48thfiy0n8d036da41ndkk48zbusn7jwawsx7u0c.jpg\",\"datePublished\":\"2023-11-06T11:26:07+00:00\",\"dateModified\":\"2023-11-06T11:54:26+00:00\",\"author\":{\"@id\":\"https:\/\/www.alteacultural.com\/es\/#\/schema\/person\/c4e137537f1af546d214a315255e5172\"},\"breadcrumb\":{\"@id\":\"https:\/\/www.alteacultural.com\/es\/2023\/11\/06\/programa-07-11-2023\/#breadcrumb\"},\"inLanguage\":\"es\",\"potentialAction\":[{\"@type\":\"ReadAction\",\"target\":[\"https:\/\/www.alteacultural.com\/es\/2023\/11\/06\/programa-07-11-2023\/\"]}]},{\"@type\":\"ImageObject\",\"inLanguage\":\"es\",\"@id\":\"https:\/\/www.alteacultural.com\/es\/2023\/11\/06\/programa-07-11-2023\/#primaryimage\",\"url\":\"https:\/\/www.alteacultural.com\/wp-content\/uploads\/elementor\/thumbs\/valencia-pt48thfiy0n8d036da41ndkk48zbusn7jwawsx7u0c.jpg\",\"contentUrl\":\"https:\/\/www.alteacultural.com\/wp-content\/uploads\/elementor\/thumbs\/valencia-pt48thfiy0n8d036da41ndkk48zbusn7jwawsx7u0c.jpg\"},{\"@type\":\"BreadcrumbList\",\"@id\":\"https:\/\/www.alteacultural.com\/es\/2023\/11\/06\/programa-07-11-2023\/#breadcrumb\",\"itemListElement\":[{\"@type\":\"ListItem\",\"position\":1,\"name\":\"Inici\",\"item\":\"https:\/\/www.alteacultural.com\/es\/\"},{\"@type\":\"ListItem\",\"position\":2,\"name\":\"Programa 07-11-2023\"}]},{\"@type\":\"WebSite\",\"@id\":\"https:\/\/www.alteacultural.com\/es\/#website\",\"url\":\"https:\/\/www.alteacultural.com\/es\/\",\"name\":\"Altea Cultural\",\"description\":\"Regidoria de Cultura de l&#039;Ajuntament d&#039;Altea\",\"potentialAction\":[{\"@type\":\"SearchAction\",\"target\":{\"@type\":\"EntryPoint\",\"urlTemplate\":\"https:\/\/www.alteacultural.com\/es\/?s={search_term_string}\"},\"query-input\":\"required name=search_term_string\"}],\"inLanguage\":\"es\"},{\"@type\":\"Person\",\"@id\":\"https:\/\/www.alteacultural.com\/es\/#\/schema\/person\/c4e137537f1af546d214a315255e5172\",\"name\":\"sfaltea.com-admin\",\"image\":{\"@type\":\"ImageObject\",\"inLanguage\":\"es\",\"@id\":\"https:\/\/www.alteacultural.com\/es\/#\/schema\/person\/image\/\",\"url\":\"https:\/\/secure.gravatar.com\/avatar\/f7473fa2fbd351270ccfd469de536202?s=96&d=mm&r=g\",\"contentUrl\":\"https:\/\/secure.gravatar.com\/avatar\/f7473fa2fbd351270ccfd469de536202?s=96&d=mm&r=g\",\"caption\":\"sfaltea.com-admin\"},\"url\":\"https:\/\/www.alteacultural.com\/es\/author\/sfaltea-com-admin\/\"}]}<\/script>\n<!-- \/ Yoast SEO plugin. -->","yoast_head_json":{"title":"Programa 07-11-2023 - Altea Cultural","robots":{"index":"index","follow":"follow","max-snippet":"max-snippet:-1","max-image-preview":"max-image-preview:large","max-video-preview":"max-video-preview:-1"},"canonical":"https:\/\/www.alteacultural.com\/es\/2023\/11\/06\/programa-07-11-2023\/","og_locale":"es_ES","og_type":"article","og_title":"Programa 07-11-2023 - Altea Cultural","og_description":"Programa \u00b7 07\/11\/2023 \u00b7 Concierto Banda UDP Ll\u00edria-Camp de T\u00faria-Serranos PROGRAMA \u00a0 \u00a0 1\u00aa parte CHURUMBELERIAS (pasodoble) Emilio Cebri\u00e1n [&hellip;]","og_url":"https:\/\/www.alteacultural.com\/es\/2023\/11\/06\/programa-07-11-2023\/","og_site_name":"Altea Cultural","article_published_time":"2023-11-06T11:26:07+00:00","article_modified_time":"2023-11-06T11:54:26+00:00","og_image":[{"url":"https:\/\/www.alteacultural.com\/wp-content\/uploads\/elementor\/thumbs\/valencia-pt48thfiy0n8d036da41ndkk48zbusn7jwawsx7u0c.jpg"}],"author":"sfaltea.com-admin","twitter_card":"summary_large_image","twitter_misc":{"Escrito por":"sfaltea.com-admin","Tiempo de lectura":"5 minutos"},"schema":{"@context":"https:\/\/schema.org","@graph":[{"@type":"WebPage","@id":"https:\/\/www.alteacultural.com\/es\/2023\/11\/06\/programa-07-11-2023\/","url":"https:\/\/www.alteacultural.com\/es\/2023\/11\/06\/programa-07-11-2023\/","name":"Programa 07-11-2023 - Altea Cultural","isPartOf":{"@id":"https:\/\/www.alteacultural.com\/es\/#website"},"primaryImageOfPage":{"@id":"https:\/\/www.alteacultural.com\/es\/2023\/11\/06\/programa-07-11-2023\/#primaryimage"},"image":{"@id":"https:\/\/www.alteacultural.com\/es\/2023\/11\/06\/programa-07-11-2023\/#primaryimage"},"thumbnailUrl":"https:\/\/www.alteacultural.com\/wp-content\/uploads\/elementor\/thumbs\/valencia-pt48thfiy0n8d036da41ndkk48zbusn7jwawsx7u0c.jpg","datePublished":"2023-11-06T11:26:07+00:00","dateModified":"2023-11-06T11:54:26+00:00","author":{"@id":"https:\/\/www.alteacultural.com\/es\/#\/schema\/person\/c4e137537f1af546d214a315255e5172"},"breadcrumb":{"@id":"https:\/\/www.alteacultural.com\/es\/2023\/11\/06\/programa-07-11-2023\/#breadcrumb"},"inLanguage":"es","potentialAction":[{"@type":"ReadAction","target":["https:\/\/www.alteacultural.com\/es\/2023\/11\/06\/programa-07-11-2023\/"]}]},{"@type":"ImageObject","inLanguage":"es","@id":"https:\/\/www.alteacultural.com\/es\/2023\/11\/06\/programa-07-11-2023\/#primaryimage","url":"https:\/\/www.alteacultural.com\/wp-content\/uploads\/elementor\/thumbs\/valencia-pt48thfiy0n8d036da41ndkk48zbusn7jwawsx7u0c.jpg","contentUrl":"https:\/\/www.alteacultural.com\/wp-content\/uploads\/elementor\/thumbs\/valencia-pt48thfiy0n8d036da41ndkk48zbusn7jwawsx7u0c.jpg"},{"@type":"BreadcrumbList","@id":"https:\/\/www.alteacultural.com\/es\/2023\/11\/06\/programa-07-11-2023\/#breadcrumb","itemListElement":[{"@type":"ListItem","position":1,"name":"Inici","item":"https:\/\/www.alteacultural.com\/es\/"},{"@type":"ListItem","position":2,"name":"Programa 07-11-2023"}]},{"@type":"WebSite","@id":"https:\/\/www.alteacultural.com\/es\/#website","url":"https:\/\/www.alteacultural.com\/es\/","name":"Altea Cultural","description":"Regidoria de Cultura de l&#039;Ajuntament d&#039;Altea","potentialAction":[{"@type":"SearchAction","target":{"@type":"EntryPoint","urlTemplate":"https:\/\/www.alteacultural.com\/es\/?s={search_term_string}"},"query-input":"required name=search_term_string"}],"inLanguage":"es"},{"@type":"Person","@id":"https:\/\/www.alteacultural.com\/es\/#\/schema\/person\/c4e137537f1af546d214a315255e5172","name":"sfaltea.com-admin","image":{"@type":"ImageObject","inLanguage":"es","@id":"https:\/\/www.alteacultural.com\/es\/#\/schema\/person\/image\/","url":"https:\/\/secure.gravatar.com\/avatar\/f7473fa2fbd351270ccfd469de536202?s=96&d=mm&r=g","contentUrl":"https:\/\/secure.gravatar.com\/avatar\/f7473fa2fbd351270ccfd469de536202?s=96&d=mm&r=g","caption":"sfaltea.com-admin"},"url":"https:\/\/www.alteacultural.com\/es\/author\/sfaltea-com-admin\/"}]}},"_links":{"self":[{"href":"https:\/\/www.alteacultural.com\/es\/wp-json\/wp\/v2\/posts\/28023"}],"collection":[{"href":"https:\/\/www.alteacultural.com\/es\/wp-json\/wp\/v2\/posts"}],"about":[{"href":"https:\/\/www.alteacultural.com\/es\/wp-json\/wp\/v2\/types\/post"}],"author":[{"embeddable":true,"href":"https:\/\/www.alteacultural.com\/es\/wp-json\/wp\/v2\/users\/1"}],"replies":[{"embeddable":true,"href":"https:\/\/www.alteacultural.com\/es\/wp-json\/wp\/v2\/comments?post=28023"}],"version-history":[{"count":7,"href":"https:\/\/www.alteacultural.com\/es\/wp-json\/wp\/v2\/posts\/28023\/revisions"}],"predecessor-version":[{"id":28031,"href":"https:\/\/www.alteacultural.com\/es\/wp-json\/wp\/v2\/posts\/28023\/revisions\/28031"}],"wp:attachment":[{"href":"https:\/\/www.alteacultural.com\/es\/wp-json\/wp\/v2\/media?parent=28023"}],"curies":[{"name":"wp","href":"https:\/\/api.w.org\/{rel}","templated":true}]}}