{"id":28073,"date":"2023-11-16T12:02:26","date_gmt":"2023-11-16T11:02:26","guid":{"rendered":"https:\/\/www.alteacultural.com\/2023\/11\/16\/programa-17-11-2023\/"},"modified":"2023-11-16T14:10:42","modified_gmt":"2023-11-16T13:10:42","slug":"programa-17-11-2023","status":"publish","type":"post","link":"https:\/\/www.alteacultural.com\/es\/2023\/11\/16\/programa-17-11-2023\/","title":{"rendered":"Programa 17-11-2023"},"content":{"rendered":"\t\t<div data-elementor-type=\"wp-post\" data-elementor-id=\"28073\" class=\"elementor elementor-28073\">\n\t\t\t\t\t\t<section class=\"elementor-section elementor-top-section elementor-element elementor-element-1fcb64c elementor-section-boxed elementor-section-height-default elementor-section-height-default exad-glass-effect-no exad-sticky-section-no\" data-id=\"1fcb64c\" data-element_type=\"section\">\n\t\t\t\t\t\t<div class=\"elementor-container elementor-column-gap-default\">\n\t\t\t\t\t<div class=\"elementor-column elementor-col-50 elementor-top-column elementor-element elementor-element-928d7ea exad-glass-effect-no exad-sticky-section-no\" data-id=\"928d7ea\" data-element_type=\"column\">\n\t\t\t<div class=\"elementor-widget-wrap elementor-element-populated\">\n\t\t\t\t\t\t<div class=\"elementor-element elementor-element-d19d03c exad-sticky-section-no exad-glass-effect-no elementor-widget elementor-widget-text-editor\" data-id=\"d19d03c\" data-element_type=\"widget\" data-widget_type=\"text-editor.default\">\n\t\t\t\t<div class=\"elementor-widget-container\">\n\t\t\t\t\t\t\t<p style=\"text-align: center;\">Programa \u00b7 17\/11\/2023<\/p>\t\t\t\t\t\t<\/div>\n\t\t\t\t<\/div>\n\t\t\t\t\t<\/div>\n\t\t<\/div>\n\t\t\t\t<div class=\"elementor-column elementor-col-50 elementor-top-column elementor-element elementor-element-041b80c exad-glass-effect-no exad-sticky-section-no\" data-id=\"041b80c\" data-element_type=\"column\">\n\t\t\t<div class=\"elementor-widget-wrap elementor-element-populated\">\n\t\t\t\t\t\t<div class=\"elementor-element elementor-element-961ad1f exad-sticky-section-no exad-glass-effect-no elementor-widget elementor-widget-image\" data-id=\"961ad1f\" data-element_type=\"widget\" data-widget_type=\"image.default\">\n\t\t\t\t<div class=\"elementor-widget-container\">\n\t\t\t\t\t\t\t\t\t\t\t\t\t\t<a href=\"https:\/\/www.alteacultural.com\/es\/2023\/11\/16\/programa-17-11-2023\/\">\n\t\t\t\t\t\t\t<img decoding=\"async\" data-src=\"https:\/\/www.alteacultural.com\/wp-content\/uploads\/elementor\/thumbs\/castellano-pt48r2ydh9cuovkse8qd9ze5gstk6n3wk0a8ngs1ws.jpg\" title=\"castellano\" alt=\"castellano\" src=\"data:image\/gif;base64,R0lGODlhAQABAAAAACH5BAEKAAEALAAAAAABAAEAAAICTAEAOw==\" class=\"lazyload\" style=\"--smush-placeholder-width: 30px; --smush-placeholder-aspect-ratio: 30\/30;\" \/>\t\t\t\t\t\t\t\t<\/a>\n\t\t\t\t\t\t\t\t\t\t\t\t\t<\/div>\n\t\t\t\t<\/div>\n\t\t\t\t\t<\/div>\n\t\t<\/div>\n\t\t\t\t\t<\/div>\n\t\t<\/section>\n\t\t\t\t<section class=\"elementor-section elementor-top-section elementor-element elementor-element-73b943d elementor-section-boxed elementor-section-height-default elementor-section-height-default exad-glass-effect-no exad-sticky-section-no\" data-id=\"73b943d\" data-element_type=\"section\">\n\t\t\t\t\t\t<div class=\"elementor-container elementor-column-gap-default\">\n\t\t\t\t\t<div class=\"elementor-column elementor-col-100 elementor-top-column elementor-element elementor-element-73e008d exad-glass-effect-no exad-sticky-section-no\" data-id=\"73e008d\" data-element_type=\"column\">\n\t\t\t<div class=\"elementor-widget-wrap elementor-element-populated\">\n\t\t\t\t\t\t<div class=\"elementor-element elementor-element-47a15ef exad-sticky-section-no exad-glass-effect-no elementor-widget elementor-widget-text-editor\" data-id=\"47a15ef\" data-element_type=\"widget\" data-widget_type=\"text-editor.default\">\n\t\t\t\t<div class=\"elementor-widget-container\">\n\t\t\t\t\t\t\t<h3 style=\"text-align: center;\"><span style=\"color: #ffffff;\">Concierto Santa Cecilia\u00a0 &#8211; SFA 2023<\/span><\/h3>\t\t\t\t\t\t<\/div>\n\t\t\t\t<\/div>\n\t\t\t\t\t<\/div>\n\t\t<\/div>\n\t\t\t\t\t<\/div>\n\t\t<\/section>\n\t\t\t\t<section class=\"elementor-section elementor-top-section elementor-element elementor-element-f2845cd elementor-section-boxed elementor-section-height-default elementor-section-height-default exad-glass-effect-no exad-sticky-section-no\" data-id=\"f2845cd\" data-element_type=\"section\">\n\t\t\t\t\t\t<div class=\"elementor-container elementor-column-gap-default\">\n\t\t\t\t\t<div class=\"elementor-column elementor-col-100 elementor-top-column elementor-element elementor-element-99fde3d exad-glass-effect-no exad-sticky-section-no\" data-id=\"99fde3d\" data-element_type=\"column\">\n\t\t\t<div class=\"elementor-widget-wrap elementor-element-populated\">\n\t\t\t\t\t\t<div class=\"elementor-element elementor-element-353eb5a exad-sticky-section-no exad-glass-effect-no elementor-widget elementor-widget-text-editor\" data-id=\"353eb5a\" data-element_type=\"widget\" data-widget_type=\"text-editor.default\">\n\t\t\t\t<div class=\"elementor-widget-container\">\n\t\t\t\t\t\t\t<div class=\"traductor-textarea form-group\" style=\"text-align: center;\"><h3 class=\"textarea-desti col-xs-12 col-sm-6\" style=\"text-align: center;\"><span style=\"text-decoration: underline; color: #ff6600;\">PROGRAMA<\/span><\/h3><\/div><h3 style=\"text-align: center;\"><span style=\"color: #ff9900;\"><br \/>Banda Simf\u00f2nica de la Societat Filharm\u00f2nica Alteanense<\/span><\/h3><div class=\"traductor-textarea form-group\" style=\"text-align: center;\"><h3><span style=\"text-decoration: underline; color: #0000ff;\"><br \/><\/span><span style=\"color: #0000ff;\"><span style=\"color: #999999;\">1\u00aa parte<\/span><\/span><\/h3><\/div><h3 style=\"text-align: center;\"><span style=\"color: #0000ff;\">Suite of Old American Dances (18&#8242;)<\/span><\/h3><h5 style=\"text-align: center;\">Robert Russel Bennet<\/h5><h3 style=\"text-align: center;\"><span style=\"color: #0000ff;\"><br \/><\/span><span style=\"color: #0000ff;\">Four Dances from West Side Story (8&#8242;)<\/span><\/h3><h5 style=\"text-align: center;\">Leonard Bernstein\/Arr. Ian Polster<\/h5><h3 style=\"text-align: center;\"><span style=\"color: #999999;\"><br \/>2\u00aa parte<\/span><\/h3><h3 style=\"text-align: center;\"><span style=\"color: #0000ff;\">Fiestas en Altea (3&#8242;)<\/span><\/h3><h5 style=\"text-align: center;\">Pasodoble de Jes\u00fas Juan Oriola (1954-2023)<\/h5><h3 style=\"text-align: center;\"><span style=\"color: #0000ff;\"><br \/>Polovstian Dances (15&#8242;)<br \/><\/span><\/h3><h5 style=\"text-align: center;\">A. Borodin\/Arr. J. Schyns<\/h5><h5 style=\"text-align: center;\">\u00a0<\/h5><h3 style=\"text-align: center;\"><span style=\"color: #0000ff;\"><br \/>Danzas Cubanas (6&#8242;)<br \/><\/span><\/h3><h5 style=\"text-align: center;\">Robert Sheldon<\/h5><h3 style=\"text-align: center;\">\u00a0<\/h3><h3 style=\"text-align: center;\"><span style=\"color: #0000ff;\"><span style=\"color: #999999;\">Director: Rafael M. Garrig\u00f3s Garc\u00eda<\/span><\/span><\/h3>\t\t\t\t\t\t<\/div>\n\t\t\t\t<\/div>\n\t\t\t\t<div class=\"elementor-element elementor-element-4a5798e exad-sticky-section-no exad-glass-effect-no elementor-widget elementor-widget-accordion\" data-id=\"4a5798e\" data-element_type=\"widget\" data-widget_type=\"accordion.default\">\n\t\t\t\t<div class=\"elementor-widget-container\">\n\t\t\t\t\t<div class=\"elementor-accordion\">\n\t\t\t\t\t\t\t<div class=\"elementor-accordion-item\">\n\t\t\t\t\t<div id=\"elementor-tab-title-7791\" class=\"elementor-tab-title\" data-tab=\"1\" role=\"button\" aria-controls=\"elementor-tab-content-7791\" aria-expanded=\"false\">\n\t\t\t\t\t\t\t\t\t\t\t\t\t<span class=\"elementor-accordion-icon elementor-accordion-icon-left\" aria-hidden=\"true\">\n\t\t\t\t\t\t\t\t\t\t\t\t\t\t\t<span class=\"elementor-accordion-icon-closed\"><i class=\"fas fa-plus\"><\/i><\/span>\n\t\t\t\t\t\t\t\t<span class=\"elementor-accordion-icon-opened\"><i class=\"fas fa-minus\"><\/i><\/span>\n\t\t\t\t\t\t\t\t\t\t\t\t\t\t<\/span>\n\t\t\t\t\t\t\t\t\t\t\t\t<a class=\"elementor-accordion-title\" tabindex=\"0\">M\u00fasicos que cumplen 25\/50 a\u00f1os en la Banda<\/a>\n\t\t\t\t\t<\/div>\n\t\t\t\t\t<div id=\"elementor-tab-content-7791\" class=\"elementor-tab-content elementor-clearfix\" data-tab=\"1\" role=\"region\" aria-labelledby=\"elementor-tab-title-7791\"><p><strong>25 a\u00f1os como m\u00fasico de la SFA:<\/strong><\/p><div dir=\"auto\">\u00b7 ALEJANDRO CABRERA PAQUET (banda sinf\u00f3nica)<\/div><p><strong><br \/>50 a\u00f1os como m\u00fasico de la SFA:<\/strong><\/p><p>\u00b7 SEGIMON CANDELA L\u00d3PEZ (banda sinf\u00f3nica)<br \/>\u00b7 MATIAS ZARAGOZ\u00cd BORJA (banda sinf\u00f3nica)<\/p><\/div>\n\t\t\t\t<\/div>\n\t\t\t\t\t\t\t<div class=\"elementor-accordion-item\">\n\t\t\t\t\t<div id=\"elementor-tab-title-7792\" class=\"elementor-tab-title\" data-tab=\"2\" role=\"button\" aria-controls=\"elementor-tab-content-7792\" aria-expanded=\"false\">\n\t\t\t\t\t\t\t\t\t\t\t\t\t<span class=\"elementor-accordion-icon elementor-accordion-icon-left\" aria-hidden=\"true\">\n\t\t\t\t\t\t\t\t\t\t\t\t\t\t\t<span class=\"elementor-accordion-icon-closed\"><i class=\"fas fa-plus\"><\/i><\/span>\n\t\t\t\t\t\t\t\t<span class=\"elementor-accordion-icon-opened\"><i class=\"fas fa-minus\"><\/i><\/span>\n\t\t\t\t\t\t\t\t\t\t\t\t\t\t<\/span>\n\t\t\t\t\t\t\t\t\t\t\t\t<a class=\"elementor-accordion-title\" tabindex=\"0\">La banda: B. S. de la Stat. Filharm\u00f2nica Alteanense<\/a>\n\t\t\t\t\t<\/div>\n\t\t\t\t\t<div id=\"elementor-tab-content-7792\" class=\"elementor-tab-content elementor-clearfix\" data-tab=\"2\" role=\"region\" aria-labelledby=\"elementor-tab-title-7792\"><p>Els or\u00edgens de la Soc. Filharm\u00f2nica Alteanense es remunten al 1889, any en qu\u00e8 es crea una agrupaci\u00f3 musical dirigida pel mestre V. Marzal. Vint anys despr\u00e9s l&#8217;agrupaci\u00f3 s&#8217;organitza oficialment i es consolida gr\u00e0cies a l&#8217;impuls del mestre alte\u00e0 Jos\u00e9 P\u00e9rez Albi\u00f1ana. Des de la seua creaci\u00f3, la Societat Filharm\u00f2nica Alteanense ha estat la principal entitat cultural d&#8217;Altea. Als anys 30 comptava amb una biblioteca p\u00fablica i, des del 1931 al 1936, va editar la revista Altea, de periodicitat mensual.<\/p><p><br \/>Han estat directors de la Filharm\u00f2nica Jos\u00e9 P\u00e9rez Albi\u00f1ana, Octavio Juan Palau, Joaqu\u00edn P\u00e9rez Montaner, Francisco P\u00e9rez Devesa, Jos\u00e9 Mirete Bertomeu, Jos\u00e9 Bort Ram\u00f3n, Ram\u00f3n Pastor Gimeno, Jes\u00fas Juan Oriola, Joan Espinosa, Daniel Ferrero, Rafael M. Garrig\u00f3s Garc\u00eda, Jordi Franc\u00e9s-Sanju\u00e1n, i des d&#8217;agost del 2011, Jaume F. Ripoll Martins.<\/p><p><br \/>Els reconeixements i els premis de la Filharm\u00f2nica al llarg de la hist\u00f2ria s\u00f3n ben nombrosos. Cal destacar els primers premis aconseguits a Crevillent (1972), Mon\u00f2ver (1973), Certamen Internacional de Frankfurt (1973), Benidorm (1979), l&#8217;Alf\u00e0s (1981), Beneixama (1982), Concurs Mundial de la M\u00fasica de Kerkrade (Pa\u00efsos Baixos) obtenint dues medalles d&#8217;or el 1985 i dues medalles d&#8217;or, menci\u00f3 d&#8217;honor i estendard d&#8217;honor el 1989, Certamen de la Diputaci\u00f3 d&#8217;Alacant (1986 i 1988), Certamen de la Comunitat Valenciana (1986), Certamen Internacional Ciutat de Val\u00e8ncia (1987 i 1990) i Campo de Criptana (1994).<br \/>El 1992 se li va atorgar el Premi Nacional Cultura Viva d&#8217;agrupacions musicals \u00abper la gran qualitat interpretativa, reflectida en importants \u00e8xits internacionals\u00bb.<br \/>El 2001 va guanyar el segon premi de la primera secci\u00f3 de l&#8217;XI Certamen Nacional de Bandes Ciutat de M\u00farcia.<br \/>Va estar seleccionada entre les vint millors bandes de la Comunitat Valenciana amb motiu dels concerts especials del projecte M\u00fasica 92.<br \/>Ha fet nombroses gravacions per a RNE, TVE, Canal 9 R\u00e0dio i Canal 9 TV. Ha editat un disc LP, dos discos CD i diverses cintes.<\/p><\/div>\n\t\t\t\t<\/div>\n\t\t\t\t\t\t\t<div class=\"elementor-accordion-item\">\n\t\t\t\t\t<div id=\"elementor-tab-title-7793\" class=\"elementor-tab-title\" data-tab=\"3\" role=\"button\" aria-controls=\"elementor-tab-content-7793\" aria-expanded=\"false\">\n\t\t\t\t\t\t\t\t\t\t\t\t\t<span class=\"elementor-accordion-icon elementor-accordion-icon-left\" aria-hidden=\"true\">\n\t\t\t\t\t\t\t\t\t\t\t\t\t\t\t<span class=\"elementor-accordion-icon-closed\"><i class=\"fas fa-plus\"><\/i><\/span>\n\t\t\t\t\t\t\t\t<span class=\"elementor-accordion-icon-opened\"><i class=\"fas fa-minus\"><\/i><\/span>\n\t\t\t\t\t\t\t\t\t\t\t\t\t\t<\/span>\n\t\t\t\t\t\t\t\t\t\t\t\t<a class=\"elementor-accordion-title\" tabindex=\"0\">El director: Rafael M. Garrig\u00f3s Garc\u00eda<\/a>\n\t\t\t\t\t<\/div>\n\t\t\t\t\t<div id=\"elementor-tab-content-7793\" class=\"elementor-tab-content elementor-clearfix\" data-tab=\"3\" role=\"region\" aria-labelledby=\"elementor-tab-title-7793\"><p>Ha realitzat estudis en el conservatori de Trompa, Piano, Composici\u00f3, Direcci\u00f3 de Cors i Direcci\u00f3 d&#8217;Orquestra, obtenint premi extraordinari fi d&#8217;estudis en Composici\u00f3 i Direcci\u00f3 de Cors.<br \/>Ha sigut director i professor de diferents conservatoris de la geografia espanyola, tenint actualment el seu dest\u00ed en el Conservatori Professional \u201cGuitarrista Jos\u00e9 Tom\u00e0s\u201d d&#8217;Alacant on ha impartit les assignatures de Direcci\u00f3 Simf\u00f2nica-Coral, Orquestra, Inform\u00e0tica Musical i Llenguatge Musical.<br \/>Ha sigut director titular de les seg\u00fcents agrupacions: Orquestra i Cor del Conservatori Professional de M\u00fasica de Ja\u00e9n, Banda de M\u00fasica \u201d La Primitiva \u201d de la Associaci\u00f3 d\u2019Amics de la M\u00fasica de Callosa d\u2019a Sarri\u00e0, Banda Simf\u00f2nica i Orquestra de Cambra de la Societat Filharm\u00f2nica Alteanense, Banda Simf\u00f2nica de la Societat Musical \u201c L&#8217;Alian\u00e7a \u201d de Mutxamel, Banda Simf\u00f2nica de la Societat Filharm\u00f2nica Uni\u00f3 Musical d&#8217;Agost, Uni\u00f3 Musical de Canyada (Alacant), Banda Simf\u00f2nica de la Societat Instructiva Uni\u00f3 Musical de Tavernes de la Valldigna (Val\u00e8ncia), i Uni\u00f3 Musical Santa Cecilia d&#8217;Enguera (Val\u00e8ncia). En l&#8217;actualitat, 16 anys despr\u00e9s torna com a director titular de la Banda Simf\u00f2nica de la Societat Filharm\u00f2nica Alteanense.<br \/>Amb aquestes agrupacions ha aconseguit, entre altres, dotze primers premis en importants concursos musicals, i ha realitzat gires de concerts per It\u00e0lia, Fran\u00e7a i Portugal. Ha sigut convidat a dirigir orquestres i bandes a Espanya, It\u00e0lia, Col\u00f2mbia i Portugal, i ha impartit diferents cursos i M\u00e0ster Class de Direcci\u00f3 a Espanya, It\u00e0lia i Col\u00f2mbia, FSMCV, etc.<br \/>Durant 2013 ha sigut seleccionat com a director de la Jove Banda Simf\u00f2nica de la Federaci\u00f3 de Societats Musicals de la Comunitat Valenciana, realitzant concerts en ciutats com Madrid i Val\u00e8ncia, i gires de concerts per Espanya, Holanda i B\u00e8lgica convidats per WMC de Kerkrade.<br \/>Durant 3 anys ha sigut principal director convidat de la Banda Musicale Giovanile del Piemonte, i des de fa diversos anys \u00e9s director musical del Campus Musical d&#8217;Estiu Scaliamo le Note en tamb\u00e9 en Piemonte. <br \/>En l&#8217;\u00e0mbit pedag\u00f2gic te llibres editats que s&#8217;utilitzen en els programes d&#8217;estudi de diferents escoles i conservatoris espanyols, aix\u00ed com diferents obres musicals editades en diferents editorials.<\/p><\/div>\n\t\t\t\t<\/div>\n\t\t\t\t\t\t\t\t<\/div>\n\t\t\t\t<\/div>\n\t\t\t\t<\/div>\n\t\t\t\t\t<\/div>\n\t\t<\/div>\n\t\t\t\t\t<\/div>\n\t\t<\/section>\n\t\t\t\t<section class=\"elementor-section elementor-top-section elementor-element elementor-element-c66925c elementor-section-boxed elementor-section-height-default elementor-section-height-default exad-glass-effect-no exad-sticky-section-no\" data-id=\"c66925c\" data-element_type=\"section\">\n\t\t\t\t\t\t<div class=\"elementor-container elementor-column-gap-default\">\n\t\t\t\t\t<div class=\"elementor-column elementor-col-100 elementor-top-column elementor-element elementor-element-151023a exad-glass-effect-no exad-sticky-section-no\" data-id=\"151023a\" data-element_type=\"column\">\n\t\t\t<div class=\"elementor-widget-wrap elementor-element-populated\">\n\t\t\t\t\t\t<section class=\"elementor-section elementor-inner-section elementor-element elementor-element-d8b475b elementor-section-boxed elementor-section-height-default elementor-section-height-default exad-glass-effect-no exad-sticky-section-no\" data-id=\"d8b475b\" data-element_type=\"section\">\n\t\t\t\t\t\t<div class=\"elementor-container elementor-column-gap-default\">\n\t\t\t\t\t<div class=\"elementor-column elementor-col-50 elementor-inner-column elementor-element elementor-element-13182cf exad-glass-effect-no exad-sticky-section-no\" data-id=\"13182cf\" data-element_type=\"column\">\n\t\t\t<div class=\"elementor-widget-wrap elementor-element-populated\">\n\t\t\t\t\t\t<div class=\"elementor-element elementor-element-0863659 exad-sticky-section-no exad-glass-effect-no elementor-widget elementor-widget-image\" data-id=\"0863659\" data-element_type=\"widget\" data-widget_type=\"image.default\">\n\t\t\t\t<div class=\"elementor-widget-container\">\n\t\t\t\t\t\t\t\t\t\t\t\t\t<img fetchpriority=\"high\" decoding=\"async\" width=\"2560\" height=\"1707\" src=\"https:\/\/www.alteacultural.com\/wp-content\/uploads\/2023\/11\/1-EDUCANDOS-scaled.jpg\" class=\"attachment-large size-large wp-image-28065\" alt=\"\" srcset=\"https:\/\/www.alteacultural.com\/wp-content\/uploads\/2023\/11\/1-EDUCANDOS-scaled.jpg 2560w, https:\/\/www.alteacultural.com\/wp-content\/uploads\/2023\/11\/1-EDUCANDOS-768x512.jpg 768w, https:\/\/www.alteacultural.com\/wp-content\/uploads\/2023\/11\/1-EDUCANDOS-391x260.jpg 391w, https:\/\/www.alteacultural.com\/wp-content\/uploads\/2023\/11\/1-EDUCANDOS-1536x1024.jpg 1536w, https:\/\/www.alteacultural.com\/wp-content\/uploads\/2023\/11\/1-EDUCANDOS-2048x1365.jpg 2048w\" sizes=\"(max-width: 2560px) 100vw, 2560px\" \/>\t\t\t\t\t\t\t\t\t\t\t\t\t<\/div>\n\t\t\t\t<\/div>\n\t\t\t\t\t<\/div>\n\t\t<\/div>\n\t\t\t\t<div class=\"elementor-column elementor-col-50 elementor-inner-column elementor-element elementor-element-6de5e45 exad-glass-effect-no exad-sticky-section-no\" data-id=\"6de5e45\" data-element_type=\"column\">\n\t\t\t<div class=\"elementor-widget-wrap elementor-element-populated\">\n\t\t\t\t\t\t<div class=\"elementor-element elementor-element-34007a8 exad-sticky-section-no exad-glass-effect-no elementor-widget elementor-widget-text-editor\" data-id=\"34007a8\" data-element_type=\"widget\" data-widget_type=\"text-editor.default\">\n\t\t\t\t<div class=\"elementor-widget-container\">\n\t\t\t\t\t\t\t<p><strong>M\u00fasicos que se incorporen a la SFA en el a\u00f1o 2023<\/strong><br \/>(por orden de izquierda a derecha)<\/p><div dir=\"auto\">\u00b7 Marc Devesa Aznar, percusi\u00f3n<\/div><div dir=\"auto\">\u00b7 Beatriu Mar\u00ednez Palac\u00edn, saxof\u00f3n<\/div><div dir=\"auto\">\u00b7 Maria Pe\u00f1a Manzanares, clarinete<\/div><div dir=\"auto\">\u00b7 Maria Borja Cort\u00e9s, tromb\u00f3n<\/div><div dir=\"auto\">\u00b7 Marta Zaragoz\u00ed Lausin, violoncello<\/div><div dir=\"auto\">\u00b7 Paula P\u00e9rez Barber, saxof\u00f3n<\/div><div dir=\"auto\"><p>\u00b7 F. Javier Meseguer Mart\u00ednez, tuba<br \/><br \/><\/p><\/div><p>Foto: <a href=\"https:\/\/www.facebook.com\/quicoalvadophotography\" target=\"_blank\" rel=\"noopener\">Quico Alvado Photography<\/a><\/p>\t\t\t\t\t\t<\/div>\n\t\t\t\t<\/div>\n\t\t\t\t\t<\/div>\n\t\t<\/div>\n\t\t\t\t\t<\/div>\n\t\t<\/section>\n\t\t\t\t\t<\/div>\n\t\t<\/div>\n\t\t\t\t\t<\/div>\n\t\t<\/section>\n\t\t\t\t<section class=\"elementor-section elementor-top-section elementor-element elementor-element-5625a3c elementor-section-boxed elementor-section-height-default elementor-section-height-default exad-glass-effect-no exad-sticky-section-no\" data-id=\"5625a3c\" data-element_type=\"section\">\n\t\t\t\t\t\t<div class=\"elementor-container elementor-column-gap-default\">\n\t\t\t\t\t<div class=\"elementor-column elementor-col-100 elementor-top-column elementor-element elementor-element-64c120d exad-glass-effect-no exad-sticky-section-no\" data-id=\"64c120d\" data-element_type=\"column\">\n\t\t\t<div class=\"elementor-widget-wrap elementor-element-populated\">\n\t\t\t\t\t\t<div class=\"elementor-element elementor-element-a61a20d exad-sticky-section-no exad-glass-effect-no elementor-widget elementor-widget-image\" data-id=\"a61a20d\" data-element_type=\"widget\" data-widget_type=\"image.default\">\n\t\t\t\t<div class=\"elementor-widget-container\">\n\t\t\t\t\t\t\t\t\t\t\t\t\t\t<a href=\"https:\/\/bit.ly\/santacecilia23\" target=\"_blank\">\n\t\t\t\t\t\t\t<img decoding=\"async\" width=\"1789\" height=\"2516\" data-src=\"https:\/\/www.alteacultural.com\/wp-content\/uploads\/2023\/11\/JornadesMusicalSantaCeciliaSFA2023_Cartell-01.jpg\" class=\"attachment-large size-large wp-image-27931 lazyload\" alt=\"\" data-srcset=\"https:\/\/www.alteacultural.com\/wp-content\/uploads\/2023\/11\/JornadesMusicalSantaCeciliaSFA2023_Cartell-01.jpg 1789w, https:\/\/www.alteacultural.com\/wp-content\/uploads\/2023\/11\/JornadesMusicalSantaCeciliaSFA2023_Cartell-01-768x1080.jpg 768w, https:\/\/www.alteacultural.com\/wp-content\/uploads\/2023\/11\/JornadesMusicalSantaCeciliaSFA2023_Cartell-01-1092x1536.jpg 1092w, https:\/\/www.alteacultural.com\/wp-content\/uploads\/2023\/11\/JornadesMusicalSantaCeciliaSFA2023_Cartell-01-1456x2048.jpg 1456w\" data-sizes=\"(max-width: 1789px) 100vw, 1789px\" src=\"data:image\/gif;base64,R0lGODlhAQABAAAAACH5BAEKAAEALAAAAAABAAEAAAICTAEAOw==\" style=\"--smush-placeholder-width: 1789px; --smush-placeholder-aspect-ratio: 1789\/2516;\" \/>\t\t\t\t\t\t\t\t<\/a>\n\t\t\t\t\t\t\t\t\t\t\t\t\t<\/div>\n\t\t\t\t<\/div>\n\t\t\t\t\t<\/div>\n\t\t<\/div>\n\t\t\t\t\t<\/div>\n\t\t<\/section>\n\t\t\t\t<section class=\"elementor-section elementor-top-section elementor-element elementor-element-7d46883 elementor-section-boxed elementor-section-height-default elementor-section-height-default exad-glass-effect-no exad-sticky-section-no\" data-id=\"7d46883\" data-element_type=\"section\">\n\t\t\t\t\t\t<div class=\"elementor-container elementor-column-gap-default\">\n\t\t\t\t\t<div class=\"elementor-column elementor-col-100 elementor-top-column elementor-element elementor-element-16ce4bc exad-glass-effect-no exad-sticky-section-no\" data-id=\"16ce4bc\" data-element_type=\"column\">\n\t\t\t<div class=\"elementor-widget-wrap elementor-element-populated\">\n\t\t\t\t\t\t<div class=\"elementor-element elementor-element-8bc2309 elementor-align-center exad-sticky-section-no exad-glass-effect-no elementor-widget elementor-widget-button\" data-id=\"8bc2309\" data-element_type=\"widget\" data-widget_type=\"button.default\">\n\t\t\t\t<div class=\"elementor-widget-container\">\n\t\t\t\t\t<div class=\"elementor-button-wrapper\">\n\t\t\t<a class=\"elementor-button elementor-button-link elementor-size-sm\" href=\"https:\/\/bit.ly\/santacecilia23\" target=\"_blank\">\n\t\t\t\t\t\t<span class=\"elementor-button-content-wrapper\">\n\t\t\t\t\t\t\t\t\t<span class=\"elementor-button-text\">Veure programa<\/span>\n\t\t\t\t\t<\/span>\n\t\t\t\t\t<\/a>\n\t\t<\/div>\n\t\t\t\t<\/div>\n\t\t\t\t<\/div>\n\t\t\t\t<div class=\"elementor-element elementor-element-35b8ea1 elementor-arrows-position-inside elementor-pagination-position-outside exad-sticky-section-no exad-glass-effect-no elementor-widget elementor-widget-image-carousel\" data-id=\"35b8ea1\" data-element_type=\"widget\" data-settings=\"{&quot;navigation&quot;:&quot;both&quot;,&quot;autoplay&quot;:&quot;yes&quot;,&quot;pause_on_hover&quot;:&quot;yes&quot;,&quot;pause_on_interaction&quot;:&quot;yes&quot;,&quot;autoplay_speed&quot;:5000,&quot;infinite&quot;:&quot;yes&quot;,&quot;speed&quot;:500}\" data-widget_type=\"image-carousel.default\">\n\t\t\t\t<div class=\"elementor-widget-container\">\n\t\t\t\t\t<div class=\"elementor-image-carousel-wrapper swiper\" dir=\"ltr\">\n\t\t\t<div class=\"elementor-image-carousel swiper-wrapper\" aria-live=\"off\">\n\t\t\t\t\t\t\t\t<div class=\"swiper-slide\" role=\"group\" aria-roledescription=\"slide\" aria-label=\"1 de 3\"><figure class=\"swiper-slide-inner\"><img decoding=\"async\" class=\"swiper-slide-image lazyload\" data-src=\"https:\/\/www.alteacultural.com\/wp-content\/uploads\/2022\/11\/283779886_432095112252397_3957244407808756640_n-300x300.jpg\" alt=\"283779886_432095112252397_3957244407808756640_n\" src=\"data:image\/gif;base64,R0lGODlhAQABAAAAACH5BAEKAAEALAAAAAABAAEAAAICTAEAOw==\" style=\"--smush-placeholder-width: 300px; --smush-placeholder-aspect-ratio: 300\/300;\" \/><\/figure><\/div><div class=\"swiper-slide\" role=\"group\" aria-roledescription=\"slide\" aria-label=\"2 de 3\"><figure class=\"swiper-slide-inner\"><img decoding=\"async\" class=\"swiper-slide-image lazyload\" data-src=\"https:\/\/www.alteacultural.com\/wp-content\/uploads\/2022\/11\/283660488_432092595585982_182234252659491630_n-300x300.jpg\" alt=\"283660488_432092595585982_182234252659491630_n\" src=\"data:image\/gif;base64,R0lGODlhAQABAAAAACH5BAEKAAEALAAAAAABAAEAAAICTAEAOw==\" style=\"--smush-placeholder-width: 300px; --smush-placeholder-aspect-ratio: 300\/300;\" \/><\/figure><\/div><div class=\"swiper-slide\" role=\"group\" aria-roledescription=\"slide\" aria-label=\"3 de 3\"><figure class=\"swiper-slide-inner\"><img decoding=\"async\" class=\"swiper-slide-image lazyload\" data-src=\"https:\/\/www.alteacultural.com\/wp-content\/uploads\/2022\/11\/283825627_432095102252398_6307504848595609877_n-300x300.jpg\" alt=\"283825627_432095102252398_6307504848595609877_n\" src=\"data:image\/gif;base64,R0lGODlhAQABAAAAACH5BAEKAAEALAAAAAABAAEAAAICTAEAOw==\" style=\"--smush-placeholder-width: 300px; --smush-placeholder-aspect-ratio: 300\/300;\" \/><\/figure><\/div>\t\t\t<\/div>\n\t\t\t\t\t\t\t\t\t\t\t\t<div class=\"elementor-swiper-button elementor-swiper-button-prev\" role=\"button\" tabindex=\"0\">\n\t\t\t\t\t\t<i aria-hidden=\"true\" class=\"eicon-chevron-left\"><\/i>\t\t\t\t\t<\/div>\n\t\t\t\t\t<div class=\"elementor-swiper-button elementor-swiper-button-next\" role=\"button\" tabindex=\"0\">\n\t\t\t\t\t\t<i aria-hidden=\"true\" class=\"eicon-chevron-right\"><\/i>\t\t\t\t\t<\/div>\n\t\t\t\t\n\t\t\t\t\t\t\t\t\t<div class=\"swiper-pagination\"><\/div>\n\t\t\t\t\t\t\t\t\t<\/div>\n\t\t\t\t<\/div>\n\t\t\t\t<\/div>\n\t\t\t\t<div class=\"elementor-element elementor-element-3da9f74 elementor-widget-divider--view-line exad-sticky-section-no exad-glass-effect-no elementor-widget elementor-widget-divider\" data-id=\"3da9f74\" data-element_type=\"widget\" data-widget_type=\"divider.default\">\n\t\t\t\t<div class=\"elementor-widget-container\">\n\t\t\t\t\t<div class=\"elementor-divider\">\n\t\t\t<span class=\"elementor-divider-separator\">\n\t\t\t\t\t\t<\/span>\n\t\t<\/div>\n\t\t\t\t<\/div>\n\t\t\t\t<\/div>\n\t\t\t\t<div class=\"elementor-element elementor-element-c0558ab exad-sticky-section-no exad-glass-effect-no elementor-widget elementor-widget-image\" data-id=\"c0558ab\" data-element_type=\"widget\" data-widget_type=\"image.default\">\n\t\t\t\t<div class=\"elementor-widget-container\">\n\t\t\t\t\t\t\t\t\t\t\t\t\t\t<a href=\"https:\/\/www.alteacultural.com\/alertes\">\n\t\t\t\t\t\t\t<img decoding=\"async\" width=\"2560\" height=\"1280\" data-src=\"https:\/\/www.alteacultural.com\/wp-content\/uploads\/2022\/04\/100x200-rollupbanner-medium_es2_AdpatParaRedesHoriz-01-scaled.jpg\" class=\"attachment-large size-large wp-image-18827 lazyload\" alt=\"\" data-srcset=\"https:\/\/www.alteacultural.com\/wp-content\/uploads\/2022\/04\/100x200-rollupbanner-medium_es2_AdpatParaRedesHoriz-01-scaled.jpg 2560w, https:\/\/www.alteacultural.com\/wp-content\/uploads\/2022\/04\/100x200-rollupbanner-medium_es2_AdpatParaRedesHoriz-01-768x384.jpg 768w, https:\/\/www.alteacultural.com\/wp-content\/uploads\/2022\/04\/100x200-rollupbanner-medium_es2_AdpatParaRedesHoriz-01-1536x768.jpg 1536w, https:\/\/www.alteacultural.com\/wp-content\/uploads\/2022\/04\/100x200-rollupbanner-medium_es2_AdpatParaRedesHoriz-01-2048x1024.jpg 2048w\" data-sizes=\"(max-width: 2560px) 100vw, 2560px\" src=\"data:image\/gif;base64,R0lGODlhAQABAAAAACH5BAEKAAEALAAAAAABAAEAAAICTAEAOw==\" style=\"--smush-placeholder-width: 2560px; --smush-placeholder-aspect-ratio: 2560\/1280;\" \/>\t\t\t\t\t\t\t\t<\/a>\n\t\t\t\t\t\t\t\t\t\t\t\t\t<\/div>\n\t\t\t\t<\/div>\n\t\t\t\t<div class=\"elementor-element elementor-element-d269b34 elementor-align-center exad-sticky-section-no exad-glass-effect-no elementor-widget elementor-widget-button\" data-id=\"d269b34\" data-element_type=\"widget\" data-widget_type=\"button.default\">\n\t\t\t\t<div class=\"elementor-widget-container\">\n\t\t\t\t\t<div class=\"elementor-button-wrapper\">\n\t\t\t<a class=\"elementor-button elementor-button-link elementor-size-sm\" href=\"https:\/\/www.alteacultural.com\/agenda\/\">\n\t\t\t\t\t\t<span class=\"elementor-button-content-wrapper\">\n\t\t\t\t\t\t\t\t\t<span class=\"elementor-button-text\">Agenda cultural completa<\/span>\n\t\t\t\t\t<\/span>\n\t\t\t\t\t<\/a>\n\t\t<\/div>\n\t\t\t\t<\/div>\n\t\t\t\t<\/div>\n\t\t\t\t\t<\/div>\n\t\t<\/div>\n\t\t\t\t\t<\/div>\n\t\t<\/section>\n\t\t\t\t<section class=\"elementor-section elementor-top-section elementor-element elementor-element-75129c9 elementor-section-boxed elementor-section-height-default elementor-section-height-default exad-glass-effect-no exad-sticky-section-no\" data-id=\"75129c9\" data-element_type=\"section\">\n\t\t\t\t\t\t<div class=\"elementor-container elementor-column-gap-default\">\n\t\t\t\t\t<div class=\"elementor-column elementor-col-100 elementor-top-column elementor-element elementor-element-fafffc0 exad-glass-effect-no exad-sticky-section-no\" data-id=\"fafffc0\" data-element_type=\"column\">\n\t\t\t<div class=\"elementor-widget-wrap elementor-element-populated\">\n\t\t\t\t\t\t\t<\/div>\n\t\t<\/div>\n\t\t\t\t\t<\/div>\n\t\t<\/section>\n\t\t\t\t<section class=\"elementor-section elementor-top-section elementor-element elementor-element-a5974ad elementor-section-boxed elementor-section-height-default elementor-section-height-default exad-glass-effect-no exad-sticky-section-no\" data-id=\"a5974ad\" data-element_type=\"section\">\n\t\t\t\t\t\t<div class=\"elementor-container elementor-column-gap-default\">\n\t\t\t\t\t<div class=\"elementor-column elementor-col-100 elementor-top-column elementor-element elementor-element-8d2ca0a exad-glass-effect-no exad-sticky-section-no\" data-id=\"8d2ca0a\" data-element_type=\"column\">\n\t\t\t<div class=\"elementor-widget-wrap elementor-element-populated\">\n\t\t\t\t\t\t\t<\/div>\n\t\t<\/div>\n\t\t\t\t\t<\/div>\n\t\t<\/section>\n\t\t\t\t<section class=\"elementor-section elementor-top-section elementor-element elementor-element-2f3f51e elementor-section-boxed elementor-section-height-default elementor-section-height-default exad-glass-effect-no exad-sticky-section-no\" data-id=\"2f3f51e\" data-element_type=\"section\">\n\t\t\t\t\t\t<div class=\"elementor-container elementor-column-gap-default\">\n\t\t\t\t\t<div class=\"elementor-column elementor-col-100 elementor-top-column elementor-element elementor-element-e3d1e47 exad-glass-effect-no exad-sticky-section-no\" data-id=\"e3d1e47\" data-element_type=\"column\">\n\t\t\t<div class=\"elementor-widget-wrap elementor-element-populated\">\n\t\t\t\t\t\t\t<\/div>\n\t\t<\/div>\n\t\t\t\t\t<\/div>\n\t\t<\/section>\n\t\t\t\t<section class=\"elementor-section elementor-top-section elementor-element elementor-element-bbd1b70 elementor-section-boxed elementor-section-height-default elementor-section-height-default exad-glass-effect-no exad-sticky-section-no\" data-id=\"bbd1b70\" data-element_type=\"section\">\n\t\t\t\t\t\t<div class=\"elementor-container elementor-column-gap-default\">\n\t\t\t\t\t<div class=\"elementor-column elementor-col-100 elementor-top-column elementor-element elementor-element-2c59734 exad-glass-effect-no exad-sticky-section-no\" data-id=\"2c59734\" data-element_type=\"column\">\n\t\t\t<div class=\"elementor-widget-wrap\">\n\t\t\t\t\t\t\t<\/div>\n\t\t<\/div>\n\t\t\t\t\t<\/div>\n\t\t<\/section>\n\t\t\t\t<\/div>\n\t\t","protected":false},"excerpt":{"rendered":"<p>Programa \u00b7 17\/11\/2023 Concierto Santa Cecilia\u00a0 &#8211; SFA 2023 PROGRAMA Banda Simf\u00f2nica de la Societat Filharm\u00f2nica Alteanense 1\u00aa parte [&hellip;]<\/p>\n","protected":false},"author":1,"featured_media":0,"comment_status":"closed","ping_status":"closed","sticky":false,"template":"elementor_canvas","format":"standard","meta":{"_expiration-date-status":"","_expiration-date":0,"_expiration-date-type":"","_expiration-date-categories":[],"_expiration-date-options":[],"footnotes":""},"yoast_head":"<!-- This site is optimized with the Yoast SEO plugin v22.8 - https:\/\/yoast.com\/wordpress\/plugins\/seo\/ -->\n<title>Programa 17-11-2023 - Altea Cultural<\/title>\n<meta name=\"robots\" content=\"index, follow, max-snippet:-1, max-image-preview:large, max-video-preview:-1\" \/>\n<link rel=\"canonical\" href=\"https:\/\/www.alteacultural.com\/es\/2023\/11\/16\/programa-17-11-2023\/\" \/>\n<meta property=\"og:locale\" content=\"es_ES\" \/>\n<meta property=\"og:type\" content=\"article\" \/>\n<meta property=\"og:title\" content=\"Programa 17-11-2023 - Altea Cultural\" \/>\n<meta property=\"og:description\" content=\"Programa \u00b7 17\/11\/2023 Concierto Santa Cecilia\u00a0 &#8211; SFA 2023 PROGRAMA Banda Simf\u00f2nica de la Societat Filharm\u00f2nica Alteanense 1\u00aa parte [&hellip;]\" \/>\n<meta property=\"og:url\" content=\"https:\/\/www.alteacultural.com\/es\/2023\/11\/16\/programa-17-11-2023\/\" \/>\n<meta property=\"og:site_name\" content=\"Altea Cultural\" \/>\n<meta property=\"article:published_time\" content=\"2023-11-16T11:02:26+00:00\" \/>\n<meta property=\"article:modified_time\" content=\"2023-11-16T13:10:42+00:00\" \/>\n<meta property=\"og:image\" content=\"https:\/\/www.alteacultural.com\/wp-content\/uploads\/elementor\/thumbs\/castellano-pt48r2ydh9cuovkse8qd9ze5gstk6n3wk0a8ngs1ws.jpg\" \/>\n<meta name=\"author\" content=\"sfaltea.com-admin\" \/>\n<meta name=\"twitter:card\" content=\"summary_large_image\" \/>\n<meta name=\"twitter:label1\" content=\"Escrito por\" \/>\n\t<meta name=\"twitter:data1\" content=\"sfaltea.com-admin\" \/>\n\t<meta name=\"twitter:label2\" content=\"Tiempo de lectura\" \/>\n\t<meta name=\"twitter:data2\" content=\"7 minutos\" \/>\n<script type=\"application\/ld+json\" class=\"yoast-schema-graph\">{\"@context\":\"https:\/\/schema.org\",\"@graph\":[{\"@type\":\"WebPage\",\"@id\":\"https:\/\/www.alteacultural.com\/es\/2023\/11\/16\/programa-17-11-2023\/\",\"url\":\"https:\/\/www.alteacultural.com\/es\/2023\/11\/16\/programa-17-11-2023\/\",\"name\":\"Programa 17-11-2023 - Altea Cultural\",\"isPartOf\":{\"@id\":\"https:\/\/www.alteacultural.com\/es\/#website\"},\"primaryImageOfPage\":{\"@id\":\"https:\/\/www.alteacultural.com\/es\/2023\/11\/16\/programa-17-11-2023\/#primaryimage\"},\"image\":{\"@id\":\"https:\/\/www.alteacultural.com\/es\/2023\/11\/16\/programa-17-11-2023\/#primaryimage\"},\"thumbnailUrl\":\"https:\/\/www.alteacultural.com\/wp-content\/uploads\/elementor\/thumbs\/castellano-pt48r2ydh9cuovkse8qd9ze5gstk6n3wk0a8ngs1ws.jpg\",\"datePublished\":\"2023-11-16T11:02:26+00:00\",\"dateModified\":\"2023-11-16T13:10:42+00:00\",\"author\":{\"@id\":\"https:\/\/www.alteacultural.com\/es\/#\/schema\/person\/c4e137537f1af546d214a315255e5172\"},\"breadcrumb\":{\"@id\":\"https:\/\/www.alteacultural.com\/es\/2023\/11\/16\/programa-17-11-2023\/#breadcrumb\"},\"inLanguage\":\"es\",\"potentialAction\":[{\"@type\":\"ReadAction\",\"target\":[\"https:\/\/www.alteacultural.com\/es\/2023\/11\/16\/programa-17-11-2023\/\"]}]},{\"@type\":\"ImageObject\",\"inLanguage\":\"es\",\"@id\":\"https:\/\/www.alteacultural.com\/es\/2023\/11\/16\/programa-17-11-2023\/#primaryimage\",\"url\":\"https:\/\/www.alteacultural.com\/wp-content\/uploads\/elementor\/thumbs\/castellano-pt48r2ydh9cuovkse8qd9ze5gstk6n3wk0a8ngs1ws.jpg\",\"contentUrl\":\"https:\/\/www.alteacultural.com\/wp-content\/uploads\/elementor\/thumbs\/castellano-pt48r2ydh9cuovkse8qd9ze5gstk6n3wk0a8ngs1ws.jpg\"},{\"@type\":\"BreadcrumbList\",\"@id\":\"https:\/\/www.alteacultural.com\/es\/2023\/11\/16\/programa-17-11-2023\/#breadcrumb\",\"itemListElement\":[{\"@type\":\"ListItem\",\"position\":1,\"name\":\"Inici\",\"item\":\"https:\/\/www.alteacultural.com\/es\/\"},{\"@type\":\"ListItem\",\"position\":2,\"name\":\"Programa 17-11-2023\"}]},{\"@type\":\"WebSite\",\"@id\":\"https:\/\/www.alteacultural.com\/es\/#website\",\"url\":\"https:\/\/www.alteacultural.com\/es\/\",\"name\":\"Altea Cultural\",\"description\":\"Regidoria de Cultura de l&#039;Ajuntament d&#039;Altea\",\"potentialAction\":[{\"@type\":\"SearchAction\",\"target\":{\"@type\":\"EntryPoint\",\"urlTemplate\":\"https:\/\/www.alteacultural.com\/es\/?s={search_term_string}\"},\"query-input\":\"required name=search_term_string\"}],\"inLanguage\":\"es\"},{\"@type\":\"Person\",\"@id\":\"https:\/\/www.alteacultural.com\/es\/#\/schema\/person\/c4e137537f1af546d214a315255e5172\",\"name\":\"sfaltea.com-admin\",\"image\":{\"@type\":\"ImageObject\",\"inLanguage\":\"es\",\"@id\":\"https:\/\/www.alteacultural.com\/es\/#\/schema\/person\/image\/\",\"url\":\"https:\/\/secure.gravatar.com\/avatar\/f7473fa2fbd351270ccfd469de536202?s=96&d=mm&r=g\",\"contentUrl\":\"https:\/\/secure.gravatar.com\/avatar\/f7473fa2fbd351270ccfd469de536202?s=96&d=mm&r=g\",\"caption\":\"sfaltea.com-admin\"},\"url\":\"https:\/\/www.alteacultural.com\/es\/author\/sfaltea-com-admin\/\"}]}<\/script>\n<!-- \/ Yoast SEO plugin. -->","yoast_head_json":{"title":"Programa 17-11-2023 - Altea Cultural","robots":{"index":"index","follow":"follow","max-snippet":"max-snippet:-1","max-image-preview":"max-image-preview:large","max-video-preview":"max-video-preview:-1"},"canonical":"https:\/\/www.alteacultural.com\/es\/2023\/11\/16\/programa-17-11-2023\/","og_locale":"es_ES","og_type":"article","og_title":"Programa 17-11-2023 - Altea Cultural","og_description":"Programa \u00b7 17\/11\/2023 Concierto Santa Cecilia\u00a0 &#8211; SFA 2023 PROGRAMA Banda Simf\u00f2nica de la Societat Filharm\u00f2nica Alteanense 1\u00aa parte [&hellip;]","og_url":"https:\/\/www.alteacultural.com\/es\/2023\/11\/16\/programa-17-11-2023\/","og_site_name":"Altea Cultural","article_published_time":"2023-11-16T11:02:26+00:00","article_modified_time":"2023-11-16T13:10:42+00:00","og_image":[{"url":"https:\/\/www.alteacultural.com\/wp-content\/uploads\/elementor\/thumbs\/castellano-pt48r2ydh9cuovkse8qd9ze5gstk6n3wk0a8ngs1ws.jpg"}],"author":"sfaltea.com-admin","twitter_card":"summary_large_image","twitter_misc":{"Escrito por":"sfaltea.com-admin","Tiempo de lectura":"7 minutos"},"schema":{"@context":"https:\/\/schema.org","@graph":[{"@type":"WebPage","@id":"https:\/\/www.alteacultural.com\/es\/2023\/11\/16\/programa-17-11-2023\/","url":"https:\/\/www.alteacultural.com\/es\/2023\/11\/16\/programa-17-11-2023\/","name":"Programa 17-11-2023 - Altea Cultural","isPartOf":{"@id":"https:\/\/www.alteacultural.com\/es\/#website"},"primaryImageOfPage":{"@id":"https:\/\/www.alteacultural.com\/es\/2023\/11\/16\/programa-17-11-2023\/#primaryimage"},"image":{"@id":"https:\/\/www.alteacultural.com\/es\/2023\/11\/16\/programa-17-11-2023\/#primaryimage"},"thumbnailUrl":"https:\/\/www.alteacultural.com\/wp-content\/uploads\/elementor\/thumbs\/castellano-pt48r2ydh9cuovkse8qd9ze5gstk6n3wk0a8ngs1ws.jpg","datePublished":"2023-11-16T11:02:26+00:00","dateModified":"2023-11-16T13:10:42+00:00","author":{"@id":"https:\/\/www.alteacultural.com\/es\/#\/schema\/person\/c4e137537f1af546d214a315255e5172"},"breadcrumb":{"@id":"https:\/\/www.alteacultural.com\/es\/2023\/11\/16\/programa-17-11-2023\/#breadcrumb"},"inLanguage":"es","potentialAction":[{"@type":"ReadAction","target":["https:\/\/www.alteacultural.com\/es\/2023\/11\/16\/programa-17-11-2023\/"]}]},{"@type":"ImageObject","inLanguage":"es","@id":"https:\/\/www.alteacultural.com\/es\/2023\/11\/16\/programa-17-11-2023\/#primaryimage","url":"https:\/\/www.alteacultural.com\/wp-content\/uploads\/elementor\/thumbs\/castellano-pt48r2ydh9cuovkse8qd9ze5gstk6n3wk0a8ngs1ws.jpg","contentUrl":"https:\/\/www.alteacultural.com\/wp-content\/uploads\/elementor\/thumbs\/castellano-pt48r2ydh9cuovkse8qd9ze5gstk6n3wk0a8ngs1ws.jpg"},{"@type":"BreadcrumbList","@id":"https:\/\/www.alteacultural.com\/es\/2023\/11\/16\/programa-17-11-2023\/#breadcrumb","itemListElement":[{"@type":"ListItem","position":1,"name":"Inici","item":"https:\/\/www.alteacultural.com\/es\/"},{"@type":"ListItem","position":2,"name":"Programa 17-11-2023"}]},{"@type":"WebSite","@id":"https:\/\/www.alteacultural.com\/es\/#website","url":"https:\/\/www.alteacultural.com\/es\/","name":"Altea Cultural","description":"Regidoria de Cultura de l&#039;Ajuntament d&#039;Altea","potentialAction":[{"@type":"SearchAction","target":{"@type":"EntryPoint","urlTemplate":"https:\/\/www.alteacultural.com\/es\/?s={search_term_string}"},"query-input":"required name=search_term_string"}],"inLanguage":"es"},{"@type":"Person","@id":"https:\/\/www.alteacultural.com\/es\/#\/schema\/person\/c4e137537f1af546d214a315255e5172","name":"sfaltea.com-admin","image":{"@type":"ImageObject","inLanguage":"es","@id":"https:\/\/www.alteacultural.com\/es\/#\/schema\/person\/image\/","url":"https:\/\/secure.gravatar.com\/avatar\/f7473fa2fbd351270ccfd469de536202?s=96&d=mm&r=g","contentUrl":"https:\/\/secure.gravatar.com\/avatar\/f7473fa2fbd351270ccfd469de536202?s=96&d=mm&r=g","caption":"sfaltea.com-admin"},"url":"https:\/\/www.alteacultural.com\/es\/author\/sfaltea-com-admin\/"}]}},"_links":{"self":[{"href":"https:\/\/www.alteacultural.com\/es\/wp-json\/wp\/v2\/posts\/28073"}],"collection":[{"href":"https:\/\/www.alteacultural.com\/es\/wp-json\/wp\/v2\/posts"}],"about":[{"href":"https:\/\/www.alteacultural.com\/es\/wp-json\/wp\/v2\/types\/post"}],"author":[{"embeddable":true,"href":"https:\/\/www.alteacultural.com\/es\/wp-json\/wp\/v2\/users\/1"}],"replies":[{"embeddable":true,"href":"https:\/\/www.alteacultural.com\/es\/wp-json\/wp\/v2\/comments?post=28073"}],"version-history":[{"count":7,"href":"https:\/\/www.alteacultural.com\/es\/wp-json\/wp\/v2\/posts\/28073\/revisions"}],"predecessor-version":[{"id":38572,"href":"https:\/\/www.alteacultural.com\/es\/wp-json\/wp\/v2\/posts\/28073\/revisions\/38572"}],"wp:attachment":[{"href":"https:\/\/www.alteacultural.com\/es\/wp-json\/wp\/v2\/media?parent=28073"}],"curies":[{"name":"wp","href":"https:\/\/api.w.org\/{rel}","templated":true}]}}