{"id":28123,"date":"2023-11-22T14:06:08","date_gmt":"2023-11-22T13:06:08","guid":{"rendered":"https:\/\/www.alteacultural.com\/2023\/11\/22\/santa-cecilia-fa-doblet-a-altea\/"},"modified":"2023-12-09T14:02:46","modified_gmt":"2023-12-09T13:02:46","slug":"santa-cecilia-fa-doblet-a-altea","status":"publish","type":"post","link":"https:\/\/www.alteacultural.com\/es\/2023\/11\/22\/santa-cecilia-fa-doblet-a-altea\/","title":{"rendered":"Santa Cecilia hace doblete en Altea"},"content":{"rendered":"\n<figure class=\"wp-block-image\"><img decoding=\"async\" data-src=\"https:\/\/alteadigital.es\/wp-content\/uploads\/2023\/11\/RP-presentacio-web.jpg\" alt=\"Santa Cec\u00edlia fa doblet a Altea\" src=\"data:image\/gif;base64,R0lGODlhAQABAAAAACH5BAEKAAEALAAAAAABAAEAAAICTAEAOw==\" class=\"lazyload\" \/><\/figure>\n\n\n\n<p><strong>La SFA y la SRM celebran la patrona de los m\u00fasicos con multitud de actividades.<\/strong><\/p>\n\n\n\n<p>La concejal\u00eda de Cultura y las dos entidades musicales con las que cuenta Altea, la Societat Filarm\u00f2nica Alteanense y la Societat Recreativa Musical d\u2019Altea la Vella, han dado a conocer los programas de actos que ambas sociedades han preparado en honor a Santa Cecilia y que, como novedad, este a\u00f1o no coinciden en sus d\u00edas centrales.<\/p>\n\n\n\n<p>En la ma\u00f1ana de hoy, hemos podido saber que este a\u00f1o los amantes de la m\u00fasica podr\u00e1n disfrutar de todos los actos musicales que han preparado la SFA y la SRM ya que, a diferencia de a\u00f1os pasados, estos no coinciden en d\u00eda y hora. Hecho que la edil de Cultura, Pepa Victoria P\u00e9rez ha agradecido, al tiempo que tambi\u00e9n ha dado las gracias a ambas asociaciones musicales por recoger la propuesta de Cultura de incluir en los carteles de la celebraci\u00f3n una obra del pintor alteano Juan Navarro Ram\u00f3n por el 120 aniversario del nacimiento del artista.<\/p>\n\n\n\n<p>Como ha detallado la responsable municipal de Cultura, \u201ceste a\u00f1o los d\u00edas principales de celebraci\u00f3n no coinciden. La SFA ya ha comenzado a celebrar actos con el concierto de \u201cPols i P\u00faa y coral sinf\u00f3nica\u201d el pasado s\u00e1bado y acabar\u00e1 sus actos el 9 de diciembre con el Certamen Internacional de Bandas Villa de Altea. Por su parte, la SRM de Altea la Vella desarrollar\u00e1 sus actos del 23 al 26 de noviembre\u201d. \u201cQuiero agradecer a las dos sociedades musicales que hayan incluido en sus carteles un cuadro de Navarro Ram\u00f3n porque con ello queremos difundir y poner en valor la figura de este importante pintor alteano\u201d; ha concluido la concejala de Cultura, Pepa Victoria P\u00e9rez.<\/p>\n\n\n\n<p>En nombre de la Societat Filarm\u00f2nica Alteanense, su presidente, Joan Carles Guillem, ha &nbsp;presentado el programa de actos previsto para la celebraci\u00f3n de Santa Cecilia.<\/p>\n\n\n\n<p>El 11 de noviembre ESMUALTEA ofrecer\u00e1 una serie de actividades, talleres y juegos para los ni\u00f1os y ni\u00f1as de entre 5 y 7 a\u00f1os, a partir de las 11. El d\u00eda 15 en la Biblioteca Municipal tendr\u00e1 lugar una Mesa Redonda en la que se tratar\u00e1 la situaci\u00f3n actual de la m\u00fasica en valenciano y el d\u00eda 16 en Palau Altea se inaugurar\u00e1 una exposici\u00f3n a las 16:30h \u201cPrimavera Musical\u201d que aborda el renacimiento de la m\u00fasica valenciana, ambas actividades promovidas por la concejal\u00eda de Normalizaci\u00f3n Ling\u00fc\u00edstica.<\/p>\n\n\n\n<p>Adem\u00e1s de estas actividades complementarias, como cada a\u00f1o, el programa incluye el Concierto en Honor a Santa Cecilia el s\u00e1bado 17 de noviembre, a las 20:30h en Palau Altea y en el que se impondr\u00e1n las insignias a los nuevos m\u00fasicos de la banda.<\/p>\n\n\n\n<p>Siete son los educandos que entran a formar parte de la plantilla de la SFA en esta ocasi\u00f3n: Marc Devesa Aznar, percusi\u00f3n; Beatriu Mart\u00ednez Palac\u00edn, saxof\u00f3n; Mar\u00eda Pe\u00f1a Manzanares, clarinete; Mar\u00eda Borja Cort\u00e9s, tromb\u00f3n; Marta Zaragoz\u00ed Lausin, violonchelo; Paula P\u00e9rez Barber, saxof\u00f3n y F. Javier Meseguer Mart\u00ednez, tuba. Nuevos m\u00fasicos que el domingo 18 ser\u00e1n recogidos y en pasacalle se dirigir\u00e1n a la Iglesia Parroquial para asistir a la Misa cantada por el Coro de la SFA a las 18:30.<\/p>\n\n\n\n<div class=\"wp-block-image\"><figure class=\"aligncenter\"><img decoding=\"async\" data-src=\"https:\/\/alteadigital.es\/wp-content\/uploads\/2023\/11\/educandos-SFA.jpg\" alt=\"\" class=\"wp-image-114729 lazyload\" src=\"data:image\/gif;base64,R0lGODlhAQABAAAAACH5BAEKAAEALAAAAAABAAEAAAICTAEAOw==\" \/><\/figure><\/div>\n\n\n\n<p>El d\u00eda 30 tendr\u00e1 lugar la conferencia \u201cVisibilizate\u201d en el Conservatorio Municipal a las 19:00h.<\/p>\n\n\n\n<p>El d\u00eda 2 de diciembre se presentar\u00e1, en la Biblioteca de Altea a las 19h, el nuevo proyecto de Certamen Internacional de cara a su 50 edici\u00f3n.<\/p>\n\n\n\n<p>Y para finalizar, el 9 de diciembre a partir&nbsp; de las 16:00h tendr\u00e1 lugar el 49 Certamen Internacional de M\u00fasica Vila d\u2019Altea, en el que participar\u00e1n las bandas de la Asociaci\u00f3n Musical Monte\u00f1a de Cuenca y las valencianas Centre Art\u00edstic Musical Santa Cecilia de Foios y la Sociedad Musical Instructiva Santa Cecilia de Cullera. Clausurar\u00e1 el Certamen la anfitriona la Banda Sinf\u00f3nica de la SFA.<\/p>\n\n\n\n<p>Como cabeza visible de la SFA, Guillem ha invitado a la poblaci\u00f3n a participar de las actividades prevista para Santa Cecilia 2023 y ha agradecido el soporte institucional del Ayuntamiento durante todo el a\u00f1o.<\/p>\n\n\n\n<p>En el caso de la Societat Recreativa Musical de Altea la Vella, tambi\u00e9n ha sido su presidente el que ha informado de los actos previstos para esta celebraci\u00f3n. Juan Antonio Ba\u00f1uls ha destacado la jornada del s\u00e1bado 24 en la que&nbsp; los nuevos m\u00fasicos acceden de forma oficial a la banda. En el caso de la presente edici\u00f3n es Llu\u00eds Castell\u00f3 Ginestar, percusi\u00f3n, el educando que a partir de ahora ser\u00e1 un m\u00fasico m\u00e1s de la SRM. Adem\u00e1s, durante el concierto de la SRM, tendr\u00e1 lugar la entrega de la lira de plata a los m\u00fasicos que este a\u00f1o cumplen 25 a\u00f1os de permanencia en la banda y en este caso recibir\u00e1 la lira la edil de Cultura Pepa Victoria P\u00e9rez, flauta.<\/p>\n\n\n\n<div class=\"wp-block-image\"><figure class=\"aligncenter\"><img decoding=\"async\" data-src=\"https:\/\/alteadigital.es\/wp-content\/uploads\/2023\/11\/Lluis-Castello-Ginestar.jpg\" alt=\"\" class=\"wp-image-114731 lazyload\" src=\"data:image\/gif;base64,R0lGODlhAQABAAAAACH5BAEKAAEALAAAAAABAAEAAAICTAEAOw==\" \/><\/figure><\/div>\n\n\n\n<p>El programa de actividades de la SRM de Altea la Vella incluye una audici\u00f3n de alumnos de flauta y saxo del Conservatorio Profesional de Altea, el jueves 23 a las 19:00h en el Centro Cultural de Altea la Vella.<\/p>\n\n\n\n<p>El viernes 24 a las 19:00h, en este mismo centro, tendr\u00e1 lugar una audici\u00f3n a cargo de los educandos y miembros de la SRM.<\/p>\n\n\n\n<p>El s\u00e1bado 25 de noviembre, d\u00eda grande de la SRM, la jornada musical comenzar\u00e1 a las 18:30h con un pasacalle desde el Centro Cultural hasta la Parroquia de Santa Ana, en la que a las 19:00h se ofrecer\u00e1 una Misa Solemne en honor a Santa Cecilia y al concluir \u00e9sta, a las 20:30h tendr\u00e1 lugar el Concierto de Santa Cecilia de la SRM de Altea la Vella en el Centro Cultural, en el que algunas sorpresas emocionar\u00e1n a los presentes.<\/p>\n\n\n\n<p>Domingo 26, Jornada de hermandad de la familia que forma la SRM de Altea la Vella.<\/p>\n\n\n\n<p>Finalmente, Juan Antonio Ba\u00f1uls, presidente de la SRM, tambi\u00e9n ha invitado a la ciudadan\u00eda a asistir a los actos musicales de Santa Cecilia.|ALTEADIGITAL.ES<\/p>\n","protected":false},"excerpt":{"rendered":"<p>La SFA y la SRM celebran la patrona de los m\u00fasicos con multitud de actividades. La concejal\u00eda de Cultura [&hellip;]<\/p>\n","protected":false},"author":1,"featured_media":27932,"comment_status":"open","ping_status":"open","sticky":false,"template":"","format":"standard","meta":{"_expiration-date-status":"","_expiration-date":0,"_expiration-date-type":"","_expiration-date-categories":[],"_expiration-date-options":[],"footnotes":""},"yoast_head":"<!-- This site is optimized with the Yoast SEO plugin v22.8 - https:\/\/yoast.com\/wordpress\/plugins\/seo\/ -->\n<title>Santa Cecilia hace doblete en Altea - Altea Cultural<\/title>\n<meta name=\"robots\" content=\"index, follow, max-snippet:-1, max-image-preview:large, max-video-preview:-1\" \/>\n<link rel=\"canonical\" href=\"https:\/\/www.alteacultural.com\/es\/2023\/11\/22\/santa-cecilia-fa-doblet-a-altea\/\" \/>\n<meta property=\"og:locale\" content=\"es_ES\" \/>\n<meta property=\"og:type\" content=\"article\" \/>\n<meta property=\"og:title\" content=\"Santa Cecilia hace doblete en Altea - Altea Cultural\" \/>\n<meta property=\"og:description\" content=\"La SFA y la SRM celebran la patrona de los m\u00fasicos con multitud de actividades. La concejal\u00eda de Cultura [&hellip;]\" \/>\n<meta property=\"og:url\" content=\"https:\/\/www.alteacultural.com\/es\/2023\/11\/22\/santa-cecilia-fa-doblet-a-altea\/\" \/>\n<meta property=\"og:site_name\" content=\"Altea Cultural\" \/>\n<meta property=\"article:published_time\" content=\"2023-11-22T13:06:08+00:00\" \/>\n<meta property=\"article:modified_time\" content=\"2023-12-09T13:02:46+00:00\" \/>\n<meta property=\"og:image\" content=\"https:\/\/www.alteacultural.com\/wp-content\/uploads\/2023\/11\/JornadesMusicalSantaCeciliaSFA2023_Cartell-01.jpg\" \/>\n\t<meta property=\"og:image:width\" content=\"1789\" \/>\n\t<meta property=\"og:image:height\" content=\"2516\" \/>\n\t<meta property=\"og:image:type\" content=\"image\/jpeg\" \/>\n<meta name=\"author\" content=\"sfaltea.com-admin\" \/>\n<meta name=\"twitter:card\" content=\"summary_large_image\" \/>\n<meta name=\"twitter:label1\" content=\"Escrito por\" \/>\n\t<meta name=\"twitter:data1\" content=\"sfaltea.com-admin\" \/>\n\t<meta name=\"twitter:label2\" content=\"Tiempo de lectura\" \/>\n\t<meta name=\"twitter:data2\" content=\"5 minutos\" \/>\n<script type=\"application\/ld+json\" class=\"yoast-schema-graph\">{\"@context\":\"https:\/\/schema.org\",\"@graph\":[{\"@type\":\"WebPage\",\"@id\":\"https:\/\/www.alteacultural.com\/es\/2023\/11\/22\/santa-cecilia-fa-doblet-a-altea\/\",\"url\":\"https:\/\/www.alteacultural.com\/es\/2023\/11\/22\/santa-cecilia-fa-doblet-a-altea\/\",\"name\":\"Santa Cecilia hace doblete en Altea - Altea Cultural\",\"isPartOf\":{\"@id\":\"https:\/\/www.alteacultural.com\/es\/#website\"},\"primaryImageOfPage\":{\"@id\":\"https:\/\/www.alteacultural.com\/es\/2023\/11\/22\/santa-cecilia-fa-doblet-a-altea\/#primaryimage\"},\"image\":{\"@id\":\"https:\/\/www.alteacultural.com\/es\/2023\/11\/22\/santa-cecilia-fa-doblet-a-altea\/#primaryimage\"},\"thumbnailUrl\":\"https:\/\/www.alteacultural.com\/wp-content\/uploads\/2023\/11\/JornadesMusicalSantaCeciliaSFA2023_Cartell-01.jpg\",\"datePublished\":\"2023-11-22T13:06:08+00:00\",\"dateModified\":\"2023-12-09T13:02:46+00:00\",\"author\":{\"@id\":\"https:\/\/www.alteacultural.com\/es\/#\/schema\/person\/c4e137537f1af546d214a315255e5172\"},\"breadcrumb\":{\"@id\":\"https:\/\/www.alteacultural.com\/es\/2023\/11\/22\/santa-cecilia-fa-doblet-a-altea\/#breadcrumb\"},\"inLanguage\":\"es\",\"potentialAction\":[{\"@type\":\"ReadAction\",\"target\":[\"https:\/\/www.alteacultural.com\/es\/2023\/11\/22\/santa-cecilia-fa-doblet-a-altea\/\"]}]},{\"@type\":\"ImageObject\",\"inLanguage\":\"es\",\"@id\":\"https:\/\/www.alteacultural.com\/es\/2023\/11\/22\/santa-cecilia-fa-doblet-a-altea\/#primaryimage\",\"url\":\"https:\/\/www.alteacultural.com\/wp-content\/uploads\/2023\/11\/JornadesMusicalSantaCeciliaSFA2023_Cartell-01.jpg\",\"contentUrl\":\"https:\/\/www.alteacultural.com\/wp-content\/uploads\/2023\/11\/JornadesMusicalSantaCeciliaSFA2023_Cartell-01.jpg\",\"width\":1789,\"height\":2516},{\"@type\":\"BreadcrumbList\",\"@id\":\"https:\/\/www.alteacultural.com\/es\/2023\/11\/22\/santa-cecilia-fa-doblet-a-altea\/#breadcrumb\",\"itemListElement\":[{\"@type\":\"ListItem\",\"position\":1,\"name\":\"Inici\",\"item\":\"https:\/\/www.alteacultural.com\/es\/\"},{\"@type\":\"ListItem\",\"position\":2,\"name\":\"Santa Cecilia hace doblete en Altea\"}]},{\"@type\":\"WebSite\",\"@id\":\"https:\/\/www.alteacultural.com\/es\/#website\",\"url\":\"https:\/\/www.alteacultural.com\/es\/\",\"name\":\"Altea Cultural\",\"description\":\"Regidoria de Cultura de l&#039;Ajuntament d&#039;Altea\",\"potentialAction\":[{\"@type\":\"SearchAction\",\"target\":{\"@type\":\"EntryPoint\",\"urlTemplate\":\"https:\/\/www.alteacultural.com\/es\/?s={search_term_string}\"},\"query-input\":\"required name=search_term_string\"}],\"inLanguage\":\"es\"},{\"@type\":\"Person\",\"@id\":\"https:\/\/www.alteacultural.com\/es\/#\/schema\/person\/c4e137537f1af546d214a315255e5172\",\"name\":\"sfaltea.com-admin\",\"image\":{\"@type\":\"ImageObject\",\"inLanguage\":\"es\",\"@id\":\"https:\/\/www.alteacultural.com\/es\/#\/schema\/person\/image\/\",\"url\":\"https:\/\/secure.gravatar.com\/avatar\/f7473fa2fbd351270ccfd469de536202?s=96&d=mm&r=g\",\"contentUrl\":\"https:\/\/secure.gravatar.com\/avatar\/f7473fa2fbd351270ccfd469de536202?s=96&d=mm&r=g\",\"caption\":\"sfaltea.com-admin\"},\"url\":\"https:\/\/www.alteacultural.com\/es\/author\/sfaltea-com-admin\/\"}]}<\/script>\n<!-- \/ Yoast SEO plugin. -->","yoast_head_json":{"title":"Santa Cecilia hace doblete en Altea - Altea Cultural","robots":{"index":"index","follow":"follow","max-snippet":"max-snippet:-1","max-image-preview":"max-image-preview:large","max-video-preview":"max-video-preview:-1"},"canonical":"https:\/\/www.alteacultural.com\/es\/2023\/11\/22\/santa-cecilia-fa-doblet-a-altea\/","og_locale":"es_ES","og_type":"article","og_title":"Santa Cecilia hace doblete en Altea - Altea Cultural","og_description":"La SFA y la SRM celebran la patrona de los m\u00fasicos con multitud de actividades. La concejal\u00eda de Cultura [&hellip;]","og_url":"https:\/\/www.alteacultural.com\/es\/2023\/11\/22\/santa-cecilia-fa-doblet-a-altea\/","og_site_name":"Altea Cultural","article_published_time":"2023-11-22T13:06:08+00:00","article_modified_time":"2023-12-09T13:02:46+00:00","og_image":[{"width":1789,"height":2516,"url":"https:\/\/www.alteacultural.com\/wp-content\/uploads\/2023\/11\/JornadesMusicalSantaCeciliaSFA2023_Cartell-01.jpg","type":"image\/jpeg"}],"author":"sfaltea.com-admin","twitter_card":"summary_large_image","twitter_misc":{"Escrito por":"sfaltea.com-admin","Tiempo de lectura":"5 minutos"},"schema":{"@context":"https:\/\/schema.org","@graph":[{"@type":"WebPage","@id":"https:\/\/www.alteacultural.com\/es\/2023\/11\/22\/santa-cecilia-fa-doblet-a-altea\/","url":"https:\/\/www.alteacultural.com\/es\/2023\/11\/22\/santa-cecilia-fa-doblet-a-altea\/","name":"Santa Cecilia hace doblete en Altea - Altea Cultural","isPartOf":{"@id":"https:\/\/www.alteacultural.com\/es\/#website"},"primaryImageOfPage":{"@id":"https:\/\/www.alteacultural.com\/es\/2023\/11\/22\/santa-cecilia-fa-doblet-a-altea\/#primaryimage"},"image":{"@id":"https:\/\/www.alteacultural.com\/es\/2023\/11\/22\/santa-cecilia-fa-doblet-a-altea\/#primaryimage"},"thumbnailUrl":"https:\/\/www.alteacultural.com\/wp-content\/uploads\/2023\/11\/JornadesMusicalSantaCeciliaSFA2023_Cartell-01.jpg","datePublished":"2023-11-22T13:06:08+00:00","dateModified":"2023-12-09T13:02:46+00:00","author":{"@id":"https:\/\/www.alteacultural.com\/es\/#\/schema\/person\/c4e137537f1af546d214a315255e5172"},"breadcrumb":{"@id":"https:\/\/www.alteacultural.com\/es\/2023\/11\/22\/santa-cecilia-fa-doblet-a-altea\/#breadcrumb"},"inLanguage":"es","potentialAction":[{"@type":"ReadAction","target":["https:\/\/www.alteacultural.com\/es\/2023\/11\/22\/santa-cecilia-fa-doblet-a-altea\/"]}]},{"@type":"ImageObject","inLanguage":"es","@id":"https:\/\/www.alteacultural.com\/es\/2023\/11\/22\/santa-cecilia-fa-doblet-a-altea\/#primaryimage","url":"https:\/\/www.alteacultural.com\/wp-content\/uploads\/2023\/11\/JornadesMusicalSantaCeciliaSFA2023_Cartell-01.jpg","contentUrl":"https:\/\/www.alteacultural.com\/wp-content\/uploads\/2023\/11\/JornadesMusicalSantaCeciliaSFA2023_Cartell-01.jpg","width":1789,"height":2516},{"@type":"BreadcrumbList","@id":"https:\/\/www.alteacultural.com\/es\/2023\/11\/22\/santa-cecilia-fa-doblet-a-altea\/#breadcrumb","itemListElement":[{"@type":"ListItem","position":1,"name":"Inici","item":"https:\/\/www.alteacultural.com\/es\/"},{"@type":"ListItem","position":2,"name":"Santa Cecilia hace doblete en Altea"}]},{"@type":"WebSite","@id":"https:\/\/www.alteacultural.com\/es\/#website","url":"https:\/\/www.alteacultural.com\/es\/","name":"Altea Cultural","description":"Regidoria de Cultura de l&#039;Ajuntament d&#039;Altea","potentialAction":[{"@type":"SearchAction","target":{"@type":"EntryPoint","urlTemplate":"https:\/\/www.alteacultural.com\/es\/?s={search_term_string}"},"query-input":"required name=search_term_string"}],"inLanguage":"es"},{"@type":"Person","@id":"https:\/\/www.alteacultural.com\/es\/#\/schema\/person\/c4e137537f1af546d214a315255e5172","name":"sfaltea.com-admin","image":{"@type":"ImageObject","inLanguage":"es","@id":"https:\/\/www.alteacultural.com\/es\/#\/schema\/person\/image\/","url":"https:\/\/secure.gravatar.com\/avatar\/f7473fa2fbd351270ccfd469de536202?s=96&d=mm&r=g","contentUrl":"https:\/\/secure.gravatar.com\/avatar\/f7473fa2fbd351270ccfd469de536202?s=96&d=mm&r=g","caption":"sfaltea.com-admin"},"url":"https:\/\/www.alteacultural.com\/es\/author\/sfaltea-com-admin\/"}]}},"_links":{"self":[{"href":"https:\/\/www.alteacultural.com\/es\/wp-json\/wp\/v2\/posts\/28123"}],"collection":[{"href":"https:\/\/www.alteacultural.com\/es\/wp-json\/wp\/v2\/posts"}],"about":[{"href":"https:\/\/www.alteacultural.com\/es\/wp-json\/wp\/v2\/types\/post"}],"author":[{"embeddable":true,"href":"https:\/\/www.alteacultural.com\/es\/wp-json\/wp\/v2\/users\/1"}],"replies":[{"embeddable":true,"href":"https:\/\/www.alteacultural.com\/es\/wp-json\/wp\/v2\/comments?post=28123"}],"version-history":[{"count":1,"href":"https:\/\/www.alteacultural.com\/es\/wp-json\/wp\/v2\/posts\/28123\/revisions"}],"predecessor-version":[{"id":28124,"href":"https:\/\/www.alteacultural.com\/es\/wp-json\/wp\/v2\/posts\/28123\/revisions\/28124"}],"wp:featuredmedia":[{"embeddable":true,"href":"https:\/\/www.alteacultural.com\/es\/wp-json\/wp\/v2\/media\/27932"}],"wp:attachment":[{"href":"https:\/\/www.alteacultural.com\/es\/wp-json\/wp\/v2\/media?parent=28123"}],"curies":[{"name":"wp","href":"https:\/\/api.w.org\/{rel}","templated":true}]}}