{"id":28175,"date":"2023-11-24T14:21:07","date_gmt":"2023-11-24T13:21:07","guid":{"rendered":"https:\/\/www.alteacultural.com\/2023\/11\/24\/una-abarrotada-biblioteca-municipal-dona-la-benvinguda-als-primers-exemplars-de-premis-altea-2023\/"},"modified":"2023-11-26T14:50:45","modified_gmt":"2023-11-26T13:50:45","slug":"una-abarrotada-biblioteca-municipal-dona-la-benvinguda-als-primers-exemplars-de-premis-altea-2023","status":"publish","type":"post","link":"https:\/\/www.alteacultural.com\/es\/2023\/11\/24\/una-abarrotada-biblioteca-municipal-dona-la-benvinguda-als-primers-exemplars-de-premis-altea-2023\/","title":{"rendered":"Una abarrotada Biblioteca Municipal da la bienvenida a los primeros ejemplares de Premis Altea 2023"},"content":{"rendered":"\n<figure class=\"wp-block-image\"><img decoding=\"async\" data-src=\"https:\/\/alteadigital.es\/wp-content\/uploads\/2023\/11\/plano-general-web.jpg\" alt=\"Una abarrotada Biblioteca Municipal d\u00f3na la benvinguda als primers exemplars de Premis Altea 2023\" src=\"data:image\/gif;base64,R0lGODlhAQABAAAAACH5BAEKAAEALAAAAAABAAEAAAICTAEAOw==\" class=\"lazyload\" \/><\/figure>\n\n\n\n<p><strong>El acto de presentaci\u00f3n de \u201cSolsmarina\u201d y&nbsp; \u201cL\u2019\u00faltim Ngaranna\u201d ten\u00eda lugar en la tarde de ayer con la presencia de los autores Xavier M\u00ednguez y David Boteller.<\/strong><\/p>\n\n\n\n<p>M\u00e1s de 200 alteanos y alteanas acud\u00edan en la tarde de ayer a la presentaci\u00f3n en sociedad de las ediciones de las obras ganadoras de \u201cPremis Altea de Literatura i Investigaci\u00f3 2023\u201d, \u201cSolsmarina\u201d de Xavier M\u00ednguez L\u00f3pez y \u201cL\u2019\u00faltim Ngaranna\u201d de David Boteller M\u00e1s. Un acto que, como es habitual,&nbsp; contaba con la participaci\u00f3n de los autores, la edil de Cultura, Pepa Victoria P\u00e9rez, el presidente de Caixaltea, Sergio Olivares y el alma mater de estos premios, el director de la C\u00e0tedra Enric Valor de la UA, el alteano Joan Borja.<\/p>\n\n\n\n<div class=\"wp-block-image\"><figure class=\"aligncenter\"><img decoding=\"async\" data-src=\"https:\/\/alteadigital.es\/wp-content\/uploads\/2023\/11\/mesa-presidencial-web.jpg\" alt=\"\" class=\"wp-image-114921 lazyload\" src=\"data:image\/gif;base64,R0lGODlhAQABAAAAACH5BAEKAAEALAAAAAABAAEAAAICTAEAOw==\" \/><\/figure><\/div>\n\n\n\n<p>La primera en tomar la palabra era la responsable municipal de Cultura, quien agradec\u00eda la presencia de compa\u00f1eros de mesa y presentes y destacaba la importancia y emoci\u00f3n del acto de anoche. \u201cA pesar de que pensemos que el d\u00eda m\u00e1s importante de los premios puede ser el d\u00eda de la Gala, hoy es el d\u00eda grande ya que ven la luz dos criaturas de nuestros Premis Altea\u201d; apuntaba la edil.<\/p>\n\n\n\n<p>Pepa Victoria P\u00e9rez tambi\u00e9n agradec\u00eda todos los apoyos que diferentes estamentos dan a estos premios y que han permitido que tras s\u00f3lo 7 ediciones se hayan convertido en cita destacada de las letras valencianas.<\/p>\n\n\n\n<p>Como Presidente de Caixaltea, Sergio Olivares recordaba que la Fundaci\u00f3n Caixaltea ha estado dando soporte a estos premios desde su inicio. No en vano financia el Premi Carmelina S\u00e1nchez-Cutillas de Novel.la i Prosa Creativa, valorado en 5.000\u20ac y que en esta edici\u00f3n reca\u00eda en la obra \u201cSolsmarina\u201d. Tambi\u00e9n Olivares apuntaba a la importancia de tener una Entidad Bancaria en la que su Fundaci\u00f3n da soporte a proyectos culturales, sociales y deportivos del municipio y resaltaba la satisfacci\u00f3n que para la entidad y el mismo supone formar parte de Premis Altea. \u201cEstar aqu\u00ed esta tarde es una de esas veces que merece la pena formar parte de la entidad, ya que muchas veces se han de tomar decisiones que no nos gustar\u00eda tomar pero que no hay m\u00e1s remedio que hacerlo\u201d: Declaraba el Presidente de Caixaltea Sergio Olivares.<\/p>\n\n\n\n<p>Y a continuaci\u00f3n tomaba la palabra Joan Borja, impulsor de los premios. Borja tambi\u00e9n dedicaba una serie de agradecimientos a las instituciones colaboradoras con estos premios como Caixaltea, la Acad\u00e8mia Valenciana de la Llengua, el Instituto de Cultura Alicantina Juan Gil-Albert, la Diputaci\u00f3n de Alicante, la Generalitat Valenciana a trav\u00e9s de su programa de Fomento del Multiling\u00fc\u00edsmo y el Ayuntamiento de Altea.<\/p>\n\n\n\n<p>\u201cEs una obsesi\u00f3n para nosotros que los libros que editamos tengan el peligro de ser le\u00eddos\u201d, apuntaba Borja, en clara referencia a Joan Fuster, y recordaba la figura de Joan Fuster y su inquietud por la necesidad de que los libros sean le\u00eddos para cobrar sentido. \u201cHoy es el d\u00eda en el que toma sentido la fiesta de la literatura, a mi parecer, y que no es otra cosa que haya alguien que escribe como Xavier y David y alguien que lee. Si no, no se completa esta fiesta y para ello la idea de que se ten\u00edan que editar los libros ganadores\u201d. A\u00f1ad\u00eda Joan Borja. Las obras son editadas por Aila Edicions.<\/p>\n\n\n\n<p>Borja resaltaba la calidad humana de ambos premiados. \u201cDetr\u00e1s de las grandes genialidades, que creo que es el caso de Xavier y David, hay normalmente una calidad humana por encima de la media y es su caso. Algo que agradezco profundamente\u201d conclu\u00eda el coordinador de Premis Altea.<\/p>\n\n\n\n<p>En cuanto al contenido de los libros, eran los propios autores los que hac\u00edan una sinopsis de sus obras.<\/p>\n\n\n\n<div class=\"wp-block-image\"><figure class=\"aligncenter\"><img decoding=\"async\" data-src=\"https:\/\/alteadigital.es\/wp-content\/uploads\/2023\/11\/autors-i-obres-web.jpg\" alt=\"\" class=\"wp-image-114923 lazyload\" src=\"data:image\/gif;base64,R0lGODlhAQABAAAAACH5BAEKAAEALAAAAAABAAEAAAICTAEAOw==\" \/><\/figure><\/div>\n\n\n\n<p>Xavier M\u00ednguez, Premi Carmelina S\u00e1nchez-Cutillas de Novel.la i Prosa Creativa, explicaba a los presentes que Solsmarina surgi\u00f3 de la fascinaci\u00f3n que le provoc\u00f3 su visita a Pentidattilo, un burgo medieval cerca de la costa calabresa. \u201cLa monta\u00f1a con forma de mano que da nombre al pueblo me sugiri\u00f3 escribir en torno a la parte antigua que una asociaci\u00f3n estaba tratando de reconstruir a pesar de la presi\u00f3n de la mafia local\u201d. \u201cEl proceso de escritura ha sido realmente largo. Desde que escrib\u00ed el primer cap\u00edtulo hasta que lo termin\u00e9 pasaron algunos a\u00f1os. Es m\u00e1s, reescrib\u00ed algunas partes y modifiqu\u00e9 muchas otras. La idea era reflexionar sobre la soledad, pero al final la novela reflexiona tambi\u00e9n sobre la identidad, ligando ambas ideas. Marina, la protagonista, para combatir la soledad que parad\u00f3jicamente ha buscado, se desdobla en m\u00faltiples identidades, y acaba contemplando en qu\u00e9 medida cada una de ellas forma parte de su esencia, haciendo la persona que es\u201d. Detalla M\u00ednguez, quien a\u00f1ad\u00eda que \u201cla novela est\u00e1 ambientada en Italia, pa\u00eds en el que viv\u00ed de joven y en el que vuelvo siempre que me es posible\u201d.<\/p>\n\n\n\n<p>\u201cSolsmarina tiene muchos componentes diversos: realismo m\u00e1gico, redes sociales, trayectorias personales singulares, etc. Francamente, disfrut\u00e9 mucho escribi\u00e9ndola, aunque combinar tantos elementos tambi\u00e9n supon\u00eda un reto. Lo resolv\u00ed con el peculiar humor de la protagonista, que sabe quitarle hierro a sus reflexiones m\u00e1s trascendentes\u201d, concluye Xavier M\u00ednguez.<\/p>\n\n\n\n<p>Por su parte, David Boteller Mas, autor de \u201cL\u2019\u00faltim Ngaranna\u201d, \u201cPremi Altea de Literatura Infantil y Juvenil\u201d, valorado con 4.000\u20ac, reconoc\u00eda tener un especial inter\u00e9s en la escritura y en las novelas fant\u00e1sticas y de aventuras.<\/p>\n\n\n\n<p>Boteller ha trabajado en diversas instituciones vinculadas al \u00e1mbito social y la cooperaci\u00f3n internacional que le han permitido conocer de primera mano la realidad de los pa\u00edses con escasos recursos.<\/p>\n\n\n\n<p>Marina, una ni\u00f1a de 8 a\u00f1os con muy poca confianza en s\u00ed misma, se siente frustrada por las dificultades que tiene en la escuela. Esta situaci\u00f3n cambia cuando, de forma fortuita, cae en sus manos un libro muy raro. En el libro se cuenta la historia de Wangari, una ni\u00f1a africana que es elegida por los antepasados de su tribu para encontrar un \u00e1rbol misterioso llamado Ngaranna. El \u00e1rbol es el \u00faltimo recurso de la gente de la Terra dels Turons para evitar que la sequ\u00eda les expulse de casa. Acompa\u00f1ada por su amigo Dinganii, un murci\u00e9lago de pelo dorado, Wangari vive una larga aventura a trav\u00e9s de la cual aprende a superar obst\u00e1culos ya ganar confianza en s\u00ed misma. Adem\u00e1s, Wangari debe convivir con una dificultad a\u00f1adida: es ciega de nacimiento.<\/p>\n\n\n\n<p>\u201cMe gusta partir de hechos cotidianos para construir historias fant\u00e1sticas y despertar la imaginaci\u00f3n de lectores y lectoras\u201d. Conclu\u00eda David Boteller, deseando que su obra agrade a los lectores y lectoras.|ALTEADIGITAL.ES<\/p>\n\n\n\n<div class=\"wp-block-image\"><figure class=\"aligncenter\"><img decoding=\"async\" data-src=\"https:\/\/alteadigital.es\/wp-content\/uploads\/2023\/11\/Public-web.jpg\" alt=\"\" class=\"wp-image-114925 lazyload\" src=\"data:image\/gif;base64,R0lGODlhAQABAAAAACH5BAEKAAEALAAAAAABAAEAAAICTAEAOw==\" \/><\/figure><\/div>\n","protected":false},"excerpt":{"rendered":"<p>El acto de presentaci\u00f3n de \u201cSolsmarina\u201d y&nbsp; \u201cL\u2019\u00faltim Ngaranna\u201d ten\u00eda lugar en la tarde de ayer con la presencia [&hellip;]<\/p>\n","protected":false},"author":1,"featured_media":28173,"comment_status":"open","ping_status":"open","sticky":false,"template":"","format":"standard","meta":{"_expiration-date-status":"","_expiration-date":1701006152,"_expiration-date-type":"draft","_expiration-date-categories":[],"_expiration-date-options":[],"footnotes":""},"yoast_head":"<!-- This site is optimized with the Yoast SEO plugin v22.8 - https:\/\/yoast.com\/wordpress\/plugins\/seo\/ -->\n<title>Una abarrotada Biblioteca Municipal da la bienvenida a los primeros ejemplares de Premis Altea 2023 - Altea Cultural<\/title>\n<meta name=\"robots\" content=\"index, follow, max-snippet:-1, max-image-preview:large, max-video-preview:-1\" \/>\n<link rel=\"canonical\" href=\"https:\/\/www.alteacultural.com\/es\/2023\/11\/24\/una-abarrotada-biblioteca-municipal-dona-la-benvinguda-als-primers-exemplars-de-premis-altea-2023\/\" \/>\n<meta property=\"og:locale\" content=\"es_ES\" \/>\n<meta property=\"og:type\" content=\"article\" \/>\n<meta property=\"og:title\" content=\"Una abarrotada Biblioteca Municipal da la bienvenida a los primeros ejemplares de Premis Altea 2023 - Altea Cultural\" \/>\n<meta property=\"og:description\" content=\"El acto de presentaci\u00f3n de \u201cSolsmarina\u201d y&nbsp; \u201cL\u2019\u00faltim Ngaranna\u201d ten\u00eda lugar en la tarde de ayer con la presencia [&hellip;]\" \/>\n<meta property=\"og:url\" content=\"https:\/\/www.alteacultural.com\/es\/2023\/11\/24\/una-abarrotada-biblioteca-municipal-dona-la-benvinguda-als-primers-exemplars-de-premis-altea-2023\/\" \/>\n<meta property=\"og:site_name\" content=\"Altea Cultural\" \/>\n<meta property=\"article:published_time\" content=\"2023-11-24T13:21:07+00:00\" \/>\n<meta property=\"article:modified_time\" content=\"2023-11-26T13:50:45+00:00\" \/>\n<meta property=\"og:image\" content=\"https:\/\/www.alteacultural.com\/wp-content\/uploads\/2023\/11\/autors-i-obres-web.jpg\" \/>\n\t<meta property=\"og:image:width\" content=\"800\" \/>\n\t<meta property=\"og:image:height\" content=\"804\" \/>\n\t<meta property=\"og:image:type\" content=\"image\/jpeg\" \/>\n<meta name=\"author\" content=\"sfaltea.com-admin\" \/>\n<meta name=\"twitter:card\" content=\"summary_large_image\" \/>\n<meta name=\"twitter:label1\" content=\"Escrito por\" \/>\n\t<meta name=\"twitter:data1\" content=\"sfaltea.com-admin\" \/>\n\t<meta name=\"twitter:label2\" content=\"Tiempo de lectura\" \/>\n\t<meta name=\"twitter:data2\" content=\"6 minutos\" \/>\n<script type=\"application\/ld+json\" class=\"yoast-schema-graph\">{\"@context\":\"https:\/\/schema.org\",\"@graph\":[{\"@type\":\"WebPage\",\"@id\":\"https:\/\/www.alteacultural.com\/es\/2023\/11\/24\/una-abarrotada-biblioteca-municipal-dona-la-benvinguda-als-primers-exemplars-de-premis-altea-2023\/\",\"url\":\"https:\/\/www.alteacultural.com\/es\/2023\/11\/24\/una-abarrotada-biblioteca-municipal-dona-la-benvinguda-als-primers-exemplars-de-premis-altea-2023\/\",\"name\":\"Una abarrotada Biblioteca Municipal da la bienvenida a los primeros ejemplares de Premis Altea 2023 - Altea Cultural\",\"isPartOf\":{\"@id\":\"https:\/\/www.alteacultural.com\/es\/#website\"},\"primaryImageOfPage\":{\"@id\":\"https:\/\/www.alteacultural.com\/es\/2023\/11\/24\/una-abarrotada-biblioteca-municipal-dona-la-benvinguda-als-primers-exemplars-de-premis-altea-2023\/#primaryimage\"},\"image\":{\"@id\":\"https:\/\/www.alteacultural.com\/es\/2023\/11\/24\/una-abarrotada-biblioteca-municipal-dona-la-benvinguda-als-primers-exemplars-de-premis-altea-2023\/#primaryimage\"},\"thumbnailUrl\":\"https:\/\/www.alteacultural.com\/wp-content\/uploads\/2023\/11\/autors-i-obres-web.jpg\",\"datePublished\":\"2023-11-24T13:21:07+00:00\",\"dateModified\":\"2023-11-26T13:50:45+00:00\",\"author\":{\"@id\":\"https:\/\/www.alteacultural.com\/es\/#\/schema\/person\/c4e137537f1af546d214a315255e5172\"},\"breadcrumb\":{\"@id\":\"https:\/\/www.alteacultural.com\/es\/2023\/11\/24\/una-abarrotada-biblioteca-municipal-dona-la-benvinguda-als-primers-exemplars-de-premis-altea-2023\/#breadcrumb\"},\"inLanguage\":\"es\",\"potentialAction\":[{\"@type\":\"ReadAction\",\"target\":[\"https:\/\/www.alteacultural.com\/es\/2023\/11\/24\/una-abarrotada-biblioteca-municipal-dona-la-benvinguda-als-primers-exemplars-de-premis-altea-2023\/\"]}]},{\"@type\":\"ImageObject\",\"inLanguage\":\"es\",\"@id\":\"https:\/\/www.alteacultural.com\/es\/2023\/11\/24\/una-abarrotada-biblioteca-municipal-dona-la-benvinguda-als-primers-exemplars-de-premis-altea-2023\/#primaryimage\",\"url\":\"https:\/\/www.alteacultural.com\/wp-content\/uploads\/2023\/11\/autors-i-obres-web.jpg\",\"contentUrl\":\"https:\/\/www.alteacultural.com\/wp-content\/uploads\/2023\/11\/autors-i-obres-web.jpg\",\"width\":800,\"height\":804},{\"@type\":\"BreadcrumbList\",\"@id\":\"https:\/\/www.alteacultural.com\/es\/2023\/11\/24\/una-abarrotada-biblioteca-municipal-dona-la-benvinguda-als-primers-exemplars-de-premis-altea-2023\/#breadcrumb\",\"itemListElement\":[{\"@type\":\"ListItem\",\"position\":1,\"name\":\"Inici\",\"item\":\"https:\/\/www.alteacultural.com\/es\/\"},{\"@type\":\"ListItem\",\"position\":2,\"name\":\"Una abarrotada Biblioteca Municipal da la bienvenida a los primeros ejemplares de Premis Altea 2023\"}]},{\"@type\":\"WebSite\",\"@id\":\"https:\/\/www.alteacultural.com\/es\/#website\",\"url\":\"https:\/\/www.alteacultural.com\/es\/\",\"name\":\"Altea Cultural\",\"description\":\"Regidoria de Cultura de l&#039;Ajuntament d&#039;Altea\",\"potentialAction\":[{\"@type\":\"SearchAction\",\"target\":{\"@type\":\"EntryPoint\",\"urlTemplate\":\"https:\/\/www.alteacultural.com\/es\/?s={search_term_string}\"},\"query-input\":\"required name=search_term_string\"}],\"inLanguage\":\"es\"},{\"@type\":\"Person\",\"@id\":\"https:\/\/www.alteacultural.com\/es\/#\/schema\/person\/c4e137537f1af546d214a315255e5172\",\"name\":\"sfaltea.com-admin\",\"image\":{\"@type\":\"ImageObject\",\"inLanguage\":\"es\",\"@id\":\"https:\/\/www.alteacultural.com\/es\/#\/schema\/person\/image\/\",\"url\":\"https:\/\/secure.gravatar.com\/avatar\/f7473fa2fbd351270ccfd469de536202?s=96&d=mm&r=g\",\"contentUrl\":\"https:\/\/secure.gravatar.com\/avatar\/f7473fa2fbd351270ccfd469de536202?s=96&d=mm&r=g\",\"caption\":\"sfaltea.com-admin\"},\"url\":\"https:\/\/www.alteacultural.com\/es\/author\/sfaltea-com-admin\/\"}]}<\/script>\n<!-- \/ Yoast SEO plugin. -->","yoast_head_json":{"title":"Una abarrotada Biblioteca Municipal da la bienvenida a los primeros ejemplares de Premis Altea 2023 - Altea Cultural","robots":{"index":"index","follow":"follow","max-snippet":"max-snippet:-1","max-image-preview":"max-image-preview:large","max-video-preview":"max-video-preview:-1"},"canonical":"https:\/\/www.alteacultural.com\/es\/2023\/11\/24\/una-abarrotada-biblioteca-municipal-dona-la-benvinguda-als-primers-exemplars-de-premis-altea-2023\/","og_locale":"es_ES","og_type":"article","og_title":"Una abarrotada Biblioteca Municipal da la bienvenida a los primeros ejemplares de Premis Altea 2023 - Altea Cultural","og_description":"El acto de presentaci\u00f3n de \u201cSolsmarina\u201d y&nbsp; \u201cL\u2019\u00faltim Ngaranna\u201d ten\u00eda lugar en la tarde de ayer con la presencia [&hellip;]","og_url":"https:\/\/www.alteacultural.com\/es\/2023\/11\/24\/una-abarrotada-biblioteca-municipal-dona-la-benvinguda-als-primers-exemplars-de-premis-altea-2023\/","og_site_name":"Altea Cultural","article_published_time":"2023-11-24T13:21:07+00:00","article_modified_time":"2023-11-26T13:50:45+00:00","og_image":[{"width":800,"height":804,"url":"https:\/\/www.alteacultural.com\/wp-content\/uploads\/2023\/11\/autors-i-obres-web.jpg","type":"image\/jpeg"}],"author":"sfaltea.com-admin","twitter_card":"summary_large_image","twitter_misc":{"Escrito por":"sfaltea.com-admin","Tiempo de lectura":"6 minutos"},"schema":{"@context":"https:\/\/schema.org","@graph":[{"@type":"WebPage","@id":"https:\/\/www.alteacultural.com\/es\/2023\/11\/24\/una-abarrotada-biblioteca-municipal-dona-la-benvinguda-als-primers-exemplars-de-premis-altea-2023\/","url":"https:\/\/www.alteacultural.com\/es\/2023\/11\/24\/una-abarrotada-biblioteca-municipal-dona-la-benvinguda-als-primers-exemplars-de-premis-altea-2023\/","name":"Una abarrotada Biblioteca Municipal da la bienvenida a los primeros ejemplares de Premis Altea 2023 - Altea Cultural","isPartOf":{"@id":"https:\/\/www.alteacultural.com\/es\/#website"},"primaryImageOfPage":{"@id":"https:\/\/www.alteacultural.com\/es\/2023\/11\/24\/una-abarrotada-biblioteca-municipal-dona-la-benvinguda-als-primers-exemplars-de-premis-altea-2023\/#primaryimage"},"image":{"@id":"https:\/\/www.alteacultural.com\/es\/2023\/11\/24\/una-abarrotada-biblioteca-municipal-dona-la-benvinguda-als-primers-exemplars-de-premis-altea-2023\/#primaryimage"},"thumbnailUrl":"https:\/\/www.alteacultural.com\/wp-content\/uploads\/2023\/11\/autors-i-obres-web.jpg","datePublished":"2023-11-24T13:21:07+00:00","dateModified":"2023-11-26T13:50:45+00:00","author":{"@id":"https:\/\/www.alteacultural.com\/es\/#\/schema\/person\/c4e137537f1af546d214a315255e5172"},"breadcrumb":{"@id":"https:\/\/www.alteacultural.com\/es\/2023\/11\/24\/una-abarrotada-biblioteca-municipal-dona-la-benvinguda-als-primers-exemplars-de-premis-altea-2023\/#breadcrumb"},"inLanguage":"es","potentialAction":[{"@type":"ReadAction","target":["https:\/\/www.alteacultural.com\/es\/2023\/11\/24\/una-abarrotada-biblioteca-municipal-dona-la-benvinguda-als-primers-exemplars-de-premis-altea-2023\/"]}]},{"@type":"ImageObject","inLanguage":"es","@id":"https:\/\/www.alteacultural.com\/es\/2023\/11\/24\/una-abarrotada-biblioteca-municipal-dona-la-benvinguda-als-primers-exemplars-de-premis-altea-2023\/#primaryimage","url":"https:\/\/www.alteacultural.com\/wp-content\/uploads\/2023\/11\/autors-i-obres-web.jpg","contentUrl":"https:\/\/www.alteacultural.com\/wp-content\/uploads\/2023\/11\/autors-i-obres-web.jpg","width":800,"height":804},{"@type":"BreadcrumbList","@id":"https:\/\/www.alteacultural.com\/es\/2023\/11\/24\/una-abarrotada-biblioteca-municipal-dona-la-benvinguda-als-primers-exemplars-de-premis-altea-2023\/#breadcrumb","itemListElement":[{"@type":"ListItem","position":1,"name":"Inici","item":"https:\/\/www.alteacultural.com\/es\/"},{"@type":"ListItem","position":2,"name":"Una abarrotada Biblioteca Municipal da la bienvenida a los primeros ejemplares de Premis Altea 2023"}]},{"@type":"WebSite","@id":"https:\/\/www.alteacultural.com\/es\/#website","url":"https:\/\/www.alteacultural.com\/es\/","name":"Altea Cultural","description":"Regidoria de Cultura de l&#039;Ajuntament d&#039;Altea","potentialAction":[{"@type":"SearchAction","target":{"@type":"EntryPoint","urlTemplate":"https:\/\/www.alteacultural.com\/es\/?s={search_term_string}"},"query-input":"required name=search_term_string"}],"inLanguage":"es"},{"@type":"Person","@id":"https:\/\/www.alteacultural.com\/es\/#\/schema\/person\/c4e137537f1af546d214a315255e5172","name":"sfaltea.com-admin","image":{"@type":"ImageObject","inLanguage":"es","@id":"https:\/\/www.alteacultural.com\/es\/#\/schema\/person\/image\/","url":"https:\/\/secure.gravatar.com\/avatar\/f7473fa2fbd351270ccfd469de536202?s=96&d=mm&r=g","contentUrl":"https:\/\/secure.gravatar.com\/avatar\/f7473fa2fbd351270ccfd469de536202?s=96&d=mm&r=g","caption":"sfaltea.com-admin"},"url":"https:\/\/www.alteacultural.com\/es\/author\/sfaltea-com-admin\/"}]}},"_links":{"self":[{"href":"https:\/\/www.alteacultural.com\/es\/wp-json\/wp\/v2\/posts\/28175"}],"collection":[{"href":"https:\/\/www.alteacultural.com\/es\/wp-json\/wp\/v2\/posts"}],"about":[{"href":"https:\/\/www.alteacultural.com\/es\/wp-json\/wp\/v2\/types\/post"}],"author":[{"embeddable":true,"href":"https:\/\/www.alteacultural.com\/es\/wp-json\/wp\/v2\/users\/1"}],"replies":[{"embeddable":true,"href":"https:\/\/www.alteacultural.com\/es\/wp-json\/wp\/v2\/comments?post=28175"}],"version-history":[{"count":1,"href":"https:\/\/www.alteacultural.com\/es\/wp-json\/wp\/v2\/posts\/28175\/revisions"}],"predecessor-version":[{"id":28176,"href":"https:\/\/www.alteacultural.com\/es\/wp-json\/wp\/v2\/posts\/28175\/revisions\/28176"}],"wp:featuredmedia":[{"embeddable":true,"href":"https:\/\/www.alteacultural.com\/es\/wp-json\/wp\/v2\/media\/28173"}],"wp:attachment":[{"href":"https:\/\/www.alteacultural.com\/es\/wp-json\/wp\/v2\/media?parent=28175"}],"curies":[{"name":"wp","href":"https:\/\/api.w.org\/{rel}","templated":true}]}}