{"id":28288,"date":"2023-11-29T07:47:47","date_gmt":"2023-11-29T06:47:47","guid":{"rendered":"https:\/\/www.alteacultural.com\/2023\/11\/29\/lencesa-de-llums-donara-inici-a-la-programacio-nadalenca-a-altea\/"},"modified":"2024-01-05T20:30:09","modified_gmt":"2024-01-05T19:30:09","slug":"lencesa-de-llums-donara-inici-a-la-programacio-nadalenca-a-altea","status":"publish","type":"post","link":"https:\/\/www.alteacultural.com\/es\/2023\/11\/29\/lencesa-de-llums-donara-inici-a-la-programacio-nadalenca-a-altea\/","title":{"rendered":"El encendido de luces dar\u00e1 inicio a la programaci\u00f3n navide\u00f1a en Altea"},"content":{"rendered":"\n<figure class=\"wp-block-image\"><img decoding=\"async\" data-src=\"https:\/\/alteadigital.es\/wp-content\/uploads\/2023\/11\/presentacion-programacion-web.jpg\" alt=\"L\u2019encesa de llums donar\u00e0 inici a la programaci\u00f3 nadalenca a Altea\" src=\"data:image\/gif;base64,R0lGODlhAQABAAAAACH5BAEKAAEALAAAAAABAAEAAAICTAEAOw==\" class=\"lazyload\" \/><\/figure>\n\n\n\n<p>El encendido de las luces de Navidad, el pr\u00f3ximo viernes 1 de diciembre a las 18:00h, dar\u00e1 inicio a la amplia programaci\u00f3n navide\u00f1a propuesta por las diferentes concejal\u00edas del Ayuntamiento de Altea. As\u00ed se ha podido saber esta misma ma\u00f1ana de la mano del concejal de Comercio, Jose M\u00aa Borja; la edil de Cultura, Pepa Victoria Perez; la concejala de Educaci\u00f3n y Normalizaci\u00f3n Ling\u00fc\u00edstica, Xelo Gonz\u00e1lez; la edil de Bienestar Social e Igualdad, Anna Lanuza y el concejal de Fiestas, Joaquim Devesa.<\/p>\n\n\n\n<p>Seg\u00fan ha explicado el edil de Comercio, se ha hecho un calendario de actividades \u00fanico en el que han participado las diferentes concejal\u00edas y que dar\u00e1 inicio el pr\u00f3ximo viernes 1 de diciembre en la Plaza del Ayuntamiento a las 17:30h con el canto de villancicos a cargo de EsMuALtea y el coro de mayores, con una chocolatada para los asistentes. A las 18:00h tendr\u00e1 lugar el encendido de luces. A este respecto, el edil ha indicado que \u201cel Ayuntamiento hace un esfuerzo para imprimir el esp\u00edritu navide\u00f1o en todo el municipio, teniendo en cuenta las asignaciones presupuestarias, y se iluminar\u00e1n distintas zonas como la Avda. Jaume I, la zona del Puerto, Altea la Vella, el Casco Antiguo y Paseo Mediterr\u00e0neo\u201d, ha se\u00f1alado Borja, quien se manifiesta consciente de que \u201cla Navidad es importante para el comercio, pero tambi\u00e9n es importante el propagar el esp\u00edritu navide\u00f1o desde las distintas \u00e1reas para que la gente del pueblo, de todas las edades, pueda participar\u201d.<\/p>\n\n\n\n<p>En el transcurso de la comparecencia p\u00fablica, cada edil ha pormenorizado los actos organizados por sus \u00e1reas y en el caso del \u00e1rea de Comercio, Jose Maria Borja ha puesto tambi\u00e9n el acento en el Mercado Navide\u00f1o, que tendr\u00e1 lugar los d\u00edas 15, 16 y 17 de diciembre en la Plaza del Convento y cuya inauguraci\u00f3n tendr\u00e1 lugar el viernes 15 a las 18:00h.<\/p>\n\n\n\n<p>Como novedad, Borja ha anunciado que Pap\u00e1 Noel visitar\u00e1 varias zonas del municipio, no s\u00f3lo la Plaza del Ayuntamiento, sino que el viernes 22 estar\u00e1 en la Avda. Jaume I, en horario de ma\u00f1ana y por la tarde estar\u00e1 en la Plaza del Ayuntamiento y el s\u00e1bado 23 por la ma\u00f1ana visitar\u00e1 Altea la Vella y por la tarde el Casco Antiguo de Altea para que los ni\u00f1os puedan entregar sus cartas y deseos.<\/p>\n\n\n\n<p>Jose Mar\u00eda Borja ha invitado a los comercios de Altea a engalanar sus escaparates durante estas fiestas para dar un mayor ambiente navide\u00f1o.<\/p>\n\n\n\n<p>En cuanto a las cartas destinadas a Pap\u00e1 Noel y a los Reyes Magos, estas han sido dise\u00f1adas por la concejal\u00eda de Normalizaci\u00f3n Ling\u00fc\u00edstica y est\u00e1n a disposici\u00f3n de la ciudadan\u00eda en las diferentes dependencias municipales y tambi\u00e9n ser\u00e1n entregadas en los centros educativos del municipio para que los ni\u00f1os y ni\u00f1as puedan disponer de ellas. Como as\u00ed lo ha desvelado la edil de \u00e1rea, Xelo Gonz\u00e1lez; quien adem\u00e1s ha recordado el ciclo de cine familiar en valenciano, organizado por dicha concejal\u00eda y cuyo programa de proyecciones es el siguiente: 3 de diciembre, \u201cNimona\u201d. 17h en la Casa de Cultura;&nbsp; 10 de diciembre, \u201cBatman Lego\u201d. 17h Centro Cultural de Altea la Vella; 2 de enero, \u201cRon dona Error\u201d. 17h Centro Cultural de Altea la Vella; 14 de enero, \u201cSuper Mario Bros\u201d. 17h Casa de Cultura y 21 de enero, \u201cLa familia Mitchell\u201d. Casa de Cultura a las 17h. La entrada a las proyecciones es libre y gratuita limitada al aforo de la sala.<\/p>\n\n\n\n<p>Adem\u00e1s, Xelo Gonz\u00e1lez, como responsable de Educaci\u00f3n, ha desvelado que durante la inauguraci\u00f3n del Mercado de Navidad, a las 18:00h, se har\u00e1 entrega de los premios del concurso de postales navide\u00f1as, llevado a cabo en los centros educativos del municipio. Y tambi\u00e9n desde esta concejal\u00eda se ha preparado para el d\u00eda 31 de diciembre la fiesta Fin de A\u00f1o a las 10:30h en la Plaza de la Iglesia. \u201cHabr\u00e1 sorpresas y los ni\u00f1os lo pasar\u00e1n muy bien y esperamos que el tiempo nos acompa\u00f1e y los ni\u00f1os puedan disfrutar mucho\u201d; ha deseado la concejala.<\/p>\n\n\n\n<p>Como responsable de Cultura, Pepa Victoria P\u00e9rez, ha indicado que el tradicional Bel\u00e9n de la Casa de Cultura, realizado por la Asociaci\u00f3n de Belenistas de la Marina Baixa se inaugurar\u00e1 el d\u00eda 4 y permanecer\u00e1 a disposici\u00f3n de aquellos que quieran visitarlo hasta el 5 de enero, en horario de la Biblioteca de lunes a viernes de 09:00 a 14:00h y de 17:00 a 20:00h.<\/p>\n\n\n\n<p>En cuanto a la programaci\u00f3n m\u00e1s musical, puesta en marcha por la Escuela de M\u00fasica y las dos entidades musicales del municipio, la SFA y la SRM, \u00e9sta dar\u00e1 inicio el 16 de diciembre a las 11:00h con el Jard\u00edn Musical en la Plaza del Agua a las 11:00h y por la tarde, a las 19:30h en la Iglesia de San Francisco, Concierto a cargo del Coro y la Orquesta de Pulso y P\u00faa de la Sociedad Filarm\u00f3nica Alteanense.<\/p>\n\n\n\n<p>El 17 de diciembre, a las 19:00h, la banda de la Sociedad Recreativa Musical de Altea la Vella ofrecer\u00e1 su Concierto de Navidad en el Centro Cultural de Altea la Vella.<\/p>\n\n\n\n<p>El jueves 21 de diciembre, EsMuAltea realizar\u00e1 la tradicional Gala de Navidad a las 19:30h y el d\u00eda 23 de diciembre a las 20:30, la Banda Sinf\u00f3nica de la SFA ofrecer\u00e1 el Concierto Extraordinario de Navidad en Palau Altea.<\/p>\n\n\n\n<p>Pepa Victoria P\u00e9rez ha recordado que adem\u00e1s de esta programaci\u00f3n cultural organizada por el Ayuntamiento, Palau Altea tiene su propia programaci\u00f3n navide\u00f1a en la que priman los espect\u00e1culos familiares y de gran calidad. M\u00e1s informaci\u00f3n en&nbsp;<a href=\"https:\/\/palaualtea.es\/\">https:\/\/palaualtea.es\/<\/a>&nbsp;Adem\u00e1s, en Palau Altea tambi\u00e9n tendr\u00e1 lugar un espect\u00e1culo de marionetas el d\u00eda 4 de diciembre, titulado \u201cSin hilos\u201d, programado por el \u00e1rea de Cultura.<\/p>\n\n\n\n<p>Desde la concejal\u00eda de Fiestas, su responsable, Joaquim Devesa ha centrado su intervenci\u00f3n en las actividades programadas por su departamento como son las cabalgatas de Reyes de Altea y Altea la Vella y las fiestas de fin de a\u00f1o en ambos n\u00facleos hist\u00f3ricos. Actividades que como ha apuntado el edil, cuentan con la colaboraci\u00f3n de la Comisi\u00f3n de Fiestas del Sant\u00edsimo Cristo del Sagrario, la Federaci\u00f3n de Moros y Cristianos, la Comisi\u00f3n de Fiestas del Cristo de la Salud y la Comisi\u00f3n de Fiestas de Santa Ana. A todos ellos, Joaquim Devesa ha agradecido su implicaci\u00f3n y trabajo.<\/p>\n\n\n\n<p>Devesa ha desvelado una novedad como es un tardeo en la Plaza de la Iglesia de Altea la Vella el d\u00eda 31 a partir de las 17:00h.<\/p>\n\n\n\n<p>Como es habitual, tanto en la Plaza de la Iglesia de Altea, como en la de Altea la Vella, se ofrecer\u00e1 cotill\u00f3n, uvas y cava a los asistentes, que tambi\u00e9n podr\u00e1n disfrutar de la noche con m\u00fasica.<\/p>\n\n\n\n<p>Por otro lado, el mi\u00e9rcoles 3 y jueves 4 se espera la visita de los Carteros Reales,&nbsp; en Altea y en Altea la Vella. El mi\u00e9rcoles en Altea, a las 17:00h, en la Plaza del Convento y el jueves 4 en la Plaza de la Iglesia de Altea la Vella, tambi\u00e9n a las 17:00h. Adem\u00e1s de los carteros reales, se realizar\u00e1n espect\u00e1culos y habr\u00e1 sorpresas.<\/p>\n\n\n\n<p>El d\u00eda 5 a las 18:00h partir\u00e1 la Cabalgata de Sus Majestades los Reyes de Oriente desde la Plaza de la Filarm\u00f3nica y concluir\u00e1 en la Plaza de los Deportes.<\/p>\n\n\n\n<p>El d\u00eda 6 por la ma\u00f1ana, la Cabalgata ser\u00e1 en Altea la Vella a las 11:00h.<\/p>\n\n\n\n<p>Joaquim Devesa desvelaba que el d\u00eda 27 se celebrar\u00e1 la Carrera de San Silvestre, organizada por el \u00e1rea de Deportes. Un \u00e1rea que, junto a la de Juventud han dispuesto la actividad \u201cNadal en Acci\u00f3\u201d que del 26 al 29 de diciembre invita a los j\u00f3venes de entre 12 y 17 a\u00f1os a practicar deporte y hacer amigos.<\/p>\n\n\n\n<p>Y ha cerrado el turno de intervenciones la edil Anna Lanuza, responsable de las \u00e1reas de Bienestar Social e Igualdad, quien ha hablado de los proyectos de car\u00e1cter intergeneracional que han preparado.<\/p>\n\n\n\n<p>El viernes d\u00eda 1, la gente mayor cantar\u00e1 villancicos junto a los ni\u00f1os de EsMuAltea y por la ma\u00f1ana estar\u00e1n preparando dulces en el Aula de Cocina para que los asistentes al encendido de las luces puedan degustar. \u201cPensamos que esta es una buena manera de trabajar con diferentes generaciones y que todos puedan hacer pi\u00f1a alrededor de las diferentes actividades\u201d: ha comentado la edil.<\/p>\n\n\n\n<p>En la jornada de encendido de luces tambi\u00e9n participar\u00e1 la Ludoteca de Igualdad, ofreciendo diferentes actividades a los ni\u00f1os y ni\u00f1as que est\u00e9n presentes en la Plaza del Ayuntamiento, con talleres y pintacaras. El viernes 22 la Ludoteca seguir\u00e1 ofreciendo actividades para los m\u00e1s peque\u00f1os en la plaza del Ayuntamiento de forma gratuita y del 26 al 29, la ludoteca de 10:30 a 12:30 ofrecer\u00e1 distintas actividades, como cuentacuentos, y otras, de tem\u00e1tica navide\u00f1a en la Plaza del Ayuntamiento.<\/p>\n\n\n\n<p>Finalmente, los concejales y concejalas han invitado a la poblaci\u00f3n a participar de la Navidad en Altea, porque la participaci\u00f3n es la que alimenta el tan deseado esp\u00edritu navide\u00f1o.<\/p>\n\n\n\n<p>El programa de actividades se encuentra disponible en los distintos edificios municipales y se podr\u00e1 descargar tambi\u00e9n en&nbsp;<a href=\"http:\/\/www.altea.es\/\">www.altea.es<\/a> |ALTEADIGITAL.ES<\/p>\n\n\n\n<p><\/p>\n\n\n\n<p><strong><a href=\"http:\/\/www.alteacultural.com\/es\/nadal\">VER PROGRAMACI\u00d3N<\/a><\/strong><\/p>\n","protected":false},"excerpt":{"rendered":"<p>El encendido de las luces de Navidad, el pr\u00f3ximo viernes 1 de diciembre a las 18:00h, dar\u00e1 inicio a [&hellip;]<\/p>\n","protected":false},"author":1,"featured_media":28286,"comment_status":"open","ping_status":"open","sticky":false,"template":"","format":"standard","meta":{"_expiration-date-status":"","_expiration-date":0,"_expiration-date-type":"","_expiration-date-categories":[],"_expiration-date-options":[],"footnotes":""},"yoast_head":"<!-- This site is optimized with the Yoast SEO plugin v22.8 - https:\/\/yoast.com\/wordpress\/plugins\/seo\/ -->\n<title>El encendido de luces dar\u00e1 inicio a la programaci\u00f3n navide\u00f1a en Altea - Altea Cultural<\/title>\n<meta name=\"robots\" content=\"index, follow, max-snippet:-1, max-image-preview:large, max-video-preview:-1\" \/>\n<link rel=\"canonical\" href=\"https:\/\/www.alteacultural.com\/es\/2023\/11\/29\/lencesa-de-llums-donara-inici-a-la-programacio-nadalenca-a-altea\/\" \/>\n<meta property=\"og:locale\" content=\"es_ES\" \/>\n<meta property=\"og:type\" content=\"article\" \/>\n<meta property=\"og:title\" content=\"El encendido de luces dar\u00e1 inicio a la programaci\u00f3n navide\u00f1a en Altea - Altea Cultural\" \/>\n<meta property=\"og:description\" content=\"El encendido de las luces de Navidad, el pr\u00f3ximo viernes 1 de diciembre a las 18:00h, dar\u00e1 inicio a [&hellip;]\" \/>\n<meta property=\"og:url\" content=\"https:\/\/www.alteacultural.com\/es\/2023\/11\/29\/lencesa-de-llums-donara-inici-a-la-programacio-nadalenca-a-altea\/\" \/>\n<meta property=\"og:site_name\" content=\"Altea Cultural\" \/>\n<meta property=\"article:published_time\" content=\"2023-11-29T06:47:47+00:00\" \/>\n<meta property=\"article:modified_time\" content=\"2024-01-05T19:30:09+00:00\" \/>\n<meta property=\"og:image\" content=\"https:\/\/www.alteacultural.com\/wp-content\/uploads\/2023\/11\/presentacion-programacion-web.jpg\" \/>\n\t<meta property=\"og:image:width\" content=\"1028\" \/>\n\t<meta property=\"og:image:height\" content=\"535\" \/>\n\t<meta property=\"og:image:type\" content=\"image\/jpeg\" \/>\n<meta name=\"author\" content=\"sfaltea.com-admin\" \/>\n<meta name=\"twitter:card\" content=\"summary_large_image\" \/>\n<meta name=\"twitter:label1\" content=\"Escrito por\" \/>\n\t<meta name=\"twitter:data1\" content=\"sfaltea.com-admin\" \/>\n\t<meta name=\"twitter:label2\" content=\"Tiempo de lectura\" \/>\n\t<meta name=\"twitter:data2\" content=\"7 minutos\" \/>\n<script type=\"application\/ld+json\" class=\"yoast-schema-graph\">{\"@context\":\"https:\/\/schema.org\",\"@graph\":[{\"@type\":\"WebPage\",\"@id\":\"https:\/\/www.alteacultural.com\/es\/2023\/11\/29\/lencesa-de-llums-donara-inici-a-la-programacio-nadalenca-a-altea\/\",\"url\":\"https:\/\/www.alteacultural.com\/es\/2023\/11\/29\/lencesa-de-llums-donara-inici-a-la-programacio-nadalenca-a-altea\/\",\"name\":\"El encendido de luces dar\u00e1 inicio a la programaci\u00f3n navide\u00f1a en Altea - Altea Cultural\",\"isPartOf\":{\"@id\":\"https:\/\/www.alteacultural.com\/es\/#website\"},\"primaryImageOfPage\":{\"@id\":\"https:\/\/www.alteacultural.com\/es\/2023\/11\/29\/lencesa-de-llums-donara-inici-a-la-programacio-nadalenca-a-altea\/#primaryimage\"},\"image\":{\"@id\":\"https:\/\/www.alteacultural.com\/es\/2023\/11\/29\/lencesa-de-llums-donara-inici-a-la-programacio-nadalenca-a-altea\/#primaryimage\"},\"thumbnailUrl\":\"https:\/\/www.alteacultural.com\/wp-content\/uploads\/2023\/11\/presentacion-programacion-web.jpg\",\"datePublished\":\"2023-11-29T06:47:47+00:00\",\"dateModified\":\"2024-01-05T19:30:09+00:00\",\"author\":{\"@id\":\"https:\/\/www.alteacultural.com\/es\/#\/schema\/person\/c4e137537f1af546d214a315255e5172\"},\"breadcrumb\":{\"@id\":\"https:\/\/www.alteacultural.com\/es\/2023\/11\/29\/lencesa-de-llums-donara-inici-a-la-programacio-nadalenca-a-altea\/#breadcrumb\"},\"inLanguage\":\"es\",\"potentialAction\":[{\"@type\":\"ReadAction\",\"target\":[\"https:\/\/www.alteacultural.com\/es\/2023\/11\/29\/lencesa-de-llums-donara-inici-a-la-programacio-nadalenca-a-altea\/\"]}]},{\"@type\":\"ImageObject\",\"inLanguage\":\"es\",\"@id\":\"https:\/\/www.alteacultural.com\/es\/2023\/11\/29\/lencesa-de-llums-donara-inici-a-la-programacio-nadalenca-a-altea\/#primaryimage\",\"url\":\"https:\/\/www.alteacultural.com\/wp-content\/uploads\/2023\/11\/presentacion-programacion-web.jpg\",\"contentUrl\":\"https:\/\/www.alteacultural.com\/wp-content\/uploads\/2023\/11\/presentacion-programacion-web.jpg\",\"width\":1028,\"height\":535},{\"@type\":\"BreadcrumbList\",\"@id\":\"https:\/\/www.alteacultural.com\/es\/2023\/11\/29\/lencesa-de-llums-donara-inici-a-la-programacio-nadalenca-a-altea\/#breadcrumb\",\"itemListElement\":[{\"@type\":\"ListItem\",\"position\":1,\"name\":\"Inici\",\"item\":\"https:\/\/www.alteacultural.com\/es\/\"},{\"@type\":\"ListItem\",\"position\":2,\"name\":\"El encendido de luces dar\u00e1 inicio a la programaci\u00f3n navide\u00f1a en Altea\"}]},{\"@type\":\"WebSite\",\"@id\":\"https:\/\/www.alteacultural.com\/es\/#website\",\"url\":\"https:\/\/www.alteacultural.com\/es\/\",\"name\":\"Altea Cultural\",\"description\":\"Regidoria de Cultura de l&#039;Ajuntament d&#039;Altea\",\"potentialAction\":[{\"@type\":\"SearchAction\",\"target\":{\"@type\":\"EntryPoint\",\"urlTemplate\":\"https:\/\/www.alteacultural.com\/es\/?s={search_term_string}\"},\"query-input\":\"required name=search_term_string\"}],\"inLanguage\":\"es\"},{\"@type\":\"Person\",\"@id\":\"https:\/\/www.alteacultural.com\/es\/#\/schema\/person\/c4e137537f1af546d214a315255e5172\",\"name\":\"sfaltea.com-admin\",\"image\":{\"@type\":\"ImageObject\",\"inLanguage\":\"es\",\"@id\":\"https:\/\/www.alteacultural.com\/es\/#\/schema\/person\/image\/\",\"url\":\"https:\/\/secure.gravatar.com\/avatar\/f7473fa2fbd351270ccfd469de536202?s=96&d=mm&r=g\",\"contentUrl\":\"https:\/\/secure.gravatar.com\/avatar\/f7473fa2fbd351270ccfd469de536202?s=96&d=mm&r=g\",\"caption\":\"sfaltea.com-admin\"},\"url\":\"https:\/\/www.alteacultural.com\/es\/author\/sfaltea-com-admin\/\"}]}<\/script>\n<!-- \/ Yoast SEO plugin. -->","yoast_head_json":{"title":"El encendido de luces dar\u00e1 inicio a la programaci\u00f3n navide\u00f1a en Altea - Altea Cultural","robots":{"index":"index","follow":"follow","max-snippet":"max-snippet:-1","max-image-preview":"max-image-preview:large","max-video-preview":"max-video-preview:-1"},"canonical":"https:\/\/www.alteacultural.com\/es\/2023\/11\/29\/lencesa-de-llums-donara-inici-a-la-programacio-nadalenca-a-altea\/","og_locale":"es_ES","og_type":"article","og_title":"El encendido de luces dar\u00e1 inicio a la programaci\u00f3n navide\u00f1a en Altea - Altea Cultural","og_description":"El encendido de las luces de Navidad, el pr\u00f3ximo viernes 1 de diciembre a las 18:00h, dar\u00e1 inicio a [&hellip;]","og_url":"https:\/\/www.alteacultural.com\/es\/2023\/11\/29\/lencesa-de-llums-donara-inici-a-la-programacio-nadalenca-a-altea\/","og_site_name":"Altea Cultural","article_published_time":"2023-11-29T06:47:47+00:00","article_modified_time":"2024-01-05T19:30:09+00:00","og_image":[{"width":1028,"height":535,"url":"https:\/\/www.alteacultural.com\/wp-content\/uploads\/2023\/11\/presentacion-programacion-web.jpg","type":"image\/jpeg"}],"author":"sfaltea.com-admin","twitter_card":"summary_large_image","twitter_misc":{"Escrito por":"sfaltea.com-admin","Tiempo de lectura":"7 minutos"},"schema":{"@context":"https:\/\/schema.org","@graph":[{"@type":"WebPage","@id":"https:\/\/www.alteacultural.com\/es\/2023\/11\/29\/lencesa-de-llums-donara-inici-a-la-programacio-nadalenca-a-altea\/","url":"https:\/\/www.alteacultural.com\/es\/2023\/11\/29\/lencesa-de-llums-donara-inici-a-la-programacio-nadalenca-a-altea\/","name":"El encendido de luces dar\u00e1 inicio a la programaci\u00f3n navide\u00f1a en Altea - Altea Cultural","isPartOf":{"@id":"https:\/\/www.alteacultural.com\/es\/#website"},"primaryImageOfPage":{"@id":"https:\/\/www.alteacultural.com\/es\/2023\/11\/29\/lencesa-de-llums-donara-inici-a-la-programacio-nadalenca-a-altea\/#primaryimage"},"image":{"@id":"https:\/\/www.alteacultural.com\/es\/2023\/11\/29\/lencesa-de-llums-donara-inici-a-la-programacio-nadalenca-a-altea\/#primaryimage"},"thumbnailUrl":"https:\/\/www.alteacultural.com\/wp-content\/uploads\/2023\/11\/presentacion-programacion-web.jpg","datePublished":"2023-11-29T06:47:47+00:00","dateModified":"2024-01-05T19:30:09+00:00","author":{"@id":"https:\/\/www.alteacultural.com\/es\/#\/schema\/person\/c4e137537f1af546d214a315255e5172"},"breadcrumb":{"@id":"https:\/\/www.alteacultural.com\/es\/2023\/11\/29\/lencesa-de-llums-donara-inici-a-la-programacio-nadalenca-a-altea\/#breadcrumb"},"inLanguage":"es","potentialAction":[{"@type":"ReadAction","target":["https:\/\/www.alteacultural.com\/es\/2023\/11\/29\/lencesa-de-llums-donara-inici-a-la-programacio-nadalenca-a-altea\/"]}]},{"@type":"ImageObject","inLanguage":"es","@id":"https:\/\/www.alteacultural.com\/es\/2023\/11\/29\/lencesa-de-llums-donara-inici-a-la-programacio-nadalenca-a-altea\/#primaryimage","url":"https:\/\/www.alteacultural.com\/wp-content\/uploads\/2023\/11\/presentacion-programacion-web.jpg","contentUrl":"https:\/\/www.alteacultural.com\/wp-content\/uploads\/2023\/11\/presentacion-programacion-web.jpg","width":1028,"height":535},{"@type":"BreadcrumbList","@id":"https:\/\/www.alteacultural.com\/es\/2023\/11\/29\/lencesa-de-llums-donara-inici-a-la-programacio-nadalenca-a-altea\/#breadcrumb","itemListElement":[{"@type":"ListItem","position":1,"name":"Inici","item":"https:\/\/www.alteacultural.com\/es\/"},{"@type":"ListItem","position":2,"name":"El encendido de luces dar\u00e1 inicio a la programaci\u00f3n navide\u00f1a en Altea"}]},{"@type":"WebSite","@id":"https:\/\/www.alteacultural.com\/es\/#website","url":"https:\/\/www.alteacultural.com\/es\/","name":"Altea Cultural","description":"Regidoria de Cultura de l&#039;Ajuntament d&#039;Altea","potentialAction":[{"@type":"SearchAction","target":{"@type":"EntryPoint","urlTemplate":"https:\/\/www.alteacultural.com\/es\/?s={search_term_string}"},"query-input":"required name=search_term_string"}],"inLanguage":"es"},{"@type":"Person","@id":"https:\/\/www.alteacultural.com\/es\/#\/schema\/person\/c4e137537f1af546d214a315255e5172","name":"sfaltea.com-admin","image":{"@type":"ImageObject","inLanguage":"es","@id":"https:\/\/www.alteacultural.com\/es\/#\/schema\/person\/image\/","url":"https:\/\/secure.gravatar.com\/avatar\/f7473fa2fbd351270ccfd469de536202?s=96&d=mm&r=g","contentUrl":"https:\/\/secure.gravatar.com\/avatar\/f7473fa2fbd351270ccfd469de536202?s=96&d=mm&r=g","caption":"sfaltea.com-admin"},"url":"https:\/\/www.alteacultural.com\/es\/author\/sfaltea-com-admin\/"}]}},"_links":{"self":[{"href":"https:\/\/www.alteacultural.com\/es\/wp-json\/wp\/v2\/posts\/28288"}],"collection":[{"href":"https:\/\/www.alteacultural.com\/es\/wp-json\/wp\/v2\/posts"}],"about":[{"href":"https:\/\/www.alteacultural.com\/es\/wp-json\/wp\/v2\/types\/post"}],"author":[{"embeddable":true,"href":"https:\/\/www.alteacultural.com\/es\/wp-json\/wp\/v2\/users\/1"}],"replies":[{"embeddable":true,"href":"https:\/\/www.alteacultural.com\/es\/wp-json\/wp\/v2\/comments?post=28288"}],"version-history":[{"count":3,"href":"https:\/\/www.alteacultural.com\/es\/wp-json\/wp\/v2\/posts\/28288\/revisions"}],"predecessor-version":[{"id":28363,"href":"https:\/\/www.alteacultural.com\/es\/wp-json\/wp\/v2\/posts\/28288\/revisions\/28363"}],"wp:featuredmedia":[{"embeddable":true,"href":"https:\/\/www.alteacultural.com\/es\/wp-json\/wp\/v2\/media\/28286"}],"wp:attachment":[{"href":"https:\/\/www.alteacultural.com\/es\/wp-json\/wp\/v2\/media?parent=28288"}],"curies":[{"name":"wp","href":"https:\/\/api.w.org\/{rel}","templated":true}]}}