{"id":28324,"date":"2023-12-04T08:19:14","date_gmt":"2023-12-04T07:19:14","guid":{"rendered":"https:\/\/www.alteacultural.com\/2023\/12\/04\/la-vuitena-edicio-de-premis-altea-de-literatura-i-investigacio-ja-esta-en-marxa\/"},"modified":"2023-12-17T17:00:04","modified_gmt":"2023-12-17T16:00:04","slug":"la-vuitena-edicio-de-premis-altea-de-literatura-i-investigacio-ja-esta-en-marxa","status":"publish","type":"post","link":"https:\/\/www.alteacultural.com\/es\/2023\/12\/04\/la-vuitena-edicio-de-premis-altea-de-literatura-i-investigacio-ja-esta-en-marxa\/","title":{"rendered":"La octava edici\u00f3n de \u201cPremis Altea de Literatura i Investigaci\u00f3\u201d ya est\u00e1 en marcha"},"content":{"rendered":"\n<p><strong>El plazo de presentaci\u00f3n de originales acabar\u00e0 el 31 de enero y la Gala de entrega de galardones tendr\u00e1 lugar el 23 de marzo.<\/strong><\/p>\n\n\n\n<p>En la ma\u00f1ana de hoy, la organizaci\u00f3n de \u201cPremis Altea de Literatura i Investigaci\u00f3\u201d&nbsp; ha dado el pistoletazo de salida a una nueva edici\u00f3n de estos premios, cuya convocatoria es ya la octava. En la presentaci\u00f3n de \u201cPremis Altea 2024\u201d han participado la edil de Cultura, Pepa Victoria P\u00e9rez; el presidente de la Fundaci\u00f3n Caixaltea, Sergio Olivares y Joan Borja, director de la C\u00e0tedra Enric Valor de la UA e impulsor de la iniciativa.<\/p>\n\n\n\n<p>Tan solo unos d\u00edas despu\u00e9s de que se hayan publicado las obras ganadoras de la s\u00e9ptima edici\u00f3n de \u201cPremis Altea de Literatura i Investigaci\u00f3 2023\u201d, \u201cSolsmarina\u201d de Xavier M\u00ednguez L\u00f3pez y \u201cL\u2019\u00faltim Ngaranna\u201d de David Boteller M\u00e1s, la organizaci\u00f3n de estos &nbsp;consolidados premios se ha puesto manos a la obra y acaba de presentar las bases de participaci\u00f3n de la octava edici\u00f3n.<\/p>\n\n\n\n<p>Como ha desvelado la edil de Cultura, &nbsp;los escritores que quieran presentarse a los Premios tendr\u00e1n hasta el 31 de enero de 2024 para presentar los originales y la Gala de entrega de premios ser\u00e1 el 23 de marzo, en Palau Altea.<\/p>\n\n\n\n<p>Pepa Victoria P\u00e9rez ha agradecido las colaboraciones que hacen posible que estos premios se celebren y que&nbsp; a\u00f1o tras a\u00f1o cosechen tanto \u00e9xito. Apoyos como los que brindan el Instituto Alicantino de Cultura Juan Gil-albert; la Diputaci\u00f3n de Alicante; la Fundaci\u00f3n Caixaltea; Aila Edicions, la C\u00e0tedra Enric Valor de la UA; la Academia Velanciana de la Lengua y la Generalitat Valenciana.<\/p>\n\n\n\n<p>La responsable municipal de Cultura ha recordado que los premios en met\u00e1lico est\u00e1n valorados en 3.000\u20ac para el \u201cPremi d\u2019Assaig i Investigaci\u00f3 Francesc Mart\u00ednez i Mart\u00ednez\u201d; 4.000\u20ac para el \u201cPremi Altea de Literatura Infantil i Juvenil\u201d y 5.000\u20ac el \u201cPremi Carmelina S\u00e1nchez-Cutillas de Novel.la i Prosa Creativa\u201d.<\/p>\n\n\n\n<p>Los autores y autoras participantes han de enviar los originales en formato PDF por medio del formulario digital que pueden encontrar en&nbsp;<a href=\"https:\/\/www.alteacultural.com\/premisaltea\">https:\/\/www.alteacultural.com\/premisaltea<\/a><\/p>\n\n\n\n<p>En nombre de Caixaltea, Sergio Olivares ha comunicado que un a\u00f1o m\u00e1s, la Obra Social de la Entidad patrocinar\u00e1 el \u201cPremi Carmelina S\u00e1nchez-Cutillas de Novel.la i Prosa Creativa\u201d. \u201cDesde el inicio hemos estado al lado de Premis Altea y continuaremos dando patrocinio\u201d; ha apuntado Olivares, quien ha manifestado una amplia satisfacci\u00f3n por parte de la entidad de apoyar todo lo que tiene que ver con la cultura.<\/p>\n\n\n\n<p>El Presidente de la Fundaci\u00f3n Caixaltea ha explicado que \u201cdel beneficio que obtiene Caixaltea todos los a\u00f1os, una parte va destinado a la Obra Social para devolver al pueblo lo que \u00e9l nos da i as\u00ed patrocinamos asociaciones culturales, entidad deportivas, bandas de m\u00fasica, ONGs que dan de comer a las personas necesitadas y hoy lo que nos toca es el patrocinio de la cultura, el arte y la literatura, como son los \u201cPremis Altea\u201d. Olivares ha deseado que sean un \u00e9xito, pero ha reconocido que va a ser complicado superar las cifras de participaci\u00f3n de las \u00faltimas ediciones.<\/p>\n\n\n\n<p>Por su parte, Joan Borja, impulsor de estos premios, tambi\u00e9n ha realizado un agradecimiento a todas las instituciones que hacen posible los \u201cPremis Altea\u201d y a las personas que las representan. \u201cHacer volar Altea en el mundo de la mano del arte de las palabras, que en definitiva es la literatura, entiendo que es un lujo\u201d; ha declarado Borja.<\/p>\n\n\n\n<p>Para Joan Borja, el que esta nueva edici\u00f3n no presente novedades \u201ces un s\u00edntoma del buen funcionamiento y de la capacidad que la organizaci\u00f3n tiene de lanzar ya una octava edici\u00f3n a base de una formula de consolidaci\u00f3n de \u00e9xito y de prestigio. Presentamos una imagen de invariabilidad, solidez y de confianza de mantener un mismo calendario y un mismo formato a\u00f1o tras a\u00f1o\u201d.<\/p>\n\n\n\n<p>El director de la C\u00e0tedra Enric Valor i organizador de estos premios ha concluido indicando que \u201cestos premios han venido para quedarse. Gracias a todas las persona e instituciones que desde un primer momento han cre\u00eddo en el proyecto\u201d.<\/p>\n\n\n\n<p>Las bases de la convocatoria se pueden consultar en\u00a0<a href=\"https:\/\/www.alteacultural.com\/premisaltea-bases\/\">https:\/\/www.alteacultural.com\/premisaltea-bases\/<\/a> |ALTEADIGITAL.ES<\/p>\n\n\n\n<div class=\"wp-block-image\"><figure class=\"aligncenter\"><img decoding=\"async\" data-src=\"https:\/\/alteadigital.es\/wp-content\/uploads\/2023\/12\/cartell-premis-altea-web.jpg\" alt=\"\" class=\"wp-image-115063 lazyload\" src=\"data:image\/gif;base64,R0lGODlhAQABAAAAACH5BAEKAAEALAAAAAABAAEAAAICTAEAOw==\" \/><\/figure><\/div>\n","protected":false},"excerpt":{"rendered":"<p>El plazo de presentaci\u00f3n de originales acabar\u00e0 el 31 de enero y la Gala de entrega de galardones tendr\u00e1 [&hellip;]<\/p>\n","protected":false},"author":1,"featured_media":28219,"comment_status":"open","ping_status":"open","sticky":false,"template":"","format":"standard","meta":{"_expiration-date-status":"","_expiration-date":0,"_expiration-date-type":"","_expiration-date-categories":[],"_expiration-date-options":[],"footnotes":""},"yoast_head":"<!-- This site is optimized with the Yoast SEO plugin v22.8 - https:\/\/yoast.com\/wordpress\/plugins\/seo\/ -->\n<title>La octava edici\u00f3n de \u201cPremis Altea de Literatura i Investigaci\u00f3\u201d ya est\u00e1 en marcha - Altea Cultural<\/title>\n<meta name=\"robots\" content=\"index, follow, max-snippet:-1, max-image-preview:large, max-video-preview:-1\" \/>\n<link rel=\"canonical\" href=\"https:\/\/www.alteacultural.com\/es\/2023\/12\/04\/la-vuitena-edicio-de-premis-altea-de-literatura-i-investigacio-ja-esta-en-marxa\/\" \/>\n<meta property=\"og:locale\" content=\"es_ES\" \/>\n<meta property=\"og:type\" content=\"article\" \/>\n<meta property=\"og:title\" content=\"La octava edici\u00f3n de \u201cPremis Altea de Literatura i Investigaci\u00f3\u201d ya est\u00e1 en marcha - Altea Cultural\" \/>\n<meta property=\"og:description\" content=\"El plazo de presentaci\u00f3n de originales acabar\u00e0 el 31 de enero y la Gala de entrega de galardones tendr\u00e1 [&hellip;]\" \/>\n<meta property=\"og:url\" content=\"https:\/\/www.alteacultural.com\/es\/2023\/12\/04\/la-vuitena-edicio-de-premis-altea-de-literatura-i-investigacio-ja-esta-en-marxa\/\" \/>\n<meta property=\"og:site_name\" content=\"Altea Cultural\" \/>\n<meta property=\"article:published_time\" content=\"2023-12-04T07:19:14+00:00\" \/>\n<meta property=\"article:modified_time\" content=\"2023-12-17T16:00:04+00:00\" \/>\n<meta property=\"og:image\" content=\"https:\/\/www.alteacultural.com\/wp-content\/uploads\/2023\/11\/premis-2024-cartell-297x420_web.jpg\" \/>\n\t<meta property=\"og:image:width\" content=\"1000\" \/>\n\t<meta property=\"og:image:height\" content=\"1409\" \/>\n\t<meta property=\"og:image:type\" content=\"image\/jpeg\" \/>\n<meta name=\"author\" content=\"sfaltea.com-admin\" \/>\n<meta name=\"twitter:card\" content=\"summary_large_image\" \/>\n<meta name=\"twitter:label1\" content=\"Escrito por\" \/>\n\t<meta name=\"twitter:data1\" content=\"sfaltea.com-admin\" \/>\n\t<meta name=\"twitter:label2\" content=\"Tiempo de lectura\" \/>\n\t<meta name=\"twitter:data2\" content=\"4 minutos\" \/>\n<script type=\"application\/ld+json\" class=\"yoast-schema-graph\">{\"@context\":\"https:\/\/schema.org\",\"@graph\":[{\"@type\":\"WebPage\",\"@id\":\"https:\/\/www.alteacultural.com\/es\/2023\/12\/04\/la-vuitena-edicio-de-premis-altea-de-literatura-i-investigacio-ja-esta-en-marxa\/\",\"url\":\"https:\/\/www.alteacultural.com\/es\/2023\/12\/04\/la-vuitena-edicio-de-premis-altea-de-literatura-i-investigacio-ja-esta-en-marxa\/\",\"name\":\"La octava edici\u00f3n de \u201cPremis Altea de Literatura i Investigaci\u00f3\u201d ya est\u00e1 en marcha - Altea Cultural\",\"isPartOf\":{\"@id\":\"https:\/\/www.alteacultural.com\/es\/#website\"},\"primaryImageOfPage\":{\"@id\":\"https:\/\/www.alteacultural.com\/es\/2023\/12\/04\/la-vuitena-edicio-de-premis-altea-de-literatura-i-investigacio-ja-esta-en-marxa\/#primaryimage\"},\"image\":{\"@id\":\"https:\/\/www.alteacultural.com\/es\/2023\/12\/04\/la-vuitena-edicio-de-premis-altea-de-literatura-i-investigacio-ja-esta-en-marxa\/#primaryimage\"},\"thumbnailUrl\":\"https:\/\/www.alteacultural.com\/wp-content\/uploads\/2023\/11\/premis-2024-cartell-297x420_web.jpg\",\"datePublished\":\"2023-12-04T07:19:14+00:00\",\"dateModified\":\"2023-12-17T16:00:04+00:00\",\"author\":{\"@id\":\"https:\/\/www.alteacultural.com\/es\/#\/schema\/person\/c4e137537f1af546d214a315255e5172\"},\"breadcrumb\":{\"@id\":\"https:\/\/www.alteacultural.com\/es\/2023\/12\/04\/la-vuitena-edicio-de-premis-altea-de-literatura-i-investigacio-ja-esta-en-marxa\/#breadcrumb\"},\"inLanguage\":\"es\",\"potentialAction\":[{\"@type\":\"ReadAction\",\"target\":[\"https:\/\/www.alteacultural.com\/es\/2023\/12\/04\/la-vuitena-edicio-de-premis-altea-de-literatura-i-investigacio-ja-esta-en-marxa\/\"]}]},{\"@type\":\"ImageObject\",\"inLanguage\":\"es\",\"@id\":\"https:\/\/www.alteacultural.com\/es\/2023\/12\/04\/la-vuitena-edicio-de-premis-altea-de-literatura-i-investigacio-ja-esta-en-marxa\/#primaryimage\",\"url\":\"https:\/\/www.alteacultural.com\/wp-content\/uploads\/2023\/11\/premis-2024-cartell-297x420_web.jpg\",\"contentUrl\":\"https:\/\/www.alteacultural.com\/wp-content\/uploads\/2023\/11\/premis-2024-cartell-297x420_web.jpg\",\"width\":1000,\"height\":1409},{\"@type\":\"BreadcrumbList\",\"@id\":\"https:\/\/www.alteacultural.com\/es\/2023\/12\/04\/la-vuitena-edicio-de-premis-altea-de-literatura-i-investigacio-ja-esta-en-marxa\/#breadcrumb\",\"itemListElement\":[{\"@type\":\"ListItem\",\"position\":1,\"name\":\"Inici\",\"item\":\"https:\/\/www.alteacultural.com\/es\/\"},{\"@type\":\"ListItem\",\"position\":2,\"name\":\"La octava edici\u00f3n de \u201cPremis Altea de Literatura i Investigaci\u00f3\u201d ya est\u00e1 en marcha\"}]},{\"@type\":\"WebSite\",\"@id\":\"https:\/\/www.alteacultural.com\/es\/#website\",\"url\":\"https:\/\/www.alteacultural.com\/es\/\",\"name\":\"Altea Cultural\",\"description\":\"Regidoria de Cultura de l&#039;Ajuntament d&#039;Altea\",\"potentialAction\":[{\"@type\":\"SearchAction\",\"target\":{\"@type\":\"EntryPoint\",\"urlTemplate\":\"https:\/\/www.alteacultural.com\/es\/?s={search_term_string}\"},\"query-input\":\"required name=search_term_string\"}],\"inLanguage\":\"es\"},{\"@type\":\"Person\",\"@id\":\"https:\/\/www.alteacultural.com\/es\/#\/schema\/person\/c4e137537f1af546d214a315255e5172\",\"name\":\"sfaltea.com-admin\",\"image\":{\"@type\":\"ImageObject\",\"inLanguage\":\"es\",\"@id\":\"https:\/\/www.alteacultural.com\/es\/#\/schema\/person\/image\/\",\"url\":\"https:\/\/secure.gravatar.com\/avatar\/f7473fa2fbd351270ccfd469de536202?s=96&d=mm&r=g\",\"contentUrl\":\"https:\/\/secure.gravatar.com\/avatar\/f7473fa2fbd351270ccfd469de536202?s=96&d=mm&r=g\",\"caption\":\"sfaltea.com-admin\"},\"url\":\"https:\/\/www.alteacultural.com\/es\/author\/sfaltea-com-admin\/\"}]}<\/script>\n<!-- \/ Yoast SEO plugin. -->","yoast_head_json":{"title":"La octava edici\u00f3n de \u201cPremis Altea de Literatura i Investigaci\u00f3\u201d ya est\u00e1 en marcha - Altea Cultural","robots":{"index":"index","follow":"follow","max-snippet":"max-snippet:-1","max-image-preview":"max-image-preview:large","max-video-preview":"max-video-preview:-1"},"canonical":"https:\/\/www.alteacultural.com\/es\/2023\/12\/04\/la-vuitena-edicio-de-premis-altea-de-literatura-i-investigacio-ja-esta-en-marxa\/","og_locale":"es_ES","og_type":"article","og_title":"La octava edici\u00f3n de \u201cPremis Altea de Literatura i Investigaci\u00f3\u201d ya est\u00e1 en marcha - Altea Cultural","og_description":"El plazo de presentaci\u00f3n de originales acabar\u00e0 el 31 de enero y la Gala de entrega de galardones tendr\u00e1 [&hellip;]","og_url":"https:\/\/www.alteacultural.com\/es\/2023\/12\/04\/la-vuitena-edicio-de-premis-altea-de-literatura-i-investigacio-ja-esta-en-marxa\/","og_site_name":"Altea Cultural","article_published_time":"2023-12-04T07:19:14+00:00","article_modified_time":"2023-12-17T16:00:04+00:00","og_image":[{"width":1000,"height":1409,"url":"https:\/\/www.alteacultural.com\/wp-content\/uploads\/2023\/11\/premis-2024-cartell-297x420_web.jpg","type":"image\/jpeg"}],"author":"sfaltea.com-admin","twitter_card":"summary_large_image","twitter_misc":{"Escrito por":"sfaltea.com-admin","Tiempo de lectura":"4 minutos"},"schema":{"@context":"https:\/\/schema.org","@graph":[{"@type":"WebPage","@id":"https:\/\/www.alteacultural.com\/es\/2023\/12\/04\/la-vuitena-edicio-de-premis-altea-de-literatura-i-investigacio-ja-esta-en-marxa\/","url":"https:\/\/www.alteacultural.com\/es\/2023\/12\/04\/la-vuitena-edicio-de-premis-altea-de-literatura-i-investigacio-ja-esta-en-marxa\/","name":"La octava edici\u00f3n de \u201cPremis Altea de Literatura i Investigaci\u00f3\u201d ya est\u00e1 en marcha - Altea Cultural","isPartOf":{"@id":"https:\/\/www.alteacultural.com\/es\/#website"},"primaryImageOfPage":{"@id":"https:\/\/www.alteacultural.com\/es\/2023\/12\/04\/la-vuitena-edicio-de-premis-altea-de-literatura-i-investigacio-ja-esta-en-marxa\/#primaryimage"},"image":{"@id":"https:\/\/www.alteacultural.com\/es\/2023\/12\/04\/la-vuitena-edicio-de-premis-altea-de-literatura-i-investigacio-ja-esta-en-marxa\/#primaryimage"},"thumbnailUrl":"https:\/\/www.alteacultural.com\/wp-content\/uploads\/2023\/11\/premis-2024-cartell-297x420_web.jpg","datePublished":"2023-12-04T07:19:14+00:00","dateModified":"2023-12-17T16:00:04+00:00","author":{"@id":"https:\/\/www.alteacultural.com\/es\/#\/schema\/person\/c4e137537f1af546d214a315255e5172"},"breadcrumb":{"@id":"https:\/\/www.alteacultural.com\/es\/2023\/12\/04\/la-vuitena-edicio-de-premis-altea-de-literatura-i-investigacio-ja-esta-en-marxa\/#breadcrumb"},"inLanguage":"es","potentialAction":[{"@type":"ReadAction","target":["https:\/\/www.alteacultural.com\/es\/2023\/12\/04\/la-vuitena-edicio-de-premis-altea-de-literatura-i-investigacio-ja-esta-en-marxa\/"]}]},{"@type":"ImageObject","inLanguage":"es","@id":"https:\/\/www.alteacultural.com\/es\/2023\/12\/04\/la-vuitena-edicio-de-premis-altea-de-literatura-i-investigacio-ja-esta-en-marxa\/#primaryimage","url":"https:\/\/www.alteacultural.com\/wp-content\/uploads\/2023\/11\/premis-2024-cartell-297x420_web.jpg","contentUrl":"https:\/\/www.alteacultural.com\/wp-content\/uploads\/2023\/11\/premis-2024-cartell-297x420_web.jpg","width":1000,"height":1409},{"@type":"BreadcrumbList","@id":"https:\/\/www.alteacultural.com\/es\/2023\/12\/04\/la-vuitena-edicio-de-premis-altea-de-literatura-i-investigacio-ja-esta-en-marxa\/#breadcrumb","itemListElement":[{"@type":"ListItem","position":1,"name":"Inici","item":"https:\/\/www.alteacultural.com\/es\/"},{"@type":"ListItem","position":2,"name":"La octava edici\u00f3n de \u201cPremis Altea de Literatura i Investigaci\u00f3\u201d ya est\u00e1 en marcha"}]},{"@type":"WebSite","@id":"https:\/\/www.alteacultural.com\/es\/#website","url":"https:\/\/www.alteacultural.com\/es\/","name":"Altea Cultural","description":"Regidoria de Cultura de l&#039;Ajuntament d&#039;Altea","potentialAction":[{"@type":"SearchAction","target":{"@type":"EntryPoint","urlTemplate":"https:\/\/www.alteacultural.com\/es\/?s={search_term_string}"},"query-input":"required name=search_term_string"}],"inLanguage":"es"},{"@type":"Person","@id":"https:\/\/www.alteacultural.com\/es\/#\/schema\/person\/c4e137537f1af546d214a315255e5172","name":"sfaltea.com-admin","image":{"@type":"ImageObject","inLanguage":"es","@id":"https:\/\/www.alteacultural.com\/es\/#\/schema\/person\/image\/","url":"https:\/\/secure.gravatar.com\/avatar\/f7473fa2fbd351270ccfd469de536202?s=96&d=mm&r=g","contentUrl":"https:\/\/secure.gravatar.com\/avatar\/f7473fa2fbd351270ccfd469de536202?s=96&d=mm&r=g","caption":"sfaltea.com-admin"},"url":"https:\/\/www.alteacultural.com\/es\/author\/sfaltea-com-admin\/"}]}},"_links":{"self":[{"href":"https:\/\/www.alteacultural.com\/es\/wp-json\/wp\/v2\/posts\/28324"}],"collection":[{"href":"https:\/\/www.alteacultural.com\/es\/wp-json\/wp\/v2\/posts"}],"about":[{"href":"https:\/\/www.alteacultural.com\/es\/wp-json\/wp\/v2\/types\/post"}],"author":[{"embeddable":true,"href":"https:\/\/www.alteacultural.com\/es\/wp-json\/wp\/v2\/users\/1"}],"replies":[{"embeddable":true,"href":"https:\/\/www.alteacultural.com\/es\/wp-json\/wp\/v2\/comments?post=28324"}],"version-history":[{"count":1,"href":"https:\/\/www.alteacultural.com\/es\/wp-json\/wp\/v2\/posts\/28324\/revisions"}],"predecessor-version":[{"id":28325,"href":"https:\/\/www.alteacultural.com\/es\/wp-json\/wp\/v2\/posts\/28324\/revisions\/28325"}],"wp:featuredmedia":[{"embeddable":true,"href":"https:\/\/www.alteacultural.com\/es\/wp-json\/wp\/v2\/media\/28219"}],"wp:attachment":[{"href":"https:\/\/www.alteacultural.com\/es\/wp-json\/wp\/v2\/media?parent=28324"}],"curies":[{"name":"wp","href":"https:\/\/api.w.org\/{rel}","templated":true}]}}