{"id":28408,"date":"2023-12-20T09:11:30","date_gmt":"2023-12-20T08:11:30","guid":{"rendered":"https:\/\/www.alteacultural.com\/2023\/12\/20\/la-societat-musical-instructiva-santa-cecilia-de-cullera-salca-amb-el-primer-premi-i-mencio-dhonor-al-cim-daltea\/"},"modified":"2023-12-20T09:15:07","modified_gmt":"2023-12-20T08:15:07","slug":"la-societat-musical-instructiva-santa-cecilia-de-cullera-salca-amb-el-primer-premi-i-mencio-dhonor-al-cim-daltea","status":"publish","type":"post","link":"https:\/\/www.alteacultural.com\/es\/2023\/12\/20\/la-societat-musical-instructiva-santa-cecilia-de-cullera-salca-amb-el-primer-premi-i-mencio-dhonor-al-cim-daltea\/","title":{"rendered":"La Sociedad Musical Instructiva Santa Cecilia de Cullera se alza con el Primer Premio y Menci\u00f3n de Honor en el CIM de Altea"},"content":{"rendered":"\n<figure class=\"wp-block-image\"><img decoding=\"async\" data-src=\"https:\/\/alteadigital.es\/wp-content\/uploads\/2023\/12\/actuacion-web.jpg\" alt=\"La Societat Musical Instructiva Santa Cec\u00edlia de Cullera s\u2019al\u00e7a amb el Primer Premi i Menci\u00f3 d\u2019Honor al CIM d\u2019Altea\" src=\"data:image\/gif;base64,R0lGODlhAQABAAAAACH5BAEKAAEALAAAAAABAAEAAAICTAEAOw==\" class=\"lazyload\" \/><\/figure>\n\n\n\n<p><strong>Societat Filarm\u00f2nica Alteanense y Ayuntamiento ya trabajan en la 50 edici\u00f3n del Certamen Internacional de M\u00fasica Vila d\u2019Altea.<\/strong><\/p>\n\n\n\n<p>La Sociedad Musical Instructiva Sta. Cecilia de Cullera era la banda ganadora de la 49 edici\u00f3n del Certamen Internacional de M\u00fasica Vila d\u2019Altea que ten\u00eda lugar el s\u00e1bado en Palau Altea, organizado por la SFA y patrocinado con 26.000\u20ac por&nbsp; el Ayuntamiento de Altea. Una gran apuesta cultural del consistorio que en su pr\u00f3xima edici\u00f3n cumplir\u00e1 el medio siglo de vida y para cuya gran cita, el Ayuntamiento est\u00e1 estudiando ampliar su dotaci\u00f3n econ\u00f3mica.<\/p>\n\n\n\n<p>Como as\u00ed ha valorado la edil de Cultura, Pepa Victoria P\u00e9rez, \u201cha sido una gran edici\u00f3n. La calidad de las bandas participantes ha sido destacable y el s\u00e1bado por la tarde disfrutamos de una gran jornada musical en Palau Altea. Con un resultado muy ajustado, finalmente fue la Sociedad Instructiva Musical Santa Cecilia de Cullera la banda ganadora. Desde la concejal\u00eda de Cultura queremos dar la enhorabuena a todas las bandas participantes en el concurso porque las tres estuvieron a un nivel muy&nbsp; alto&nbsp; y tambi\u00e9n a la anfitriona, la SFA por su actuaci\u00f3n&nbsp; y a la Junta Directiva de la entidad y al Comit\u00e9 Organizador del Certamen&nbsp; por su trabajo y buen hacer\u201d.<\/p>\n\n\n\n<div class=\"wp-block-image\"><figure class=\"aligncenter\"><img decoding=\"async\" data-src=\"https:\/\/alteadigital.es\/wp-content\/uploads\/2023\/12\/alcalde-web.jpg\" alt=\"\" class=\"wp-image-115131 lazyload\" src=\"data:image\/gif;base64,R0lGODlhAQABAAAAACH5BAEKAAEALAAAAAABAAEAAAICTAEAOw==\" \/><\/figure><\/div>\n\n\n\n<p>Con 280,5 puntos se alzaba con el Primer Premio y Menci\u00f3n de Honor la Sociedad Musical Instructiva de Cullera, seguida por la banda Centre Art\u00edstic Musical Santa Cecilia de Foios con 276,5 puntos que obten\u00eda un Primer Premio y el Segundo Premio era para la Asociaci\u00f3n Musical Monte\u00f1a de Mota del Cuervo, Cuenca, con 234 puntos.<\/p>\n\n\n\n<p>En cuanto a los premios especiales que otorga el Certamen, estos reca\u00edan en Rafael G\u00f3mez Contreras, joven clarinetista de la Asociaci\u00f3n Musical Monte\u00f1a, como Premio Sanganxa \u201cVisibil\u00edzate\u201d&nbsp; y Jos\u00e9 Mart\u00ednez Colomina, de la C.A.M. Santa Cecilia de Foios, Premio Mejor Director.<\/p>\n\n\n\n<p>Como ha apuntado la responsable municipal de Cultura, ya se est\u00e1 trabajando en la 50 edici\u00f3n del CIM y \u201ccreo que ser\u00e1 una edici\u00f3n muy especial\u201d.<\/p>\n\n\n\n<div class=\"wp-block-image\"><figure class=\"aligncenter\"><img decoding=\"async\" data-src=\"https:\/\/alteadigital.es\/wp-content\/uploads\/2023\/12\/regidora-web.jpg\" alt=\"\" class=\"wp-image-115133 lazyload\" src=\"data:image\/gif;base64,R0lGODlhAQABAAAAACH5BAEKAAEALAAAAAABAAEAAAICTAEAOw==\" \/><\/figure><\/div>\n\n\n\n<p>Respecto a la edici\u00f3n de 2024 de Certamen Internacional de Bandas Villa d\u2019Altea que cumplir\u00e1 50 a\u00f1os de vida, \u00e9sta ser\u00e1 dedicada al pintor Juan Navarro Ram\u00f3n y ser\u00e1 el compositor Jos\u00e9 Vicente Asensi el que cree la obra obligada de la cita. Un evento musical por el que el ayuntamiento ha apostado decididamente y al que en la presente edici\u00f3n ha aportado 26.000\u20ac, adem\u00e1s de infraestructura que hace posible la realizaci\u00f3n del mismo. \u201cEstamos estudiando ampliar la dotaci\u00f3n econ\u00f3mica del CIM para su 50 edici\u00f3n\u201d; ha desvelado la edil de Cultura, Pepa Victoria P\u00e9rez.|ALTEADIGITAL.ES<\/p>\n","protected":false},"excerpt":{"rendered":"<p>Societat Filarm\u00f2nica Alteanense y Ayuntamiento ya trabajan en la 50 edici\u00f3n del Certamen Internacional de M\u00fasica Vila d\u2019Altea. La [&hellip;]<\/p>\n","protected":false},"author":1,"featured_media":28406,"comment_status":"open","ping_status":"open","sticky":false,"template":"","format":"standard","meta":{"_expiration-date-status":"","_expiration-date":0,"_expiration-date-type":"","_expiration-date-categories":[],"_expiration-date-options":[],"footnotes":""},"yoast_head":"<!-- This site is optimized with the Yoast SEO plugin v22.8 - https:\/\/yoast.com\/wordpress\/plugins\/seo\/ -->\n<title>La Sociedad Musical Instructiva Santa Cecilia de Cullera se alza con el Primer Premio y Menci\u00f3n de Honor en el CIM de Altea - Altea Cultural<\/title>\n<meta name=\"robots\" content=\"index, follow, max-snippet:-1, max-image-preview:large, max-video-preview:-1\" \/>\n<link rel=\"canonical\" href=\"https:\/\/www.alteacultural.com\/es\/2023\/12\/20\/la-societat-musical-instructiva-santa-cecilia-de-cullera-salca-amb-el-primer-premi-i-mencio-dhonor-al-cim-daltea\/\" \/>\n<meta property=\"og:locale\" content=\"es_ES\" \/>\n<meta property=\"og:type\" content=\"article\" \/>\n<meta property=\"og:title\" content=\"La Sociedad Musical Instructiva Santa Cecilia de Cullera se alza con el Primer Premio y Menci\u00f3n de Honor en el CIM de Altea - Altea Cultural\" \/>\n<meta property=\"og:description\" content=\"Societat Filarm\u00f2nica Alteanense y Ayuntamiento ya trabajan en la 50 edici\u00f3n del Certamen Internacional de M\u00fasica Vila d\u2019Altea. La [&hellip;]\" \/>\n<meta property=\"og:url\" content=\"https:\/\/www.alteacultural.com\/es\/2023\/12\/20\/la-societat-musical-instructiva-santa-cecilia-de-cullera-salca-amb-el-primer-premi-i-mencio-dhonor-al-cim-daltea\/\" \/>\n<meta property=\"og:site_name\" content=\"Altea Cultural\" \/>\n<meta property=\"article:published_time\" content=\"2023-12-20T08:11:30+00:00\" \/>\n<meta property=\"article:modified_time\" content=\"2023-12-20T08:15:07+00:00\" \/>\n<meta property=\"og:image\" content=\"https:\/\/www.alteacultural.com\/wp-content\/uploads\/2023\/12\/actuacion-web.jpg\" \/>\n\t<meta property=\"og:image:width\" content=\"1028\" \/>\n\t<meta property=\"og:image:height\" content=\"593\" \/>\n\t<meta property=\"og:image:type\" content=\"image\/jpeg\" \/>\n<meta name=\"author\" content=\"sfaltea.com-admin\" \/>\n<meta name=\"twitter:card\" content=\"summary_large_image\" \/>\n<meta name=\"twitter:label1\" content=\"Escrito por\" \/>\n\t<meta name=\"twitter:data1\" content=\"sfaltea.com-admin\" \/>\n\t<meta name=\"twitter:label2\" content=\"Tiempo de lectura\" \/>\n\t<meta name=\"twitter:data2\" content=\"3 minutos\" \/>\n<script type=\"application\/ld+json\" class=\"yoast-schema-graph\">{\"@context\":\"https:\/\/schema.org\",\"@graph\":[{\"@type\":\"WebPage\",\"@id\":\"https:\/\/www.alteacultural.com\/es\/2023\/12\/20\/la-societat-musical-instructiva-santa-cecilia-de-cullera-salca-amb-el-primer-premi-i-mencio-dhonor-al-cim-daltea\/\",\"url\":\"https:\/\/www.alteacultural.com\/es\/2023\/12\/20\/la-societat-musical-instructiva-santa-cecilia-de-cullera-salca-amb-el-primer-premi-i-mencio-dhonor-al-cim-daltea\/\",\"name\":\"La Sociedad Musical Instructiva Santa Cecilia de Cullera se alza con el Primer Premio y Menci\u00f3n de Honor en el CIM de Altea - Altea Cultural\",\"isPartOf\":{\"@id\":\"https:\/\/www.alteacultural.com\/es\/#website\"},\"primaryImageOfPage\":{\"@id\":\"https:\/\/www.alteacultural.com\/es\/2023\/12\/20\/la-societat-musical-instructiva-santa-cecilia-de-cullera-salca-amb-el-primer-premi-i-mencio-dhonor-al-cim-daltea\/#primaryimage\"},\"image\":{\"@id\":\"https:\/\/www.alteacultural.com\/es\/2023\/12\/20\/la-societat-musical-instructiva-santa-cecilia-de-cullera-salca-amb-el-primer-premi-i-mencio-dhonor-al-cim-daltea\/#primaryimage\"},\"thumbnailUrl\":\"https:\/\/www.alteacultural.com\/wp-content\/uploads\/2023\/12\/actuacion-web.jpg\",\"datePublished\":\"2023-12-20T08:11:30+00:00\",\"dateModified\":\"2023-12-20T08:15:07+00:00\",\"author\":{\"@id\":\"https:\/\/www.alteacultural.com\/es\/#\/schema\/person\/c4e137537f1af546d214a315255e5172\"},\"breadcrumb\":{\"@id\":\"https:\/\/www.alteacultural.com\/es\/2023\/12\/20\/la-societat-musical-instructiva-santa-cecilia-de-cullera-salca-amb-el-primer-premi-i-mencio-dhonor-al-cim-daltea\/#breadcrumb\"},\"inLanguage\":\"es\",\"potentialAction\":[{\"@type\":\"ReadAction\",\"target\":[\"https:\/\/www.alteacultural.com\/es\/2023\/12\/20\/la-societat-musical-instructiva-santa-cecilia-de-cullera-salca-amb-el-primer-premi-i-mencio-dhonor-al-cim-daltea\/\"]}]},{\"@type\":\"ImageObject\",\"inLanguage\":\"es\",\"@id\":\"https:\/\/www.alteacultural.com\/es\/2023\/12\/20\/la-societat-musical-instructiva-santa-cecilia-de-cullera-salca-amb-el-primer-premi-i-mencio-dhonor-al-cim-daltea\/#primaryimage\",\"url\":\"https:\/\/www.alteacultural.com\/wp-content\/uploads\/2023\/12\/actuacion-web.jpg\",\"contentUrl\":\"https:\/\/www.alteacultural.com\/wp-content\/uploads\/2023\/12\/actuacion-web.jpg\",\"width\":1028,\"height\":593},{\"@type\":\"BreadcrumbList\",\"@id\":\"https:\/\/www.alteacultural.com\/es\/2023\/12\/20\/la-societat-musical-instructiva-santa-cecilia-de-cullera-salca-amb-el-primer-premi-i-mencio-dhonor-al-cim-daltea\/#breadcrumb\",\"itemListElement\":[{\"@type\":\"ListItem\",\"position\":1,\"name\":\"Inici\",\"item\":\"https:\/\/www.alteacultural.com\/es\/\"},{\"@type\":\"ListItem\",\"position\":2,\"name\":\"La Sociedad Musical Instructiva Santa Cecilia de Cullera se alza con el Primer Premio y Menci\u00f3n de Honor en el CIM de Altea\"}]},{\"@type\":\"WebSite\",\"@id\":\"https:\/\/www.alteacultural.com\/es\/#website\",\"url\":\"https:\/\/www.alteacultural.com\/es\/\",\"name\":\"Altea Cultural\",\"description\":\"Regidoria de Cultura de l&#039;Ajuntament d&#039;Altea\",\"potentialAction\":[{\"@type\":\"SearchAction\",\"target\":{\"@type\":\"EntryPoint\",\"urlTemplate\":\"https:\/\/www.alteacultural.com\/es\/?s={search_term_string}\"},\"query-input\":\"required name=search_term_string\"}],\"inLanguage\":\"es\"},{\"@type\":\"Person\",\"@id\":\"https:\/\/www.alteacultural.com\/es\/#\/schema\/person\/c4e137537f1af546d214a315255e5172\",\"name\":\"sfaltea.com-admin\",\"image\":{\"@type\":\"ImageObject\",\"inLanguage\":\"es\",\"@id\":\"https:\/\/www.alteacultural.com\/es\/#\/schema\/person\/image\/\",\"url\":\"https:\/\/secure.gravatar.com\/avatar\/f7473fa2fbd351270ccfd469de536202?s=96&d=mm&r=g\",\"contentUrl\":\"https:\/\/secure.gravatar.com\/avatar\/f7473fa2fbd351270ccfd469de536202?s=96&d=mm&r=g\",\"caption\":\"sfaltea.com-admin\"},\"url\":\"https:\/\/www.alteacultural.com\/es\/author\/sfaltea-com-admin\/\"}]}<\/script>\n<!-- \/ Yoast SEO plugin. -->","yoast_head_json":{"title":"La Sociedad Musical Instructiva Santa Cecilia de Cullera se alza con el Primer Premio y Menci\u00f3n de Honor en el CIM de Altea - Altea Cultural","robots":{"index":"index","follow":"follow","max-snippet":"max-snippet:-1","max-image-preview":"max-image-preview:large","max-video-preview":"max-video-preview:-1"},"canonical":"https:\/\/www.alteacultural.com\/es\/2023\/12\/20\/la-societat-musical-instructiva-santa-cecilia-de-cullera-salca-amb-el-primer-premi-i-mencio-dhonor-al-cim-daltea\/","og_locale":"es_ES","og_type":"article","og_title":"La Sociedad Musical Instructiva Santa Cecilia de Cullera se alza con el Primer Premio y Menci\u00f3n de Honor en el CIM de Altea - Altea Cultural","og_description":"Societat Filarm\u00f2nica Alteanense y Ayuntamiento ya trabajan en la 50 edici\u00f3n del Certamen Internacional de M\u00fasica Vila d\u2019Altea. La [&hellip;]","og_url":"https:\/\/www.alteacultural.com\/es\/2023\/12\/20\/la-societat-musical-instructiva-santa-cecilia-de-cullera-salca-amb-el-primer-premi-i-mencio-dhonor-al-cim-daltea\/","og_site_name":"Altea Cultural","article_published_time":"2023-12-20T08:11:30+00:00","article_modified_time":"2023-12-20T08:15:07+00:00","og_image":[{"width":1028,"height":593,"url":"https:\/\/www.alteacultural.com\/wp-content\/uploads\/2023\/12\/actuacion-web.jpg","type":"image\/jpeg"}],"author":"sfaltea.com-admin","twitter_card":"summary_large_image","twitter_misc":{"Escrito por":"sfaltea.com-admin","Tiempo de lectura":"3 minutos"},"schema":{"@context":"https:\/\/schema.org","@graph":[{"@type":"WebPage","@id":"https:\/\/www.alteacultural.com\/es\/2023\/12\/20\/la-societat-musical-instructiva-santa-cecilia-de-cullera-salca-amb-el-primer-premi-i-mencio-dhonor-al-cim-daltea\/","url":"https:\/\/www.alteacultural.com\/es\/2023\/12\/20\/la-societat-musical-instructiva-santa-cecilia-de-cullera-salca-amb-el-primer-premi-i-mencio-dhonor-al-cim-daltea\/","name":"La Sociedad Musical Instructiva Santa Cecilia de Cullera se alza con el Primer Premio y Menci\u00f3n de Honor en el CIM de Altea - Altea Cultural","isPartOf":{"@id":"https:\/\/www.alteacultural.com\/es\/#website"},"primaryImageOfPage":{"@id":"https:\/\/www.alteacultural.com\/es\/2023\/12\/20\/la-societat-musical-instructiva-santa-cecilia-de-cullera-salca-amb-el-primer-premi-i-mencio-dhonor-al-cim-daltea\/#primaryimage"},"image":{"@id":"https:\/\/www.alteacultural.com\/es\/2023\/12\/20\/la-societat-musical-instructiva-santa-cecilia-de-cullera-salca-amb-el-primer-premi-i-mencio-dhonor-al-cim-daltea\/#primaryimage"},"thumbnailUrl":"https:\/\/www.alteacultural.com\/wp-content\/uploads\/2023\/12\/actuacion-web.jpg","datePublished":"2023-12-20T08:11:30+00:00","dateModified":"2023-12-20T08:15:07+00:00","author":{"@id":"https:\/\/www.alteacultural.com\/es\/#\/schema\/person\/c4e137537f1af546d214a315255e5172"},"breadcrumb":{"@id":"https:\/\/www.alteacultural.com\/es\/2023\/12\/20\/la-societat-musical-instructiva-santa-cecilia-de-cullera-salca-amb-el-primer-premi-i-mencio-dhonor-al-cim-daltea\/#breadcrumb"},"inLanguage":"es","potentialAction":[{"@type":"ReadAction","target":["https:\/\/www.alteacultural.com\/es\/2023\/12\/20\/la-societat-musical-instructiva-santa-cecilia-de-cullera-salca-amb-el-primer-premi-i-mencio-dhonor-al-cim-daltea\/"]}]},{"@type":"ImageObject","inLanguage":"es","@id":"https:\/\/www.alteacultural.com\/es\/2023\/12\/20\/la-societat-musical-instructiva-santa-cecilia-de-cullera-salca-amb-el-primer-premi-i-mencio-dhonor-al-cim-daltea\/#primaryimage","url":"https:\/\/www.alteacultural.com\/wp-content\/uploads\/2023\/12\/actuacion-web.jpg","contentUrl":"https:\/\/www.alteacultural.com\/wp-content\/uploads\/2023\/12\/actuacion-web.jpg","width":1028,"height":593},{"@type":"BreadcrumbList","@id":"https:\/\/www.alteacultural.com\/es\/2023\/12\/20\/la-societat-musical-instructiva-santa-cecilia-de-cullera-salca-amb-el-primer-premi-i-mencio-dhonor-al-cim-daltea\/#breadcrumb","itemListElement":[{"@type":"ListItem","position":1,"name":"Inici","item":"https:\/\/www.alteacultural.com\/es\/"},{"@type":"ListItem","position":2,"name":"La Sociedad Musical Instructiva Santa Cecilia de Cullera se alza con el Primer Premio y Menci\u00f3n de Honor en el CIM de Altea"}]},{"@type":"WebSite","@id":"https:\/\/www.alteacultural.com\/es\/#website","url":"https:\/\/www.alteacultural.com\/es\/","name":"Altea Cultural","description":"Regidoria de Cultura de l&#039;Ajuntament d&#039;Altea","potentialAction":[{"@type":"SearchAction","target":{"@type":"EntryPoint","urlTemplate":"https:\/\/www.alteacultural.com\/es\/?s={search_term_string}"},"query-input":"required name=search_term_string"}],"inLanguage":"es"},{"@type":"Person","@id":"https:\/\/www.alteacultural.com\/es\/#\/schema\/person\/c4e137537f1af546d214a315255e5172","name":"sfaltea.com-admin","image":{"@type":"ImageObject","inLanguage":"es","@id":"https:\/\/www.alteacultural.com\/es\/#\/schema\/person\/image\/","url":"https:\/\/secure.gravatar.com\/avatar\/f7473fa2fbd351270ccfd469de536202?s=96&d=mm&r=g","contentUrl":"https:\/\/secure.gravatar.com\/avatar\/f7473fa2fbd351270ccfd469de536202?s=96&d=mm&r=g","caption":"sfaltea.com-admin"},"url":"https:\/\/www.alteacultural.com\/es\/author\/sfaltea-com-admin\/"}]}},"_links":{"self":[{"href":"https:\/\/www.alteacultural.com\/es\/wp-json\/wp\/v2\/posts\/28408"}],"collection":[{"href":"https:\/\/www.alteacultural.com\/es\/wp-json\/wp\/v2\/posts"}],"about":[{"href":"https:\/\/www.alteacultural.com\/es\/wp-json\/wp\/v2\/types\/post"}],"author":[{"embeddable":true,"href":"https:\/\/www.alteacultural.com\/es\/wp-json\/wp\/v2\/users\/1"}],"replies":[{"embeddable":true,"href":"https:\/\/www.alteacultural.com\/es\/wp-json\/wp\/v2\/comments?post=28408"}],"version-history":[{"count":1,"href":"https:\/\/www.alteacultural.com\/es\/wp-json\/wp\/v2\/posts\/28408\/revisions"}],"predecessor-version":[{"id":28409,"href":"https:\/\/www.alteacultural.com\/es\/wp-json\/wp\/v2\/posts\/28408\/revisions\/28409"}],"wp:featuredmedia":[{"embeddable":true,"href":"https:\/\/www.alteacultural.com\/es\/wp-json\/wp\/v2\/media\/28406"}],"wp:attachment":[{"href":"https:\/\/www.alteacultural.com\/es\/wp-json\/wp\/v2\/media?parent=28408"}],"curies":[{"name":"wp","href":"https:\/\/api.w.org\/{rel}","templated":true}]}}