{"id":28414,"date":"2023-12-20T09:23:11","date_gmt":"2023-12-20T08:23:11","guid":{"rendered":"https:\/\/www.alteacultural.com\/2023\/12\/20\/la-biblioteca-municipal-obri-al-public-el-seu-betlem\/"},"modified":"2023-12-20T09:25:35","modified_gmt":"2023-12-20T08:25:35","slug":"la-biblioteca-municipal-obri-al-public-el-seu-betlem","status":"publish","type":"post","link":"https:\/\/www.alteacultural.com\/es\/2023\/12\/20\/la-biblioteca-municipal-obri-al-public-el-seu-betlem\/","title":{"rendered":"La Biblioteca Municipal abre al p\u00fablico su Bel\u00e9n"},"content":{"rendered":"\n<figure class=\"wp-block-image\"><img decoding=\"async\" data-src=\"https:\/\/alteadigital.es\/wp-content\/uploads\/2023\/12\/escena-Belen-web.jpg\" alt=\"La Biblioteca Municipal obri al p\u00fablic el seu Betlem\" src=\"data:image\/gif;base64,R0lGODlhAQABAAAAACH5BAEKAAEALAAAAAABAAEAAAICTAEAOw==\" class=\"lazyload\" \/><\/figure>\n\n\n\n<p><strong>Romandr\u00e0 obert al p\u00fablic fins al 5 de gener de 2024.<\/strong><\/p>\n\n\n\n<p>La Casa de Cultura d\u2019Altea, on es troba ubicada la Biblioteca P\u00fablica, obri les visites al tradicional Betlem que anualment instal\u00b7len els integrants alteans d\u2019Amics del Betlem de la Marina Baixa. Aix\u00ed ho han donat a con\u00e8ixer l\u2019edil de Cultura, Pepa Victoria P\u00e9rez i un dels seus autors, Juan Bello.<\/p>\n\n\n\n<p>Segons les dades aportades per l\u2019edil, el Betlem de la Casa de Cultura es podr\u00e0 visitar en horari de 09:00 a 14:00h i de 17:00 a 21 hores de dilluns a divendres fins al proper 5 de gener.<\/p>\n\n\n\n<p>\u00c9s el grup d\u2019Altea d\u2019Amics del Betlem de la Marina Baixa qui cada any munta el Betlem a Altea perqu\u00e8 residents i visitants puguen gaudir d\u2019una singular representaci\u00f3 pl\u00e0stica del naixement de Jesucrist. En esta ocasi\u00f3 i com ens explica Bello, \u201chem volgut ressaltar un tema que hem considerat d\u00b4actualitat com \u00e9s la pres\u00e8ncia d\u00b4una alm\u00e0ssera per a la producci\u00f3 d\u00b4oli\u201d.<\/p>\n\n\n\n<p>Este Betlem de la Casa de Cultura t\u00e9 al voltant d\u2019un centenar de figures d\u2019estil hebreu de l\u2019artista Jos\u00e9 Luis Mayo Lebrija; que, gr\u00e0cies a l\u2019associaci\u00f3 Amics del Betlem de la Marina, possibilita als amants del pessebre gaudir a Altea d\u2019un bonic Betlem, on fa mesos que treballen i que ha sigut muntat en els \u00faltims dies. Una vegada concloses les tasques de muntatge, des de finals de la setmana passada est\u00e0 obert al p\u00fablic.<\/p>\n\n\n\n<div class=\"wp-block-image\"><figure class=\"aligncenter\"><img decoding=\"async\" data-src=\"https:\/\/alteadigital.es\/wp-content\/uploads\/2023\/12\/Betlem-web.jpg\" alt=\"\" class=\"wp-image-115152 lazyload\" src=\"data:image\/gif;base64,R0lGODlhAQABAAAAACH5BAEKAAEALAAAAAABAAEAAAICTAEAOw==\" \/><\/figure><\/div>\n\n\n\n<p>\u201cInvito a alteanos, alteanas, residentes en la Comarca y visitantes a disfrutar del Bel\u00e9n de la Casa de Cultura porque recrea escenas con tantos detalles que lo convierten en una aut\u00e9ntica obra de arte\u201d; ha concluido la responsable municipal de Cultura, Pepa Victoria P\u00e9rez.|ALTEADIGITAL.ES<\/p>\n","protected":false},"excerpt":{"rendered":"<p>Romandr\u00e0 obert al p\u00fablic fins al 5 de gener de 2024. La Casa de Cultura d\u2019Altea, on es troba [&hellip;]<\/p>\n","protected":false},"author":1,"featured_media":28412,"comment_status":"open","ping_status":"open","sticky":false,"template":"","format":"standard","meta":{"_expiration-date-status":"","_expiration-date":0,"_expiration-date-type":"","_expiration-date-categories":[],"_expiration-date-options":[],"footnotes":""},"yoast_head":"<!-- This site is optimized with the Yoast SEO plugin v22.8 - https:\/\/yoast.com\/wordpress\/plugins\/seo\/ -->\n<title>La Biblioteca Municipal abre al p\u00fablico su Bel\u00e9n - Altea Cultural<\/title>\n<meta name=\"robots\" content=\"index, follow, max-snippet:-1, max-image-preview:large, max-video-preview:-1\" \/>\n<link rel=\"canonical\" href=\"https:\/\/www.alteacultural.com\/es\/2023\/12\/20\/la-biblioteca-municipal-obri-al-public-el-seu-betlem\/\" \/>\n<meta property=\"og:locale\" content=\"es_ES\" \/>\n<meta property=\"og:type\" content=\"article\" \/>\n<meta property=\"og:title\" content=\"La Biblioteca Municipal abre al p\u00fablico su Bel\u00e9n - Altea Cultural\" \/>\n<meta property=\"og:description\" content=\"Romandr\u00e0 obert al p\u00fablic fins al 5 de gener de 2024. La Casa de Cultura d\u2019Altea, on es troba [&hellip;]\" \/>\n<meta property=\"og:url\" content=\"https:\/\/www.alteacultural.com\/es\/2023\/12\/20\/la-biblioteca-municipal-obri-al-public-el-seu-betlem\/\" \/>\n<meta property=\"og:site_name\" content=\"Altea Cultural\" \/>\n<meta property=\"article:published_time\" content=\"2023-12-20T08:23:11+00:00\" \/>\n<meta property=\"article:modified_time\" content=\"2023-12-20T08:25:35+00:00\" \/>\n<meta property=\"og:image\" content=\"https:\/\/www.alteacultural.com\/wp-content\/uploads\/2023\/12\/escena-Belen-web.jpg\" \/>\n\t<meta property=\"og:image:width\" content=\"800\" \/>\n\t<meta property=\"og:image:height\" content=\"880\" \/>\n\t<meta property=\"og:image:type\" content=\"image\/jpeg\" \/>\n<meta name=\"author\" content=\"sfaltea.com-admin\" \/>\n<meta name=\"twitter:card\" content=\"summary_large_image\" \/>\n<meta name=\"twitter:label1\" content=\"Escrito por\" \/>\n\t<meta name=\"twitter:data1\" content=\"sfaltea.com-admin\" \/>\n\t<meta name=\"twitter:label2\" content=\"Tiempo de lectura\" \/>\n\t<meta name=\"twitter:data2\" content=\"2 minutos\" \/>\n<script type=\"application\/ld+json\" class=\"yoast-schema-graph\">{\"@context\":\"https:\/\/schema.org\",\"@graph\":[{\"@type\":\"WebPage\",\"@id\":\"https:\/\/www.alteacultural.com\/es\/2023\/12\/20\/la-biblioteca-municipal-obri-al-public-el-seu-betlem\/\",\"url\":\"https:\/\/www.alteacultural.com\/es\/2023\/12\/20\/la-biblioteca-municipal-obri-al-public-el-seu-betlem\/\",\"name\":\"La Biblioteca Municipal abre al p\u00fablico su Bel\u00e9n - Altea Cultural\",\"isPartOf\":{\"@id\":\"https:\/\/www.alteacultural.com\/es\/#website\"},\"primaryImageOfPage\":{\"@id\":\"https:\/\/www.alteacultural.com\/es\/2023\/12\/20\/la-biblioteca-municipal-obri-al-public-el-seu-betlem\/#primaryimage\"},\"image\":{\"@id\":\"https:\/\/www.alteacultural.com\/es\/2023\/12\/20\/la-biblioteca-municipal-obri-al-public-el-seu-betlem\/#primaryimage\"},\"thumbnailUrl\":\"https:\/\/www.alteacultural.com\/wp-content\/uploads\/2023\/12\/escena-Belen-web.jpg\",\"datePublished\":\"2023-12-20T08:23:11+00:00\",\"dateModified\":\"2023-12-20T08:25:35+00:00\",\"author\":{\"@id\":\"https:\/\/www.alteacultural.com\/es\/#\/schema\/person\/c4e137537f1af546d214a315255e5172\"},\"breadcrumb\":{\"@id\":\"https:\/\/www.alteacultural.com\/es\/2023\/12\/20\/la-biblioteca-municipal-obri-al-public-el-seu-betlem\/#breadcrumb\"},\"inLanguage\":\"es\",\"potentialAction\":[{\"@type\":\"ReadAction\",\"target\":[\"https:\/\/www.alteacultural.com\/es\/2023\/12\/20\/la-biblioteca-municipal-obri-al-public-el-seu-betlem\/\"]}]},{\"@type\":\"ImageObject\",\"inLanguage\":\"es\",\"@id\":\"https:\/\/www.alteacultural.com\/es\/2023\/12\/20\/la-biblioteca-municipal-obri-al-public-el-seu-betlem\/#primaryimage\",\"url\":\"https:\/\/www.alteacultural.com\/wp-content\/uploads\/2023\/12\/escena-Belen-web.jpg\",\"contentUrl\":\"https:\/\/www.alteacultural.com\/wp-content\/uploads\/2023\/12\/escena-Belen-web.jpg\",\"width\":800,\"height\":880},{\"@type\":\"BreadcrumbList\",\"@id\":\"https:\/\/www.alteacultural.com\/es\/2023\/12\/20\/la-biblioteca-municipal-obri-al-public-el-seu-betlem\/#breadcrumb\",\"itemListElement\":[{\"@type\":\"ListItem\",\"position\":1,\"name\":\"Inici\",\"item\":\"https:\/\/www.alteacultural.com\/es\/\"},{\"@type\":\"ListItem\",\"position\":2,\"name\":\"La Biblioteca Municipal abre al p\u00fablico su Bel\u00e9n\"}]},{\"@type\":\"WebSite\",\"@id\":\"https:\/\/www.alteacultural.com\/es\/#website\",\"url\":\"https:\/\/www.alteacultural.com\/es\/\",\"name\":\"Altea Cultural\",\"description\":\"Regidoria de Cultura de l&#039;Ajuntament d&#039;Altea\",\"potentialAction\":[{\"@type\":\"SearchAction\",\"target\":{\"@type\":\"EntryPoint\",\"urlTemplate\":\"https:\/\/www.alteacultural.com\/es\/?s={search_term_string}\"},\"query-input\":\"required name=search_term_string\"}],\"inLanguage\":\"es\"},{\"@type\":\"Person\",\"@id\":\"https:\/\/www.alteacultural.com\/es\/#\/schema\/person\/c4e137537f1af546d214a315255e5172\",\"name\":\"sfaltea.com-admin\",\"image\":{\"@type\":\"ImageObject\",\"inLanguage\":\"es\",\"@id\":\"https:\/\/www.alteacultural.com\/es\/#\/schema\/person\/image\/\",\"url\":\"https:\/\/secure.gravatar.com\/avatar\/f7473fa2fbd351270ccfd469de536202?s=96&d=mm&r=g\",\"contentUrl\":\"https:\/\/secure.gravatar.com\/avatar\/f7473fa2fbd351270ccfd469de536202?s=96&d=mm&r=g\",\"caption\":\"sfaltea.com-admin\"},\"url\":\"https:\/\/www.alteacultural.com\/es\/author\/sfaltea-com-admin\/\"}]}<\/script>\n<!-- \/ Yoast SEO plugin. -->","yoast_head_json":{"title":"La Biblioteca Municipal abre al p\u00fablico su Bel\u00e9n - Altea Cultural","robots":{"index":"index","follow":"follow","max-snippet":"max-snippet:-1","max-image-preview":"max-image-preview:large","max-video-preview":"max-video-preview:-1"},"canonical":"https:\/\/www.alteacultural.com\/es\/2023\/12\/20\/la-biblioteca-municipal-obri-al-public-el-seu-betlem\/","og_locale":"es_ES","og_type":"article","og_title":"La Biblioteca Municipal abre al p\u00fablico su Bel\u00e9n - Altea Cultural","og_description":"Romandr\u00e0 obert al p\u00fablic fins al 5 de gener de 2024. La Casa de Cultura d\u2019Altea, on es troba [&hellip;]","og_url":"https:\/\/www.alteacultural.com\/es\/2023\/12\/20\/la-biblioteca-municipal-obri-al-public-el-seu-betlem\/","og_site_name":"Altea Cultural","article_published_time":"2023-12-20T08:23:11+00:00","article_modified_time":"2023-12-20T08:25:35+00:00","og_image":[{"width":800,"height":880,"url":"https:\/\/www.alteacultural.com\/wp-content\/uploads\/2023\/12\/escena-Belen-web.jpg","type":"image\/jpeg"}],"author":"sfaltea.com-admin","twitter_card":"summary_large_image","twitter_misc":{"Escrito por":"sfaltea.com-admin","Tiempo de lectura":"2 minutos"},"schema":{"@context":"https:\/\/schema.org","@graph":[{"@type":"WebPage","@id":"https:\/\/www.alteacultural.com\/es\/2023\/12\/20\/la-biblioteca-municipal-obri-al-public-el-seu-betlem\/","url":"https:\/\/www.alteacultural.com\/es\/2023\/12\/20\/la-biblioteca-municipal-obri-al-public-el-seu-betlem\/","name":"La Biblioteca Municipal abre al p\u00fablico su Bel\u00e9n - Altea Cultural","isPartOf":{"@id":"https:\/\/www.alteacultural.com\/es\/#website"},"primaryImageOfPage":{"@id":"https:\/\/www.alteacultural.com\/es\/2023\/12\/20\/la-biblioteca-municipal-obri-al-public-el-seu-betlem\/#primaryimage"},"image":{"@id":"https:\/\/www.alteacultural.com\/es\/2023\/12\/20\/la-biblioteca-municipal-obri-al-public-el-seu-betlem\/#primaryimage"},"thumbnailUrl":"https:\/\/www.alteacultural.com\/wp-content\/uploads\/2023\/12\/escena-Belen-web.jpg","datePublished":"2023-12-20T08:23:11+00:00","dateModified":"2023-12-20T08:25:35+00:00","author":{"@id":"https:\/\/www.alteacultural.com\/es\/#\/schema\/person\/c4e137537f1af546d214a315255e5172"},"breadcrumb":{"@id":"https:\/\/www.alteacultural.com\/es\/2023\/12\/20\/la-biblioteca-municipal-obri-al-public-el-seu-betlem\/#breadcrumb"},"inLanguage":"es","potentialAction":[{"@type":"ReadAction","target":["https:\/\/www.alteacultural.com\/es\/2023\/12\/20\/la-biblioteca-municipal-obri-al-public-el-seu-betlem\/"]}]},{"@type":"ImageObject","inLanguage":"es","@id":"https:\/\/www.alteacultural.com\/es\/2023\/12\/20\/la-biblioteca-municipal-obri-al-public-el-seu-betlem\/#primaryimage","url":"https:\/\/www.alteacultural.com\/wp-content\/uploads\/2023\/12\/escena-Belen-web.jpg","contentUrl":"https:\/\/www.alteacultural.com\/wp-content\/uploads\/2023\/12\/escena-Belen-web.jpg","width":800,"height":880},{"@type":"BreadcrumbList","@id":"https:\/\/www.alteacultural.com\/es\/2023\/12\/20\/la-biblioteca-municipal-obri-al-public-el-seu-betlem\/#breadcrumb","itemListElement":[{"@type":"ListItem","position":1,"name":"Inici","item":"https:\/\/www.alteacultural.com\/es\/"},{"@type":"ListItem","position":2,"name":"La Biblioteca Municipal abre al p\u00fablico su Bel\u00e9n"}]},{"@type":"WebSite","@id":"https:\/\/www.alteacultural.com\/es\/#website","url":"https:\/\/www.alteacultural.com\/es\/","name":"Altea Cultural","description":"Regidoria de Cultura de l&#039;Ajuntament d&#039;Altea","potentialAction":[{"@type":"SearchAction","target":{"@type":"EntryPoint","urlTemplate":"https:\/\/www.alteacultural.com\/es\/?s={search_term_string}"},"query-input":"required name=search_term_string"}],"inLanguage":"es"},{"@type":"Person","@id":"https:\/\/www.alteacultural.com\/es\/#\/schema\/person\/c4e137537f1af546d214a315255e5172","name":"sfaltea.com-admin","image":{"@type":"ImageObject","inLanguage":"es","@id":"https:\/\/www.alteacultural.com\/es\/#\/schema\/person\/image\/","url":"https:\/\/secure.gravatar.com\/avatar\/f7473fa2fbd351270ccfd469de536202?s=96&d=mm&r=g","contentUrl":"https:\/\/secure.gravatar.com\/avatar\/f7473fa2fbd351270ccfd469de536202?s=96&d=mm&r=g","caption":"sfaltea.com-admin"},"url":"https:\/\/www.alteacultural.com\/es\/author\/sfaltea-com-admin\/"}]}},"_links":{"self":[{"href":"https:\/\/www.alteacultural.com\/es\/wp-json\/wp\/v2\/posts\/28414"}],"collection":[{"href":"https:\/\/www.alteacultural.com\/es\/wp-json\/wp\/v2\/posts"}],"about":[{"href":"https:\/\/www.alteacultural.com\/es\/wp-json\/wp\/v2\/types\/post"}],"author":[{"embeddable":true,"href":"https:\/\/www.alteacultural.com\/es\/wp-json\/wp\/v2\/users\/1"}],"replies":[{"embeddable":true,"href":"https:\/\/www.alteacultural.com\/es\/wp-json\/wp\/v2\/comments?post=28414"}],"version-history":[{"count":1,"href":"https:\/\/www.alteacultural.com\/es\/wp-json\/wp\/v2\/posts\/28414\/revisions"}],"predecessor-version":[{"id":28415,"href":"https:\/\/www.alteacultural.com\/es\/wp-json\/wp\/v2\/posts\/28414\/revisions\/28415"}],"wp:featuredmedia":[{"embeddable":true,"href":"https:\/\/www.alteacultural.com\/es\/wp-json\/wp\/v2\/media\/28412"}],"wp:attachment":[{"href":"https:\/\/www.alteacultural.com\/es\/wp-json\/wp\/v2\/media?parent=28414"}],"curies":[{"name":"wp","href":"https:\/\/api.w.org\/{rel}","templated":true}]}}