{"id":28421,"date":"2023-12-20T09:27:50","date_gmt":"2023-12-20T08:27:50","guid":{"rendered":"https:\/\/www.alteacultural.com\/2023\/12\/20\/villa-gadea-acull-lexposicio-nosaltres-les-escriptores-valencianes-en-el-temps\/"},"modified":"2023-12-20T09:30:59","modified_gmt":"2023-12-20T08:30:59","slug":"villa-gadea-acull-lexposicio-nosaltres-les-escriptores-valencianes-en-el-temps","status":"publish","type":"post","link":"https:\/\/www.alteacultural.com\/es\/2023\/12\/20\/villa-gadea-acull-lexposicio-nosaltres-les-escriptores-valencianes-en-el-temps\/","title":{"rendered":"Villa Gadea alberga la exposici\u00f3n \u201cNosaltres, les escriptores valencianes en el temps\u201d"},"content":{"rendered":"\n<figure class=\"wp-block-image\"><img decoding=\"async\" data-src=\"https:\/\/alteadigital.es\/wp-content\/uploads\/2023\/12\/Expo-Escriptores-Valencianes.jpg\" alt=\"Villa Gadea acull l\u2019exposici\u00f3 \u201cNosaltres, les escriptores valencianes en el temps\u201d\" src=\"data:image\/gif;base64,R0lGODlhAQABAAAAACH5BAEKAAEALAAAAAABAAEAAAICTAEAOw==\" class=\"lazyload\" \/><\/figure>\n\n\n\n<p><strong>De noviembre a enero, de lunes a viernes en horario de 9 a 14:00h.<\/strong><\/p>\n\n\n\n<p>Hasta el mes de enero se puede visitar la interesante exposici\u00f3n sobre escritoras valencianas, que van desde Sor Isabel de Villena hasta nuestros d\u00edas, en Villa Gadea. As\u00ed lo ha recordado la edil de Cultura, Pepa Victoria P\u00e9rez.<\/p>\n\n\n\n<p>Como explica la edil, \u201cNosaltres, les escriptores valencianes en el temps\u201d es una exposici\u00f3n itinerante comisariada por Manola Roig y Rosa Roig y organizada por la Fundaci\u00f3n por el Libro y la Lectura (FULL), con la colaboraci\u00f3n de la Conselleria de Educaci\u00f3n, Investigaci\u00f3n, Cultura y Deporte de la Generalitat Valenciana, en el marco de las actividades programadas en el Plan Valenciano de Fomento del Libro y la Lectura.<\/p>\n\n\n\n<p>Esta exposici\u00f3n tiene como objetivo dar visibilidad a las escritoras valencianas que, desde Sor Isabel de Villena hasta la actualidad, han escrito en nuestro territorio, rehaciendo de forma sencilla los relatos de vida de las mujeres que han conformado nuestra tradici\u00f3n literaria. Adem\u00e1s, la exposici\u00f3n pone especial \u00e9nfasis sobre las autoras que escriben en valenciano, porque sufren una doble, y a veces, triple invisibilizaci\u00f3n: por raz\u00f3n de sexo, lengua y territorio.<\/p>\n\n\n\n<p>\u201cCon Nosaltres, les escriptores valencianes en el temps intentamos introducir la visi\u00f3n de g\u00e9nero en los planes de promoci\u00f3n de la lectura que se dise\u00f1an en las bibliotecas y centros escolares y universitarios, a la vez que intentamos llenar el vac\u00edo que ahora mismo existe en las historias de la literatura y en los curr\u00edculos escolares sobre la obra de las escritoras valencianas\u201d. Apuntan las comisarias de la muestra, quienes a\u00f1aden que \u201cla exposici\u00f3n presenta un cat\u00e1logo de 450 escritoras valencianas documentadas hasta ahora. No excluimos ninguna, ni por el g\u00e9nero ni por la lengua. Adem\u00e1s, es nuestra intenci\u00f3n incorporar, en la medida de lo posible, otras que deben recuperarse del olvido en pr\u00f3ximas investigaciones\u201d.<\/p>\n\n\n\n<p>Como responsable de Cultura, Pepa Victoria P\u00e9rez anima a visitar la exposici\u00f3n y agradece a la organizaci\u00f3n de la misma el que haya tenido a bien traerla hasta el municipio de Altea, y concretamente hasta el Aula Did\u00e0ctica Carmelina S\u00e1nchez-Cutillas, gran escritora valenciana de or\u00edgenes alteanos.<\/p>\n\n\n\n<p>El horario de visitas permanece abierto al p\u00fablico de 09:00 a 14:00h de lunes a viernes.|ALTEADIGITAL.ES<\/p>\n","protected":false},"excerpt":{"rendered":"<p>De noviembre a enero, de lunes a viernes en horario de 9 a 14:00h. Hasta el mes de enero [&hellip;]<\/p>\n","protected":false},"author":1,"featured_media":28419,"comment_status":"open","ping_status":"open","sticky":false,"template":"","format":"standard","meta":{"_expiration-date-status":"","_expiration-date":0,"_expiration-date-type":"","_expiration-date-categories":[],"_expiration-date-options":[],"footnotes":""},"yoast_head":"<!-- This site is optimized with the Yoast SEO plugin v22.8 - https:\/\/yoast.com\/wordpress\/plugins\/seo\/ -->\n<title>Villa Gadea alberga la exposici\u00f3n \u201cNosaltres, les escriptores valencianes en el temps\u201d - Altea Cultural<\/title>\n<meta name=\"robots\" content=\"index, follow, max-snippet:-1, max-image-preview:large, max-video-preview:-1\" \/>\n<link rel=\"canonical\" href=\"https:\/\/www.alteacultural.com\/es\/2023\/12\/20\/villa-gadea-acull-lexposicio-nosaltres-les-escriptores-valencianes-en-el-temps\/\" \/>\n<meta property=\"og:locale\" content=\"es_ES\" \/>\n<meta property=\"og:type\" content=\"article\" \/>\n<meta property=\"og:title\" content=\"Villa Gadea alberga la exposici\u00f3n \u201cNosaltres, les escriptores valencianes en el temps\u201d - Altea Cultural\" \/>\n<meta property=\"og:description\" content=\"De noviembre a enero, de lunes a viernes en horario de 9 a 14:00h. Hasta el mes de enero [&hellip;]\" \/>\n<meta property=\"og:url\" content=\"https:\/\/www.alteacultural.com\/es\/2023\/12\/20\/villa-gadea-acull-lexposicio-nosaltres-les-escriptores-valencianes-en-el-temps\/\" \/>\n<meta property=\"og:site_name\" content=\"Altea Cultural\" \/>\n<meta property=\"article:published_time\" content=\"2023-12-20T08:27:50+00:00\" \/>\n<meta property=\"article:modified_time\" content=\"2023-12-20T08:30:59+00:00\" \/>\n<meta property=\"og:image\" content=\"https:\/\/www.alteacultural.com\/wp-content\/uploads\/2023\/12\/Expo-Escriptores-Valencianes.jpg\" \/>\n\t<meta property=\"og:image:width\" content=\"1024\" \/>\n\t<meta property=\"og:image:height\" content=\"768\" \/>\n\t<meta property=\"og:image:type\" content=\"image\/jpeg\" \/>\n<meta name=\"author\" content=\"sfaltea.com-admin\" \/>\n<meta name=\"twitter:card\" content=\"summary_large_image\" \/>\n<meta name=\"twitter:label1\" content=\"Escrito por\" \/>\n\t<meta name=\"twitter:data1\" content=\"sfaltea.com-admin\" \/>\n\t<meta name=\"twitter:label2\" content=\"Tiempo de lectura\" \/>\n\t<meta name=\"twitter:data2\" content=\"2 minutos\" \/>\n<script type=\"application\/ld+json\" class=\"yoast-schema-graph\">{\"@context\":\"https:\/\/schema.org\",\"@graph\":[{\"@type\":\"WebPage\",\"@id\":\"https:\/\/www.alteacultural.com\/es\/2023\/12\/20\/villa-gadea-acull-lexposicio-nosaltres-les-escriptores-valencianes-en-el-temps\/\",\"url\":\"https:\/\/www.alteacultural.com\/es\/2023\/12\/20\/villa-gadea-acull-lexposicio-nosaltres-les-escriptores-valencianes-en-el-temps\/\",\"name\":\"Villa Gadea alberga la exposici\u00f3n \u201cNosaltres, les escriptores valencianes en el temps\u201d - Altea Cultural\",\"isPartOf\":{\"@id\":\"https:\/\/www.alteacultural.com\/es\/#website\"},\"primaryImageOfPage\":{\"@id\":\"https:\/\/www.alteacultural.com\/es\/2023\/12\/20\/villa-gadea-acull-lexposicio-nosaltres-les-escriptores-valencianes-en-el-temps\/#primaryimage\"},\"image\":{\"@id\":\"https:\/\/www.alteacultural.com\/es\/2023\/12\/20\/villa-gadea-acull-lexposicio-nosaltres-les-escriptores-valencianes-en-el-temps\/#primaryimage\"},\"thumbnailUrl\":\"https:\/\/www.alteacultural.com\/wp-content\/uploads\/2023\/12\/Expo-Escriptores-Valencianes.jpg\",\"datePublished\":\"2023-12-20T08:27:50+00:00\",\"dateModified\":\"2023-12-20T08:30:59+00:00\",\"author\":{\"@id\":\"https:\/\/www.alteacultural.com\/es\/#\/schema\/person\/c4e137537f1af546d214a315255e5172\"},\"breadcrumb\":{\"@id\":\"https:\/\/www.alteacultural.com\/es\/2023\/12\/20\/villa-gadea-acull-lexposicio-nosaltres-les-escriptores-valencianes-en-el-temps\/#breadcrumb\"},\"inLanguage\":\"es\",\"potentialAction\":[{\"@type\":\"ReadAction\",\"target\":[\"https:\/\/www.alteacultural.com\/es\/2023\/12\/20\/villa-gadea-acull-lexposicio-nosaltres-les-escriptores-valencianes-en-el-temps\/\"]}]},{\"@type\":\"ImageObject\",\"inLanguage\":\"es\",\"@id\":\"https:\/\/www.alteacultural.com\/es\/2023\/12\/20\/villa-gadea-acull-lexposicio-nosaltres-les-escriptores-valencianes-en-el-temps\/#primaryimage\",\"url\":\"https:\/\/www.alteacultural.com\/wp-content\/uploads\/2023\/12\/Expo-Escriptores-Valencianes.jpg\",\"contentUrl\":\"https:\/\/www.alteacultural.com\/wp-content\/uploads\/2023\/12\/Expo-Escriptores-Valencianes.jpg\",\"width\":1024,\"height\":768},{\"@type\":\"BreadcrumbList\",\"@id\":\"https:\/\/www.alteacultural.com\/es\/2023\/12\/20\/villa-gadea-acull-lexposicio-nosaltres-les-escriptores-valencianes-en-el-temps\/#breadcrumb\",\"itemListElement\":[{\"@type\":\"ListItem\",\"position\":1,\"name\":\"Inici\",\"item\":\"https:\/\/www.alteacultural.com\/es\/\"},{\"@type\":\"ListItem\",\"position\":2,\"name\":\"Villa Gadea alberga la exposici\u00f3n \u201cNosaltres, les escriptores valencianes en el temps\u201d\"}]},{\"@type\":\"WebSite\",\"@id\":\"https:\/\/www.alteacultural.com\/es\/#website\",\"url\":\"https:\/\/www.alteacultural.com\/es\/\",\"name\":\"Altea Cultural\",\"description\":\"Regidoria de Cultura de l&#039;Ajuntament d&#039;Altea\",\"potentialAction\":[{\"@type\":\"SearchAction\",\"target\":{\"@type\":\"EntryPoint\",\"urlTemplate\":\"https:\/\/www.alteacultural.com\/es\/?s={search_term_string}\"},\"query-input\":\"required name=search_term_string\"}],\"inLanguage\":\"es\"},{\"@type\":\"Person\",\"@id\":\"https:\/\/www.alteacultural.com\/es\/#\/schema\/person\/c4e137537f1af546d214a315255e5172\",\"name\":\"sfaltea.com-admin\",\"image\":{\"@type\":\"ImageObject\",\"inLanguage\":\"es\",\"@id\":\"https:\/\/www.alteacultural.com\/es\/#\/schema\/person\/image\/\",\"url\":\"https:\/\/secure.gravatar.com\/avatar\/f7473fa2fbd351270ccfd469de536202?s=96&d=mm&r=g\",\"contentUrl\":\"https:\/\/secure.gravatar.com\/avatar\/f7473fa2fbd351270ccfd469de536202?s=96&d=mm&r=g\",\"caption\":\"sfaltea.com-admin\"},\"url\":\"https:\/\/www.alteacultural.com\/es\/author\/sfaltea-com-admin\/\"}]}<\/script>\n<!-- \/ Yoast SEO plugin. -->","yoast_head_json":{"title":"Villa Gadea alberga la exposici\u00f3n \u201cNosaltres, les escriptores valencianes en el temps\u201d - Altea Cultural","robots":{"index":"index","follow":"follow","max-snippet":"max-snippet:-1","max-image-preview":"max-image-preview:large","max-video-preview":"max-video-preview:-1"},"canonical":"https:\/\/www.alteacultural.com\/es\/2023\/12\/20\/villa-gadea-acull-lexposicio-nosaltres-les-escriptores-valencianes-en-el-temps\/","og_locale":"es_ES","og_type":"article","og_title":"Villa Gadea alberga la exposici\u00f3n \u201cNosaltres, les escriptores valencianes en el temps\u201d - Altea Cultural","og_description":"De noviembre a enero, de lunes a viernes en horario de 9 a 14:00h. Hasta el mes de enero [&hellip;]","og_url":"https:\/\/www.alteacultural.com\/es\/2023\/12\/20\/villa-gadea-acull-lexposicio-nosaltres-les-escriptores-valencianes-en-el-temps\/","og_site_name":"Altea Cultural","article_published_time":"2023-12-20T08:27:50+00:00","article_modified_time":"2023-12-20T08:30:59+00:00","og_image":[{"width":1024,"height":768,"url":"https:\/\/www.alteacultural.com\/wp-content\/uploads\/2023\/12\/Expo-Escriptores-Valencianes.jpg","type":"image\/jpeg"}],"author":"sfaltea.com-admin","twitter_card":"summary_large_image","twitter_misc":{"Escrito por":"sfaltea.com-admin","Tiempo de lectura":"2 minutos"},"schema":{"@context":"https:\/\/schema.org","@graph":[{"@type":"WebPage","@id":"https:\/\/www.alteacultural.com\/es\/2023\/12\/20\/villa-gadea-acull-lexposicio-nosaltres-les-escriptores-valencianes-en-el-temps\/","url":"https:\/\/www.alteacultural.com\/es\/2023\/12\/20\/villa-gadea-acull-lexposicio-nosaltres-les-escriptores-valencianes-en-el-temps\/","name":"Villa Gadea alberga la exposici\u00f3n \u201cNosaltres, les escriptores valencianes en el temps\u201d - Altea Cultural","isPartOf":{"@id":"https:\/\/www.alteacultural.com\/es\/#website"},"primaryImageOfPage":{"@id":"https:\/\/www.alteacultural.com\/es\/2023\/12\/20\/villa-gadea-acull-lexposicio-nosaltres-les-escriptores-valencianes-en-el-temps\/#primaryimage"},"image":{"@id":"https:\/\/www.alteacultural.com\/es\/2023\/12\/20\/villa-gadea-acull-lexposicio-nosaltres-les-escriptores-valencianes-en-el-temps\/#primaryimage"},"thumbnailUrl":"https:\/\/www.alteacultural.com\/wp-content\/uploads\/2023\/12\/Expo-Escriptores-Valencianes.jpg","datePublished":"2023-12-20T08:27:50+00:00","dateModified":"2023-12-20T08:30:59+00:00","author":{"@id":"https:\/\/www.alteacultural.com\/es\/#\/schema\/person\/c4e137537f1af546d214a315255e5172"},"breadcrumb":{"@id":"https:\/\/www.alteacultural.com\/es\/2023\/12\/20\/villa-gadea-acull-lexposicio-nosaltres-les-escriptores-valencianes-en-el-temps\/#breadcrumb"},"inLanguage":"es","potentialAction":[{"@type":"ReadAction","target":["https:\/\/www.alteacultural.com\/es\/2023\/12\/20\/villa-gadea-acull-lexposicio-nosaltres-les-escriptores-valencianes-en-el-temps\/"]}]},{"@type":"ImageObject","inLanguage":"es","@id":"https:\/\/www.alteacultural.com\/es\/2023\/12\/20\/villa-gadea-acull-lexposicio-nosaltres-les-escriptores-valencianes-en-el-temps\/#primaryimage","url":"https:\/\/www.alteacultural.com\/wp-content\/uploads\/2023\/12\/Expo-Escriptores-Valencianes.jpg","contentUrl":"https:\/\/www.alteacultural.com\/wp-content\/uploads\/2023\/12\/Expo-Escriptores-Valencianes.jpg","width":1024,"height":768},{"@type":"BreadcrumbList","@id":"https:\/\/www.alteacultural.com\/es\/2023\/12\/20\/villa-gadea-acull-lexposicio-nosaltres-les-escriptores-valencianes-en-el-temps\/#breadcrumb","itemListElement":[{"@type":"ListItem","position":1,"name":"Inici","item":"https:\/\/www.alteacultural.com\/es\/"},{"@type":"ListItem","position":2,"name":"Villa Gadea alberga la exposici\u00f3n \u201cNosaltres, les escriptores valencianes en el temps\u201d"}]},{"@type":"WebSite","@id":"https:\/\/www.alteacultural.com\/es\/#website","url":"https:\/\/www.alteacultural.com\/es\/","name":"Altea Cultural","description":"Regidoria de Cultura de l&#039;Ajuntament d&#039;Altea","potentialAction":[{"@type":"SearchAction","target":{"@type":"EntryPoint","urlTemplate":"https:\/\/www.alteacultural.com\/es\/?s={search_term_string}"},"query-input":"required name=search_term_string"}],"inLanguage":"es"},{"@type":"Person","@id":"https:\/\/www.alteacultural.com\/es\/#\/schema\/person\/c4e137537f1af546d214a315255e5172","name":"sfaltea.com-admin","image":{"@type":"ImageObject","inLanguage":"es","@id":"https:\/\/www.alteacultural.com\/es\/#\/schema\/person\/image\/","url":"https:\/\/secure.gravatar.com\/avatar\/f7473fa2fbd351270ccfd469de536202?s=96&d=mm&r=g","contentUrl":"https:\/\/secure.gravatar.com\/avatar\/f7473fa2fbd351270ccfd469de536202?s=96&d=mm&r=g","caption":"sfaltea.com-admin"},"url":"https:\/\/www.alteacultural.com\/es\/author\/sfaltea-com-admin\/"}]}},"_links":{"self":[{"href":"https:\/\/www.alteacultural.com\/es\/wp-json\/wp\/v2\/posts\/28421"}],"collection":[{"href":"https:\/\/www.alteacultural.com\/es\/wp-json\/wp\/v2\/posts"}],"about":[{"href":"https:\/\/www.alteacultural.com\/es\/wp-json\/wp\/v2\/types\/post"}],"author":[{"embeddable":true,"href":"https:\/\/www.alteacultural.com\/es\/wp-json\/wp\/v2\/users\/1"}],"replies":[{"embeddable":true,"href":"https:\/\/www.alteacultural.com\/es\/wp-json\/wp\/v2\/comments?post=28421"}],"version-history":[{"count":1,"href":"https:\/\/www.alteacultural.com\/es\/wp-json\/wp\/v2\/posts\/28421\/revisions"}],"predecessor-version":[{"id":28423,"href":"https:\/\/www.alteacultural.com\/es\/wp-json\/wp\/v2\/posts\/28421\/revisions\/28423"}],"wp:featuredmedia":[{"embeddable":true,"href":"https:\/\/www.alteacultural.com\/es\/wp-json\/wp\/v2\/media\/28419"}],"wp:attachment":[{"href":"https:\/\/www.alteacultural.com\/es\/wp-json\/wp\/v2\/media?parent=28421"}],"curies":[{"name":"wp","href":"https:\/\/api.w.org\/{rel}","templated":true}]}}