{"id":28438,"date":"2023-12-20T09:39:47","date_gmt":"2023-12-20T08:39:47","guid":{"rendered":"https:\/\/www.alteacultural.com\/2023\/12\/20\/el-2024-portara-a-altea-lexecucio-de-moltes-accions-projectades\/"},"modified":"2023-12-20T09:44:08","modified_gmt":"2023-12-20T08:44:08","slug":"el-2024-portara-a-altea-lexecucio-de-moltes-accions-projectades","status":"publish","type":"post","link":"https:\/\/www.alteacultural.com\/es\/2023\/12\/20\/el-2024-portara-a-altea-lexecucio-de-moltes-accions-projectades\/","title":{"rendered":"El 2024 traer\u00e1 a Altea la ejecuci\u00f3n de muchas acciones proyectadas"},"content":{"rendered":"\n<figure class=\"wp-block-image\"><img decoding=\"async\" data-src=\"https:\/\/alteadigital.es\/wp-content\/uploads\/2023\/12\/desdejuni-informatiu-web.jpg\" alt=\"El 2024 portar\u00e0 a Altea l\u2019execuci\u00f3 de moltes accions projectades\" src=\"data:image\/gif;base64,R0lGODlhAQABAAAAACH5BAEKAAEALAAAAAABAAEAAAICTAEAOw==\" class=\"lazyload\" \/><\/figure>\n\n\n\n<p>Esta misma ma\u00f1ana ha tenido lugar en la Casa de Cultura de Altea el tradicional desayuno informativo de Navidad del Ayuntamiento de Altea con los medios de comunicaci\u00f3n. Una convocatoria que el Equipo de Gobierno aprovecha para hacer balance de la gesti\u00f3n municipal durante el \u00faltimo a\u00f1o y tambi\u00e9n para anunciar proyectos de inminente puesta en marcha; as\u00ed como para responder cualquier cuesti\u00f3n del inter\u00e9s de los presentes. Una jornada de trabajo que ha dado inicio con la bienvenida a los presentes del alcalde, Diego Zaragoz\u00ed, a quienes han acompa\u00f1ado en el uso de la palabra la portavoz del grupo municipal PSPV-PSOE en el d\u00eda de hoy, Anna Lanuza y la portavoz de Comprom\u00eds, Aurora Serrat.<\/p>\n\n\n\n<p>Como ha indicado el Alcalde al inicio, \u201ceste ha sido a\u00f1o electoral y ha habido cambios de gobierno en mucho sitios, pero este no ha sido el caso de Altea en la que seguimos gobernando Comprom\u00eds y PSOE, aunque con muchas personas diferentes\u201d. \u201cTengo un equipo joven, ilusionado y que ha venido a trabajar, del que estoy muy contento\u201d; ha matizado Diego Zaragoz\u00ed, quien ha realizado un balance de gesti\u00f3n muy positivo y ha anunciado que \u201cse prev\u00e9n unos presupuestos para el 2024 cuyo gasto sea contenido y los ingresos no sean mayores, con el objetivo de no aumentar los impuestos y las tasas municipales; adem\u00e1s de que no ver\u00e1 reducidas las inversiones gracias a las subvenciones que est\u00e1n llegando al Ayuntamiento de Altea\u201d.<\/p>\n\n\n\n<p>En cuanto a las acciones en marcha que Diego Zaragoz\u00ed considera destacables para el futuro inmediato del municipio, este ha subrayado el inicio de las obras del Plan Parcial Bellas Artes. Un proyecto que se remonta a m\u00e1s de 20 a\u00f1os atr\u00e1s. \u201cCreo que es un plan necesario porque Altea necesita un crecimiento. Es necesario que se ofrezca vivienda nueva y este desarrollo lo va a permitir\u201d. Ha comentado el Alcalde.<\/p>\n\n\n\n<p>Otro de los temas a los que el primer edil alteano se ha referido como determinantes para Altea ha sido el trabajo llevado a cabo en el \u00faltimo a\u00f1o encaminado a obtener la&nbsp; resoluci\u00f3n del contrato con Asterita para la Gesti\u00f3n Integral del Servicio P\u00fablico de Aparcamientos, \u201cque asfixia a Altea\u201d.&nbsp;&nbsp; Una resoluci\u00f3n de contrato que, seg\u00fan las previsiones del Ayuntamiento, &nbsp;podr\u00eda llegar en el primer trimestre del 2024.<\/p>\n\n\n\n<p>Adem\u00e1s, Diego Zaragoz\u00ed ha apelado a la importancia que tiene para Altea el que se haya aprobado el Plan General Estructural de Altea, cuya aprobaci\u00f3n definitiva depende de Conselleria y en cuya redacci\u00f3n se lleva trabajando desde hace d\u00e9cadas. \u201cEsperamos que en el primer semestre del a\u00f1o que viene el Plan Venga aprobado definitivamente. Es un plan que marca el progreso y la evoluci\u00f3n de Altea y que a unos gustar\u00e1 m\u00e1s y a otros menos, pero que aboga por el desarrollo general de Altea y contiene aportaciones de todos los equipos de gobierno desde que fuera alcalde Andr\u00e9s Ripoll hasta el d\u00eda de hoy\u201d.<\/p>\n\n\n\n<p>Diego Zaragoz\u00ed ha mostrado inquietud por dos de los proyectos importantes para Altea, como son la conducci\u00f3n de agua potable desde el Montagud hasta el dep\u00f3sito del Cementerio, cuya inversi\u00f3n asciende a 1.300.000\u20ac y la ejecuci\u00f3n de la potabilizadora, cuyo coste asciende a 900.000\u20ac. Ambas inversiones comprometidas para el 2024 con el Gobierno regional y que ahora se han pospuesto para el 2025.<\/p>\n\n\n\n<p>Y el Alcalde ha querido cerrar su intervenci\u00f3n haciendo menci\u00f3n a los alteanos que en este \u00faltimo a\u00f1o han conseguido logros en sus carreras profesionales o deportivas. \u201cHa habido muchas personas de Altea que en el 2023 han recibido reconocimientos en el mundo del espect\u00e1culo, en el mundo de la cultura y tambi\u00e9n en el deportivo. Tenemos gente que ha evolucionado y ha sido reconocida y esto en un motivo de orgullo para Altea\u201d, ha concluido el Diego Zaragoz\u00ed, alcalde de Altea, quien ha cedido la palabra a las portavoces de los dos grupos que conforman en Equipo de Gobierno.<\/p>\n\n\n\n<div class=\"wp-block-image\"><figure class=\"aligncenter\"><img decoding=\"async\" data-src=\"https:\/\/alteadigital.es\/wp-content\/uploads\/2023\/12\/desdejuni-web-ok.jpg\" alt=\"\" class=\"wp-image-115210 lazyload\" src=\"data:image\/gif;base64,R0lGODlhAQABAAAAACH5BAEKAAEALAAAAAABAAEAAAICTAEAOw==\" \/><\/figure><\/div>\n\n\n\n<p>En nombre del grupo municipal socialista, Anna Lanuza ha comenzado su intervenci\u00f3n agradeciendo tambi\u00e9n a los medios de comunicaci\u00f3n su labor informativa diaria y ha apelado a la uni\u00f3n del Equipo de Gobierno en el trabajo de gesti\u00f3n municipal.&nbsp; \u201cNo sentimos que hay dos partidos. Tenemos una cohesi\u00f3n muy fuerte, no s\u00f3lo pol\u00edticamente, sino tambi\u00e9n personal y a la hora de trabajar para la ciudadan\u00eda es positivo\u201d.<\/p>\n\n\n\n<p>Anna Lanuza ha llevado a cabo un repaso de las principales acciones llevadas a cabo desde las concejal\u00edas que tiene delegadas su grupo municipal, comenzando por Comercio, que \u201cse ha centrado en impulsar el tejido comercial y hostelero a trav\u00e9s de distintas acciones como son las campa\u00f1as de promoci\u00f3n, jornadas gastron\u00f3micas, cursos de formaci\u00f3n, emisi\u00f3n de bonos consumo, entre otras y el soporte a las entidades y asociaciones del municipio del sector como es ALCEA, por ejemplo.<\/p>\n\n\n\n<p>Del \u00e1rea de Comercio, Lanuza ha recordado la reubicaci\u00f3n que se va a llevar a cabo en enero del mercadillo de la verdura de los martes, que pasar\u00e1 a estar ubicado junto al de la ropa en el aparcamiento de Garganes-Basseta. Una reubicaci\u00f3n que permitir\u00e1 descongestionar el tr\u00e1fico en la Avda la Nuc\u00eda, disminuir los costes de limpieza y facilitar a los usuarios sus compras.<\/p>\n\n\n\n<p>La edil del PSPV-PSOE ha recordado que el Plan de Recuperaci\u00f3n Transformaci\u00f3n y Resilencia, a trav\u00e9s de los Fondos Next Generation, cofinanciados por la Uni\u00f3n Europea y el Ministerio de Industria y Comercio ha aportado al municipio fondos de hasta 511.000\u20ac que se destinar\u00e1n en su mayor\u00eda a la ejecuci\u00f3n de pasos de peatones inteligentes, cuya inversi\u00f3n asciende a algo m\u00e1s de 81.000\u20ac; domotizaci\u00f3n del Mercado Municipal, con una inversi\u00f3n de 125.310\u20ac; la colocaci\u00f3n de carteles Mupi digitales que ser\u00e1n controlados de forma remota para facilitar informaci\u00f3n de servicios municipales y tur\u00edsticos, que tambi\u00e9n estar\u00e1n a disposici\u00f3n del comercio para poder lanzar campa\u00f1as publicitarias; formaci\u00f3n en idiomas para los comerciantes; publicidad y posicionamiento en redes, con el objetivo de aumentar la presencia y el posicionamiento en redes sociales, aumentando as\u00ed la visibilidad del Altea, entre otros.<\/p>\n\n\n\n<p>Respecto a las \u00e1reas que gestiona directamente Anna Lanuza, Bienestar Social, Sanidad, Igualdad, Tercera Edad y Comunicaci\u00f3n, la edil ha subrayado el trabajo realizado para la aprobaci\u00f3n del Plan Municipal de Inclusi\u00f3n y Cohesi\u00f3n Social y el Plan Estrat\u00e9gigo de Servicios Sociales y que permiten trabajar de forma m\u00e1s directa en la ayuda a las familias y personas. Adem\u00e1s, ha anunciado para el 2004 la aprobaci\u00f3n del IV Plan Municipal de Drogodependencias y el I Plan Municipal de Igualdad y Diversidad LGTBIQ+.<\/p>\n\n\n\n<p>En materia de Diversidad Funcional, la responsable de \u00e1rea ha recordado las ayudas convocadas para menores y ha desvelado la intenci\u00f3n de ampliarlas a personas adultas las Jornadas de Diversidad Funcional, llevadas a cabo la pasada semana en el Polideportivo Municipal.<\/p>\n\n\n\n<p>En materia de Infancia, Adolescencia y Familia, Lanuza se ha referido al Plan Corresponsables que ha permitido la apertura de la Ludoteca Municipal; el soporte a les actividades estivales, incluyendo servicio de comedor estival para 50 menores, campa\u00f1as escolares para dar soporte al inicio de curso con material escolar, calzado, y productos de higiene. \u201cPara el 2024, posiblemente contemos con un equipo especializado de Infancia y Adolescencia dirigido al soporte de integraci\u00f3n socioeducativa y psicol\u00f3gica de menores en situaci\u00f3n de riesgo o desprotecci\u00f3n. Y en cuanto a la inclusi\u00f3n se refiere, se ha consolidado la figura profesional del Integrador Social con la atenci\u00f3n a 120 familias. \u201cPara el 2024, probablemente Altea cuente con un equipo de profesionales que realicen itinerarios personalizados de inclusi\u00f3n social.<\/p>\n\n\n\n<p>Respecto a la Tercera Edad, Anna Lanuza ha hecho referencia el trabajo que est\u00e1 llevando a cabo el Observatorio de Mayores con el objetivo de mejorar la calidad de vida y la integraci\u00f3n de este sector poblacional.<\/p>\n\n\n\n<p>De la concejal\u00eda de Igualdad, Lanuza se ha referido al \u00e9xito de las I Jornadas Abolicionistas, celebradas con motivo del 25N y cuya propuesta es continuar con la iniciativa en el 2024; al tiempo que aprobar una ordenanza municipal abolicionista de la prostituci\u00f3n.<\/p>\n\n\n\n<p>Adem\u00e1s, la edil ha expresado el deseo de que Conselleria siga adelante con la construcci\u00f3n del Centro de D\u00eda, ubicado en la Avda\/ Benidorm, Plan Parcial Bellas Artes. Un Plan que en los \u00faltimos d\u00edas ha dado mucho que hablar a consecuencia de unas colonias de gatos que, antes de su reubicaci\u00f3n, ten\u00edan su h\u00e1bitat en el terreno que ocupa el Plan.<\/p>\n\n\n\n<p>Un tema al que Anna Lanuza se ha referido desmintiendo las informaciones aparecidas en algunos medios de comunicaci\u00f3n sobre la paralizaci\u00f3n de las obras del Plan Parcial Bellas Artes a consecuencia de las colonias de gastos. \u201cAlgunos medios se han hecho eco de una noticia muy medi\u00e1tica que tiene que ver con Bienestar Animal. Es muy jugosa la noticia de la paralizaci\u00f3n de un Plan Parcial con 1.200 viviendas y me gustar\u00eda aclarar que no es cierto que se haya paralizado el Plan. En ning\u00fan momento el Juzgado ha notificado al Ayuntamiento que haya cualquier medida cautelar que paralice el Plan y si nos cogemos a la publicaci\u00f3n en redes realizada por la asociaci\u00f3n Bigatos, tampoco pone que se paralice el Plan, aunque se ha publicado lo contrario. Lo que dice es que en todo caso, se han de depositar en el Juzgado 20.000\u20ac y en el momento en que se depositen se pondr\u00e1 en marcha una medida cautelar, no de paralizaci\u00f3n del Plan Parcial, sino que no se podr\u00e1&nbsp; trabajar en el lugar en el que haya colonias felinas que no est\u00e9n reubicadas. No entendemos las acciones de las asociaciones, no de la persona que les est\u00e9 asesorando, no entendemos tampoco la publicaci\u00f3n de que se paraliza el Plan Parcial, cuando no hemos en ning\u00fan&nbsp; momento recibido notificaci\u00f3n\u201d.<\/p>\n\n\n\n<p>Respecto a la reubicaci\u00f3n de las colonias, Anna Lanuza, responsable del \u00e1rea de Bienestar Animal, ha explicado que \u201csemanas antes de que comenzaran las obras, desde el departamento, con la veterinaria municipal al frente, nos reunimos con el departamento de Urbanismo para comenzar la reubicaci\u00f3n de las colonias, con los planes de obra presentes, facilitados por el urbanizador, para su reubicaci\u00f3n y esos trabajos se iniciaron con tiempo; pero hay momentos que a veces nos encontramos con impedimentos para la reubicaci\u00f3n que parten de las propias asociaciones y no entendemos cu\u00e1l es la finalidad ya que desde el minuto cero el Ayuntamiento ha puesto todas las facilidades a para llevar a cabo la labor\u201d. \u201cEstamos sorprendidos de las dimensiones que ha cogido la noticia porque la realidad es que no hay ning\u00fan indicio judicial de que vaya a paralizarse el Plan Parcial por las colonias de gatos\u201d. Ha concluido Anna Lanuza.<\/p>\n\n\n\n<p>Y ha sido la Portavoz de Comprom\u00eds, Aurora Serrat la que ha cerrado el turno de intervenciones. Serrat se ha referido al gran n\u00famero de actividades que conforman la programaci\u00f3n cultural del municipio. \u201cNadie discute que Altea es un referente cultural con una oferta consolidada que cuenta con proyectos art\u00edsticos, musicales, teatrales y literarios de primer nivel\u201d; ha expresado la edil, quien ha destacado que \u201cen el 2023 hemos apostado por el arte en la calle con la exposici\u00f3n de Antoni Mir\u00f3, la donaci\u00f3n de la obra Atalaya Terra del escultor Viktor Ferrando y la adquisici\u00f3n de l\u2019Abra\u00e7 de Pepe Azor\u00edn, adem\u00e1s de la ejecuci\u00f3n de la escultura el nom de Altea\u201d.<\/p>\n\n\n\n<p>Siguiendo con la cultura, Serrat ha recordado la celebraci\u00f3n del 120 aniversario del pintor Navarro Ram\u00f3n. Y hablando de referentes, la edil ha anunciado que este pr\u00f3ximo a\u00f1o Com sona l\u2019ESO volver\u00e1 a tener lugar en Altea.<\/p>\n\n\n\n<p>Aurora se ha referido a que \u201cla Cultura es tambi\u00e9n uno de nuestros referentes tur\u00edsticos, cuya \u00e1rea trabaja firmemente en la desestacionalizaci\u00f3n de la oferta y las visitas al municipio. En este punto le edil ha recordado que Altea fue el primer Destino Tur\u00edstico Inteligente certificado de menos de 50.000 habitantes. Adem\u00e1s, la concejala se ha referido a los frutos que est\u00e1n empezando a ver de las acciones de los Planes de Sostenibilidad Tur\u00edstica en Destino, gracias a los que el Ayuntamiento ha recibido 4 millones de euros en subvenciones. Como ejemplo de estos frutos, Serrat ha nombrado la iluminaci\u00f3n ornamental de la Iglesia Parroquial; la instalaci\u00f3n del panel de inteligencia de datos; los informes de movilidad y pernoctaci\u00f3n; la App Altea Ciudad Tur\u00edstica; que tendr\u00e1 informaci\u00f3n actualizada para turistas y residentes junto a la informaci\u00f3n de aparcamientos,&nbsp; rutas peatonales y recursos tur\u00edsticos; entre otros.<\/p>\n\n\n\n<p>Del \u00e1rea de Deportes, Aurora Serrat ha hablado de una continuidad en los trabajos de ampliaci\u00f3n de servicios deportivos y actividad f\u00edsica. \u201cEn este \u00faltimo a\u00f1o hemos sido sede de competiciones auton\u00f3micas y estatales, adem\u00e1s de que nuestra bah\u00eda es testimonio de importantes competiciones n\u00e1uticas\u201d. Ha apuntado la edil, quien ha informado de la ampliaci\u00f3n has 15 las modalidades en las Escuelas Deportivas Municipales; la reactivaci\u00f3n de servicios como el Gimnasio Municipal y la renovaci\u00f3n de instalaciones como el campo de c\u00e9sped artificial pista del Polideportivo Garganes.<\/p>\n\n\n\n<p>Menci\u00f3n especial ha dedicado la edil de Infraestructuras a la reparaci\u00f3n, modernizaci\u00f3n y reactivaci\u00f3n de la Piscina Municipal. \u201cSe ha renovado pr\u00e1cticamente toda la maquinaria y la infraestructura de la piscina. Ha sido tal el \u00e9xito la reapertura que casi todas las actividades que ofrece est\u00e1n llenas e incluso hay lista de espera para algunas de ellas\u201d. Ha declarado la portavoz de Comprom\u00eds, quien ha cerrado el repaso al \u00e1rea deportiva poniendo al Ayuntamiento a disposici\u00f3n de entidades, clubs y asociaciones del municipio.<\/p>\n\n\n\n<p>Del \u00e1rea de Juventud, Aurora Serrat ha recordado la celebraci\u00f3n del II Forum Jove que ha recogido las preocupaciones y necesidades de los j\u00f3venes de Altea y se ha hecho evidente que entre las mismas est\u00e1 el tema de la emancipaci\u00f3n, la formaci\u00f3n y el ocio. Campo en el que se prev\u00e9 la redacci\u00f3n de las bases que regulen la nueva bolsa de alquiler para j\u00f3venes, que servir\u00e1 para conocer el n\u00famero de personas demandantes de alquiler para las viviendas disponibles en el parque de vivienda p\u00fablica.<\/p>\n\n\n\n<p>Y tambi\u00e9n en relaci\u00f3n a la juventud, Aurora Serrat ha hecho menci\u00f3n al proyecto europeo Erasmus+, los cursos de formaci\u00f3n y el Cuerpo Europeo de Solidaridad, de los que se han beneficiado en el 2023 42 personas con un coste de 1.095.400\u20ac financiados con fondos europeos.<\/p>\n\n\n\n<p>Hablando de Fondos Europeos, El Ayuntamiento de Altea ha obtenido 5 millones de euros para el programa de Rehabilitaci\u00f3n de Barrios, que actuar\u00e1 en 346 viviendas de 24 edificios, que afectan a unas 1.000 personas y que har\u00e1 esas viviendas m\u00e1s sostenibles y accesibles. Unas ayudas que gestionar\u00e1 la Oficina de la Vivienda. Al mismo tiempo se reurbanizar\u00e1n las calles Zubeld\u00eda y Alf\u00e0biga.<\/p>\n\n\n\n<p>Siguiendo con las subvenciones recibidas, Aura Serart ha anunciado que esta misma semana el Ayuntamiento de Altea ha conseguido una nueva subvenci\u00f3n procedente de la Generalitat, mediante Fondos Europeos, de 656.324\u20ac que permitir\u00e1 iniciar la implantaci\u00f3n del Plan Local de Residuos.<\/p>\n\n\n\n<p>Continuando con el medio ambiente, el Proyecto de Restauraci\u00f3n Ecol\u00f3gica y mejora de la capacidad de laminaci\u00f3n de la desembocadura del r\u00edo Algar, valorado en casi 1 mill\u00f3n de euros, que supone, en palabras de la edil, \u201cel inicio de un largo proceso de recuperaci\u00f3n y puesta en valor de este espacio con la restauraci\u00f3n de los \u00faltimos 1.600 metros de la desembocadura del r\u00edo en una superficie de 27 hect\u00e1reas\u201d. Una ejecuci\u00f3n cuya licitaci\u00f3n se llevar\u00e1 a cabo a principios del pr\u00f3ximo a\u00f1o 2024.<\/p>\n\n\n\n<p>Tambi\u00e9n el mantenimiento en el \u201cBarranc dels Arcs\u201d y los trabajos de prevenci\u00f3n de incendios centran las acciones medio ambientales que en estos momentos se est\u00e1n llevando a cabo.<\/p>\n\n\n\n<p>Otro de los principales temas de inter\u00e9s del consistorio es la finalizaci\u00f3n del Plan Rector de Uso y Gesti\u00f3n del Monumento Natural del Afloramiento Volc\u00e1nico y la Playa F\u00f3sil de Cap Negret, iniciado por el anterior Gobierno Valenciano, que adoptaba medidas cautelares de protecci\u00f3n preventiva para los pr\u00f3ximos 3 a\u00f1os durante la redacci\u00f3n del Plan.<\/p>\n\n\n\n<p>Como responsable de Infraestructuras y Empresa P\u00fablica, Aurora Serrat ha citado las obras de que est\u00e1n ejecutando en la entrada principal de Palau Altea que se encuentran en su \u00faltima fase. Tambi\u00e9n est\u00e1n ya concluyendo los trabajos de aportaci\u00f3n de \u00e1ridos en la \u201cPlatja del Bol\u201d, cuya inversi\u00f3n asciende a 1.163.000\u20ac y cuyo conjunto de toda la actuaci\u00f3n realizada en la zona ha tenido un coste que supera los 5.200.000\u20ac. Un proyecto de Remodelaci\u00f3n del Frente Litoral que ha sido&nbsp; premiado con el Primer Premio a la Movilidad.<\/p>\n\n\n\n<p>Y si de grandes proyectos hablamos, hay que hacer referencia al Proyecto de Acondicionamiento del Bulevar de la Avenida Comunitat Valenciana, cuya acta de replanteo ya ha sido firmada y que dar\u00e1 inicio pasadas las fiestas navide\u00f1as, seg\u00fan ha anunciado la portavoz de Comprom\u00eds. Este proyecto, cuyo coste asciende a 1.449.842\u20ac, incluye la ejecuci\u00f3n de dos zonas para uso infantil, parques, zona de gimnasia pasiva destinada a personas de m\u00e1s edad, zonas de sombra, ajardinadas, zona de calistenia y espacio de paseo.<\/p>\n\n\n\n<p>En cuanto a proyectos y obras que en breve se van a reiniciar, Aurora Serrat se ha referido a las obras de la calle Sol y calle Alicante que no han podido dar inicio por problemas con la segunda empresa adjudicataria, que finalmente se han resuelto con una rescisi\u00f3n por mutua acuerdo del contrato y se ha hecho una nueva adjudicaci\u00f3n a una de las empresas que ya se presentaron al concurso. \u201cEsperamos que las obras den inicio en el mes de enero\u201d; ha apuntado la edil, quien tambi\u00e9n ha puesto enero como mes en el que dar\u00e1n inicio las obras de los puentes del Mascarat y r\u00edo Algar, en el que FGV ejecutar\u00e1 un segundo puente paralelo al existente y cuyos costes ascienden a&nbsp; por casi 5 millones de euros.<\/p>\n\n\n\n<p>De subvenciones ha seguido hablando Aurora Serrat, recordando la de 2.200.000 \u20ac del MITECO para la Digitalizaci\u00f3n del Ciclo del Agua y la de 3.387.839\u20ac para financiar lo que se conoce como \u201cEl Terciario\u201d, proyecto de tratamiento de la estaci\u00f3n depuradora de Altea y por \u00faltimo ha anunciado la subvenci\u00f3n de la Diputaci\u00f3n Provincial de Alicante de 396.000 \u20ac que va a permitir la mejora del camino de Sogai. Un proyecto valorado en 479.000\u20ac.<\/p>\n\n\n\n<p>Aurora Serrat ha concluido haciendo referencia a la Empresa P\u00fablica y los trabajos que la misma desarrolla. &nbsp;Trabajos para los que, se han sumado a su plantilla 8 nuevas plazas y se prev\u00e9n nuevas encomiendas de gesti\u00f3n.<\/p>\n\n\n\n<p>Tras este recordatorio de las principales acciones en la gesti\u00f3n municipal del 2023 y anuncio de inicio inminente de proyectos, el Alcalde Diego Zaragoz\u00ed ha deseado felices fiestas a presentes en el desayuno de trabajo de Navidad; as\u00ed como a alteanos y alteanas, a quienes ha invitado a participar de las actividades previstas para los pr\u00f3ximos d\u00edas, como el Mercado de Navidad cuya inauguraci\u00f3n tiene lugar esta misma tarde.|ALTEADIGITAL.ES<\/p>\n","protected":false},"excerpt":{"rendered":"<p>Esta misma ma\u00f1ana ha tenido lugar en la Casa de Cultura de Altea el tradicional desayuno informativo de Navidad [&hellip;]<\/p>\n","protected":false},"author":1,"featured_media":28436,"comment_status":"open","ping_status":"open","sticky":false,"template":"","format":"standard","meta":{"_expiration-date-status":"","_expiration-date":0,"_expiration-date-type":"","_expiration-date-categories":[],"_expiration-date-options":[],"footnotes":""},"yoast_head":"<!-- This site is optimized with the Yoast SEO plugin v22.8 - https:\/\/yoast.com\/wordpress\/plugins\/seo\/ -->\n<title>El 2024 traer\u00e1 a Altea la ejecuci\u00f3n de muchas acciones proyectadas - Altea Cultural<\/title>\n<meta name=\"robots\" content=\"index, follow, max-snippet:-1, max-image-preview:large, max-video-preview:-1\" \/>\n<link rel=\"canonical\" href=\"https:\/\/www.alteacultural.com\/es\/2023\/12\/20\/el-2024-portara-a-altea-lexecucio-de-moltes-accions-projectades\/\" \/>\n<meta property=\"og:locale\" content=\"es_ES\" \/>\n<meta property=\"og:type\" content=\"article\" \/>\n<meta property=\"og:title\" content=\"El 2024 traer\u00e1 a Altea la ejecuci\u00f3n de muchas acciones proyectadas - Altea Cultural\" \/>\n<meta property=\"og:description\" content=\"Esta misma ma\u00f1ana ha tenido lugar en la Casa de Cultura de Altea el tradicional desayuno informativo de Navidad [&hellip;]\" \/>\n<meta property=\"og:url\" content=\"https:\/\/www.alteacultural.com\/es\/2023\/12\/20\/el-2024-portara-a-altea-lexecucio-de-moltes-accions-projectades\/\" \/>\n<meta property=\"og:site_name\" content=\"Altea Cultural\" \/>\n<meta property=\"article:published_time\" content=\"2023-12-20T08:39:47+00:00\" \/>\n<meta property=\"article:modified_time\" content=\"2023-12-20T08:44:08+00:00\" \/>\n<meta property=\"og:image\" content=\"https:\/\/www.alteacultural.com\/wp-content\/uploads\/2023\/12\/desdejuni-informatiu-web.jpg\" \/>\n\t<meta property=\"og:image:width\" content=\"1028\" \/>\n\t<meta property=\"og:image:height\" content=\"463\" \/>\n\t<meta property=\"og:image:type\" content=\"image\/jpeg\" \/>\n<meta name=\"author\" content=\"sfaltea.com-admin\" \/>\n<meta name=\"twitter:card\" content=\"summary_large_image\" \/>\n<meta name=\"twitter:label1\" content=\"Escrito por\" \/>\n\t<meta name=\"twitter:data1\" content=\"sfaltea.com-admin\" \/>\n\t<meta name=\"twitter:label2\" content=\"Tiempo de lectura\" \/>\n\t<meta name=\"twitter:data2\" content=\"15 minutos\" \/>\n<script type=\"application\/ld+json\" class=\"yoast-schema-graph\">{\"@context\":\"https:\/\/schema.org\",\"@graph\":[{\"@type\":\"WebPage\",\"@id\":\"https:\/\/www.alteacultural.com\/es\/2023\/12\/20\/el-2024-portara-a-altea-lexecucio-de-moltes-accions-projectades\/\",\"url\":\"https:\/\/www.alteacultural.com\/es\/2023\/12\/20\/el-2024-portara-a-altea-lexecucio-de-moltes-accions-projectades\/\",\"name\":\"El 2024 traer\u00e1 a Altea la ejecuci\u00f3n de muchas acciones proyectadas - Altea Cultural\",\"isPartOf\":{\"@id\":\"https:\/\/www.alteacultural.com\/es\/#website\"},\"primaryImageOfPage\":{\"@id\":\"https:\/\/www.alteacultural.com\/es\/2023\/12\/20\/el-2024-portara-a-altea-lexecucio-de-moltes-accions-projectades\/#primaryimage\"},\"image\":{\"@id\":\"https:\/\/www.alteacultural.com\/es\/2023\/12\/20\/el-2024-portara-a-altea-lexecucio-de-moltes-accions-projectades\/#primaryimage\"},\"thumbnailUrl\":\"https:\/\/www.alteacultural.com\/wp-content\/uploads\/2023\/12\/desdejuni-informatiu-web.jpg\",\"datePublished\":\"2023-12-20T08:39:47+00:00\",\"dateModified\":\"2023-12-20T08:44:08+00:00\",\"author\":{\"@id\":\"https:\/\/www.alteacultural.com\/es\/#\/schema\/person\/c4e137537f1af546d214a315255e5172\"},\"breadcrumb\":{\"@id\":\"https:\/\/www.alteacultural.com\/es\/2023\/12\/20\/el-2024-portara-a-altea-lexecucio-de-moltes-accions-projectades\/#breadcrumb\"},\"inLanguage\":\"es\",\"potentialAction\":[{\"@type\":\"ReadAction\",\"target\":[\"https:\/\/www.alteacultural.com\/es\/2023\/12\/20\/el-2024-portara-a-altea-lexecucio-de-moltes-accions-projectades\/\"]}]},{\"@type\":\"ImageObject\",\"inLanguage\":\"es\",\"@id\":\"https:\/\/www.alteacultural.com\/es\/2023\/12\/20\/el-2024-portara-a-altea-lexecucio-de-moltes-accions-projectades\/#primaryimage\",\"url\":\"https:\/\/www.alteacultural.com\/wp-content\/uploads\/2023\/12\/desdejuni-informatiu-web.jpg\",\"contentUrl\":\"https:\/\/www.alteacultural.com\/wp-content\/uploads\/2023\/12\/desdejuni-informatiu-web.jpg\",\"width\":1028,\"height\":463},{\"@type\":\"BreadcrumbList\",\"@id\":\"https:\/\/www.alteacultural.com\/es\/2023\/12\/20\/el-2024-portara-a-altea-lexecucio-de-moltes-accions-projectades\/#breadcrumb\",\"itemListElement\":[{\"@type\":\"ListItem\",\"position\":1,\"name\":\"Inici\",\"item\":\"https:\/\/www.alteacultural.com\/es\/\"},{\"@type\":\"ListItem\",\"position\":2,\"name\":\"El 2024 traer\u00e1 a Altea la ejecuci\u00f3n de muchas acciones proyectadas\"}]},{\"@type\":\"WebSite\",\"@id\":\"https:\/\/www.alteacultural.com\/es\/#website\",\"url\":\"https:\/\/www.alteacultural.com\/es\/\",\"name\":\"Altea Cultural\",\"description\":\"Regidoria de Cultura de l&#039;Ajuntament d&#039;Altea\",\"potentialAction\":[{\"@type\":\"SearchAction\",\"target\":{\"@type\":\"EntryPoint\",\"urlTemplate\":\"https:\/\/www.alteacultural.com\/es\/?s={search_term_string}\"},\"query-input\":\"required name=search_term_string\"}],\"inLanguage\":\"es\"},{\"@type\":\"Person\",\"@id\":\"https:\/\/www.alteacultural.com\/es\/#\/schema\/person\/c4e137537f1af546d214a315255e5172\",\"name\":\"sfaltea.com-admin\",\"image\":{\"@type\":\"ImageObject\",\"inLanguage\":\"es\",\"@id\":\"https:\/\/www.alteacultural.com\/es\/#\/schema\/person\/image\/\",\"url\":\"https:\/\/secure.gravatar.com\/avatar\/f7473fa2fbd351270ccfd469de536202?s=96&d=mm&r=g\",\"contentUrl\":\"https:\/\/secure.gravatar.com\/avatar\/f7473fa2fbd351270ccfd469de536202?s=96&d=mm&r=g\",\"caption\":\"sfaltea.com-admin\"},\"url\":\"https:\/\/www.alteacultural.com\/es\/author\/sfaltea-com-admin\/\"}]}<\/script>\n<!-- \/ Yoast SEO plugin. -->","yoast_head_json":{"title":"El 2024 traer\u00e1 a Altea la ejecuci\u00f3n de muchas acciones proyectadas - Altea Cultural","robots":{"index":"index","follow":"follow","max-snippet":"max-snippet:-1","max-image-preview":"max-image-preview:large","max-video-preview":"max-video-preview:-1"},"canonical":"https:\/\/www.alteacultural.com\/es\/2023\/12\/20\/el-2024-portara-a-altea-lexecucio-de-moltes-accions-projectades\/","og_locale":"es_ES","og_type":"article","og_title":"El 2024 traer\u00e1 a Altea la ejecuci\u00f3n de muchas acciones proyectadas - Altea Cultural","og_description":"Esta misma ma\u00f1ana ha tenido lugar en la Casa de Cultura de Altea el tradicional desayuno informativo de Navidad [&hellip;]","og_url":"https:\/\/www.alteacultural.com\/es\/2023\/12\/20\/el-2024-portara-a-altea-lexecucio-de-moltes-accions-projectades\/","og_site_name":"Altea Cultural","article_published_time":"2023-12-20T08:39:47+00:00","article_modified_time":"2023-12-20T08:44:08+00:00","og_image":[{"width":1028,"height":463,"url":"https:\/\/www.alteacultural.com\/wp-content\/uploads\/2023\/12\/desdejuni-informatiu-web.jpg","type":"image\/jpeg"}],"author":"sfaltea.com-admin","twitter_card":"summary_large_image","twitter_misc":{"Escrito por":"sfaltea.com-admin","Tiempo de lectura":"15 minutos"},"schema":{"@context":"https:\/\/schema.org","@graph":[{"@type":"WebPage","@id":"https:\/\/www.alteacultural.com\/es\/2023\/12\/20\/el-2024-portara-a-altea-lexecucio-de-moltes-accions-projectades\/","url":"https:\/\/www.alteacultural.com\/es\/2023\/12\/20\/el-2024-portara-a-altea-lexecucio-de-moltes-accions-projectades\/","name":"El 2024 traer\u00e1 a Altea la ejecuci\u00f3n de muchas acciones proyectadas - Altea Cultural","isPartOf":{"@id":"https:\/\/www.alteacultural.com\/es\/#website"},"primaryImageOfPage":{"@id":"https:\/\/www.alteacultural.com\/es\/2023\/12\/20\/el-2024-portara-a-altea-lexecucio-de-moltes-accions-projectades\/#primaryimage"},"image":{"@id":"https:\/\/www.alteacultural.com\/es\/2023\/12\/20\/el-2024-portara-a-altea-lexecucio-de-moltes-accions-projectades\/#primaryimage"},"thumbnailUrl":"https:\/\/www.alteacultural.com\/wp-content\/uploads\/2023\/12\/desdejuni-informatiu-web.jpg","datePublished":"2023-12-20T08:39:47+00:00","dateModified":"2023-12-20T08:44:08+00:00","author":{"@id":"https:\/\/www.alteacultural.com\/es\/#\/schema\/person\/c4e137537f1af546d214a315255e5172"},"breadcrumb":{"@id":"https:\/\/www.alteacultural.com\/es\/2023\/12\/20\/el-2024-portara-a-altea-lexecucio-de-moltes-accions-projectades\/#breadcrumb"},"inLanguage":"es","potentialAction":[{"@type":"ReadAction","target":["https:\/\/www.alteacultural.com\/es\/2023\/12\/20\/el-2024-portara-a-altea-lexecucio-de-moltes-accions-projectades\/"]}]},{"@type":"ImageObject","inLanguage":"es","@id":"https:\/\/www.alteacultural.com\/es\/2023\/12\/20\/el-2024-portara-a-altea-lexecucio-de-moltes-accions-projectades\/#primaryimage","url":"https:\/\/www.alteacultural.com\/wp-content\/uploads\/2023\/12\/desdejuni-informatiu-web.jpg","contentUrl":"https:\/\/www.alteacultural.com\/wp-content\/uploads\/2023\/12\/desdejuni-informatiu-web.jpg","width":1028,"height":463},{"@type":"BreadcrumbList","@id":"https:\/\/www.alteacultural.com\/es\/2023\/12\/20\/el-2024-portara-a-altea-lexecucio-de-moltes-accions-projectades\/#breadcrumb","itemListElement":[{"@type":"ListItem","position":1,"name":"Inici","item":"https:\/\/www.alteacultural.com\/es\/"},{"@type":"ListItem","position":2,"name":"El 2024 traer\u00e1 a Altea la ejecuci\u00f3n de muchas acciones proyectadas"}]},{"@type":"WebSite","@id":"https:\/\/www.alteacultural.com\/es\/#website","url":"https:\/\/www.alteacultural.com\/es\/","name":"Altea Cultural","description":"Regidoria de Cultura de l&#039;Ajuntament d&#039;Altea","potentialAction":[{"@type":"SearchAction","target":{"@type":"EntryPoint","urlTemplate":"https:\/\/www.alteacultural.com\/es\/?s={search_term_string}"},"query-input":"required name=search_term_string"}],"inLanguage":"es"},{"@type":"Person","@id":"https:\/\/www.alteacultural.com\/es\/#\/schema\/person\/c4e137537f1af546d214a315255e5172","name":"sfaltea.com-admin","image":{"@type":"ImageObject","inLanguage":"es","@id":"https:\/\/www.alteacultural.com\/es\/#\/schema\/person\/image\/","url":"https:\/\/secure.gravatar.com\/avatar\/f7473fa2fbd351270ccfd469de536202?s=96&d=mm&r=g","contentUrl":"https:\/\/secure.gravatar.com\/avatar\/f7473fa2fbd351270ccfd469de536202?s=96&d=mm&r=g","caption":"sfaltea.com-admin"},"url":"https:\/\/www.alteacultural.com\/es\/author\/sfaltea-com-admin\/"}]}},"_links":{"self":[{"href":"https:\/\/www.alteacultural.com\/es\/wp-json\/wp\/v2\/posts\/28438"}],"collection":[{"href":"https:\/\/www.alteacultural.com\/es\/wp-json\/wp\/v2\/posts"}],"about":[{"href":"https:\/\/www.alteacultural.com\/es\/wp-json\/wp\/v2\/types\/post"}],"author":[{"embeddable":true,"href":"https:\/\/www.alteacultural.com\/es\/wp-json\/wp\/v2\/users\/1"}],"replies":[{"embeddable":true,"href":"https:\/\/www.alteacultural.com\/es\/wp-json\/wp\/v2\/comments?post=28438"}],"version-history":[{"count":1,"href":"https:\/\/www.alteacultural.com\/es\/wp-json\/wp\/v2\/posts\/28438\/revisions"}],"predecessor-version":[{"id":28439,"href":"https:\/\/www.alteacultural.com\/es\/wp-json\/wp\/v2\/posts\/28438\/revisions\/28439"}],"wp:featuredmedia":[{"embeddable":true,"href":"https:\/\/www.alteacultural.com\/es\/wp-json\/wp\/v2\/media\/28436"}],"wp:attachment":[{"href":"https:\/\/www.alteacultural.com\/es\/wp-json\/wp\/v2\/media?parent=28438"}],"curies":[{"name":"wp","href":"https:\/\/api.w.org\/{rel}","templated":true}]}}