{"id":28442,"date":"2023-12-20T12:02:37","date_gmt":"2023-12-20T11:02:37","guid":{"rendered":"https:\/\/www.alteacultural.com\/2023\/12\/20\/cultura-programa-lespectacle-infantil-didactic-sense-fils\/"},"modified":"2024-01-04T17:00:13","modified_gmt":"2024-01-04T16:00:13","slug":"cultura-programa-lespectacle-infantil-didactic-sense-fils","status":"publish","type":"post","link":"https:\/\/www.alteacultural.com\/es\/2023\/12\/20\/cultura-programa-lespectacle-infantil-didactic-sense-fils\/","title":{"rendered":"Cultura programa el espectacle infantil did\u00e0ctic \u201cSense Fils\u201d"},"content":{"rendered":"\n<figure class=\"wp-block-image\"><img decoding=\"async\" data-src=\"https:\/\/alteadigital.es\/wp-content\/uploads\/2023\/12\/titelles-Sense-Fils-web.jpg\" alt=\"Cultura programa l\u2019espectacle infantil did\u00e0ctic \u201cSense Fils\u201d\" src=\"data:image\/gif;base64,R0lGODlhAQABAAAAACH5BAEKAAEALAAAAAABAAEAAAICTAEAOw==\" class=\"lazyload\" \/><\/figure>\n\n\n\n<p><strong>Jueves 4 de enero a las 19h en Palau Altea.<\/strong><\/p>\n\n\n\n<p>El Ayuntamiento de Altea, a trav\u00e9s de la concejal\u00eda de Cultura, ha dispuesto el espect\u00e1culo de t\u00edteres, narraci\u00f3n y m\u00fasica, \u201cSense Fils\u201d, destinado a p\u00fablico infantil, que tendr\u00e1 lugar&nbsp; en Palau Altea el 4 de enero; as\u00ed lo da a conocer la edil de \u00e1rea, Pepa Victoria P\u00e9rez.<\/p>\n\n\n\n<p>\u201cSe trata de un espect\u00e1culo did\u00e1ctico cuya historia habla sobre la imaginaci\u00f3n y el poder creativo que habita dentro de cada persona. Una capacidad que puede romper la relaci\u00f3n que muchas veces tienen las palabras y las cosas\u201d; explica P\u00e9rez, quien anima a las familias a disfrutar de este espect\u00e1culo de t\u00edteres en el que tambi\u00e9n est\u00e1 presente la narraci\u00f3n y la m\u00fasica en un cuento en el que unos ni\u00f1os son secuestrados por un brujo y una ni\u00f1a descubre un poder que podr\u00eda ser la soluci\u00f3n a una serie de problemas.<\/p>\n\n\n\n<p>Destinado a p\u00fablico infantil, \u201cSense Fils\u201d har\u00e1 las delicias de quienes asistan a Palau Altea el 4 de enero a las 19h.<\/p>\n\n\n\n<p>El precio de las entradas es de 6\u20ac en taquilla o en la Casa de Cultura y 5\u20ac si se adquieren por adelantado en\u00a0<a href=\"http:\/\/www.alteacultural.com\/\">www.alteacultural.com<\/a> | ALTEADIGITAL.ES<\/p>\n","protected":false},"excerpt":{"rendered":"<p>Jueves 4 de enero a las 19h en Palau Altea. El Ayuntamiento de Altea, a trav\u00e9s de la concejal\u00eda [&hellip;]<\/p>\n","protected":false},"author":1,"featured_media":28386,"comment_status":"open","ping_status":"open","sticky":false,"template":"","format":"standard","meta":{"_expiration-date-status":"","_expiration-date":0,"_expiration-date-type":"","_expiration-date-categories":[],"_expiration-date-options":[],"footnotes":""},"yoast_head":"<!-- This site is optimized with the Yoast SEO plugin v22.8 - https:\/\/yoast.com\/wordpress\/plugins\/seo\/ -->\n<title>Cultura programa el espectacle infantil did\u00e0ctic \u201cSense Fils\u201d - Altea Cultural<\/title>\n<meta name=\"robots\" content=\"index, follow, max-snippet:-1, max-image-preview:large, max-video-preview:-1\" \/>\n<link rel=\"canonical\" href=\"https:\/\/www.alteacultural.com\/es\/2023\/12\/20\/cultura-programa-lespectacle-infantil-didactic-sense-fils\/\" \/>\n<meta property=\"og:locale\" content=\"es_ES\" \/>\n<meta property=\"og:type\" content=\"article\" \/>\n<meta property=\"og:title\" content=\"Cultura programa el espectacle infantil did\u00e0ctic \u201cSense Fils\u201d - Altea Cultural\" \/>\n<meta property=\"og:description\" content=\"Jueves 4 de enero a las 19h en Palau Altea. El Ayuntamiento de Altea, a trav\u00e9s de la concejal\u00eda [&hellip;]\" \/>\n<meta property=\"og:url\" content=\"https:\/\/www.alteacultural.com\/es\/2023\/12\/20\/cultura-programa-lespectacle-infantil-didactic-sense-fils\/\" \/>\n<meta property=\"og:site_name\" content=\"Altea Cultural\" \/>\n<meta property=\"article:published_time\" content=\"2023-12-20T11:02:37+00:00\" \/>\n<meta property=\"article:modified_time\" content=\"2024-01-04T16:00:13+00:00\" \/>\n<meta property=\"og:image\" content=\"https:\/\/www.alteacultural.com\/wp-content\/uploads\/2023\/12\/ESPECTACLE-SENSE-FILS-4gen2024-cartell-01.jpg\" \/>\n\t<meta property=\"og:image:width\" content=\"1754\" \/>\n\t<meta property=\"og:image:height\" content=\"2480\" \/>\n\t<meta property=\"og:image:type\" content=\"image\/jpeg\" \/>\n<meta name=\"author\" content=\"sfaltea.com-admin\" \/>\n<meta name=\"twitter:card\" content=\"summary_large_image\" \/>\n<meta name=\"twitter:label1\" content=\"Escrito por\" \/>\n\t<meta name=\"twitter:data1\" content=\"sfaltea.com-admin\" \/>\n\t<meta name=\"twitter:label2\" content=\"Tiempo de lectura\" \/>\n\t<meta name=\"twitter:data2\" content=\"2 minutos\" \/>\n<script type=\"application\/ld+json\" class=\"yoast-schema-graph\">{\"@context\":\"https:\/\/schema.org\",\"@graph\":[{\"@type\":\"WebPage\",\"@id\":\"https:\/\/www.alteacultural.com\/es\/2023\/12\/20\/cultura-programa-lespectacle-infantil-didactic-sense-fils\/\",\"url\":\"https:\/\/www.alteacultural.com\/es\/2023\/12\/20\/cultura-programa-lespectacle-infantil-didactic-sense-fils\/\",\"name\":\"Cultura programa el espectacle infantil did\u00e0ctic \u201cSense Fils\u201d - Altea Cultural\",\"isPartOf\":{\"@id\":\"https:\/\/www.alteacultural.com\/es\/#website\"},\"primaryImageOfPage\":{\"@id\":\"https:\/\/www.alteacultural.com\/es\/2023\/12\/20\/cultura-programa-lespectacle-infantil-didactic-sense-fils\/#primaryimage\"},\"image\":{\"@id\":\"https:\/\/www.alteacultural.com\/es\/2023\/12\/20\/cultura-programa-lespectacle-infantil-didactic-sense-fils\/#primaryimage\"},\"thumbnailUrl\":\"https:\/\/www.alteacultural.com\/wp-content\/uploads\/2023\/12\/ESPECTACLE-SENSE-FILS-4gen2024-cartell-01.jpg\",\"datePublished\":\"2023-12-20T11:02:37+00:00\",\"dateModified\":\"2024-01-04T16:00:13+00:00\",\"author\":{\"@id\":\"https:\/\/www.alteacultural.com\/es\/#\/schema\/person\/c4e137537f1af546d214a315255e5172\"},\"breadcrumb\":{\"@id\":\"https:\/\/www.alteacultural.com\/es\/2023\/12\/20\/cultura-programa-lespectacle-infantil-didactic-sense-fils\/#breadcrumb\"},\"inLanguage\":\"es\",\"potentialAction\":[{\"@type\":\"ReadAction\",\"target\":[\"https:\/\/www.alteacultural.com\/es\/2023\/12\/20\/cultura-programa-lespectacle-infantil-didactic-sense-fils\/\"]}]},{\"@type\":\"ImageObject\",\"inLanguage\":\"es\",\"@id\":\"https:\/\/www.alteacultural.com\/es\/2023\/12\/20\/cultura-programa-lespectacle-infantil-didactic-sense-fils\/#primaryimage\",\"url\":\"https:\/\/www.alteacultural.com\/wp-content\/uploads\/2023\/12\/ESPECTACLE-SENSE-FILS-4gen2024-cartell-01.jpg\",\"contentUrl\":\"https:\/\/www.alteacultural.com\/wp-content\/uploads\/2023\/12\/ESPECTACLE-SENSE-FILS-4gen2024-cartell-01.jpg\",\"width\":1754,\"height\":2480},{\"@type\":\"BreadcrumbList\",\"@id\":\"https:\/\/www.alteacultural.com\/es\/2023\/12\/20\/cultura-programa-lespectacle-infantil-didactic-sense-fils\/#breadcrumb\",\"itemListElement\":[{\"@type\":\"ListItem\",\"position\":1,\"name\":\"Inici\",\"item\":\"https:\/\/www.alteacultural.com\/es\/\"},{\"@type\":\"ListItem\",\"position\":2,\"name\":\"Cultura programa el espectacle infantil did\u00e0ctic \u201cSense Fils\u201d\"}]},{\"@type\":\"WebSite\",\"@id\":\"https:\/\/www.alteacultural.com\/es\/#website\",\"url\":\"https:\/\/www.alteacultural.com\/es\/\",\"name\":\"Altea Cultural\",\"description\":\"Regidoria de Cultura de l&#039;Ajuntament d&#039;Altea\",\"potentialAction\":[{\"@type\":\"SearchAction\",\"target\":{\"@type\":\"EntryPoint\",\"urlTemplate\":\"https:\/\/www.alteacultural.com\/es\/?s={search_term_string}\"},\"query-input\":\"required name=search_term_string\"}],\"inLanguage\":\"es\"},{\"@type\":\"Person\",\"@id\":\"https:\/\/www.alteacultural.com\/es\/#\/schema\/person\/c4e137537f1af546d214a315255e5172\",\"name\":\"sfaltea.com-admin\",\"image\":{\"@type\":\"ImageObject\",\"inLanguage\":\"es\",\"@id\":\"https:\/\/www.alteacultural.com\/es\/#\/schema\/person\/image\/\",\"url\":\"https:\/\/secure.gravatar.com\/avatar\/f7473fa2fbd351270ccfd469de536202?s=96&d=mm&r=g\",\"contentUrl\":\"https:\/\/secure.gravatar.com\/avatar\/f7473fa2fbd351270ccfd469de536202?s=96&d=mm&r=g\",\"caption\":\"sfaltea.com-admin\"},\"url\":\"https:\/\/www.alteacultural.com\/es\/author\/sfaltea-com-admin\/\"}]}<\/script>\n<!-- \/ Yoast SEO plugin. -->","yoast_head_json":{"title":"Cultura programa el espectacle infantil did\u00e0ctic \u201cSense Fils\u201d - Altea Cultural","robots":{"index":"index","follow":"follow","max-snippet":"max-snippet:-1","max-image-preview":"max-image-preview:large","max-video-preview":"max-video-preview:-1"},"canonical":"https:\/\/www.alteacultural.com\/es\/2023\/12\/20\/cultura-programa-lespectacle-infantil-didactic-sense-fils\/","og_locale":"es_ES","og_type":"article","og_title":"Cultura programa el espectacle infantil did\u00e0ctic \u201cSense Fils\u201d - Altea Cultural","og_description":"Jueves 4 de enero a las 19h en Palau Altea. El Ayuntamiento de Altea, a trav\u00e9s de la concejal\u00eda [&hellip;]","og_url":"https:\/\/www.alteacultural.com\/es\/2023\/12\/20\/cultura-programa-lespectacle-infantil-didactic-sense-fils\/","og_site_name":"Altea Cultural","article_published_time":"2023-12-20T11:02:37+00:00","article_modified_time":"2024-01-04T16:00:13+00:00","og_image":[{"width":1754,"height":2480,"url":"https:\/\/www.alteacultural.com\/wp-content\/uploads\/2023\/12\/ESPECTACLE-SENSE-FILS-4gen2024-cartell-01.jpg","type":"image\/jpeg"}],"author":"sfaltea.com-admin","twitter_card":"summary_large_image","twitter_misc":{"Escrito por":"sfaltea.com-admin","Tiempo de lectura":"2 minutos"},"schema":{"@context":"https:\/\/schema.org","@graph":[{"@type":"WebPage","@id":"https:\/\/www.alteacultural.com\/es\/2023\/12\/20\/cultura-programa-lespectacle-infantil-didactic-sense-fils\/","url":"https:\/\/www.alteacultural.com\/es\/2023\/12\/20\/cultura-programa-lespectacle-infantil-didactic-sense-fils\/","name":"Cultura programa el espectacle infantil did\u00e0ctic \u201cSense Fils\u201d - Altea Cultural","isPartOf":{"@id":"https:\/\/www.alteacultural.com\/es\/#website"},"primaryImageOfPage":{"@id":"https:\/\/www.alteacultural.com\/es\/2023\/12\/20\/cultura-programa-lespectacle-infantil-didactic-sense-fils\/#primaryimage"},"image":{"@id":"https:\/\/www.alteacultural.com\/es\/2023\/12\/20\/cultura-programa-lespectacle-infantil-didactic-sense-fils\/#primaryimage"},"thumbnailUrl":"https:\/\/www.alteacultural.com\/wp-content\/uploads\/2023\/12\/ESPECTACLE-SENSE-FILS-4gen2024-cartell-01.jpg","datePublished":"2023-12-20T11:02:37+00:00","dateModified":"2024-01-04T16:00:13+00:00","author":{"@id":"https:\/\/www.alteacultural.com\/es\/#\/schema\/person\/c4e137537f1af546d214a315255e5172"},"breadcrumb":{"@id":"https:\/\/www.alteacultural.com\/es\/2023\/12\/20\/cultura-programa-lespectacle-infantil-didactic-sense-fils\/#breadcrumb"},"inLanguage":"es","potentialAction":[{"@type":"ReadAction","target":["https:\/\/www.alteacultural.com\/es\/2023\/12\/20\/cultura-programa-lespectacle-infantil-didactic-sense-fils\/"]}]},{"@type":"ImageObject","inLanguage":"es","@id":"https:\/\/www.alteacultural.com\/es\/2023\/12\/20\/cultura-programa-lespectacle-infantil-didactic-sense-fils\/#primaryimage","url":"https:\/\/www.alteacultural.com\/wp-content\/uploads\/2023\/12\/ESPECTACLE-SENSE-FILS-4gen2024-cartell-01.jpg","contentUrl":"https:\/\/www.alteacultural.com\/wp-content\/uploads\/2023\/12\/ESPECTACLE-SENSE-FILS-4gen2024-cartell-01.jpg","width":1754,"height":2480},{"@type":"BreadcrumbList","@id":"https:\/\/www.alteacultural.com\/es\/2023\/12\/20\/cultura-programa-lespectacle-infantil-didactic-sense-fils\/#breadcrumb","itemListElement":[{"@type":"ListItem","position":1,"name":"Inici","item":"https:\/\/www.alteacultural.com\/es\/"},{"@type":"ListItem","position":2,"name":"Cultura programa el espectacle infantil did\u00e0ctic \u201cSense Fils\u201d"}]},{"@type":"WebSite","@id":"https:\/\/www.alteacultural.com\/es\/#website","url":"https:\/\/www.alteacultural.com\/es\/","name":"Altea Cultural","description":"Regidoria de Cultura de l&#039;Ajuntament d&#039;Altea","potentialAction":[{"@type":"SearchAction","target":{"@type":"EntryPoint","urlTemplate":"https:\/\/www.alteacultural.com\/es\/?s={search_term_string}"},"query-input":"required name=search_term_string"}],"inLanguage":"es"},{"@type":"Person","@id":"https:\/\/www.alteacultural.com\/es\/#\/schema\/person\/c4e137537f1af546d214a315255e5172","name":"sfaltea.com-admin","image":{"@type":"ImageObject","inLanguage":"es","@id":"https:\/\/www.alteacultural.com\/es\/#\/schema\/person\/image\/","url":"https:\/\/secure.gravatar.com\/avatar\/f7473fa2fbd351270ccfd469de536202?s=96&d=mm&r=g","contentUrl":"https:\/\/secure.gravatar.com\/avatar\/f7473fa2fbd351270ccfd469de536202?s=96&d=mm&r=g","caption":"sfaltea.com-admin"},"url":"https:\/\/www.alteacultural.com\/es\/author\/sfaltea-com-admin\/"}]}},"_links":{"self":[{"href":"https:\/\/www.alteacultural.com\/es\/wp-json\/wp\/v2\/posts\/28442"}],"collection":[{"href":"https:\/\/www.alteacultural.com\/es\/wp-json\/wp\/v2\/posts"}],"about":[{"href":"https:\/\/www.alteacultural.com\/es\/wp-json\/wp\/v2\/types\/post"}],"author":[{"embeddable":true,"href":"https:\/\/www.alteacultural.com\/es\/wp-json\/wp\/v2\/users\/1"}],"replies":[{"embeddable":true,"href":"https:\/\/www.alteacultural.com\/es\/wp-json\/wp\/v2\/comments?post=28442"}],"version-history":[{"count":1,"href":"https:\/\/www.alteacultural.com\/es\/wp-json\/wp\/v2\/posts\/28442\/revisions"}],"predecessor-version":[{"id":28443,"href":"https:\/\/www.alteacultural.com\/es\/wp-json\/wp\/v2\/posts\/28442\/revisions\/28443"}],"wp:featuredmedia":[{"embeddable":true,"href":"https:\/\/www.alteacultural.com\/es\/wp-json\/wp\/v2\/media\/28386"}],"wp:attachment":[{"href":"https:\/\/www.alteacultural.com\/es\/wp-json\/wp\/v2\/media?parent=28442"}],"curies":[{"name":"wp","href":"https:\/\/api.w.org\/{rel}","templated":true}]}}