{"id":28447,"date":"2023-12-20T12:09:09","date_gmt":"2023-12-20T11:09:09","guid":{"rendered":"https:\/\/www.alteacultural.com\/2023\/12\/20\/cultura-presenta-lexposicio-una-mirada-dautor-per-a-un-poble-dautors\/"},"modified":"2024-01-07T13:00:14","modified_gmt":"2024-01-07T12:00:14","slug":"cultura-presenta-lexposicio-una-mirada-dautor-per-a-un-poble-dautors","status":"publish","type":"post","link":"https:\/\/www.alteacultural.com\/es\/2023\/12\/20\/cultura-presenta-lexposicio-una-mirada-dautor-per-a-un-poble-dautors\/","title":{"rendered":"Cultura presenta la exposici\u00f3n \u201cUna mirada d\u2019autor per a un poble d\u2019autors\u201d"},"content":{"rendered":"\n<figure class=\"wp-block-image\"><img decoding=\"async\" data-src=\"https:\/\/alteadigital.es\/wp-content\/uploads\/2023\/12\/expo-Jose-Manuel-Moraga-web.jpg\" alt=\"Cultura presenta l\u2019exposici\u00f3 \u201cUna mirada d\u2019autor per a un poble d\u2019autors\u201d\" src=\"data:image\/gif;base64,R0lGODlhAQABAAAAACH5BAEKAAEALAAAAAABAAEAAAICTAEAOw==\" class=\"lazyload\" \/><\/figure>\n\n\n\n<p><strong>Casa Toni El Fuster-Fundaci\u00f3n Schlotter hasta el 17 de febrero.<\/strong><\/p>\n\n\n\n<p>La concejal\u00eda de Cultura anuncia la apertura al p\u00fablico de la muestra \u201cUna mirada d\u2019autor per a un poble d\u2019autors\u201d de Jos\u00e9 Manuel Moraga en la Casa Toni El Fuster-Fundaci\u00f3n Schlooter.<\/p>\n\n\n\n<p>La edil de Cultura, Pepa Victoria P\u00e9rez invita a alteanos, alteanas y visitantes a disfrutar de esta exposici\u00f3n fotogr\u00e1fica en la que a trav\u00e9s de 70 im\u00e1genes, realizadas todas ellas en Altea, se muestra una amplia visi\u00f3n del municipio y su ambiente.<\/p>\n\n\n\n<p>\u201cEn las im\u00e1genes se combinan paisajes y gente que forman un todo y que dan sentido a cada una de las fotograf\u00edas\u201d; ha indicado la responsable municipal de Cultura, quien invita a visitar la muestra en estas fechas y hasta el pr\u00f3ximo 17 de febrero.<\/p>\n\n\n\n<p>El horario de visitas es de 10:30 a 13:30h y de 17:00 a 20:00h de martes a s\u00e1bado en la Costera dels Matxos n\u00ba2. La entrada es libre y gratuita.| ALTEADIGITAL.ES<\/p>\n","protected":false},"excerpt":{"rendered":"<p>Casa Toni El Fuster-Fundaci\u00f3n Schlotter hasta el 17 de febrero. La concejal\u00eda de Cultura anuncia la apertura al p\u00fablico [&hellip;]<\/p>\n","protected":false},"author":1,"featured_media":28099,"comment_status":"open","ping_status":"open","sticky":false,"template":"","format":"standard","meta":{"_expiration-date-status":"","_expiration-date":0,"_expiration-date-type":"","_expiration-date-categories":[],"_expiration-date-options":[],"footnotes":""},"yoast_head":"<!-- This site is optimized with the Yoast SEO plugin v22.8 - https:\/\/yoast.com\/wordpress\/plugins\/seo\/ -->\n<title>Cultura presenta la exposici\u00f3n \u201cUna mirada d\u2019autor per a un poble d\u2019autors\u201d - Altea Cultural<\/title>\n<meta name=\"robots\" content=\"index, follow, max-snippet:-1, max-image-preview:large, max-video-preview:-1\" \/>\n<link rel=\"canonical\" href=\"https:\/\/www.alteacultural.com\/es\/2023\/12\/20\/cultura-presenta-lexposicio-una-mirada-dautor-per-a-un-poble-dautors\/\" \/>\n<meta property=\"og:locale\" content=\"es_ES\" \/>\n<meta property=\"og:type\" content=\"article\" \/>\n<meta property=\"og:title\" content=\"Cultura presenta la exposici\u00f3n \u201cUna mirada d\u2019autor per a un poble d\u2019autors\u201d - Altea Cultural\" \/>\n<meta property=\"og:description\" content=\"Casa Toni El Fuster-Fundaci\u00f3n Schlotter hasta el 17 de febrero. La concejal\u00eda de Cultura anuncia la apertura al p\u00fablico [&hellip;]\" \/>\n<meta property=\"og:url\" content=\"https:\/\/www.alteacultural.com\/es\/2023\/12\/20\/cultura-presenta-lexposicio-una-mirada-dautor-per-a-un-poble-dautors\/\" \/>\n<meta property=\"og:site_name\" content=\"Altea Cultural\" \/>\n<meta property=\"article:published_time\" content=\"2023-12-20T11:09:09+00:00\" \/>\n<meta property=\"article:modified_time\" content=\"2024-01-07T12:00:14+00:00\" \/>\n<meta property=\"og:image\" content=\"https:\/\/www.alteacultural.com\/wp-content\/uploads\/2023\/11\/2024-02-17-Cartel-alta-EXPO-MORAGA-scaled.jpg\" \/>\n\t<meta property=\"og:image:width\" content=\"1810\" \/>\n\t<meta property=\"og:image:height\" content=\"2560\" \/>\n\t<meta property=\"og:image:type\" content=\"image\/jpeg\" \/>\n<meta name=\"author\" content=\"sfaltea.com-admin\" \/>\n<meta name=\"twitter:card\" content=\"summary_large_image\" \/>\n<meta name=\"twitter:label1\" content=\"Escrito por\" \/>\n\t<meta name=\"twitter:data1\" content=\"sfaltea.com-admin\" \/>\n\t<meta name=\"twitter:label2\" content=\"Tiempo de lectura\" \/>\n\t<meta name=\"twitter:data2\" content=\"1 minuto\" \/>\n<script type=\"application\/ld+json\" class=\"yoast-schema-graph\">{\"@context\":\"https:\/\/schema.org\",\"@graph\":[{\"@type\":\"WebPage\",\"@id\":\"https:\/\/www.alteacultural.com\/es\/2023\/12\/20\/cultura-presenta-lexposicio-una-mirada-dautor-per-a-un-poble-dautors\/\",\"url\":\"https:\/\/www.alteacultural.com\/es\/2023\/12\/20\/cultura-presenta-lexposicio-una-mirada-dautor-per-a-un-poble-dautors\/\",\"name\":\"Cultura presenta la exposici\u00f3n \u201cUna mirada d\u2019autor per a un poble d\u2019autors\u201d - Altea Cultural\",\"isPartOf\":{\"@id\":\"https:\/\/www.alteacultural.com\/es\/#website\"},\"primaryImageOfPage\":{\"@id\":\"https:\/\/www.alteacultural.com\/es\/2023\/12\/20\/cultura-presenta-lexposicio-una-mirada-dautor-per-a-un-poble-dautors\/#primaryimage\"},\"image\":{\"@id\":\"https:\/\/www.alteacultural.com\/es\/2023\/12\/20\/cultura-presenta-lexposicio-una-mirada-dautor-per-a-un-poble-dautors\/#primaryimage\"},\"thumbnailUrl\":\"https:\/\/www.alteacultural.com\/wp-content\/uploads\/2023\/11\/2024-02-17-Cartel-alta-EXPO-MORAGA-scaled.jpg\",\"datePublished\":\"2023-12-20T11:09:09+00:00\",\"dateModified\":\"2024-01-07T12:00:14+00:00\",\"author\":{\"@id\":\"https:\/\/www.alteacultural.com\/es\/#\/schema\/person\/c4e137537f1af546d214a315255e5172\"},\"breadcrumb\":{\"@id\":\"https:\/\/www.alteacultural.com\/es\/2023\/12\/20\/cultura-presenta-lexposicio-una-mirada-dautor-per-a-un-poble-dautors\/#breadcrumb\"},\"inLanguage\":\"es\",\"potentialAction\":[{\"@type\":\"ReadAction\",\"target\":[\"https:\/\/www.alteacultural.com\/es\/2023\/12\/20\/cultura-presenta-lexposicio-una-mirada-dautor-per-a-un-poble-dautors\/\"]}]},{\"@type\":\"ImageObject\",\"inLanguage\":\"es\",\"@id\":\"https:\/\/www.alteacultural.com\/es\/2023\/12\/20\/cultura-presenta-lexposicio-una-mirada-dautor-per-a-un-poble-dautors\/#primaryimage\",\"url\":\"https:\/\/www.alteacultural.com\/wp-content\/uploads\/2023\/11\/2024-02-17-Cartel-alta-EXPO-MORAGA-scaled.jpg\",\"contentUrl\":\"https:\/\/www.alteacultural.com\/wp-content\/uploads\/2023\/11\/2024-02-17-Cartel-alta-EXPO-MORAGA-scaled.jpg\",\"width\":1810,\"height\":2560},{\"@type\":\"BreadcrumbList\",\"@id\":\"https:\/\/www.alteacultural.com\/es\/2023\/12\/20\/cultura-presenta-lexposicio-una-mirada-dautor-per-a-un-poble-dautors\/#breadcrumb\",\"itemListElement\":[{\"@type\":\"ListItem\",\"position\":1,\"name\":\"Inici\",\"item\":\"https:\/\/www.alteacultural.com\/es\/\"},{\"@type\":\"ListItem\",\"position\":2,\"name\":\"Cultura presenta la exposici\u00f3n \u201cUna mirada d\u2019autor per a un poble d\u2019autors\u201d\"}]},{\"@type\":\"WebSite\",\"@id\":\"https:\/\/www.alteacultural.com\/es\/#website\",\"url\":\"https:\/\/www.alteacultural.com\/es\/\",\"name\":\"Altea Cultural\",\"description\":\"Regidoria de Cultura de l&#039;Ajuntament d&#039;Altea\",\"potentialAction\":[{\"@type\":\"SearchAction\",\"target\":{\"@type\":\"EntryPoint\",\"urlTemplate\":\"https:\/\/www.alteacultural.com\/es\/?s={search_term_string}\"},\"query-input\":\"required name=search_term_string\"}],\"inLanguage\":\"es\"},{\"@type\":\"Person\",\"@id\":\"https:\/\/www.alteacultural.com\/es\/#\/schema\/person\/c4e137537f1af546d214a315255e5172\",\"name\":\"sfaltea.com-admin\",\"image\":{\"@type\":\"ImageObject\",\"inLanguage\":\"es\",\"@id\":\"https:\/\/www.alteacultural.com\/es\/#\/schema\/person\/image\/\",\"url\":\"https:\/\/secure.gravatar.com\/avatar\/f7473fa2fbd351270ccfd469de536202?s=96&d=mm&r=g\",\"contentUrl\":\"https:\/\/secure.gravatar.com\/avatar\/f7473fa2fbd351270ccfd469de536202?s=96&d=mm&r=g\",\"caption\":\"sfaltea.com-admin\"},\"url\":\"https:\/\/www.alteacultural.com\/es\/author\/sfaltea-com-admin\/\"}]}<\/script>\n<!-- \/ Yoast SEO plugin. -->","yoast_head_json":{"title":"Cultura presenta la exposici\u00f3n \u201cUna mirada d\u2019autor per a un poble d\u2019autors\u201d - Altea Cultural","robots":{"index":"index","follow":"follow","max-snippet":"max-snippet:-1","max-image-preview":"max-image-preview:large","max-video-preview":"max-video-preview:-1"},"canonical":"https:\/\/www.alteacultural.com\/es\/2023\/12\/20\/cultura-presenta-lexposicio-una-mirada-dautor-per-a-un-poble-dautors\/","og_locale":"es_ES","og_type":"article","og_title":"Cultura presenta la exposici\u00f3n \u201cUna mirada d\u2019autor per a un poble d\u2019autors\u201d - Altea Cultural","og_description":"Casa Toni El Fuster-Fundaci\u00f3n Schlotter hasta el 17 de febrero. La concejal\u00eda de Cultura anuncia la apertura al p\u00fablico [&hellip;]","og_url":"https:\/\/www.alteacultural.com\/es\/2023\/12\/20\/cultura-presenta-lexposicio-una-mirada-dautor-per-a-un-poble-dautors\/","og_site_name":"Altea Cultural","article_published_time":"2023-12-20T11:09:09+00:00","article_modified_time":"2024-01-07T12:00:14+00:00","og_image":[{"width":1810,"height":2560,"url":"https:\/\/www.alteacultural.com\/wp-content\/uploads\/2023\/11\/2024-02-17-Cartel-alta-EXPO-MORAGA-scaled.jpg","type":"image\/jpeg"}],"author":"sfaltea.com-admin","twitter_card":"summary_large_image","twitter_misc":{"Escrito por":"sfaltea.com-admin","Tiempo de lectura":"1 minuto"},"schema":{"@context":"https:\/\/schema.org","@graph":[{"@type":"WebPage","@id":"https:\/\/www.alteacultural.com\/es\/2023\/12\/20\/cultura-presenta-lexposicio-una-mirada-dautor-per-a-un-poble-dautors\/","url":"https:\/\/www.alteacultural.com\/es\/2023\/12\/20\/cultura-presenta-lexposicio-una-mirada-dautor-per-a-un-poble-dautors\/","name":"Cultura presenta la exposici\u00f3n \u201cUna mirada d\u2019autor per a un poble d\u2019autors\u201d - Altea Cultural","isPartOf":{"@id":"https:\/\/www.alteacultural.com\/es\/#website"},"primaryImageOfPage":{"@id":"https:\/\/www.alteacultural.com\/es\/2023\/12\/20\/cultura-presenta-lexposicio-una-mirada-dautor-per-a-un-poble-dautors\/#primaryimage"},"image":{"@id":"https:\/\/www.alteacultural.com\/es\/2023\/12\/20\/cultura-presenta-lexposicio-una-mirada-dautor-per-a-un-poble-dautors\/#primaryimage"},"thumbnailUrl":"https:\/\/www.alteacultural.com\/wp-content\/uploads\/2023\/11\/2024-02-17-Cartel-alta-EXPO-MORAGA-scaled.jpg","datePublished":"2023-12-20T11:09:09+00:00","dateModified":"2024-01-07T12:00:14+00:00","author":{"@id":"https:\/\/www.alteacultural.com\/es\/#\/schema\/person\/c4e137537f1af546d214a315255e5172"},"breadcrumb":{"@id":"https:\/\/www.alteacultural.com\/es\/2023\/12\/20\/cultura-presenta-lexposicio-una-mirada-dautor-per-a-un-poble-dautors\/#breadcrumb"},"inLanguage":"es","potentialAction":[{"@type":"ReadAction","target":["https:\/\/www.alteacultural.com\/es\/2023\/12\/20\/cultura-presenta-lexposicio-una-mirada-dautor-per-a-un-poble-dautors\/"]}]},{"@type":"ImageObject","inLanguage":"es","@id":"https:\/\/www.alteacultural.com\/es\/2023\/12\/20\/cultura-presenta-lexposicio-una-mirada-dautor-per-a-un-poble-dautors\/#primaryimage","url":"https:\/\/www.alteacultural.com\/wp-content\/uploads\/2023\/11\/2024-02-17-Cartel-alta-EXPO-MORAGA-scaled.jpg","contentUrl":"https:\/\/www.alteacultural.com\/wp-content\/uploads\/2023\/11\/2024-02-17-Cartel-alta-EXPO-MORAGA-scaled.jpg","width":1810,"height":2560},{"@type":"BreadcrumbList","@id":"https:\/\/www.alteacultural.com\/es\/2023\/12\/20\/cultura-presenta-lexposicio-una-mirada-dautor-per-a-un-poble-dautors\/#breadcrumb","itemListElement":[{"@type":"ListItem","position":1,"name":"Inici","item":"https:\/\/www.alteacultural.com\/es\/"},{"@type":"ListItem","position":2,"name":"Cultura presenta la exposici\u00f3n \u201cUna mirada d\u2019autor per a un poble d\u2019autors\u201d"}]},{"@type":"WebSite","@id":"https:\/\/www.alteacultural.com\/es\/#website","url":"https:\/\/www.alteacultural.com\/es\/","name":"Altea Cultural","description":"Regidoria de Cultura de l&#039;Ajuntament d&#039;Altea","potentialAction":[{"@type":"SearchAction","target":{"@type":"EntryPoint","urlTemplate":"https:\/\/www.alteacultural.com\/es\/?s={search_term_string}"},"query-input":"required name=search_term_string"}],"inLanguage":"es"},{"@type":"Person","@id":"https:\/\/www.alteacultural.com\/es\/#\/schema\/person\/c4e137537f1af546d214a315255e5172","name":"sfaltea.com-admin","image":{"@type":"ImageObject","inLanguage":"es","@id":"https:\/\/www.alteacultural.com\/es\/#\/schema\/person\/image\/","url":"https:\/\/secure.gravatar.com\/avatar\/f7473fa2fbd351270ccfd469de536202?s=96&d=mm&r=g","contentUrl":"https:\/\/secure.gravatar.com\/avatar\/f7473fa2fbd351270ccfd469de536202?s=96&d=mm&r=g","caption":"sfaltea.com-admin"},"url":"https:\/\/www.alteacultural.com\/es\/author\/sfaltea-com-admin\/"}]}},"_links":{"self":[{"href":"https:\/\/www.alteacultural.com\/es\/wp-json\/wp\/v2\/posts\/28447"}],"collection":[{"href":"https:\/\/www.alteacultural.com\/es\/wp-json\/wp\/v2\/posts"}],"about":[{"href":"https:\/\/www.alteacultural.com\/es\/wp-json\/wp\/v2\/types\/post"}],"author":[{"embeddable":true,"href":"https:\/\/www.alteacultural.com\/es\/wp-json\/wp\/v2\/users\/1"}],"replies":[{"embeddable":true,"href":"https:\/\/www.alteacultural.com\/es\/wp-json\/wp\/v2\/comments?post=28447"}],"version-history":[{"count":1,"href":"https:\/\/www.alteacultural.com\/es\/wp-json\/wp\/v2\/posts\/28447\/revisions"}],"predecessor-version":[{"id":28448,"href":"https:\/\/www.alteacultural.com\/es\/wp-json\/wp\/v2\/posts\/28447\/revisions\/28448"}],"wp:featuredmedia":[{"embeddable":true,"href":"https:\/\/www.alteacultural.com\/es\/wp-json\/wp\/v2\/media\/28099"}],"wp:attachment":[{"href":"https:\/\/www.alteacultural.com\/es\/wp-json\/wp\/v2\/media?parent=28447"}],"curies":[{"name":"wp","href":"https:\/\/api.w.org\/{rel}","templated":true}]}}