{"id":28602,"date":"2024-01-17T11:34:20","date_gmt":"2024-01-17T10:34:20","guid":{"rendered":"https:\/\/www.alteacultural.com\/2024\/01\/17\/cultura-dedica-una-jornada-de-coneiximent-a-la-figura-del-pintor-juan-navarro-ramon\/"},"modified":"2024-01-18T10:00:10","modified_gmt":"2024-01-18T09:00:10","slug":"cultura-dedica-una-jornada-de-coneiximent-a-la-figura-del-pintor-juan-navarro-ramon","status":"publish","type":"post","link":"https:\/\/www.alteacultural.com\/es\/2024\/01\/17\/cultura-dedica-una-jornada-de-coneiximent-a-la-figura-del-pintor-juan-navarro-ramon\/","title":{"rendered":"Cultura dedica una jornada de conocimiento a la figura del pintor Juan Navarro Ram\u00f3n"},"content":{"rendered":"\n<p><img fetchpriority=\"high\" decoding=\"async\" width=\"1080\" height=\"675\" srcset=\"https:\/\/alteadigital.es\/wp-content\/uploads\/2024\/01\/JornadaJuanNavarroRamonYAltea_18ene2024_Diptic-1.jpg 1080w, https:\/\/alteadigital.es\/wp-content\/uploads\/2024\/01\/JornadaJuanNavarroRamonYAltea_18ene2024_Diptic-1-480x674.jpg 480w\" src=\"https:\/\/alteadigital.es\/wp-content\/uploads\/2024\/01\/JornadaJuanNavarroRamonYAltea_18ene2024_Diptic-1.jpg\" alt=\"Cultura dedica una jornada de coneiximent a la figura del pintor Juan Navarro Ram\u00f3n\" class=\"\"><\/p>\n\n\n\n<p><strong>\u201cJuan Navarro Ram\u00f3n y Altea\u201d tendr\u00e1 lugar el jueves 18 de enero en la Casa de Cultura.<\/strong><\/p>\n\n\n\n<p>El Ayuntamiento de Altea, a trav\u00e9s de la concejal\u00eda de Cultura, quiere rendir homenaje y poner en valor una vez m\u00e1s la figura del pintor alteano Juan Navarro Ram\u00f3n para conmemorar el 120 aniversario del nacimiento del artista y para ello ha proyectado la realizaci\u00f3n de una jornada dedicada a su vida y obra. As\u00ed lo informa la edil de Cultura, Pepa Victoria P\u00e9rez.<\/p>\n\n\n\n<p>Esta jornada, en la que se exaltar\u00e1 la figura del artista, tendr\u00e1 lugar el jueves 18 de enero a partir de las 09:00h en la Casa de Cultura de Altea y durante la misma se desarrollar\u00e1n diversas mesas redondas con reducidas ponencias centradas en las aportaciones de alteanos sobre Navarro Ram\u00f3n.<\/p>\n\n\n\n<p>En palabras de Juana Mar\u00eda Balsalobre, comisaria de la efem\u00e9ride, estudiosa y conocedora de la obra del artista, \u201cse trata de un encuentro que tiene como objetivo aportar, compartir, dar vida y visibilizar al artista, creador referente fundamental del arte en el siglo XX\u201d.<\/p>\n\n\n\n<p>\u201cSe trata de una jornada participativa y est\u00e1 articulada como una importante contribuci\u00f3n con fuentes orales en las que se tratar\u00e1 de fijar la memoria sobre nuestro pintor\u201d; ha a\u00f1adido Balsalobre quien califica al artista como \u201cuno de los mejores pintores del siglo pasado\u201d.<\/p>\n\n\n\n<p>Adem\u00e1s de esta jornada de estudio y conocimiento de la obra del pintor alteano Juan Navarro Ram\u00f3n, en el 120 aniversario de su nacimiento, la concejal\u00eda de Cultura ha dispuesto una exposici\u00f3n de su obra al aire libre, reproducida en t\u00f3tems que estar\u00e1 ubicada en el Paseo, concretamente en la \u201cPlatja del Bol\u201d, cuya inauguraci\u00f3n tendr\u00e1 lugar el viernes 19 de enero a las 12:00h. Una exposici\u00f3n que la responsable municipal de Cultura, Pepa V. P\u00e9rez, invita a visitar para conocer uno de los artistas m\u00e1s internacionales que ha dado el municipio de Altea.|ALTEADIGITAL.ES<\/p>\n","protected":false},"excerpt":{"rendered":"<p>\u201cJuan Navarro Ram\u00f3n y Altea\u201d tendr\u00e1 lugar el jueves 18 de enero en la Casa de Cultura. El Ayuntamiento [&hellip;]<\/p>\n","protected":false},"author":1,"featured_media":28566,"comment_status":"open","ping_status":"open","sticky":false,"template":"","format":"standard","meta":{"_expiration-date-status":"","_expiration-date":0,"_expiration-date-type":"","_expiration-date-categories":[],"_expiration-date-options":[],"footnotes":""},"yoast_head":"<!-- This site is optimized with the Yoast SEO plugin v22.8 - https:\/\/yoast.com\/wordpress\/plugins\/seo\/ -->\n<title>Cultura dedica una jornada de conocimiento a la figura del pintor Juan Navarro Ram\u00f3n - Altea Cultural<\/title>\n<meta name=\"robots\" content=\"index, follow, max-snippet:-1, max-image-preview:large, max-video-preview:-1\" \/>\n<link rel=\"canonical\" href=\"https:\/\/www.alteacultural.com\/es\/2024\/01\/17\/cultura-dedica-una-jornada-de-coneiximent-a-la-figura-del-pintor-juan-navarro-ramon\/\" \/>\n<meta property=\"og:locale\" content=\"es_ES\" \/>\n<meta property=\"og:type\" content=\"article\" \/>\n<meta property=\"og:title\" content=\"Cultura dedica una jornada de conocimiento a la figura del pintor Juan Navarro Ram\u00f3n - Altea Cultural\" \/>\n<meta property=\"og:description\" content=\"\u201cJuan Navarro Ram\u00f3n y Altea\u201d tendr\u00e1 lugar el jueves 18 de enero en la Casa de Cultura. El Ayuntamiento [&hellip;]\" \/>\n<meta property=\"og:url\" content=\"https:\/\/www.alteacultural.com\/es\/2024\/01\/17\/cultura-dedica-una-jornada-de-coneiximent-a-la-figura-del-pintor-juan-navarro-ramon\/\" \/>\n<meta property=\"og:site_name\" content=\"Altea Cultural\" \/>\n<meta property=\"article:published_time\" content=\"2024-01-17T10:34:20+00:00\" \/>\n<meta property=\"article:modified_time\" content=\"2024-01-18T09:00:10+00:00\" \/>\n<meta property=\"og:image\" content=\"https:\/\/www.alteacultural.com\/wp-content\/uploads\/2024\/01\/JornadaJuanNavarroRamonYAltea_18ene2024_Diptic-1.jpg\" \/>\n\t<meta property=\"og:image:width\" content=\"1765\" \/>\n\t<meta property=\"og:image:height\" content=\"2480\" \/>\n\t<meta property=\"og:image:type\" content=\"image\/jpeg\" \/>\n<meta name=\"author\" content=\"sfaltea.com-admin\" \/>\n<meta name=\"twitter:card\" content=\"summary_large_image\" \/>\n<meta name=\"twitter:label1\" content=\"Escrito por\" \/>\n\t<meta name=\"twitter:data1\" content=\"sfaltea.com-admin\" \/>\n\t<meta name=\"twitter:label2\" content=\"Tiempo de lectura\" \/>\n\t<meta name=\"twitter:data2\" content=\"2 minutos\" \/>\n<script type=\"application\/ld+json\" class=\"yoast-schema-graph\">{\"@context\":\"https:\/\/schema.org\",\"@graph\":[{\"@type\":\"WebPage\",\"@id\":\"https:\/\/www.alteacultural.com\/es\/2024\/01\/17\/cultura-dedica-una-jornada-de-coneiximent-a-la-figura-del-pintor-juan-navarro-ramon\/\",\"url\":\"https:\/\/www.alteacultural.com\/es\/2024\/01\/17\/cultura-dedica-una-jornada-de-coneiximent-a-la-figura-del-pintor-juan-navarro-ramon\/\",\"name\":\"Cultura dedica una jornada de conocimiento a la figura del pintor Juan Navarro Ram\u00f3n - Altea Cultural\",\"isPartOf\":{\"@id\":\"https:\/\/www.alteacultural.com\/es\/#website\"},\"primaryImageOfPage\":{\"@id\":\"https:\/\/www.alteacultural.com\/es\/2024\/01\/17\/cultura-dedica-una-jornada-de-coneiximent-a-la-figura-del-pintor-juan-navarro-ramon\/#primaryimage\"},\"image\":{\"@id\":\"https:\/\/www.alteacultural.com\/es\/2024\/01\/17\/cultura-dedica-una-jornada-de-coneiximent-a-la-figura-del-pintor-juan-navarro-ramon\/#primaryimage\"},\"thumbnailUrl\":\"https:\/\/www.alteacultural.com\/wp-content\/uploads\/2024\/01\/JornadaJuanNavarroRamonYAltea_18ene2024_Diptic-1.jpg\",\"datePublished\":\"2024-01-17T10:34:20+00:00\",\"dateModified\":\"2024-01-18T09:00:10+00:00\",\"author\":{\"@id\":\"https:\/\/www.alteacultural.com\/es\/#\/schema\/person\/c4e137537f1af546d214a315255e5172\"},\"breadcrumb\":{\"@id\":\"https:\/\/www.alteacultural.com\/es\/2024\/01\/17\/cultura-dedica-una-jornada-de-coneiximent-a-la-figura-del-pintor-juan-navarro-ramon\/#breadcrumb\"},\"inLanguage\":\"es\",\"potentialAction\":[{\"@type\":\"ReadAction\",\"target\":[\"https:\/\/www.alteacultural.com\/es\/2024\/01\/17\/cultura-dedica-una-jornada-de-coneiximent-a-la-figura-del-pintor-juan-navarro-ramon\/\"]}]},{\"@type\":\"ImageObject\",\"inLanguage\":\"es\",\"@id\":\"https:\/\/www.alteacultural.com\/es\/2024\/01\/17\/cultura-dedica-una-jornada-de-coneiximent-a-la-figura-del-pintor-juan-navarro-ramon\/#primaryimage\",\"url\":\"https:\/\/www.alteacultural.com\/wp-content\/uploads\/2024\/01\/JornadaJuanNavarroRamonYAltea_18ene2024_Diptic-1.jpg\",\"contentUrl\":\"https:\/\/www.alteacultural.com\/wp-content\/uploads\/2024\/01\/JornadaJuanNavarroRamonYAltea_18ene2024_Diptic-1.jpg\",\"width\":1765,\"height\":2480},{\"@type\":\"BreadcrumbList\",\"@id\":\"https:\/\/www.alteacultural.com\/es\/2024\/01\/17\/cultura-dedica-una-jornada-de-coneiximent-a-la-figura-del-pintor-juan-navarro-ramon\/#breadcrumb\",\"itemListElement\":[{\"@type\":\"ListItem\",\"position\":1,\"name\":\"Inici\",\"item\":\"https:\/\/www.alteacultural.com\/es\/\"},{\"@type\":\"ListItem\",\"position\":2,\"name\":\"Cultura dedica una jornada de conocimiento a la figura del pintor Juan Navarro Ram\u00f3n\"}]},{\"@type\":\"WebSite\",\"@id\":\"https:\/\/www.alteacultural.com\/es\/#website\",\"url\":\"https:\/\/www.alteacultural.com\/es\/\",\"name\":\"Altea Cultural\",\"description\":\"Regidoria de Cultura de l&#039;Ajuntament d&#039;Altea\",\"potentialAction\":[{\"@type\":\"SearchAction\",\"target\":{\"@type\":\"EntryPoint\",\"urlTemplate\":\"https:\/\/www.alteacultural.com\/es\/?s={search_term_string}\"},\"query-input\":\"required name=search_term_string\"}],\"inLanguage\":\"es\"},{\"@type\":\"Person\",\"@id\":\"https:\/\/www.alteacultural.com\/es\/#\/schema\/person\/c4e137537f1af546d214a315255e5172\",\"name\":\"sfaltea.com-admin\",\"image\":{\"@type\":\"ImageObject\",\"inLanguage\":\"es\",\"@id\":\"https:\/\/www.alteacultural.com\/es\/#\/schema\/person\/image\/\",\"url\":\"https:\/\/secure.gravatar.com\/avatar\/f7473fa2fbd351270ccfd469de536202?s=96&d=mm&r=g\",\"contentUrl\":\"https:\/\/secure.gravatar.com\/avatar\/f7473fa2fbd351270ccfd469de536202?s=96&d=mm&r=g\",\"caption\":\"sfaltea.com-admin\"},\"url\":\"https:\/\/www.alteacultural.com\/es\/author\/sfaltea-com-admin\/\"}]}<\/script>\n<!-- \/ Yoast SEO plugin. -->","yoast_head_json":{"title":"Cultura dedica una jornada de conocimiento a la figura del pintor Juan Navarro Ram\u00f3n - Altea Cultural","robots":{"index":"index","follow":"follow","max-snippet":"max-snippet:-1","max-image-preview":"max-image-preview:large","max-video-preview":"max-video-preview:-1"},"canonical":"https:\/\/www.alteacultural.com\/es\/2024\/01\/17\/cultura-dedica-una-jornada-de-coneiximent-a-la-figura-del-pintor-juan-navarro-ramon\/","og_locale":"es_ES","og_type":"article","og_title":"Cultura dedica una jornada de conocimiento a la figura del pintor Juan Navarro Ram\u00f3n - Altea Cultural","og_description":"\u201cJuan Navarro Ram\u00f3n y Altea\u201d tendr\u00e1 lugar el jueves 18 de enero en la Casa de Cultura. El Ayuntamiento [&hellip;]","og_url":"https:\/\/www.alteacultural.com\/es\/2024\/01\/17\/cultura-dedica-una-jornada-de-coneiximent-a-la-figura-del-pintor-juan-navarro-ramon\/","og_site_name":"Altea Cultural","article_published_time":"2024-01-17T10:34:20+00:00","article_modified_time":"2024-01-18T09:00:10+00:00","og_image":[{"width":1765,"height":2480,"url":"https:\/\/www.alteacultural.com\/wp-content\/uploads\/2024\/01\/JornadaJuanNavarroRamonYAltea_18ene2024_Diptic-1.jpg","type":"image\/jpeg"}],"author":"sfaltea.com-admin","twitter_card":"summary_large_image","twitter_misc":{"Escrito por":"sfaltea.com-admin","Tiempo de lectura":"2 minutos"},"schema":{"@context":"https:\/\/schema.org","@graph":[{"@type":"WebPage","@id":"https:\/\/www.alteacultural.com\/es\/2024\/01\/17\/cultura-dedica-una-jornada-de-coneiximent-a-la-figura-del-pintor-juan-navarro-ramon\/","url":"https:\/\/www.alteacultural.com\/es\/2024\/01\/17\/cultura-dedica-una-jornada-de-coneiximent-a-la-figura-del-pintor-juan-navarro-ramon\/","name":"Cultura dedica una jornada de conocimiento a la figura del pintor Juan Navarro Ram\u00f3n - Altea Cultural","isPartOf":{"@id":"https:\/\/www.alteacultural.com\/es\/#website"},"primaryImageOfPage":{"@id":"https:\/\/www.alteacultural.com\/es\/2024\/01\/17\/cultura-dedica-una-jornada-de-coneiximent-a-la-figura-del-pintor-juan-navarro-ramon\/#primaryimage"},"image":{"@id":"https:\/\/www.alteacultural.com\/es\/2024\/01\/17\/cultura-dedica-una-jornada-de-coneiximent-a-la-figura-del-pintor-juan-navarro-ramon\/#primaryimage"},"thumbnailUrl":"https:\/\/www.alteacultural.com\/wp-content\/uploads\/2024\/01\/JornadaJuanNavarroRamonYAltea_18ene2024_Diptic-1.jpg","datePublished":"2024-01-17T10:34:20+00:00","dateModified":"2024-01-18T09:00:10+00:00","author":{"@id":"https:\/\/www.alteacultural.com\/es\/#\/schema\/person\/c4e137537f1af546d214a315255e5172"},"breadcrumb":{"@id":"https:\/\/www.alteacultural.com\/es\/2024\/01\/17\/cultura-dedica-una-jornada-de-coneiximent-a-la-figura-del-pintor-juan-navarro-ramon\/#breadcrumb"},"inLanguage":"es","potentialAction":[{"@type":"ReadAction","target":["https:\/\/www.alteacultural.com\/es\/2024\/01\/17\/cultura-dedica-una-jornada-de-coneiximent-a-la-figura-del-pintor-juan-navarro-ramon\/"]}]},{"@type":"ImageObject","inLanguage":"es","@id":"https:\/\/www.alteacultural.com\/es\/2024\/01\/17\/cultura-dedica-una-jornada-de-coneiximent-a-la-figura-del-pintor-juan-navarro-ramon\/#primaryimage","url":"https:\/\/www.alteacultural.com\/wp-content\/uploads\/2024\/01\/JornadaJuanNavarroRamonYAltea_18ene2024_Diptic-1.jpg","contentUrl":"https:\/\/www.alteacultural.com\/wp-content\/uploads\/2024\/01\/JornadaJuanNavarroRamonYAltea_18ene2024_Diptic-1.jpg","width":1765,"height":2480},{"@type":"BreadcrumbList","@id":"https:\/\/www.alteacultural.com\/es\/2024\/01\/17\/cultura-dedica-una-jornada-de-coneiximent-a-la-figura-del-pintor-juan-navarro-ramon\/#breadcrumb","itemListElement":[{"@type":"ListItem","position":1,"name":"Inici","item":"https:\/\/www.alteacultural.com\/es\/"},{"@type":"ListItem","position":2,"name":"Cultura dedica una jornada de conocimiento a la figura del pintor Juan Navarro Ram\u00f3n"}]},{"@type":"WebSite","@id":"https:\/\/www.alteacultural.com\/es\/#website","url":"https:\/\/www.alteacultural.com\/es\/","name":"Altea Cultural","description":"Regidoria de Cultura de l&#039;Ajuntament d&#039;Altea","potentialAction":[{"@type":"SearchAction","target":{"@type":"EntryPoint","urlTemplate":"https:\/\/www.alteacultural.com\/es\/?s={search_term_string}"},"query-input":"required name=search_term_string"}],"inLanguage":"es"},{"@type":"Person","@id":"https:\/\/www.alteacultural.com\/es\/#\/schema\/person\/c4e137537f1af546d214a315255e5172","name":"sfaltea.com-admin","image":{"@type":"ImageObject","inLanguage":"es","@id":"https:\/\/www.alteacultural.com\/es\/#\/schema\/person\/image\/","url":"https:\/\/secure.gravatar.com\/avatar\/f7473fa2fbd351270ccfd469de536202?s=96&d=mm&r=g","contentUrl":"https:\/\/secure.gravatar.com\/avatar\/f7473fa2fbd351270ccfd469de536202?s=96&d=mm&r=g","caption":"sfaltea.com-admin"},"url":"https:\/\/www.alteacultural.com\/es\/author\/sfaltea-com-admin\/"}]}},"_links":{"self":[{"href":"https:\/\/www.alteacultural.com\/es\/wp-json\/wp\/v2\/posts\/28602"}],"collection":[{"href":"https:\/\/www.alteacultural.com\/es\/wp-json\/wp\/v2\/posts"}],"about":[{"href":"https:\/\/www.alteacultural.com\/es\/wp-json\/wp\/v2\/types\/post"}],"author":[{"embeddable":true,"href":"https:\/\/www.alteacultural.com\/es\/wp-json\/wp\/v2\/users\/1"}],"replies":[{"embeddable":true,"href":"https:\/\/www.alteacultural.com\/es\/wp-json\/wp\/v2\/comments?post=28602"}],"version-history":[{"count":1,"href":"https:\/\/www.alteacultural.com\/es\/wp-json\/wp\/v2\/posts\/28602\/revisions"}],"predecessor-version":[{"id":28603,"href":"https:\/\/www.alteacultural.com\/es\/wp-json\/wp\/v2\/posts\/28602\/revisions\/28603"}],"wp:featuredmedia":[{"embeddable":true,"href":"https:\/\/www.alteacultural.com\/es\/wp-json\/wp\/v2\/media\/28566"}],"wp:attachment":[{"href":"https:\/\/www.alteacultural.com\/es\/wp-json\/wp\/v2\/media?parent=28602"}],"curies":[{"name":"wp","href":"https:\/\/api.w.org\/{rel}","templated":true}]}}