{"id":28623,"date":"2024-01-19T07:44:43","date_gmt":"2024-01-19T06:44:43","guid":{"rendered":"https:\/\/www.alteacultural.com\/2024\/01\/19\/la-ciutadania-aporta-coneixements-i-experiencies-a-les-jornades-juan-navarro-ramon-i-altea\/"},"modified":"2024-01-20T15:00:09","modified_gmt":"2024-01-20T14:00:09","slug":"la-ciutadania-aporta-coneixements-i-experiencies-a-les-jornades-juan-navarro-ramon-i-altea","status":"publish","type":"post","link":"https:\/\/www.alteacultural.com\/es\/2024\/01\/19\/la-ciutadania-aporta-coneixements-i-experiencies-a-les-jornades-juan-navarro-ramon-i-altea\/","title":{"rendered":"La ciudadan\u00eda aporta conocimientos y experiencias a las jornadas \u201cJuan Navarro Ram\u00f3n y Altea\u201d"},"content":{"rendered":"\n<figure class=\"wp-block-image\"><img decoding=\"async\" data-src=\"https:\/\/alteadigital.es\/wp-content\/uploads\/2024\/01\/presentacio-web.jpg\" alt=\"La ciutadania aporta coneixements i experi\u00e8ncies a les jornades \u201cJuan Navarro Ram\u00f3n i Altea\u201d\" src=\"data:image\/gif;base64,R0lGODlhAQABAAAAACH5BAEKAAEALAAAAAABAAEAAAICTAEAOw==\" class=\"lazyload\" \/><\/figure>\n\n\n\n<p><strong>La jornada de difusi\u00f3n sobre la vida y obra de Juan Navarro Ram\u00f3n, con motivo del 120 aniversario de su&nbsp; nacimiento, desemboca en la presentaci\u00f3n de una web dedicada al pintor alteano.<\/strong><\/p>\n\n\n\n<p>A las 09:00h de hoy daba inicio la jornada \u201cJuan Navarro Ram\u00f3n y Altea\u201d, organizada por la concejal\u00eda de Cultura y Juana Mar\u00eda Balsalobre, Comisaria de los actos organizados para conmemorar el 120 aniversario del nacimiento del pintor alteano m\u00e1s internacional, Juan Navarro Ram\u00f3n y cuyo coordinador es Ignacio Beltr\u00e1n. Jornada que, adem\u00e1s de exaltar la figura del artista, ha servido para conocer todo el trabajo realizado por mucha gente para dar a conocer la vida y obra del artista y entre cuyos frutos se encuentra la web&nbsp;<a href=\"https:\/\/navarroramon.com\/ca\/inici\/\">https:\/\/navarroramon.com\/ca\/inici\/<\/a>&nbsp;i la marca Navarro Ram\u00f3n; en las que se ha trabajado en los \u00faltimos dos a\u00f1os.<\/p>\n\n\n\n<p>La inauguraci\u00f3n de la Jornada y bienvenida a los presentes ha corrido a cargo de la edil de Cultura, Pepa Victoria P\u00e9rez, quien ha subrayado la suma de muchos esfuerzos que han fructificado en distintas acciones cuyo objeto com\u00fan es dar difusi\u00f3n a la obra del pintor Navarro Ram\u00f3n.<\/p>\n\n\n\n<p>Y tambi\u00e9n en la presentaci\u00f3n ha intervenido Juana Maria Balsalobre, historiadora del arte, quien ha manifestado sentirse feliz; \u201cpara mi hoy es un d\u00eda feliz. Despu\u00e9s de m\u00e1s de 20 a\u00f1os siguiendo a Navarro Ram\u00f3n, el que hoy tengamos esta jornada y los alteanos se hayan implicado es important\u00edsimo porque Altea es el faro y es la que tiene que iluminar al resto\u201d. \u201cPuedo certificar que es un artista \u00fanico y que sus obras son atemporales. Son obras que hoy mantienen la calidad en todos los aspectos\u201d; ha a\u00f1adido Balsalobre.<\/p>\n\n\n\n<p>Juana Mar\u00eda Balsalobre ha dado las gracias a Altea por haber atendido sus peticiones, en especial a \u201ceste \u00faltimo periodo ha sido muy enriquecedor\u201d.<\/p>\n\n\n\n<p>\u201cEsta jornada nace con la idea de que sean los alteanos los protagonistas. De que hablen de Navarro Ram\u00f3n los que le conocieron porque son una fuente que si no se guarda va a desaparecer y tambi\u00e9n los que le han ido descubriendo despu\u00e9s\u201d. Con estas palabras, la Comisaria de la efem\u00e9ride ha introducido la jornada abierta a la participaci\u00f3n que hoy se est\u00e1 celebrando en Altea entorno a la figura de Juan Navarro Ram\u00f3n, contempor\u00e1neo y amigo de Pablo Picasso.<\/p>\n\n\n\n<p>Durante la jornada \u201cJuan Navarro y Altea\u201d se est\u00e1n desarrollando diversas mesas redondas con reducidas ponencias centradas en las aportaciones sobre Navarro Ram\u00f3n, que se prolongar\u00e1n hasta la tarde-noche.<\/p>\n\n\n\n<div class=\"wp-block-image\"><figure class=\"aligncenter\"><img decoding=\"async\" data-src=\"https:\/\/alteadigital.es\/wp-content\/uploads\/2024\/01\/un-instant-de-les-intervencions-web.jpg\" alt=\"\" class=\"wp-image-115504 lazyload\" src=\"data:image\/gif;base64,R0lGODlhAQABAAAAACH5BAEKAAEALAAAAAABAAEAAAICTAEAOw==\" \/><\/figure><\/div>\n\n\n\n<p>Una vez presentada la Jornada, se ha dado paso a las mesas redondas en las que los intervinientes han tenido unos minutos para hablar del artista y su obra. Ha inaugurado la primera mesa redonda el ex alcalde de Altea Jaume Llinares, quien ha expresado la relevancia que para el municipio tiene la cultura y lo que esta significa para un municipio que durante un a\u00f1o lleva a cabo m\u00e1s de 300 actividades culturales, as\u00ed como ha subrayado lo que para \u00e9l es la inseparable uni\u00f3n entre cultura y turismo.&nbsp; En palabras de Jaume Llinares, \u201ccultura, paz y seguridad van de la mano y esto es lo que tiene Altea y que ha derivado en unas buenas cifras de ocupaci\u00f3n tur\u00edstica, incluso durante la pandemia de la Covid\u201d.<\/p>\n\n\n\n<p>Tambi\u00e9n ha intervenido la edil de Cultura de la anterior legislatura, Aurora Serrat, durante cuyo periodo de tiempo fraguaron importante acciones para el municipio de Altea entorno a la figura de Juan Navarro Ram\u00f3n. Serrat ha agradecido a la familia del pintor las donaciones de obra y documentaci\u00f3n que han hecho a Altea y que suman m\u00e1s de 200 pinturas y dibujos realizados por el artista en sus diferentes etapas. Adem\u00e1s, Serrat se ha referido en especial a la exposici\u00f3n retrospectiva del artista celebrada en Palau Altea en julio de 2018 y que estuvo presidida por la obra \u201cTe vengaremos\u201d. Una obra expuesta en s\u00f3lo 3 ocasiones y que Altea reclama al fondo nacional para que est\u00e9 expuesta de forma permanente en Altea.<\/p>\n\n\n\n<p>Y&nbsp; en su uso de la palabra, Pepa Victoria P\u00e9rez ha hablado de las \u00faltimas acciones llevadas a cabo en Altea protagonizadas por Navarro Ram\u00f3n a trav\u00e9s de sus familiares con su obra como centro, como han podido ser la numerosas donaciones, exposiciones, edici\u00f3n del libro infantil \u201cNavarro Ram\u00f3n historia de un pintor alteano\u201d, y el homenaje que Premis Altea hacia al artista en su edici\u00f3n del a\u00f1o 2018 con la entrega de la Estela de Honor que reconoce la trayectoria en el \u00e1mbito de la literatura, el arte o la investigaci\u00f3n a t\u00edtulo p\u00f3stumo.<\/p>\n\n\n\n<p>En la actualidad, la localidad cuenta con un total de 232 obras catalogadas, ha se\u00f1alado Pepa Victoria P\u00e9rez; de los que 181 son \u00f3leos y el resto litograf\u00edas, grabados, dibujos y obras de t\u00e9cnica mixta, gracias a las donaciones realizadas por el heredero de Navarro Ram\u00f3n, Javier Barrio Navarro, sobrino del artista, y la ahora viuda de \u00e9ste, Mar\u00eda Amparo V\u00e1zquez, presente en el d\u00eda de hoy junto al alcalde, Diego Zaragoz\u00ed, quien har\u00e1 la clausura de las jornadas.<\/p>\n\n\n\n<p>Como ha anunciado la responsable municipal de Cultura, esta tarde tendr\u00e1 lugar la presentaci\u00f3n de la web&nbsp;<a href=\"https:\/\/navarroramon.com\/ca\/inici\/\">https:\/\/navarroramon.com\/ca\/inici\/<\/a>&nbsp;creada por Mediterr\u00e0nia Creativa, que tambi\u00e9n ha dise\u00f1ado la marca Navarro Ram\u00f3n, despu\u00e9s de un intenso estudio de su obra.<\/p>\n\n\n\n<p>Adem\u00e1s de esta jornada de estudio y conocimiento de la obra del pintor alteano Juan Navarro Ram\u00f3n, en el 120 aniversario de su nacimiento, la concejal\u00eda de Cultura ha dispuesto una exposici\u00f3n de su obra al aire libre, reproducida en t\u00f3tems que estar\u00e1 ubicada en el Paseo, concretamente en la \u201cPlatja del Bol\u201d, cuya inauguraci\u00f3n tendr\u00e1 lugar ma\u00f1ana viernes 19 de enero a las 12:00h. Una exposici\u00f3n que la responsable municipal de Cultura, Pepa V. P\u00e9rez, invita a visitar. |ALTEADIGITAL.ES<\/p>\n","protected":false},"excerpt":{"rendered":"<p>La jornada de difusi\u00f3n sobre la vida y obra de Juan Navarro Ram\u00f3n, con motivo del 120 aniversario de [&hellip;]<\/p>\n","protected":false},"author":1,"featured_media":28566,"comment_status":"open","ping_status":"open","sticky":false,"template":"","format":"standard","meta":{"_expiration-date-status":"","_expiration-date":0,"_expiration-date-type":"","_expiration-date-categories":[],"_expiration-date-options":[],"footnotes":""},"yoast_head":"<!-- This site is optimized with the Yoast SEO plugin v22.8 - https:\/\/yoast.com\/wordpress\/plugins\/seo\/ -->\n<title>La ciudadan\u00eda aporta conocimientos y experiencias a las jornadas \u201cJuan Navarro Ram\u00f3n y Altea\u201d - Altea Cultural<\/title>\n<meta name=\"robots\" content=\"index, follow, max-snippet:-1, max-image-preview:large, max-video-preview:-1\" \/>\n<link rel=\"canonical\" href=\"https:\/\/www.alteacultural.com\/es\/2024\/01\/19\/la-ciutadania-aporta-coneixements-i-experiencies-a-les-jornades-juan-navarro-ramon-i-altea\/\" \/>\n<meta property=\"og:locale\" content=\"es_ES\" \/>\n<meta property=\"og:type\" content=\"article\" \/>\n<meta property=\"og:title\" content=\"La ciudadan\u00eda aporta conocimientos y experiencias a las jornadas \u201cJuan Navarro Ram\u00f3n y Altea\u201d - Altea Cultural\" \/>\n<meta property=\"og:description\" content=\"La jornada de difusi\u00f3n sobre la vida y obra de Juan Navarro Ram\u00f3n, con motivo del 120 aniversario de [&hellip;]\" \/>\n<meta property=\"og:url\" content=\"https:\/\/www.alteacultural.com\/es\/2024\/01\/19\/la-ciutadania-aporta-coneixements-i-experiencies-a-les-jornades-juan-navarro-ramon-i-altea\/\" \/>\n<meta property=\"og:site_name\" content=\"Altea Cultural\" \/>\n<meta property=\"article:published_time\" content=\"2024-01-19T06:44:43+00:00\" \/>\n<meta property=\"article:modified_time\" content=\"2024-01-20T14:00:09+00:00\" \/>\n<meta property=\"og:image\" content=\"https:\/\/www.alteacultural.com\/wp-content\/uploads\/2024\/01\/JornadaJuanNavarroRamonYAltea_18ene2024_Diptic-1.jpg\" \/>\n\t<meta property=\"og:image:width\" content=\"1765\" \/>\n\t<meta property=\"og:image:height\" content=\"2480\" \/>\n\t<meta property=\"og:image:type\" content=\"image\/jpeg\" \/>\n<meta name=\"author\" content=\"sfaltea.com-admin\" \/>\n<meta name=\"twitter:card\" content=\"summary_large_image\" \/>\n<meta name=\"twitter:label1\" content=\"Escrito por\" \/>\n\t<meta name=\"twitter:data1\" content=\"sfaltea.com-admin\" \/>\n\t<meta name=\"twitter:label2\" content=\"Tiempo de lectura\" \/>\n\t<meta name=\"twitter:data2\" content=\"5 minutos\" \/>\n<script type=\"application\/ld+json\" class=\"yoast-schema-graph\">{\"@context\":\"https:\/\/schema.org\",\"@graph\":[{\"@type\":\"WebPage\",\"@id\":\"https:\/\/www.alteacultural.com\/es\/2024\/01\/19\/la-ciutadania-aporta-coneixements-i-experiencies-a-les-jornades-juan-navarro-ramon-i-altea\/\",\"url\":\"https:\/\/www.alteacultural.com\/es\/2024\/01\/19\/la-ciutadania-aporta-coneixements-i-experiencies-a-les-jornades-juan-navarro-ramon-i-altea\/\",\"name\":\"La ciudadan\u00eda aporta conocimientos y experiencias a las jornadas \u201cJuan Navarro Ram\u00f3n y Altea\u201d - Altea Cultural\",\"isPartOf\":{\"@id\":\"https:\/\/www.alteacultural.com\/es\/#website\"},\"primaryImageOfPage\":{\"@id\":\"https:\/\/www.alteacultural.com\/es\/2024\/01\/19\/la-ciutadania-aporta-coneixements-i-experiencies-a-les-jornades-juan-navarro-ramon-i-altea\/#primaryimage\"},\"image\":{\"@id\":\"https:\/\/www.alteacultural.com\/es\/2024\/01\/19\/la-ciutadania-aporta-coneixements-i-experiencies-a-les-jornades-juan-navarro-ramon-i-altea\/#primaryimage\"},\"thumbnailUrl\":\"https:\/\/www.alteacultural.com\/wp-content\/uploads\/2024\/01\/JornadaJuanNavarroRamonYAltea_18ene2024_Diptic-1.jpg\",\"datePublished\":\"2024-01-19T06:44:43+00:00\",\"dateModified\":\"2024-01-20T14:00:09+00:00\",\"author\":{\"@id\":\"https:\/\/www.alteacultural.com\/es\/#\/schema\/person\/c4e137537f1af546d214a315255e5172\"},\"breadcrumb\":{\"@id\":\"https:\/\/www.alteacultural.com\/es\/2024\/01\/19\/la-ciutadania-aporta-coneixements-i-experiencies-a-les-jornades-juan-navarro-ramon-i-altea\/#breadcrumb\"},\"inLanguage\":\"es\",\"potentialAction\":[{\"@type\":\"ReadAction\",\"target\":[\"https:\/\/www.alteacultural.com\/es\/2024\/01\/19\/la-ciutadania-aporta-coneixements-i-experiencies-a-les-jornades-juan-navarro-ramon-i-altea\/\"]}]},{\"@type\":\"ImageObject\",\"inLanguage\":\"es\",\"@id\":\"https:\/\/www.alteacultural.com\/es\/2024\/01\/19\/la-ciutadania-aporta-coneixements-i-experiencies-a-les-jornades-juan-navarro-ramon-i-altea\/#primaryimage\",\"url\":\"https:\/\/www.alteacultural.com\/wp-content\/uploads\/2024\/01\/JornadaJuanNavarroRamonYAltea_18ene2024_Diptic-1.jpg\",\"contentUrl\":\"https:\/\/www.alteacultural.com\/wp-content\/uploads\/2024\/01\/JornadaJuanNavarroRamonYAltea_18ene2024_Diptic-1.jpg\",\"width\":1765,\"height\":2480},{\"@type\":\"BreadcrumbList\",\"@id\":\"https:\/\/www.alteacultural.com\/es\/2024\/01\/19\/la-ciutadania-aporta-coneixements-i-experiencies-a-les-jornades-juan-navarro-ramon-i-altea\/#breadcrumb\",\"itemListElement\":[{\"@type\":\"ListItem\",\"position\":1,\"name\":\"Inici\",\"item\":\"https:\/\/www.alteacultural.com\/es\/\"},{\"@type\":\"ListItem\",\"position\":2,\"name\":\"La ciudadan\u00eda aporta conocimientos y experiencias a las jornadas \u201cJuan Navarro Ram\u00f3n y Altea\u201d\"}]},{\"@type\":\"WebSite\",\"@id\":\"https:\/\/www.alteacultural.com\/es\/#website\",\"url\":\"https:\/\/www.alteacultural.com\/es\/\",\"name\":\"Altea Cultural\",\"description\":\"Regidoria de Cultura de l&#039;Ajuntament d&#039;Altea\",\"potentialAction\":[{\"@type\":\"SearchAction\",\"target\":{\"@type\":\"EntryPoint\",\"urlTemplate\":\"https:\/\/www.alteacultural.com\/es\/?s={search_term_string}\"},\"query-input\":\"required name=search_term_string\"}],\"inLanguage\":\"es\"},{\"@type\":\"Person\",\"@id\":\"https:\/\/www.alteacultural.com\/es\/#\/schema\/person\/c4e137537f1af546d214a315255e5172\",\"name\":\"sfaltea.com-admin\",\"image\":{\"@type\":\"ImageObject\",\"inLanguage\":\"es\",\"@id\":\"https:\/\/www.alteacultural.com\/es\/#\/schema\/person\/image\/\",\"url\":\"https:\/\/secure.gravatar.com\/avatar\/f7473fa2fbd351270ccfd469de536202?s=96&d=mm&r=g\",\"contentUrl\":\"https:\/\/secure.gravatar.com\/avatar\/f7473fa2fbd351270ccfd469de536202?s=96&d=mm&r=g\",\"caption\":\"sfaltea.com-admin\"},\"url\":\"https:\/\/www.alteacultural.com\/es\/author\/sfaltea-com-admin\/\"}]}<\/script>\n<!-- \/ Yoast SEO plugin. -->","yoast_head_json":{"title":"La ciudadan\u00eda aporta conocimientos y experiencias a las jornadas \u201cJuan Navarro Ram\u00f3n y Altea\u201d - Altea Cultural","robots":{"index":"index","follow":"follow","max-snippet":"max-snippet:-1","max-image-preview":"max-image-preview:large","max-video-preview":"max-video-preview:-1"},"canonical":"https:\/\/www.alteacultural.com\/es\/2024\/01\/19\/la-ciutadania-aporta-coneixements-i-experiencies-a-les-jornades-juan-navarro-ramon-i-altea\/","og_locale":"es_ES","og_type":"article","og_title":"La ciudadan\u00eda aporta conocimientos y experiencias a las jornadas \u201cJuan Navarro Ram\u00f3n y Altea\u201d - Altea Cultural","og_description":"La jornada de difusi\u00f3n sobre la vida y obra de Juan Navarro Ram\u00f3n, con motivo del 120 aniversario de [&hellip;]","og_url":"https:\/\/www.alteacultural.com\/es\/2024\/01\/19\/la-ciutadania-aporta-coneixements-i-experiencies-a-les-jornades-juan-navarro-ramon-i-altea\/","og_site_name":"Altea Cultural","article_published_time":"2024-01-19T06:44:43+00:00","article_modified_time":"2024-01-20T14:00:09+00:00","og_image":[{"width":1765,"height":2480,"url":"https:\/\/www.alteacultural.com\/wp-content\/uploads\/2024\/01\/JornadaJuanNavarroRamonYAltea_18ene2024_Diptic-1.jpg","type":"image\/jpeg"}],"author":"sfaltea.com-admin","twitter_card":"summary_large_image","twitter_misc":{"Escrito por":"sfaltea.com-admin","Tiempo de lectura":"5 minutos"},"schema":{"@context":"https:\/\/schema.org","@graph":[{"@type":"WebPage","@id":"https:\/\/www.alteacultural.com\/es\/2024\/01\/19\/la-ciutadania-aporta-coneixements-i-experiencies-a-les-jornades-juan-navarro-ramon-i-altea\/","url":"https:\/\/www.alteacultural.com\/es\/2024\/01\/19\/la-ciutadania-aporta-coneixements-i-experiencies-a-les-jornades-juan-navarro-ramon-i-altea\/","name":"La ciudadan\u00eda aporta conocimientos y experiencias a las jornadas \u201cJuan Navarro Ram\u00f3n y Altea\u201d - Altea Cultural","isPartOf":{"@id":"https:\/\/www.alteacultural.com\/es\/#website"},"primaryImageOfPage":{"@id":"https:\/\/www.alteacultural.com\/es\/2024\/01\/19\/la-ciutadania-aporta-coneixements-i-experiencies-a-les-jornades-juan-navarro-ramon-i-altea\/#primaryimage"},"image":{"@id":"https:\/\/www.alteacultural.com\/es\/2024\/01\/19\/la-ciutadania-aporta-coneixements-i-experiencies-a-les-jornades-juan-navarro-ramon-i-altea\/#primaryimage"},"thumbnailUrl":"https:\/\/www.alteacultural.com\/wp-content\/uploads\/2024\/01\/JornadaJuanNavarroRamonYAltea_18ene2024_Diptic-1.jpg","datePublished":"2024-01-19T06:44:43+00:00","dateModified":"2024-01-20T14:00:09+00:00","author":{"@id":"https:\/\/www.alteacultural.com\/es\/#\/schema\/person\/c4e137537f1af546d214a315255e5172"},"breadcrumb":{"@id":"https:\/\/www.alteacultural.com\/es\/2024\/01\/19\/la-ciutadania-aporta-coneixements-i-experiencies-a-les-jornades-juan-navarro-ramon-i-altea\/#breadcrumb"},"inLanguage":"es","potentialAction":[{"@type":"ReadAction","target":["https:\/\/www.alteacultural.com\/es\/2024\/01\/19\/la-ciutadania-aporta-coneixements-i-experiencies-a-les-jornades-juan-navarro-ramon-i-altea\/"]}]},{"@type":"ImageObject","inLanguage":"es","@id":"https:\/\/www.alteacultural.com\/es\/2024\/01\/19\/la-ciutadania-aporta-coneixements-i-experiencies-a-les-jornades-juan-navarro-ramon-i-altea\/#primaryimage","url":"https:\/\/www.alteacultural.com\/wp-content\/uploads\/2024\/01\/JornadaJuanNavarroRamonYAltea_18ene2024_Diptic-1.jpg","contentUrl":"https:\/\/www.alteacultural.com\/wp-content\/uploads\/2024\/01\/JornadaJuanNavarroRamonYAltea_18ene2024_Diptic-1.jpg","width":1765,"height":2480},{"@type":"BreadcrumbList","@id":"https:\/\/www.alteacultural.com\/es\/2024\/01\/19\/la-ciutadania-aporta-coneixements-i-experiencies-a-les-jornades-juan-navarro-ramon-i-altea\/#breadcrumb","itemListElement":[{"@type":"ListItem","position":1,"name":"Inici","item":"https:\/\/www.alteacultural.com\/es\/"},{"@type":"ListItem","position":2,"name":"La ciudadan\u00eda aporta conocimientos y experiencias a las jornadas \u201cJuan Navarro Ram\u00f3n y Altea\u201d"}]},{"@type":"WebSite","@id":"https:\/\/www.alteacultural.com\/es\/#website","url":"https:\/\/www.alteacultural.com\/es\/","name":"Altea Cultural","description":"Regidoria de Cultura de l&#039;Ajuntament d&#039;Altea","potentialAction":[{"@type":"SearchAction","target":{"@type":"EntryPoint","urlTemplate":"https:\/\/www.alteacultural.com\/es\/?s={search_term_string}"},"query-input":"required name=search_term_string"}],"inLanguage":"es"},{"@type":"Person","@id":"https:\/\/www.alteacultural.com\/es\/#\/schema\/person\/c4e137537f1af546d214a315255e5172","name":"sfaltea.com-admin","image":{"@type":"ImageObject","inLanguage":"es","@id":"https:\/\/www.alteacultural.com\/es\/#\/schema\/person\/image\/","url":"https:\/\/secure.gravatar.com\/avatar\/f7473fa2fbd351270ccfd469de536202?s=96&d=mm&r=g","contentUrl":"https:\/\/secure.gravatar.com\/avatar\/f7473fa2fbd351270ccfd469de536202?s=96&d=mm&r=g","caption":"sfaltea.com-admin"},"url":"https:\/\/www.alteacultural.com\/es\/author\/sfaltea-com-admin\/"}]}},"_links":{"self":[{"href":"https:\/\/www.alteacultural.com\/es\/wp-json\/wp\/v2\/posts\/28623"}],"collection":[{"href":"https:\/\/www.alteacultural.com\/es\/wp-json\/wp\/v2\/posts"}],"about":[{"href":"https:\/\/www.alteacultural.com\/es\/wp-json\/wp\/v2\/types\/post"}],"author":[{"embeddable":true,"href":"https:\/\/www.alteacultural.com\/es\/wp-json\/wp\/v2\/users\/1"}],"replies":[{"embeddable":true,"href":"https:\/\/www.alteacultural.com\/es\/wp-json\/wp\/v2\/comments?post=28623"}],"version-history":[{"count":1,"href":"https:\/\/www.alteacultural.com\/es\/wp-json\/wp\/v2\/posts\/28623\/revisions"}],"predecessor-version":[{"id":28624,"href":"https:\/\/www.alteacultural.com\/es\/wp-json\/wp\/v2\/posts\/28623\/revisions\/28624"}],"wp:featuredmedia":[{"embeddable":true,"href":"https:\/\/www.alteacultural.com\/es\/wp-json\/wp\/v2\/media\/28566"}],"wp:attachment":[{"href":"https:\/\/www.alteacultural.com\/es\/wp-json\/wp\/v2\/media?parent=28623"}],"curies":[{"name":"wp","href":"https:\/\/api.w.org\/{rel}","templated":true}]}}