{"id":28625,"date":"2024-01-19T10:36:41","date_gmt":"2024-01-19T09:36:41","guid":{"rendered":"https:\/\/www.alteacultural.com\/?p=28625"},"modified":"2024-01-31T15:00:03","modified_gmt":"2024-01-31T14:00:03","slug":"cultura-anuncia-las-bases-para-participar-en-la-mostra-dartesania-daltea-2024","status":"publish","type":"post","link":"https:\/\/www.alteacultural.com\/es\/2024\/01\/19\/cultura-anuncia-las-bases-para-participar-en-la-mostra-dartesania-daltea-2024\/","title":{"rendered":"Cultura anuncia las bases para participar en la Mostra d\u2019Artesania d\u2019Altea 2024"},"content":{"rendered":"\n<figure class=\"wp-block-image\"><img decoding=\"async\" data-src=\"https:\/\/alteadigital.es\/wp-content\/uploads\/2024\/01\/Mostra-2023-web.jpg\" alt=\"Cultura anuncia les bases per participar a la Mostra d\u2019Artesania d\u2019Altea 2024\" src=\"data:image\/gif;base64,R0lGODlhAQABAAAAACH5BAEKAAEALAAAAAABAAEAAAICTAEAOw==\" class=\"lazyload\" \/><\/figure>\n\n\n\n<p><strong>El Plazo de presentaci\u00f3n de solicitudes concluye el 23 de febrero.<\/strong><\/p>\n\n\n\n<p>La edil de Cultura del Ayuntamiento de Altea, Pepa Victoria P\u00e9rez ha anunciado la apertura del plazo de presentaci\u00f3n de solicitudes para participar en la que ser\u00e1 la XLI edici\u00f3n de la Mostra d\u2019Artesania d\u2019Altea. Un plazo que finalizar\u00e1 el 23 de febrero.<\/p>\n\n\n\n<p>Como ha recordado la concejala, el objetivo de esta Mostra es fomentar la artesan\u00eda en Altea y que la obra de artesanas y artesanos sea considerada por su alto valor socio-cultural. El tipo de artesan\u00eda de esta Mostra es la art\u00edstica y de creaci\u00f3n con un alto grado de manipulaci\u00f3n en materias primas y de contrastada calidad. Se excluye la artesan\u00eda en ropa, calzado, alimentaci\u00f3n y cosm\u00e9tica.Para participar en la Mostra se ha de rellenar telem\u00e1ticamente el modelo<br>normalizado de solicitud y enviarlo o presentarlo f\u00edsicamente, junto con muestras representativas de los trabajos que deseen exponer, entre 3 y 5 piezas y se podr\u00e1 complementar con fotograf\u00edas en papel, pero no se aceptar\u00e1n fotograf\u00edas en lugar de las muestras f\u00edsicas. Las piezas deber\u00e1n presentarse de forma que el jurado pueda manipularlas para comprobar el producto y su manufactura, pudiendo enviarse expositores, bustos o peanas para facilitar la exposici\u00f3n de las piezas<br>para el jurado, siempre que estos no lleven anagramas o marcas que puedan identificar al taller.<\/p>\n\n\n\n<p>Se podr\u00e1 solicitar un \u00fanico taller por puesto. Adem\u00e1s, la solicitud deber\u00e1 complementarse de la ficha t\u00e9cnica; Explicaci\u00f3n breve, detallada y concisa del proceso artesanal y materiales utilizados, as\u00ed como listado; fotograf\u00eda del puesto montado; fotocopia del Documento de Calificaci\u00f3n Artesana (DCA) expedido por \u00f3rgano competente. Las solicitudes que no se env\u00eden acompa\u00f1adas de toda la documentaci\u00f3n requerida ser\u00e1n descartadas autom\u00e1ticamente en la selecci\u00f3n.<\/p>\n\n\n\n<p>La solicitud se rellenar\u00e1 de forma telem\u00e1tica en<br><a href=\"http:\/\/www.alteacultural.com\/mostra\">www.alteacultural.com\/mostra<\/a>&nbsp;&nbsp;Instant\u00e1neamente recibir\u00e1 un correo de confirmaci\u00f3n con su solicitud en formato PDF, que deber\u00e1 imprimir y firmar. Seguidamente la deber\u00e1 enviar por mensajer\u00eda, Correos o personalmente, junto con la, documentaci\u00f3n que no ha sido aportada telem\u00e1ticamente y las piezas a: Casa de Cultura de Altea, Ref.: Mostra d\u2019Artesania d\u2019Altea 2023, C\/ Pont de Moncau 14, 03590 Altea (Alicante).<\/p>\n\n\n\n<p>Para presentarlo personalmente, se deber\u00e1 realizar en la Casa de Cultura de Altea, en horario de lunes a jueves de 17:30 a 21:30 h. Para cualquier duda sobre las bases, solicitud o documentaci\u00f3n, se podr\u00e1 consultar por e-mail a&nbsp;<a href=\"mailto:400@altea.es\">400@altea.es<\/a><\/p>\n\n\n\n<p>La responsable municipal de Cultura ha hecho hincapi\u00e9 en que el plazo para todo ello ser\u00e1 hasta el 23 de febrero de 2024.<\/p>\n\n\n\n<p>P\u00e9rez ha adelantado que La Mostra tendr\u00e1 lugar en la Plaza de la Iglesia, de Altea, entre los d\u00edas 27 al 31 de marzo -Semana Santa-, en horario de 12:00 a 22:00h aproximadamente y desde el 1 de julio hasta el 8 de septiembre de 2024, en horario de 19:00 a 00:30 h.<\/p>\n\n\n\n<p>Seg\u00fan ha indicado la edil, la selecci\u00f3n se realizar\u00e1 atendiendo a criterios b\u00e1sicos de: calidad art\u00edstica, originalidad y grado de manipulaci\u00f3n artesanal. De los oficios de joyer\u00eda, orfebrer\u00eda y bisuter\u00eda ser\u00e1n distinguidos por quienes traten \u2018metales preciosos\u2019 y \u2018resto de metales\u2019. Se buscar\u00e1 una proporci\u00f3n de oficios artesanos, estableciendo un m\u00e1ximo de 3 por especialidad, con la intenci\u00f3n de contar con la representaci\u00f3n del mayor n\u00famero de oficios posibles.<\/p>\n\n\n\n<p>La responsable municipal de Cultura informa que el resultado de la selecci\u00f3n se publicar\u00e1 a principios de marzo en&nbsp;<a href=\"http:\/\/www.alteacultural.com\/\">www.alteacultural.com<\/a>&nbsp; &nbsp;y&nbsp;<a href=\"http:\/\/www.altea.es\/\">www.altea.es<\/a>.<\/p>\n\n\n\n<p>M\u00e1s informaci\u00f3n sobre las bases y solicitudes en<br><a href=\"http:\/\/www.alteacultural.com\/mostra\">www.alteacultural.com\/mostra<\/a> |ALTEADIGITAL.ES<\/p>\n","protected":false},"excerpt":{"rendered":"<p>El Plazo de presentaci\u00f3n de solicitudes concluye el 23 de febrero. La edil de Cultura del Ayuntamiento de Altea, [&hellip;]<\/p>\n","protected":false},"author":1,"featured_media":28626,"comment_status":"open","ping_status":"open","sticky":false,"template":"","format":"standard","meta":{"_expiration-date-status":"","_expiration-date":0,"_expiration-date-type":"","_expiration-date-categories":[],"_expiration-date-options":[],"footnotes":""},"yoast_head":"<!-- This site is optimized with the Yoast SEO plugin v22.8 - https:\/\/yoast.com\/wordpress\/plugins\/seo\/ -->\n<title>Cultura anuncia las bases para participar en la Mostra d\u2019Artesania d\u2019Altea 2024 - Altea Cultural<\/title>\n<meta name=\"robots\" content=\"index, follow, max-snippet:-1, max-image-preview:large, max-video-preview:-1\" \/>\n<link rel=\"canonical\" href=\"https:\/\/www.alteacultural.com\/es\/2024\/01\/19\/cultura-anuncia-las-bases-para-participar-en-la-mostra-dartesania-daltea-2024\/\" \/>\n<meta property=\"og:locale\" content=\"es_ES\" \/>\n<meta property=\"og:type\" content=\"article\" \/>\n<meta property=\"og:title\" content=\"Cultura anuncia las bases para participar en la Mostra d\u2019Artesania d\u2019Altea 2024 - Altea Cultural\" \/>\n<meta property=\"og:description\" content=\"El Plazo de presentaci\u00f3n de solicitudes concluye el 23 de febrero. La edil de Cultura del Ayuntamiento de Altea, [&hellip;]\" \/>\n<meta property=\"og:url\" content=\"https:\/\/www.alteacultural.com\/es\/2024\/01\/19\/cultura-anuncia-las-bases-para-participar-en-la-mostra-dartesania-daltea-2024\/\" \/>\n<meta property=\"og:site_name\" content=\"Altea Cultural\" \/>\n<meta property=\"article:published_time\" content=\"2024-01-19T09:36:41+00:00\" \/>\n<meta property=\"article:modified_time\" content=\"2024-01-31T14:00:03+00:00\" \/>\n<meta property=\"og:image\" content=\"https:\/\/www.alteacultural.com\/wp-content\/uploads\/2024\/01\/Mostra-2023-web.jpg\" \/>\n\t<meta property=\"og:image:width\" content=\"1028\" \/>\n\t<meta property=\"og:image:height\" content=\"520\" \/>\n\t<meta property=\"og:image:type\" content=\"image\/jpeg\" \/>\n<meta name=\"author\" content=\"sfaltea.com-admin\" \/>\n<meta name=\"twitter:card\" content=\"summary_large_image\" \/>\n<meta name=\"twitter:label1\" content=\"Escrito por\" \/>\n\t<meta name=\"twitter:data1\" content=\"sfaltea.com-admin\" \/>\n\t<meta name=\"twitter:label2\" content=\"Tiempo de lectura\" \/>\n\t<meta name=\"twitter:data2\" content=\"3 minutos\" \/>\n<script type=\"application\/ld+json\" class=\"yoast-schema-graph\">{\"@context\":\"https:\/\/schema.org\",\"@graph\":[{\"@type\":\"WebPage\",\"@id\":\"https:\/\/www.alteacultural.com\/es\/2024\/01\/19\/cultura-anuncia-las-bases-para-participar-en-la-mostra-dartesania-daltea-2024\/\",\"url\":\"https:\/\/www.alteacultural.com\/es\/2024\/01\/19\/cultura-anuncia-las-bases-para-participar-en-la-mostra-dartesania-daltea-2024\/\",\"name\":\"Cultura anuncia las bases para participar en la Mostra d\u2019Artesania d\u2019Altea 2024 - Altea Cultural\",\"isPartOf\":{\"@id\":\"https:\/\/www.alteacultural.com\/es\/#website\"},\"primaryImageOfPage\":{\"@id\":\"https:\/\/www.alteacultural.com\/es\/2024\/01\/19\/cultura-anuncia-las-bases-para-participar-en-la-mostra-dartesania-daltea-2024\/#primaryimage\"},\"image\":{\"@id\":\"https:\/\/www.alteacultural.com\/es\/2024\/01\/19\/cultura-anuncia-las-bases-para-participar-en-la-mostra-dartesania-daltea-2024\/#primaryimage\"},\"thumbnailUrl\":\"https:\/\/www.alteacultural.com\/wp-content\/uploads\/2024\/01\/Mostra-2023-web.jpg\",\"datePublished\":\"2024-01-19T09:36:41+00:00\",\"dateModified\":\"2024-01-31T14:00:03+00:00\",\"author\":{\"@id\":\"https:\/\/www.alteacultural.com\/es\/#\/schema\/person\/c4e137537f1af546d214a315255e5172\"},\"breadcrumb\":{\"@id\":\"https:\/\/www.alteacultural.com\/es\/2024\/01\/19\/cultura-anuncia-las-bases-para-participar-en-la-mostra-dartesania-daltea-2024\/#breadcrumb\"},\"inLanguage\":\"es\",\"potentialAction\":[{\"@type\":\"ReadAction\",\"target\":[\"https:\/\/www.alteacultural.com\/es\/2024\/01\/19\/cultura-anuncia-las-bases-para-participar-en-la-mostra-dartesania-daltea-2024\/\"]}]},{\"@type\":\"ImageObject\",\"inLanguage\":\"es\",\"@id\":\"https:\/\/www.alteacultural.com\/es\/2024\/01\/19\/cultura-anuncia-las-bases-para-participar-en-la-mostra-dartesania-daltea-2024\/#primaryimage\",\"url\":\"https:\/\/www.alteacultural.com\/wp-content\/uploads\/2024\/01\/Mostra-2023-web.jpg\",\"contentUrl\":\"https:\/\/www.alteacultural.com\/wp-content\/uploads\/2024\/01\/Mostra-2023-web.jpg\",\"width\":1028,\"height\":520},{\"@type\":\"BreadcrumbList\",\"@id\":\"https:\/\/www.alteacultural.com\/es\/2024\/01\/19\/cultura-anuncia-las-bases-para-participar-en-la-mostra-dartesania-daltea-2024\/#breadcrumb\",\"itemListElement\":[{\"@type\":\"ListItem\",\"position\":1,\"name\":\"Inici\",\"item\":\"https:\/\/www.alteacultural.com\/es\/\"},{\"@type\":\"ListItem\",\"position\":2,\"name\":\"Cultura anuncia las bases para participar en la Mostra d\u2019Artesania d\u2019Altea 2024\"}]},{\"@type\":\"WebSite\",\"@id\":\"https:\/\/www.alteacultural.com\/es\/#website\",\"url\":\"https:\/\/www.alteacultural.com\/es\/\",\"name\":\"Altea Cultural\",\"description\":\"Regidoria de Cultura de l&#039;Ajuntament d&#039;Altea\",\"potentialAction\":[{\"@type\":\"SearchAction\",\"target\":{\"@type\":\"EntryPoint\",\"urlTemplate\":\"https:\/\/www.alteacultural.com\/es\/?s={search_term_string}\"},\"query-input\":\"required name=search_term_string\"}],\"inLanguage\":\"es\"},{\"@type\":\"Person\",\"@id\":\"https:\/\/www.alteacultural.com\/es\/#\/schema\/person\/c4e137537f1af546d214a315255e5172\",\"name\":\"sfaltea.com-admin\",\"image\":{\"@type\":\"ImageObject\",\"inLanguage\":\"es\",\"@id\":\"https:\/\/www.alteacultural.com\/es\/#\/schema\/person\/image\/\",\"url\":\"https:\/\/secure.gravatar.com\/avatar\/f7473fa2fbd351270ccfd469de536202?s=96&d=mm&r=g\",\"contentUrl\":\"https:\/\/secure.gravatar.com\/avatar\/f7473fa2fbd351270ccfd469de536202?s=96&d=mm&r=g\",\"caption\":\"sfaltea.com-admin\"},\"url\":\"https:\/\/www.alteacultural.com\/es\/author\/sfaltea-com-admin\/\"}]}<\/script>\n<!-- \/ Yoast SEO plugin. -->","yoast_head_json":{"title":"Cultura anuncia las bases para participar en la Mostra d\u2019Artesania d\u2019Altea 2024 - Altea Cultural","robots":{"index":"index","follow":"follow","max-snippet":"max-snippet:-1","max-image-preview":"max-image-preview:large","max-video-preview":"max-video-preview:-1"},"canonical":"https:\/\/www.alteacultural.com\/es\/2024\/01\/19\/cultura-anuncia-las-bases-para-participar-en-la-mostra-dartesania-daltea-2024\/","og_locale":"es_ES","og_type":"article","og_title":"Cultura anuncia las bases para participar en la Mostra d\u2019Artesania d\u2019Altea 2024 - Altea Cultural","og_description":"El Plazo de presentaci\u00f3n de solicitudes concluye el 23 de febrero. La edil de Cultura del Ayuntamiento de Altea, [&hellip;]","og_url":"https:\/\/www.alteacultural.com\/es\/2024\/01\/19\/cultura-anuncia-las-bases-para-participar-en-la-mostra-dartesania-daltea-2024\/","og_site_name":"Altea Cultural","article_published_time":"2024-01-19T09:36:41+00:00","article_modified_time":"2024-01-31T14:00:03+00:00","og_image":[{"width":1028,"height":520,"url":"https:\/\/www.alteacultural.com\/wp-content\/uploads\/2024\/01\/Mostra-2023-web.jpg","type":"image\/jpeg"}],"author":"sfaltea.com-admin","twitter_card":"summary_large_image","twitter_misc":{"Escrito por":"sfaltea.com-admin","Tiempo de lectura":"3 minutos"},"schema":{"@context":"https:\/\/schema.org","@graph":[{"@type":"WebPage","@id":"https:\/\/www.alteacultural.com\/es\/2024\/01\/19\/cultura-anuncia-las-bases-para-participar-en-la-mostra-dartesania-daltea-2024\/","url":"https:\/\/www.alteacultural.com\/es\/2024\/01\/19\/cultura-anuncia-las-bases-para-participar-en-la-mostra-dartesania-daltea-2024\/","name":"Cultura anuncia las bases para participar en la Mostra d\u2019Artesania d\u2019Altea 2024 - Altea Cultural","isPartOf":{"@id":"https:\/\/www.alteacultural.com\/es\/#website"},"primaryImageOfPage":{"@id":"https:\/\/www.alteacultural.com\/es\/2024\/01\/19\/cultura-anuncia-las-bases-para-participar-en-la-mostra-dartesania-daltea-2024\/#primaryimage"},"image":{"@id":"https:\/\/www.alteacultural.com\/es\/2024\/01\/19\/cultura-anuncia-las-bases-para-participar-en-la-mostra-dartesania-daltea-2024\/#primaryimage"},"thumbnailUrl":"https:\/\/www.alteacultural.com\/wp-content\/uploads\/2024\/01\/Mostra-2023-web.jpg","datePublished":"2024-01-19T09:36:41+00:00","dateModified":"2024-01-31T14:00:03+00:00","author":{"@id":"https:\/\/www.alteacultural.com\/es\/#\/schema\/person\/c4e137537f1af546d214a315255e5172"},"breadcrumb":{"@id":"https:\/\/www.alteacultural.com\/es\/2024\/01\/19\/cultura-anuncia-las-bases-para-participar-en-la-mostra-dartesania-daltea-2024\/#breadcrumb"},"inLanguage":"es","potentialAction":[{"@type":"ReadAction","target":["https:\/\/www.alteacultural.com\/es\/2024\/01\/19\/cultura-anuncia-las-bases-para-participar-en-la-mostra-dartesania-daltea-2024\/"]}]},{"@type":"ImageObject","inLanguage":"es","@id":"https:\/\/www.alteacultural.com\/es\/2024\/01\/19\/cultura-anuncia-las-bases-para-participar-en-la-mostra-dartesania-daltea-2024\/#primaryimage","url":"https:\/\/www.alteacultural.com\/wp-content\/uploads\/2024\/01\/Mostra-2023-web.jpg","contentUrl":"https:\/\/www.alteacultural.com\/wp-content\/uploads\/2024\/01\/Mostra-2023-web.jpg","width":1028,"height":520},{"@type":"BreadcrumbList","@id":"https:\/\/www.alteacultural.com\/es\/2024\/01\/19\/cultura-anuncia-las-bases-para-participar-en-la-mostra-dartesania-daltea-2024\/#breadcrumb","itemListElement":[{"@type":"ListItem","position":1,"name":"Inici","item":"https:\/\/www.alteacultural.com\/es\/"},{"@type":"ListItem","position":2,"name":"Cultura anuncia las bases para participar en la Mostra d\u2019Artesania d\u2019Altea 2024"}]},{"@type":"WebSite","@id":"https:\/\/www.alteacultural.com\/es\/#website","url":"https:\/\/www.alteacultural.com\/es\/","name":"Altea Cultural","description":"Regidoria de Cultura de l&#039;Ajuntament d&#039;Altea","potentialAction":[{"@type":"SearchAction","target":{"@type":"EntryPoint","urlTemplate":"https:\/\/www.alteacultural.com\/es\/?s={search_term_string}"},"query-input":"required name=search_term_string"}],"inLanguage":"es"},{"@type":"Person","@id":"https:\/\/www.alteacultural.com\/es\/#\/schema\/person\/c4e137537f1af546d214a315255e5172","name":"sfaltea.com-admin","image":{"@type":"ImageObject","inLanguage":"es","@id":"https:\/\/www.alteacultural.com\/es\/#\/schema\/person\/image\/","url":"https:\/\/secure.gravatar.com\/avatar\/f7473fa2fbd351270ccfd469de536202?s=96&d=mm&r=g","contentUrl":"https:\/\/secure.gravatar.com\/avatar\/f7473fa2fbd351270ccfd469de536202?s=96&d=mm&r=g","caption":"sfaltea.com-admin"},"url":"https:\/\/www.alteacultural.com\/es\/author\/sfaltea-com-admin\/"}]}},"_links":{"self":[{"href":"https:\/\/www.alteacultural.com\/es\/wp-json\/wp\/v2\/posts\/28625"}],"collection":[{"href":"https:\/\/www.alteacultural.com\/es\/wp-json\/wp\/v2\/posts"}],"about":[{"href":"https:\/\/www.alteacultural.com\/es\/wp-json\/wp\/v2\/types\/post"}],"author":[{"embeddable":true,"href":"https:\/\/www.alteacultural.com\/es\/wp-json\/wp\/v2\/users\/1"}],"replies":[{"embeddable":true,"href":"https:\/\/www.alteacultural.com\/es\/wp-json\/wp\/v2\/comments?post=28625"}],"version-history":[{"count":1,"href":"https:\/\/www.alteacultural.com\/es\/wp-json\/wp\/v2\/posts\/28625\/revisions"}],"predecessor-version":[{"id":28628,"href":"https:\/\/www.alteacultural.com\/es\/wp-json\/wp\/v2\/posts\/28625\/revisions\/28628"}],"wp:featuredmedia":[{"embeddable":true,"href":"https:\/\/www.alteacultural.com\/es\/wp-json\/wp\/v2\/media\/28626"}],"wp:attachment":[{"href":"https:\/\/www.alteacultural.com\/es\/wp-json\/wp\/v2\/media?parent=28625"}],"curies":[{"name":"wp","href":"https:\/\/api.w.org\/{rel}","templated":true}]}}