{"id":28683,"date":"2024-01-26T12:53:12","date_gmt":"2024-01-26T11:53:12","guid":{"rendered":"https:\/\/www.alteacultural.com\/?p=28683"},"modified":"2024-01-26T14:39:46","modified_gmt":"2024-01-26T13:39:46","slug":"programa-18-02-2024","status":"publish","type":"post","link":"https:\/\/www.alteacultural.com\/es\/2024\/01\/26\/programa-18-02-2024\/","title":{"rendered":"Programa 18-02-2024"},"content":{"rendered":"\t\t<div data-elementor-type=\"wp-post\" data-elementor-id=\"28683\" class=\"elementor elementor-28683\">\n\t\t\t\t\t\t<section class=\"elementor-section elementor-top-section elementor-element elementor-element-1fcb64c elementor-section-boxed elementor-section-height-default elementor-section-height-default exad-glass-effect-no exad-sticky-section-no\" data-id=\"1fcb64c\" data-element_type=\"section\">\n\t\t\t\t\t\t<div class=\"elementor-container elementor-column-gap-default\">\n\t\t\t\t\t<div class=\"elementor-column elementor-col-50 elementor-top-column elementor-element elementor-element-928d7ea exad-glass-effect-no exad-sticky-section-no\" data-id=\"928d7ea\" data-element_type=\"column\">\n\t\t\t<div class=\"elementor-widget-wrap elementor-element-populated\">\n\t\t\t\t\t\t<div class=\"elementor-element elementor-element-d19d03c exad-sticky-section-no exad-glass-effect-no elementor-widget elementor-widget-text-editor\" data-id=\"d19d03c\" data-element_type=\"widget\" data-widget_type=\"text-editor.default\">\n\t\t\t\t<div class=\"elementor-widget-container\">\n\t\t\t\t\t\t\t<p style=\"text-align: center;\">Programa \u00b7 18\/02\/2024 \u00b7 Beethoven Fest 2024<\/p>\t\t\t\t\t\t<\/div>\n\t\t\t\t<\/div>\n\t\t\t\t\t<\/div>\n\t\t<\/div>\n\t\t\t\t<div class=\"elementor-column elementor-col-50 elementor-top-column elementor-element elementor-element-041b80c exad-glass-effect-no exad-sticky-section-no\" data-id=\"041b80c\" data-element_type=\"column\">\n\t\t\t<div class=\"elementor-widget-wrap elementor-element-populated\">\n\t\t\t\t\t\t<div class=\"elementor-element elementor-element-961ad1f exad-sticky-section-no exad-glass-effect-no elementor-widget elementor-widget-image\" data-id=\"961ad1f\" data-element_type=\"widget\" data-widget_type=\"image.default\">\n\t\t\t\t<div class=\"elementor-widget-container\">\n\t\t\t\t\t\t\t\t\t\t\t\t\t\t<a href=\"https:\/\/www.alteacultural.com\/2024\/01\/26\/programa-18-02-2024\/\">\n\t\t\t\t\t\t\t<img decoding=\"async\" data-src=\"https:\/\/www.alteacultural.com\/wp-content\/uploads\/elementor\/thumbs\/valencia-pt48thfiy0n8d036da41ndkk48zbusn7jwawsx7u0c.jpg\" title=\"valenci\u00e0\" alt=\"valenci\u00e0\" src=\"data:image\/gif;base64,R0lGODlhAQABAAAAACH5BAEKAAEALAAAAAABAAEAAAICTAEAOw==\" class=\"lazyload\" style=\"--smush-placeholder-width: 30px; --smush-placeholder-aspect-ratio: 30\/30;\" \/>\t\t\t\t\t\t\t\t<\/a>\n\t\t\t\t\t\t\t\t\t\t\t\t\t<\/div>\n\t\t\t\t<\/div>\n\t\t\t\t\t<\/div>\n\t\t<\/div>\n\t\t\t\t\t<\/div>\n\t\t<\/section>\n\t\t\t\t<section class=\"elementor-section elementor-top-section elementor-element elementor-element-73b943d elementor-section-boxed elementor-section-height-default elementor-section-height-default exad-glass-effect-no exad-sticky-section-no\" data-id=\"73b943d\" data-element_type=\"section\">\n\t\t\t\t\t\t<div class=\"elementor-container elementor-column-gap-default\">\n\t\t\t\t\t<div class=\"elementor-column elementor-col-100 elementor-top-column elementor-element elementor-element-73e008d exad-glass-effect-no exad-sticky-section-no\" data-id=\"73e008d\" data-element_type=\"column\">\n\t\t\t<div class=\"elementor-widget-wrap elementor-element-populated\">\n\t\t\t\t\t\t<div class=\"elementor-element elementor-element-47a15ef exad-sticky-section-no exad-glass-effect-no elementor-widget elementor-widget-text-editor\" data-id=\"47a15ef\" data-element_type=\"widget\" data-widget_type=\"text-editor.default\">\n\t\t\t\t<div class=\"elementor-widget-container\">\n\t\t\t\t\t\t\t<h2 style=\"text-align: center;\"><span style=\"color: #ffffff;\">TRIO L\u00d2GIC<\/span><\/h2>\t\t\t\t\t\t<\/div>\n\t\t\t\t<\/div>\n\t\t\t\t\t<\/div>\n\t\t<\/div>\n\t\t\t\t\t<\/div>\n\t\t<\/section>\n\t\t\t\t<section class=\"elementor-section elementor-top-section elementor-element elementor-element-f2845cd elementor-section-boxed elementor-section-height-default elementor-section-height-default exad-glass-effect-no exad-sticky-section-no\" data-id=\"f2845cd\" data-element_type=\"section\">\n\t\t\t\t\t\t<div class=\"elementor-container elementor-column-gap-default\">\n\t\t\t\t\t<div class=\"elementor-column elementor-col-100 elementor-top-column elementor-element elementor-element-99fde3d exad-glass-effect-no exad-sticky-section-no\" data-id=\"99fde3d\" data-element_type=\"column\">\n\t\t\t<div class=\"elementor-widget-wrap elementor-element-populated\">\n\t\t\t\t\t\t<div class=\"elementor-element elementor-element-353eb5a exad-sticky-section-no exad-glass-effect-no elementor-widget elementor-widget-text-editor\" data-id=\"353eb5a\" data-element_type=\"widget\" data-widget_type=\"text-editor.default\">\n\t\t\t\t<div class=\"elementor-widget-container\">\n\t\t\t\t\t\t\t<div class=\"traductor-textarea form-group\"><h3 class=\"textarea-desti col-xs-12 col-sm-6\" style=\"text-align: center;\"><span style=\"text-decoration: underline; color: #ff6600;\">PROGRAMA<\/span><\/h3><div><span style=\"text-decoration: underline; color: #ff6600;\">\u00a0<\/span><\/div><\/div><div class=\"traductor-textarea form-group\"><h3 style=\"text-align: center;\"><span style=\"text-decoration: underline;\"><span style=\"color: #000000; text-decoration: underline;\"><em><strong>Historias y cuentos de Beethoven<\/strong><\/em><\/span><\/span><\/h3><p>\u00a0<\/p><\/div><h4 style=\"text-align: center;\"><span style=\"color: #333333;\">Un viaje por diferentes obras rom\u00e1nticas y de fantas\u00eda donde podemos escuchar la influencia de Beethoven en otros compositores. Empezando en el mundo imaginario del matrimonio Robert y Clara Schumann nos adentramos en el repertorio m\u00e1s descriptivo y rom\u00e1ntico de Max Bruch pasando por<em> la Grand Sonata<\/em> de Beethoven, dedicada a su alumna la condesa von Keglevich Anna Luise Barbara, seguramente el motivo por el cual su m\u00fasica es tan apasionada, y acabando con un obra actual con referencias \u201cbeethovenianas\u201d del compositor americano Edgar Girtain.<\/span><\/h4><p>\u00a0<\/p><div class=\"traductor-textarea form-group\"><h3 style=\"text-align: center;\">&#8211; <span style=\"color: #000000;\"><em>M\u00e4rchenerz\u00e4hlungen (Cuentos de hadas)<\/em>.Tr\u00edo en Si bemol mayor Op.120, Robert Schumann (1810-1856)<\/span><\/h3><p>\u00a0<\/p><p style=\"text-align: center;\"><em><span style=\"color: #000000;\"><strong>I. Lebhaft, nicht zu schnell<\/strong><\/span><\/em><\/p><p style=\"text-align: center;\"><em><span style=\"color: #000000;\"><strong>II. Lebhaft und sehr markiert<\/strong><\/span><\/em><\/p><p style=\"text-align: center;\"><em><span style=\"color: #000000;\"><strong> III. Ruhiges Tempo, mit zartem Ausdruch<\/strong><\/span><\/em><\/p><p style=\"text-align: center;\"><em><span style=\"color: #000000;\"><strong>IV. Lebhaft, sehr markiert<\/strong><\/span><\/em><\/p><p>\u00a0<\/p><\/div><h3 style=\"text-align: center;\">&#8211; <span style=\"color: #000000;\"><em>Sonata para piano n\u00fam. 4, en mi bemol mayor, op. 7<\/em>. \u201cGrand Sonata\u201d, Ludwig van Beethoven (1770-1827)<\/span><\/h3><p>\u00a0<\/p><p style=\"text-align: center;\"><span style=\"color: #000000;\"><strong><em>Allegro molto e con brio<\/em><\/strong><\/span><\/p><p style=\"text-align: center;\"><span style=\"color: #000000;\"><strong><em> Largo, con gran espressione<\/em><\/strong><\/span><\/p><p style=\"text-align: center;\"><span style=\"color: #000000;\"><strong><em> Allegro i Trio <\/em><\/strong><\/span><\/p><p style=\"text-align: center;\"><span style=\"color: #000000;\"><strong><em>Rondo: Poco allegretto e grazioso<\/em><\/strong><\/span><\/p><p>\u00a0<\/p><div class=\"traductor-textarea form-group\"><h3 style=\"text-align: center;\">&#8211; <span style=\"color: #000000;\"><em>Piezas para clarinete<\/em>, viola y piano Op.83, Max Bruch (1838-1920)<\/span><\/h3><p>\u00a0<\/p><\/div><p style=\"text-align: center;\"><span style=\"color: #000000;\"><em><strong>I. Andante <\/strong><\/em><\/span><\/p><p style=\"text-align: center;\"><span style=\"color: #000000;\"><em><strong>VI. Nachtgesang (can\u00e7\u00f3 nocturna) <\/strong><\/em><\/span><\/p><p style=\"text-align: center;\"><span style=\"color: #000000;\"><em><strong>VII. Allegro vivace, ma non troppo<\/strong><\/em><\/span><\/p><div class=\"traductor-textarea form-group\"><div>\u00a0<\/div><h3 style=\"text-align: center;\"><span style=\"color: #000000;\">&#8211; Beethoven\u2019s Fable (<em>La f\u00e1bula de Beethoven<\/em>) 2016, Edgar Girtain IV (1988)<\/span><\/h3><\/div><div class=\"traductor-textarea form-group\"><h3 style=\"text-align: center;\">\u00a0<\/h3><\/div><h3>\u00a0<\/h3><h3 style=\"text-align: center;\"><span style=\"text-decoration: underline; color: #ff6600;\">TRIO L\u00d2GIC<\/span><\/h3><p>\u00a0<\/p><h4 style=\"text-align: center;\"><span style=\"color: #333333;\">Viola &#8211; Nat\u00e1lia Gomes<\/span><\/h4><h4 style=\"text-align: center;\"><span style=\"color: #333333;\"> Clarinete &#8211; Jordi Pons<\/span><\/h4><h4 style=\"text-align: center;\"><span style=\"color: #333333;\"> Piano &#8211; Bruno Ferreira<\/span><\/h4><div><span style=\"text-decoration: underline; color: #ff6600;\">\u00a0<\/span><\/div><div>\u00a0<\/div><h3 style=\"text-align: center;\"><span style=\"color: #000000;\"><strong><span style=\"text-decoration: underline;\">&#8211; JORDI PONS<\/span><\/strong><\/span><\/h3><p>\u00a0<\/p><h4 style=\"text-align: center;\"><span style=\"color: #333333;\">Nacido en Barcelona, se traslad\u00f3 a Londres para estudiar a la Royal Academy of Music. El 2005, continu\u00f3 sus estudios a la Musik Akademie der Stadt Basilea, Suiza, con Fran\u00e7ois Benda donde se gradu\u00f3 con diplomas de excelencia tanto en sus cursos <em>Konzertdiplom<\/em> y <em>Solistendiplom<\/em>. <\/span><\/h4><h4>\u00a0<\/h4><h4 style=\"text-align: center;\"><span style=\"color: #333333;\">Jordi ha recibido premios del Concurso Internacional de Clarinete \u00abCitt\u00e0 di Carlino\u00bb (Italia), premio Juventudes Musicales de Catalu\u00f1a, Premio CIRIT para la M\u00fasica y la Investigaci\u00f3n de la Generalitat de Catalu\u00f1a, el Mortimer Development Award, y el Guinness-Music in the Community Award de la Royal Academy of Music de Londres. <\/span><\/h4><h4>\u00a0<\/h4><h4 style=\"text-align: center;\"><span style=\"color: #333333;\">Siendo un apasionado del repertorio orquestal, ha sido invitado por orquestas como la <em>Sinfonieorchester Basel<\/em>, <em>Symphony Orchestra of India<\/em>, <em>la Wermland Opera de Suecia<\/em>,<em> la Camerata Bern en Suiza<\/em>, <em>la Orquesta Sinf\u00f3nica de Galicia<\/em>,<em> la Orquesta do Norte, la Orquesta Sinf\u00f3nica Grande Teatro del Liceo, la Symphony Orchestra of India, la Sinfonia of the National Ballet de Londres, la Sinfonietta of Oxted y la New Profesionales Orchestra en el Reino Unido.<\/em> <\/span><\/h4><h4>\u00a0<\/h4><h4 style=\"text-align: center;\"><span style=\"color: #333333;\">Como miembro de los <em>Swiss Chamber Soloists<\/em> ha interpretado repertorio de m\u00fasica de c\u00e1mara junto con Heinz Holliger, Felix Renggli, Sergio Azzolini, entre otros. Actualmente compagina su actividad concert\u00edstica con la docencia, invitado a hacer masterclasses en Portugal, Suiza, Alemania, Rusia, Brasil, Kosovo, etc. e impartiendo clases a la ECMM de Vilanova i la Geltr\u00fa, al Conservatorio della Svizzera Italiana en Lugano y la Hochschule f\u00fcr Muisk de Basilea en Suiza.<\/span><\/h4><p>\u00a0<\/p><h3 class=\"traductor-textarea form-group\" style=\"text-align: center;\">\u00a0<\/h3><h3 style=\"text-align: center;\"><span style=\"color: #000000;\"><strong><span style=\"text-decoration: underline;\">&#8211; BRUNO FERREIRA<\/span><\/strong><\/span><\/h3><p>\u00a0<\/p><h4 style=\"text-align: center;\"><span style=\"color: #333333;\"><strong>Bruno Ferreira es un joven y talentoso pianista de Portugal. A los 26 a\u00f1os, ya se ha convertido en un int\u00e9rprete muy buscado con una gran experiencia. Con un repertorio impresionante que alcanza los g\u00e9neros cl\u00e1sico, jazz y otros, la aproximaci\u00f3n de Bruno a la m\u00fasica es de una gran versatilidad y aventura.<\/strong><\/span><\/h4><h4>\u00a0<\/h4><h4 style=\"text-align: center;\"><span style=\"color: #333333;\"><strong> Su amor por la m\u00fasica empez\u00f3 desde muy peque\u00f1o, y perfeccion\u00f3 sus habilidades a la prestigiosa <em>Haute \u00c9cole de Musique de Gen\u00e8ve (HEMG)<\/em>, donde estudi\u00f3 con C\u00e9dric Pescia y Dominique Weber, y se gradu\u00f3 con la mejor calificaci\u00f3n. Desde entonces , ha actuado en conciertos en solitario y en diferentes conjuntos en varios escenarios de Europa y Am\u00e9rica del Sur.<\/strong><\/span><\/h4><h4>\u00a0<\/h4><h4 style=\"text-align: center;\"><span style=\"color: #333333;\"><strong> Algunas de las actuaciones notables de Bruno incluyen un recital en solitario en la celebraci\u00f3n del 250.\u00ba cumplea\u00f1os de Beethoven al <em>Gran Auditorio de la Fundaci\u00f3n Calouste Gulbenkian a Lisboa,<\/em> el Concierto para piano de E. Grieg bajo la direcci\u00f3n de Jean- S\u00e9bastien B\u00e9reau al <em>Teatro Circo<\/em>, Braga, Portugal, recital en solitario al <em>XXXI Festival Internacional de M\u00fasica de Par\u00e0 al Theatro da Paz<\/em> en Bel\u00e9m, Brasil, la participaci\u00f3n al Festival Chopin a Victoria Hall de Ginebra y recitales como solista al <em>Museo Calouste Gulbenkian de Lisboa<\/em>, en Portugal. Bruno tambi\u00e9n ha galardonado con la prestigiosa beca de la <em>Fundaci\u00f3n Calouste Gulbenkian de Lisboa.<\/em><\/strong><\/span><\/h4><h4>\u00a0<\/h4><h4 style=\"text-align: center;\"><span style=\"color: #333333;\"><strong> Adem\u00e1s de sus actuaciones, Bruno tambi\u00e9n se dedica a compartir su conocimiento y amor por la m\u00fasica con los dem\u00e1s. Ha sido profesor privado en Ginebra y en varios conservatorios, incluyendo el <em>Conservatorio Popular de M\u00fasica, Danza y Teatro de Ginebra y a Arteduca &#8211; Conservatorio de M\u00fasica de Famalic\u00e3o<\/em> en Portugal, del cual tambi\u00e9n es miembro fundador.\u00a0<\/strong><\/span><\/h4><p>\u00a0<\/p><h3 style=\"text-align: center;\"><span style=\"color: #000000;\"><strong><span style=\"text-decoration: underline;\">&#8211; NAT\u00c1LIA GOMES<\/span><\/strong><\/span><\/h3><p>\u00a0<\/p><h4 style=\"text-align: center;\"><span style=\"color: #333333;\"><strong>Nacida en Portugal el 1980, con tan solo 16 a\u00f1os le ofrecen una beca de estudios superiores por la<em> Royal Academy of Music<\/em> de Londres. El a\u00f1o siguiente, crea junto con 3 compa\u00f1eras de la Real Academia, el cuarteto de cuerda<em> Pav\u00e3o String Quartet<\/em>.<\/strong><\/span><\/h4><h4>\u00a0<\/h4><h4 style=\"text-align: center;\"><span style=\"color: #333333;\"><strong> El 2004, se grad\u00faa con nota m\u00e1xima en Interpretaci\u00f3n y Pedagog\u00eda. Adem\u00e1s,\u00a0 consigue el reconocimiento al ganar el 1.\u00ba Premio a los concursos <em>Hilda Wynne Memorial Prize<\/em>, <em>Theodore Holland Prize<\/em> y <em>Moir Carnegie Prize<\/em> en Londres. Ha llevado a cabo numerosas actuaciones y recitales en todo el mundo, destacando los escenarios de prestigio global como<em> el Royal Albert Hall, el Wigmore Hall, la Purcell Room<\/em> y <em>el Manchester Hall<\/em> en Inglaterra, el <em>Palau de la M\u00fasica Catalana<\/em> y <em>Palau D&#8217;ant Jordi<\/em> en Barcelona, la<em> Wizink Arena<\/em> en Madrid, la <em>Meo Arena<\/em> en Lisboa y el <em>Estadio de Wembley<\/em> en Londres.<\/strong><\/span><\/h4><h4>\u00a0<\/h4><h4 style=\"text-align: center;\"><span style=\"color: #333333;\"><strong> Con el <em>Pav\u00e3o String Quartet<\/em> ha grabado varios CDs que han obtenido menciones de 5 estrellas en medios como <em>la Strad Magazine, BBC Music Magazine, Classic FM Magazine<\/em> y <em>The Guardian<\/em>. Sus \u00e1lbumes son regulares a las listas de reproducci\u00f3n de emisoras de radio brit\u00e1nicas destacadas c\u00f3mo BBC Radio 3, BBC Radio 2 y Classic FM. El cuarteto recibi\u00f3 una nominaci\u00f3n a los \u2018Classical Brit Awards\u2019 el 2008, y su colaboraci\u00f3n al \u00e1lbum \u2018Light &amp; Gold\u2019 con el compositor Eric Whitacre se posicion\u00f3 al n\u00famero 1 de las listas de m\u00fasica cl\u00e1sica y gan\u00f3 un codiciado <em>Grammy<\/em> el 2012.<\/strong><\/span><\/h4><h4>\u00a0<\/h4><h4 style=\"text-align: center;\"><span style=\"color: #333333;\"><strong> Ha colaborado con prestigiosas orquestas, entre las cuales destacan nombres como la <em>London Symphony Orchestra<\/em> y la <em>Royal Philharmonic Orchestra<\/em> de Londres. Su destacada carrera le ha otorgado el privilegio de tocar una Viola Stradivarius de la prestigiosa colecci\u00f3n de instrumentos musicales de la <em>Real Academia de M\u00fasica<\/em> de Londres en varias ocasiones y durante m\u00e1s de 20 a\u00f1os interpret\u00f3 su m\u00fasica con una Viola de J.B. Vuillaume de 1864, cedida generosamente por la <em>Fundaci\u00f3n JumpStart<\/em>, Pa\u00edses Bajos.<\/strong><\/span><\/h4><h4>\u00a0<\/h4><h4 style=\"text-align: center;\"><span style=\"color: #333333;\"><strong> Su versatilidad musical se ha manifestado en colaboraciones con figuras prominentes de la m\u00fasica Pop y Rock, incluyendo artistas de renombre mundial como Adele, Bryan Adams, Rod Stewart, P. Diddy, Annie Lennox, Sir Elton John, Kanye West, Katie Melua, Westlife, Robbie Williams, Michael Bubl\u00e9, entre otros.<\/strong><\/span><\/h4><h4>\u00a0<\/h4><h4 style=\"text-align: center;\"><span style=\"color: #333333;\"><strong> En su tierra natal, fue cofundadora de ArtEduca &#8211; Conservat\u00f3rio de M\u00fasica de VN Famalic\u00e3o en Portugal, donde ha compartido su vasto conocimiento musical como docente y directora pedag\u00f3gica durante varios a\u00f1os. A lo largo de su carrera, Nat\u00e1lia ha recibido apoyo financiero de instituciones destacadas c\u00f3mo <em>Tillett Trust, Hattori Foundation, Musicians Benevolent Fund<\/em> y ha contado con el apoyo de patrocinadores de renombre, incluyendo el Banco HSBC, British Airways, el British Council, Jaguar y el famoso emprendedor y fundador de \u2018Virgin\u2019, Sir Richard *Branson.<\/strong><\/span><\/h4><h4>\u00a0<\/h4><h4 style=\"text-align: center;\"><span style=\"color: #333333;\"><strong> El 2017 le fue otorgado el prestigioso t\u00edtulo de <em>Associate of The Royal Academy of Music<\/em> por su dedicaci\u00f3n, excelencia y contribuci\u00f3n en el mundo de la m\u00fasica.<\/strong><\/span><\/h4><div>\u00a0<\/div><h3 class=\"traductor-textarea form-group\" style=\"text-align: center;\">\u00a0<\/h3>\t\t\t\t\t\t<\/div>\n\t\t\t\t<\/div>\n\t\t\t\t\t<\/div>\n\t\t<\/div>\n\t\t\t\t\t<\/div>\n\t\t<\/section>\n\t\t\t\t<section class=\"elementor-section elementor-top-section elementor-element elementor-element-7d46883 elementor-section-boxed elementor-section-height-default elementor-section-height-default exad-glass-effect-no exad-sticky-section-no\" data-id=\"7d46883\" data-element_type=\"section\">\n\t\t\t\t\t\t<div class=\"elementor-container elementor-column-gap-default\">\n\t\t\t\t\t<div class=\"elementor-column elementor-col-100 elementor-top-column elementor-element elementor-element-16ce4bc exad-glass-effect-no exad-sticky-section-no\" data-id=\"16ce4bc\" data-element_type=\"column\">\n\t\t\t<div class=\"elementor-widget-wrap elementor-element-populated\">\n\t\t\t\t\t\t<div class=\"elementor-element elementor-element-35b8ea1 elementor-arrows-position-inside elementor-pagination-position-outside exad-sticky-section-no exad-glass-effect-no elementor-widget elementor-widget-image-carousel\" data-id=\"35b8ea1\" data-element_type=\"widget\" data-settings=\"{&quot;navigation&quot;:&quot;both&quot;,&quot;autoplay&quot;:&quot;yes&quot;,&quot;pause_on_hover&quot;:&quot;yes&quot;,&quot;pause_on_interaction&quot;:&quot;yes&quot;,&quot;autoplay_speed&quot;:5000,&quot;infinite&quot;:&quot;yes&quot;,&quot;speed&quot;:500}\" data-widget_type=\"image-carousel.default\">\n\t\t\t\t<div class=\"elementor-widget-container\">\n\t\t\t\t\t<div class=\"elementor-image-carousel-wrapper swiper\" dir=\"ltr\">\n\t\t\t<div class=\"elementor-image-carousel swiper-wrapper\" aria-live=\"off\">\n\t\t\t\t\t\t\t\t<div class=\"swiper-slide\" role=\"group\" aria-roledescription=\"slide\" aria-label=\"1 de 3\"><figure class=\"swiper-slide-inner\"><img decoding=\"async\" class=\"swiper-slide-image lazyload\" data-src=\"https:\/\/www.alteacultural.com\/wp-content\/uploads\/2024\/01\/Jordi-Pons-300x300.jpg\" alt=\"Jordi-Pons\" src=\"data:image\/gif;base64,R0lGODlhAQABAAAAACH5BAEKAAEALAAAAAABAAEAAAICTAEAOw==\" style=\"--smush-placeholder-width: 300px; --smush-placeholder-aspect-ratio: 300\/300;\" \/><\/figure><\/div><div class=\"swiper-slide\" role=\"group\" aria-roledescription=\"slide\" aria-label=\"2 de 3\"><figure class=\"swiper-slide-inner\"><img decoding=\"async\" class=\"swiper-slide-image lazyload\" data-src=\"https:\/\/www.alteacultural.com\/wp-content\/uploads\/2024\/01\/Bruno-Fereira-300x300.jpeg\" alt=\"Bruno Fereira\" src=\"data:image\/gif;base64,R0lGODlhAQABAAAAACH5BAEKAAEALAAAAAABAAEAAAICTAEAOw==\" style=\"--smush-placeholder-width: 300px; --smush-placeholder-aspect-ratio: 300\/300;\" \/><\/figure><\/div><div class=\"swiper-slide\" role=\"group\" aria-roledescription=\"slide\" aria-label=\"3 de 3\"><figure class=\"swiper-slide-inner\"><img decoding=\"async\" class=\"swiper-slide-image lazyload\" data-src=\"https:\/\/www.alteacultural.com\/wp-content\/uploads\/2024\/01\/Natalia-Gomis-300x300.jpg\" alt=\"Natalia Gomis\" src=\"data:image\/gif;base64,R0lGODlhAQABAAAAACH5BAEKAAEALAAAAAABAAEAAAICTAEAOw==\" style=\"--smush-placeholder-width: 300px; --smush-placeholder-aspect-ratio: 300\/300;\" \/><\/figure><\/div>\t\t\t<\/div>\n\t\t\t\t\t\t\t\t\t\t\t\t<div class=\"elementor-swiper-button elementor-swiper-button-prev\" role=\"button\" tabindex=\"0\">\n\t\t\t\t\t\t<i aria-hidden=\"true\" class=\"eicon-chevron-left\"><\/i>\t\t\t\t\t<\/div>\n\t\t\t\t\t<div class=\"elementor-swiper-button elementor-swiper-button-next\" role=\"button\" tabindex=\"0\">\n\t\t\t\t\t\t<i aria-hidden=\"true\" class=\"eicon-chevron-right\"><\/i>\t\t\t\t\t<\/div>\n\t\t\t\t\n\t\t\t\t\t\t\t\t\t<div class=\"swiper-pagination\"><\/div>\n\t\t\t\t\t\t\t\t\t<\/div>\n\t\t\t\t<\/div>\n\t\t\t\t<\/div>\n\t\t\t\t\t<\/div>\n\t\t<\/div>\n\t\t\t\t\t<\/div>\n\t\t<\/section>\n\t\t\t\t<section class=\"elementor-section elementor-top-section elementor-element elementor-element-75129c9 elementor-section-boxed elementor-section-height-default elementor-section-height-default exad-glass-effect-no exad-sticky-section-no\" data-id=\"75129c9\" data-element_type=\"section\">\n\t\t\t\t\t\t<div class=\"elementor-container elementor-column-gap-default\">\n\t\t\t\t\t<div class=\"elementor-column elementor-col-100 elementor-top-column elementor-element elementor-element-fafffc0 exad-glass-effect-no exad-sticky-section-no\" data-id=\"fafffc0\" data-element_type=\"column\">\n\t\t\t<div class=\"elementor-widget-wrap elementor-element-populated\">\n\t\t\t\t\t\t\t<\/div>\n\t\t<\/div>\n\t\t\t\t\t<\/div>\n\t\t<\/section>\n\t\t\t\t<section class=\"elementor-section elementor-top-section elementor-element elementor-element-a5974ad elementor-section-boxed elementor-section-height-default elementor-section-height-default exad-glass-effect-no exad-sticky-section-no\" data-id=\"a5974ad\" data-element_type=\"section\">\n\t\t\t\t\t\t<div class=\"elementor-container elementor-column-gap-default\">\n\t\t\t\t\t<div class=\"elementor-column elementor-col-100 elementor-top-column elementor-element elementor-element-8d2ca0a exad-glass-effect-no exad-sticky-section-no\" data-id=\"8d2ca0a\" data-element_type=\"column\">\n\t\t\t<div class=\"elementor-widget-wrap elementor-element-populated\">\n\t\t\t\t\t\t<div class=\"elementor-element elementor-element-c0558ab exad-sticky-section-no exad-glass-effect-no elementor-widget elementor-widget-image\" data-id=\"c0558ab\" data-element_type=\"widget\" data-widget_type=\"image.default\">\n\t\t\t\t<div class=\"elementor-widget-container\">\n\t\t\t\t\t\t\t\t\t\t\t\t\t\t<a href=\"https:\/\/www.alteacultural.com\/alertes\">\n\t\t\t\t\t\t\t<img fetchpriority=\"high\" decoding=\"async\" width=\"2560\" height=\"1280\" src=\"https:\/\/www.alteacultural.com\/wp-content\/uploads\/2022\/04\/100x200-rollupbanner-medium_es2_AdpatParaRedesHoriz-01-scaled.jpg\" class=\"attachment-large size-large wp-image-18827\" alt=\"\" srcset=\"https:\/\/www.alteacultural.com\/wp-content\/uploads\/2022\/04\/100x200-rollupbanner-medium_es2_AdpatParaRedesHoriz-01-scaled.jpg 2560w, https:\/\/www.alteacultural.com\/wp-content\/uploads\/2022\/04\/100x200-rollupbanner-medium_es2_AdpatParaRedesHoriz-01-768x384.jpg 768w, https:\/\/www.alteacultural.com\/wp-content\/uploads\/2022\/04\/100x200-rollupbanner-medium_es2_AdpatParaRedesHoriz-01-1536x768.jpg 1536w, https:\/\/www.alteacultural.com\/wp-content\/uploads\/2022\/04\/100x200-rollupbanner-medium_es2_AdpatParaRedesHoriz-01-2048x1024.jpg 2048w\" sizes=\"(max-width: 2560px) 100vw, 2560px\" \/>\t\t\t\t\t\t\t\t<\/a>\n\t\t\t\t\t\t\t\t\t\t\t\t\t<\/div>\n\t\t\t\t<\/div>\n\t\t\t\t\t<\/div>\n\t\t<\/div>\n\t\t\t\t\t<\/div>\n\t\t<\/section>\n\t\t\t\t<section class=\"elementor-section elementor-top-section elementor-element elementor-element-2f3f51e elementor-section-boxed elementor-section-height-default elementor-section-height-default exad-glass-effect-no exad-sticky-section-no\" data-id=\"2f3f51e\" data-element_type=\"section\">\n\t\t\t\t\t\t<div class=\"elementor-container elementor-column-gap-default\">\n\t\t\t\t\t<div class=\"elementor-column elementor-col-100 elementor-top-column elementor-element elementor-element-e3d1e47 exad-glass-effect-no exad-sticky-section-no\" data-id=\"e3d1e47\" data-element_type=\"column\">\n\t\t\t<div class=\"elementor-widget-wrap elementor-element-populated\">\n\t\t\t\t\t\t\t<\/div>\n\t\t<\/div>\n\t\t\t\t\t<\/div>\n\t\t<\/section>\n\t\t\t\t<\/div>\n\t\t","protected":false},"excerpt":{"rendered":"<p>Programa \u00b7 18\/02\/2024 \u00b7 Beethoven Fest 2024 TRIO L\u00d2GIC PROGRAMA Historias y cuentos de Beethoven Un viaje por diferentes [&hellip;]<\/p>\n","protected":false},"author":1,"featured_media":0,"comment_status":"closed","ping_status":"closed","sticky":false,"template":"elementor_canvas","format":"standard","meta":{"_expiration-date-status":"","_expiration-date":0,"_expiration-date-type":"","_expiration-date-categories":[],"_expiration-date-options":[],"footnotes":""},"yoast_head":"<!-- This site is optimized with the Yoast SEO plugin v22.8 - https:\/\/yoast.com\/wordpress\/plugins\/seo\/ -->\n<title>Programa 18-02-2024 - Altea Cultural<\/title>\n<meta name=\"robots\" content=\"index, follow, max-snippet:-1, max-image-preview:large, max-video-preview:-1\" \/>\n<link rel=\"canonical\" href=\"https:\/\/www.alteacultural.com\/es\/2024\/01\/26\/programa-18-02-2024\/\" \/>\n<meta property=\"og:locale\" content=\"es_ES\" \/>\n<meta property=\"og:type\" content=\"article\" \/>\n<meta property=\"og:title\" content=\"Programa 18-02-2024 - Altea Cultural\" \/>\n<meta property=\"og:description\" content=\"Programa \u00b7 18\/02\/2024 \u00b7 Beethoven Fest 2024 TRIO L\u00d2GIC PROGRAMA Historias y cuentos de Beethoven Un viaje por diferentes [&hellip;]\" \/>\n<meta property=\"og:url\" content=\"https:\/\/www.alteacultural.com\/es\/2024\/01\/26\/programa-18-02-2024\/\" \/>\n<meta property=\"og:site_name\" content=\"Altea Cultural\" \/>\n<meta property=\"article:published_time\" content=\"2024-01-26T11:53:12+00:00\" \/>\n<meta property=\"article:modified_time\" content=\"2024-01-26T13:39:46+00:00\" \/>\n<meta property=\"og:image\" content=\"https:\/\/www.alteacultural.com\/wp-content\/uploads\/elementor\/thumbs\/valencia-pt48thfiy0n8d036da41ndkk48zbusn7jwawsx7u0c.jpg\" \/>\n<meta name=\"author\" content=\"sfaltea.com-admin\" \/>\n<meta name=\"twitter:card\" content=\"summary_large_image\" \/>\n<meta name=\"twitter:label1\" content=\"Escrito por\" \/>\n\t<meta name=\"twitter:data1\" content=\"sfaltea.com-admin\" \/>\n\t<meta name=\"twitter:label2\" content=\"Tiempo de lectura\" \/>\n\t<meta name=\"twitter:data2\" content=\"8 minutos\" \/>\n<script type=\"application\/ld+json\" class=\"yoast-schema-graph\">{\"@context\":\"https:\/\/schema.org\",\"@graph\":[{\"@type\":\"WebPage\",\"@id\":\"https:\/\/www.alteacultural.com\/es\/2024\/01\/26\/programa-18-02-2024\/\",\"url\":\"https:\/\/www.alteacultural.com\/es\/2024\/01\/26\/programa-18-02-2024\/\",\"name\":\"Programa 18-02-2024 - Altea Cultural\",\"isPartOf\":{\"@id\":\"https:\/\/www.alteacultural.com\/es\/#website\"},\"primaryImageOfPage\":{\"@id\":\"https:\/\/www.alteacultural.com\/es\/2024\/01\/26\/programa-18-02-2024\/#primaryimage\"},\"image\":{\"@id\":\"https:\/\/www.alteacultural.com\/es\/2024\/01\/26\/programa-18-02-2024\/#primaryimage\"},\"thumbnailUrl\":\"https:\/\/www.alteacultural.com\/wp-content\/uploads\/elementor\/thumbs\/valencia-pt48thfiy0n8d036da41ndkk48zbusn7jwawsx7u0c.jpg\",\"datePublished\":\"2024-01-26T11:53:12+00:00\",\"dateModified\":\"2024-01-26T13:39:46+00:00\",\"author\":{\"@id\":\"https:\/\/www.alteacultural.com\/es\/#\/schema\/person\/c4e137537f1af546d214a315255e5172\"},\"breadcrumb\":{\"@id\":\"https:\/\/www.alteacultural.com\/es\/2024\/01\/26\/programa-18-02-2024\/#breadcrumb\"},\"inLanguage\":\"es\",\"potentialAction\":[{\"@type\":\"ReadAction\",\"target\":[\"https:\/\/www.alteacultural.com\/es\/2024\/01\/26\/programa-18-02-2024\/\"]}]},{\"@type\":\"ImageObject\",\"inLanguage\":\"es\",\"@id\":\"https:\/\/www.alteacultural.com\/es\/2024\/01\/26\/programa-18-02-2024\/#primaryimage\",\"url\":\"https:\/\/www.alteacultural.com\/wp-content\/uploads\/elementor\/thumbs\/valencia-pt48thfiy0n8d036da41ndkk48zbusn7jwawsx7u0c.jpg\",\"contentUrl\":\"https:\/\/www.alteacultural.com\/wp-content\/uploads\/elementor\/thumbs\/valencia-pt48thfiy0n8d036da41ndkk48zbusn7jwawsx7u0c.jpg\"},{\"@type\":\"BreadcrumbList\",\"@id\":\"https:\/\/www.alteacultural.com\/es\/2024\/01\/26\/programa-18-02-2024\/#breadcrumb\",\"itemListElement\":[{\"@type\":\"ListItem\",\"position\":1,\"name\":\"Inici\",\"item\":\"https:\/\/www.alteacultural.com\/es\/\"},{\"@type\":\"ListItem\",\"position\":2,\"name\":\"Programa 18-02-2024\"}]},{\"@type\":\"WebSite\",\"@id\":\"https:\/\/www.alteacultural.com\/es\/#website\",\"url\":\"https:\/\/www.alteacultural.com\/es\/\",\"name\":\"Altea Cultural\",\"description\":\"Regidoria de Cultura de l&#039;Ajuntament d&#039;Altea\",\"potentialAction\":[{\"@type\":\"SearchAction\",\"target\":{\"@type\":\"EntryPoint\",\"urlTemplate\":\"https:\/\/www.alteacultural.com\/es\/?s={search_term_string}\"},\"query-input\":\"required name=search_term_string\"}],\"inLanguage\":\"es\"},{\"@type\":\"Person\",\"@id\":\"https:\/\/www.alteacultural.com\/es\/#\/schema\/person\/c4e137537f1af546d214a315255e5172\",\"name\":\"sfaltea.com-admin\",\"image\":{\"@type\":\"ImageObject\",\"inLanguage\":\"es\",\"@id\":\"https:\/\/www.alteacultural.com\/es\/#\/schema\/person\/image\/\",\"url\":\"https:\/\/secure.gravatar.com\/avatar\/f7473fa2fbd351270ccfd469de536202?s=96&d=mm&r=g\",\"contentUrl\":\"https:\/\/secure.gravatar.com\/avatar\/f7473fa2fbd351270ccfd469de536202?s=96&d=mm&r=g\",\"caption\":\"sfaltea.com-admin\"},\"url\":\"https:\/\/www.alteacultural.com\/es\/author\/sfaltea-com-admin\/\"}]}<\/script>\n<!-- \/ Yoast SEO plugin. -->","yoast_head_json":{"title":"Programa 18-02-2024 - Altea Cultural","robots":{"index":"index","follow":"follow","max-snippet":"max-snippet:-1","max-image-preview":"max-image-preview:large","max-video-preview":"max-video-preview:-1"},"canonical":"https:\/\/www.alteacultural.com\/es\/2024\/01\/26\/programa-18-02-2024\/","og_locale":"es_ES","og_type":"article","og_title":"Programa 18-02-2024 - Altea Cultural","og_description":"Programa \u00b7 18\/02\/2024 \u00b7 Beethoven Fest 2024 TRIO L\u00d2GIC PROGRAMA Historias y cuentos de Beethoven Un viaje por diferentes [&hellip;]","og_url":"https:\/\/www.alteacultural.com\/es\/2024\/01\/26\/programa-18-02-2024\/","og_site_name":"Altea Cultural","article_published_time":"2024-01-26T11:53:12+00:00","article_modified_time":"2024-01-26T13:39:46+00:00","og_image":[{"url":"https:\/\/www.alteacultural.com\/wp-content\/uploads\/elementor\/thumbs\/valencia-pt48thfiy0n8d036da41ndkk48zbusn7jwawsx7u0c.jpg"}],"author":"sfaltea.com-admin","twitter_card":"summary_large_image","twitter_misc":{"Escrito por":"sfaltea.com-admin","Tiempo de lectura":"8 minutos"},"schema":{"@context":"https:\/\/schema.org","@graph":[{"@type":"WebPage","@id":"https:\/\/www.alteacultural.com\/es\/2024\/01\/26\/programa-18-02-2024\/","url":"https:\/\/www.alteacultural.com\/es\/2024\/01\/26\/programa-18-02-2024\/","name":"Programa 18-02-2024 - Altea Cultural","isPartOf":{"@id":"https:\/\/www.alteacultural.com\/es\/#website"},"primaryImageOfPage":{"@id":"https:\/\/www.alteacultural.com\/es\/2024\/01\/26\/programa-18-02-2024\/#primaryimage"},"image":{"@id":"https:\/\/www.alteacultural.com\/es\/2024\/01\/26\/programa-18-02-2024\/#primaryimage"},"thumbnailUrl":"https:\/\/www.alteacultural.com\/wp-content\/uploads\/elementor\/thumbs\/valencia-pt48thfiy0n8d036da41ndkk48zbusn7jwawsx7u0c.jpg","datePublished":"2024-01-26T11:53:12+00:00","dateModified":"2024-01-26T13:39:46+00:00","author":{"@id":"https:\/\/www.alteacultural.com\/es\/#\/schema\/person\/c4e137537f1af546d214a315255e5172"},"breadcrumb":{"@id":"https:\/\/www.alteacultural.com\/es\/2024\/01\/26\/programa-18-02-2024\/#breadcrumb"},"inLanguage":"es","potentialAction":[{"@type":"ReadAction","target":["https:\/\/www.alteacultural.com\/es\/2024\/01\/26\/programa-18-02-2024\/"]}]},{"@type":"ImageObject","inLanguage":"es","@id":"https:\/\/www.alteacultural.com\/es\/2024\/01\/26\/programa-18-02-2024\/#primaryimage","url":"https:\/\/www.alteacultural.com\/wp-content\/uploads\/elementor\/thumbs\/valencia-pt48thfiy0n8d036da41ndkk48zbusn7jwawsx7u0c.jpg","contentUrl":"https:\/\/www.alteacultural.com\/wp-content\/uploads\/elementor\/thumbs\/valencia-pt48thfiy0n8d036da41ndkk48zbusn7jwawsx7u0c.jpg"},{"@type":"BreadcrumbList","@id":"https:\/\/www.alteacultural.com\/es\/2024\/01\/26\/programa-18-02-2024\/#breadcrumb","itemListElement":[{"@type":"ListItem","position":1,"name":"Inici","item":"https:\/\/www.alteacultural.com\/es\/"},{"@type":"ListItem","position":2,"name":"Programa 18-02-2024"}]},{"@type":"WebSite","@id":"https:\/\/www.alteacultural.com\/es\/#website","url":"https:\/\/www.alteacultural.com\/es\/","name":"Altea Cultural","description":"Regidoria de Cultura de l&#039;Ajuntament d&#039;Altea","potentialAction":[{"@type":"SearchAction","target":{"@type":"EntryPoint","urlTemplate":"https:\/\/www.alteacultural.com\/es\/?s={search_term_string}"},"query-input":"required name=search_term_string"}],"inLanguage":"es"},{"@type":"Person","@id":"https:\/\/www.alteacultural.com\/es\/#\/schema\/person\/c4e137537f1af546d214a315255e5172","name":"sfaltea.com-admin","image":{"@type":"ImageObject","inLanguage":"es","@id":"https:\/\/www.alteacultural.com\/es\/#\/schema\/person\/image\/","url":"https:\/\/secure.gravatar.com\/avatar\/f7473fa2fbd351270ccfd469de536202?s=96&d=mm&r=g","contentUrl":"https:\/\/secure.gravatar.com\/avatar\/f7473fa2fbd351270ccfd469de536202?s=96&d=mm&r=g","caption":"sfaltea.com-admin"},"url":"https:\/\/www.alteacultural.com\/es\/author\/sfaltea-com-admin\/"}]}},"_links":{"self":[{"href":"https:\/\/www.alteacultural.com\/es\/wp-json\/wp\/v2\/posts\/28683"}],"collection":[{"href":"https:\/\/www.alteacultural.com\/es\/wp-json\/wp\/v2\/posts"}],"about":[{"href":"https:\/\/www.alteacultural.com\/es\/wp-json\/wp\/v2\/types\/post"}],"author":[{"embeddable":true,"href":"https:\/\/www.alteacultural.com\/es\/wp-json\/wp\/v2\/users\/1"}],"replies":[{"embeddable":true,"href":"https:\/\/www.alteacultural.com\/es\/wp-json\/wp\/v2\/comments?post=28683"}],"version-history":[{"count":14,"href":"https:\/\/www.alteacultural.com\/es\/wp-json\/wp\/v2\/posts\/28683\/revisions"}],"predecessor-version":[{"id":28741,"href":"https:\/\/www.alteacultural.com\/es\/wp-json\/wp\/v2\/posts\/28683\/revisions\/28741"}],"wp:attachment":[{"href":"https:\/\/www.alteacultural.com\/es\/wp-json\/wp\/v2\/media?parent=28683"}],"curies":[{"name":"wp","href":"https:\/\/api.w.org\/{rel}","templated":true}]}}