{"id":28769,"date":"2024-01-29T08:07:53","date_gmt":"2024-01-29T07:07:53","guid":{"rendered":"https:\/\/www.alteacultural.com\/2024\/01\/29\/el-passeig-del-bol-llueix-lobra-del-pintor-altea-juan-navarro-ramon\/"},"modified":"2024-01-30T15:05:39","modified_gmt":"2024-01-30T14:05:39","slug":"el-passeig-del-bol-llueix-lobra-del-pintor-altea-juan-navarro-ramon","status":"publish","type":"post","link":"https:\/\/www.alteacultural.com\/es\/2024\/01\/29\/el-passeig-del-bol-llueix-lobra-del-pintor-altea-juan-navarro-ramon\/","title":{"rendered":"El Paseo del Bol luce la obra del pintor alteano Juan Navarro Ram\u00f3n"},"content":{"rendered":"\n<figure class=\"wp-block-image\"><img decoding=\"async\" data-src=\"https:\/\/alteadigital.es\/wp-content\/uploads\/2024\/01\/explicacion-de-la-comisaria-web.jpg\" alt=\"El Passeig del Bol llueix l\u2019obra del pintor alte\u00e0 Juan Navarro Ram\u00f3n\" src=\"data:image\/gif;base64,R0lGODlhAQABAAAAACH5BAEKAAEALAAAAAABAAEAAAICTAEAOw==\" class=\"lazyload\" \/><\/figure>\n\n\n\n<p><strong>La exposici\u00f3n creada en t\u00f3tems reproduce pinturas del artista de diferentes \u00e9pocas.<\/strong><\/p>\n\n\n\n<p>A medio d\u00eda de hoy ha tenido lugar la inauguraci\u00f3n de la exposici\u00f3n interactiva que la concejal\u00eda de Cultura, en colaboraci\u00f3n con Juana Mar\u00eda Balsalobre y Mediterr\u00e0nia Creativa han organizado dentro del programa de actos conmemorativos del 120 aniversario del nacimiento del pintor alteano m\u00e1s universal, Juan Navarro Ram\u00f3n. Una muestra que se encuentra ubicada en el Paseo del Bol, mediante t\u00f3tems en los que se plasman obras del artista de sus distintas \u00e9pocas.<\/p>\n\n\n\n<p>Como ha explicado la Comisaria del 120 aniversario, la historiadora del arte, Juan Maria Balsalobre, \u201cpens\u00e1bamos que era importante sacar a la calle la figura de Navarro Ram\u00f3n y fue Pepa Victoria P\u00e9rez, concejala de Cultura, la que sugiri\u00f3 la idea de utilizar los t\u00f3tems y plantear una exposici\u00f3n\u201d.<\/p>\n\n\n\n<div class=\"wp-block-image\"><figure class=\"aligncenter\"><img decoding=\"async\" data-src=\"https:\/\/alteadigital.es\/wp-content\/uploads\/2024\/01\/concejala-y-heredera-web.jpg\" alt=\"\" class=\"wp-image-115540 lazyload\" src=\"data:image\/gif;base64,R0lGODlhAQABAAAAACH5BAEKAAEALAAAAAABAAEAAAICTAEAOw==\" \/><\/figure><\/div>\n\n\n\n<p>\u201cLa exposici\u00f3n est\u00e1 compuesta por 5 t\u00f3tems con 6 lados y est\u00e1 planteada de manera cronol\u00f3gica y numerada. Cada uno de los t\u00f3tems tiene el n\u00famero para que el p\u00fablico que pase por el paseo pueda visitarla a su aire\u201d; ha matizado Balsalobre, quien ha guiado la visita de hoy, en la que ha participado el alcalde, Diego Zaragoz\u00ed; el ex alcalde, Jaume Llinares; la edil de Cultura, Pepa Victoria P\u00e9rez; varios miembros de la Corporaci\u00f3n Municipal; Maria Amparo V\u00e1zquez, viuda de&nbsp; Javier Barrio Navarro, sobrino y heredero del pintor y el coordinador del aniversario, Ignacio Beltr\u00e1n; entre otros alteanos y alteanas que no han querido perderse esta importante cita con la cultura al aire libre.<\/p>\n\n\n\n<p>Adem\u00e1s, Balsalobre ha exaltado el trabajo realizado por Mediterr\u00e0nia Creativa para la exposici\u00f3n; as\u00ed como para la creaci\u00f3n de la marca Navarro Ram\u00f3n y la reci\u00e9n puesta en marcha web&nbsp;<a href=\"https:\/\/navarroramon.com\/ca\/inici\/\">https:\/\/navarroramon.com\/ca\/inici\/<\/a>. En nombre de Mediterr\u00e0nia Creativa, Esther Borja, ha agradecido la confianza depositada por parte de la organizaci\u00f3n en su trabajo y el de todo su equipo.<\/p>\n\n\n\n<p>\u201cEsperamos que los alteanos hagan correr el boca a boca y que un artista alteano, internacional tan importante como Navarro Ram\u00f3n sea reconocido\u201d; ha concluido Juana Maria Balsalobre.<\/p>\n\n\n\n<p>Y como medio de transmisi\u00f3n de conocimiento a los m\u00e1s peque\u00f1os se ha dise\u00f1ado un juego con los colores m\u00e1s utilizados por Navarro Ram\u00f3n en sus pinturas. Juego que Esther Borja ha desgranado.&nbsp; \u201cLos 5 colores m\u00e1s representativos de la obra de Navarro Ram\u00f3n se han repartido por los t\u00f3tems con la pincelada que hemos elegido como logo y se ha escondido una manchita de estas en cada uno de los t\u00f3tems. En los d\u00edpticos que se han repartido los ni\u00f1os podr\u00e1n ir cercando todas las manchitas que vayan encontrando con los colores m\u00e1s representativos\u201d; explica Borja, quien ha calificado esta como una buena forma de acercar a los m\u00e1s peque\u00f1os a la obra de Navarro Ram\u00f3n.<\/p>\n\n\n\n<p>Seg\u00fan desvelaba la edil de Cultura, Pepa V. P\u00e9rez en la celebraci\u00f3n de la Jornada de transmisi\u00f3n del conocimiento sobre Navarro Ram\u00f3n, celebrada en el d\u00eda de ayer en la Casa de Cultura, en estos momentos Altea cuenta con 232 obras catalogadas de Juan Navarro Ram\u00f3n, adem\u00e1s del archivo personal del pintor, que gracias a la voluntad de su heredero Javier Barrio Navarro y a la de su viuda, Maria Amparo V\u00e1zquez han pasado a formar parte del patrimonio local de Altea, a trav\u00e9s de sucesivas donaciones, siendo la m\u00e1s numerosa la llevada a cabo en febrero del pasado a\u00f1o, en la que se donaron a Altea 156 obras.<\/p>\n\n\n\n<p>La exposici\u00f3n permanecer\u00e1 presente en el paseo del Bol por un periodo de 6 meses. |ALTEADIGITAL.ES<\/p>\n\n\n\n<div class=\"wp-block-image\"><figure class=\"aligncenter\"><img decoding=\"async\" data-src=\"https:\/\/alteadigital.es\/wp-content\/uploads\/2024\/01\/foto-grupo-web.jpg\" alt=\"\" class=\"wp-image-115542 lazyload\" src=\"data:image\/gif;base64,R0lGODlhAQABAAAAACH5BAEKAAEALAAAAAABAAEAAAICTAEAOw==\" \/><\/figure><\/div>\n","protected":false},"excerpt":{"rendered":"<p>La exposici\u00f3n creada en t\u00f3tems reproduce pinturas del artista de diferentes \u00e9pocas. A medio d\u00eda de hoy ha tenido [&hellip;]<\/p>\n","protected":false},"author":1,"featured_media":28580,"comment_status":"open","ping_status":"open","sticky":false,"template":"","format":"standard","meta":{"_expiration-date-status":"","_expiration-date":0,"_expiration-date-type":"","_expiration-date-categories":[],"_expiration-date-options":[],"footnotes":""},"yoast_head":"<!-- This site is optimized with the Yoast SEO plugin v22.8 - https:\/\/yoast.com\/wordpress\/plugins\/seo\/ -->\n<title>El Paseo del Bol luce la obra del pintor alteano Juan Navarro Ram\u00f3n - Altea Cultural<\/title>\n<meta name=\"robots\" content=\"index, follow, max-snippet:-1, max-image-preview:large, max-video-preview:-1\" \/>\n<link rel=\"canonical\" href=\"https:\/\/www.alteacultural.com\/es\/2024\/01\/29\/el-passeig-del-bol-llueix-lobra-del-pintor-altea-juan-navarro-ramon\/\" \/>\n<meta property=\"og:locale\" content=\"es_ES\" \/>\n<meta property=\"og:type\" content=\"article\" \/>\n<meta property=\"og:title\" content=\"El Paseo del Bol luce la obra del pintor alteano Juan Navarro Ram\u00f3n - Altea Cultural\" \/>\n<meta property=\"og:description\" content=\"La exposici\u00f3n creada en t\u00f3tems reproduce pinturas del artista de diferentes \u00e9pocas. A medio d\u00eda de hoy ha tenido [&hellip;]\" \/>\n<meta property=\"og:url\" content=\"https:\/\/www.alteacultural.com\/es\/2024\/01\/29\/el-passeig-del-bol-llueix-lobra-del-pintor-altea-juan-navarro-ramon\/\" \/>\n<meta property=\"og:site_name\" content=\"Altea Cultural\" \/>\n<meta property=\"article:published_time\" content=\"2024-01-29T07:07:53+00:00\" \/>\n<meta property=\"article:modified_time\" content=\"2024-01-30T14:05:39+00:00\" \/>\n<meta property=\"og:image\" content=\"https:\/\/www.alteacultural.com\/wp-content\/uploads\/2024\/01\/Expo_JuanNavarroRamon_19ene2024_Diptic-1.jpg\" \/>\n\t<meta property=\"og:image:width\" content=\"1757\" \/>\n\t<meta property=\"og:image:height\" content=\"2483\" \/>\n\t<meta property=\"og:image:type\" content=\"image\/jpeg\" \/>\n<meta name=\"author\" content=\"sfaltea.com-admin\" \/>\n<meta name=\"twitter:card\" content=\"summary_large_image\" \/>\n<meta name=\"twitter:label1\" content=\"Escrito por\" \/>\n\t<meta name=\"twitter:data1\" content=\"sfaltea.com-admin\" \/>\n\t<meta name=\"twitter:label2\" content=\"Tiempo de lectura\" \/>\n\t<meta name=\"twitter:data2\" content=\"4 minutos\" \/>\n<script type=\"application\/ld+json\" class=\"yoast-schema-graph\">{\"@context\":\"https:\/\/schema.org\",\"@graph\":[{\"@type\":\"WebPage\",\"@id\":\"https:\/\/www.alteacultural.com\/es\/2024\/01\/29\/el-passeig-del-bol-llueix-lobra-del-pintor-altea-juan-navarro-ramon\/\",\"url\":\"https:\/\/www.alteacultural.com\/es\/2024\/01\/29\/el-passeig-del-bol-llueix-lobra-del-pintor-altea-juan-navarro-ramon\/\",\"name\":\"El Paseo del Bol luce la obra del pintor alteano Juan Navarro Ram\u00f3n - Altea Cultural\",\"isPartOf\":{\"@id\":\"https:\/\/www.alteacultural.com\/es\/#website\"},\"primaryImageOfPage\":{\"@id\":\"https:\/\/www.alteacultural.com\/es\/2024\/01\/29\/el-passeig-del-bol-llueix-lobra-del-pintor-altea-juan-navarro-ramon\/#primaryimage\"},\"image\":{\"@id\":\"https:\/\/www.alteacultural.com\/es\/2024\/01\/29\/el-passeig-del-bol-llueix-lobra-del-pintor-altea-juan-navarro-ramon\/#primaryimage\"},\"thumbnailUrl\":\"https:\/\/www.alteacultural.com\/wp-content\/uploads\/2024\/01\/Expo_JuanNavarroRamon_19ene2024_Diptic-1.jpg\",\"datePublished\":\"2024-01-29T07:07:53+00:00\",\"dateModified\":\"2024-01-30T14:05:39+00:00\",\"author\":{\"@id\":\"https:\/\/www.alteacultural.com\/es\/#\/schema\/person\/c4e137537f1af546d214a315255e5172\"},\"breadcrumb\":{\"@id\":\"https:\/\/www.alteacultural.com\/es\/2024\/01\/29\/el-passeig-del-bol-llueix-lobra-del-pintor-altea-juan-navarro-ramon\/#breadcrumb\"},\"inLanguage\":\"es\",\"potentialAction\":[{\"@type\":\"ReadAction\",\"target\":[\"https:\/\/www.alteacultural.com\/es\/2024\/01\/29\/el-passeig-del-bol-llueix-lobra-del-pintor-altea-juan-navarro-ramon\/\"]}]},{\"@type\":\"ImageObject\",\"inLanguage\":\"es\",\"@id\":\"https:\/\/www.alteacultural.com\/es\/2024\/01\/29\/el-passeig-del-bol-llueix-lobra-del-pintor-altea-juan-navarro-ramon\/#primaryimage\",\"url\":\"https:\/\/www.alteacultural.com\/wp-content\/uploads\/2024\/01\/Expo_JuanNavarroRamon_19ene2024_Diptic-1.jpg\",\"contentUrl\":\"https:\/\/www.alteacultural.com\/wp-content\/uploads\/2024\/01\/Expo_JuanNavarroRamon_19ene2024_Diptic-1.jpg\",\"width\":1757,\"height\":2483},{\"@type\":\"BreadcrumbList\",\"@id\":\"https:\/\/www.alteacultural.com\/es\/2024\/01\/29\/el-passeig-del-bol-llueix-lobra-del-pintor-altea-juan-navarro-ramon\/#breadcrumb\",\"itemListElement\":[{\"@type\":\"ListItem\",\"position\":1,\"name\":\"Inici\",\"item\":\"https:\/\/www.alteacultural.com\/es\/\"},{\"@type\":\"ListItem\",\"position\":2,\"name\":\"El Paseo del Bol luce la obra del pintor alteano Juan Navarro Ram\u00f3n\"}]},{\"@type\":\"WebSite\",\"@id\":\"https:\/\/www.alteacultural.com\/es\/#website\",\"url\":\"https:\/\/www.alteacultural.com\/es\/\",\"name\":\"Altea Cultural\",\"description\":\"Regidoria de Cultura de l&#039;Ajuntament d&#039;Altea\",\"potentialAction\":[{\"@type\":\"SearchAction\",\"target\":{\"@type\":\"EntryPoint\",\"urlTemplate\":\"https:\/\/www.alteacultural.com\/es\/?s={search_term_string}\"},\"query-input\":\"required name=search_term_string\"}],\"inLanguage\":\"es\"},{\"@type\":\"Person\",\"@id\":\"https:\/\/www.alteacultural.com\/es\/#\/schema\/person\/c4e137537f1af546d214a315255e5172\",\"name\":\"sfaltea.com-admin\",\"image\":{\"@type\":\"ImageObject\",\"inLanguage\":\"es\",\"@id\":\"https:\/\/www.alteacultural.com\/es\/#\/schema\/person\/image\/\",\"url\":\"https:\/\/secure.gravatar.com\/avatar\/f7473fa2fbd351270ccfd469de536202?s=96&d=mm&r=g\",\"contentUrl\":\"https:\/\/secure.gravatar.com\/avatar\/f7473fa2fbd351270ccfd469de536202?s=96&d=mm&r=g\",\"caption\":\"sfaltea.com-admin\"},\"url\":\"https:\/\/www.alteacultural.com\/es\/author\/sfaltea-com-admin\/\"}]}<\/script>\n<!-- \/ Yoast SEO plugin. -->","yoast_head_json":{"title":"El Paseo del Bol luce la obra del pintor alteano Juan Navarro Ram\u00f3n - Altea Cultural","robots":{"index":"index","follow":"follow","max-snippet":"max-snippet:-1","max-image-preview":"max-image-preview:large","max-video-preview":"max-video-preview:-1"},"canonical":"https:\/\/www.alteacultural.com\/es\/2024\/01\/29\/el-passeig-del-bol-llueix-lobra-del-pintor-altea-juan-navarro-ramon\/","og_locale":"es_ES","og_type":"article","og_title":"El Paseo del Bol luce la obra del pintor alteano Juan Navarro Ram\u00f3n - Altea Cultural","og_description":"La exposici\u00f3n creada en t\u00f3tems reproduce pinturas del artista de diferentes \u00e9pocas. A medio d\u00eda de hoy ha tenido [&hellip;]","og_url":"https:\/\/www.alteacultural.com\/es\/2024\/01\/29\/el-passeig-del-bol-llueix-lobra-del-pintor-altea-juan-navarro-ramon\/","og_site_name":"Altea Cultural","article_published_time":"2024-01-29T07:07:53+00:00","article_modified_time":"2024-01-30T14:05:39+00:00","og_image":[{"width":1757,"height":2483,"url":"https:\/\/www.alteacultural.com\/wp-content\/uploads\/2024\/01\/Expo_JuanNavarroRamon_19ene2024_Diptic-1.jpg","type":"image\/jpeg"}],"author":"sfaltea.com-admin","twitter_card":"summary_large_image","twitter_misc":{"Escrito por":"sfaltea.com-admin","Tiempo de lectura":"4 minutos"},"schema":{"@context":"https:\/\/schema.org","@graph":[{"@type":"WebPage","@id":"https:\/\/www.alteacultural.com\/es\/2024\/01\/29\/el-passeig-del-bol-llueix-lobra-del-pintor-altea-juan-navarro-ramon\/","url":"https:\/\/www.alteacultural.com\/es\/2024\/01\/29\/el-passeig-del-bol-llueix-lobra-del-pintor-altea-juan-navarro-ramon\/","name":"El Paseo del Bol luce la obra del pintor alteano Juan Navarro Ram\u00f3n - Altea Cultural","isPartOf":{"@id":"https:\/\/www.alteacultural.com\/es\/#website"},"primaryImageOfPage":{"@id":"https:\/\/www.alteacultural.com\/es\/2024\/01\/29\/el-passeig-del-bol-llueix-lobra-del-pintor-altea-juan-navarro-ramon\/#primaryimage"},"image":{"@id":"https:\/\/www.alteacultural.com\/es\/2024\/01\/29\/el-passeig-del-bol-llueix-lobra-del-pintor-altea-juan-navarro-ramon\/#primaryimage"},"thumbnailUrl":"https:\/\/www.alteacultural.com\/wp-content\/uploads\/2024\/01\/Expo_JuanNavarroRamon_19ene2024_Diptic-1.jpg","datePublished":"2024-01-29T07:07:53+00:00","dateModified":"2024-01-30T14:05:39+00:00","author":{"@id":"https:\/\/www.alteacultural.com\/es\/#\/schema\/person\/c4e137537f1af546d214a315255e5172"},"breadcrumb":{"@id":"https:\/\/www.alteacultural.com\/es\/2024\/01\/29\/el-passeig-del-bol-llueix-lobra-del-pintor-altea-juan-navarro-ramon\/#breadcrumb"},"inLanguage":"es","potentialAction":[{"@type":"ReadAction","target":["https:\/\/www.alteacultural.com\/es\/2024\/01\/29\/el-passeig-del-bol-llueix-lobra-del-pintor-altea-juan-navarro-ramon\/"]}]},{"@type":"ImageObject","inLanguage":"es","@id":"https:\/\/www.alteacultural.com\/es\/2024\/01\/29\/el-passeig-del-bol-llueix-lobra-del-pintor-altea-juan-navarro-ramon\/#primaryimage","url":"https:\/\/www.alteacultural.com\/wp-content\/uploads\/2024\/01\/Expo_JuanNavarroRamon_19ene2024_Diptic-1.jpg","contentUrl":"https:\/\/www.alteacultural.com\/wp-content\/uploads\/2024\/01\/Expo_JuanNavarroRamon_19ene2024_Diptic-1.jpg","width":1757,"height":2483},{"@type":"BreadcrumbList","@id":"https:\/\/www.alteacultural.com\/es\/2024\/01\/29\/el-passeig-del-bol-llueix-lobra-del-pintor-altea-juan-navarro-ramon\/#breadcrumb","itemListElement":[{"@type":"ListItem","position":1,"name":"Inici","item":"https:\/\/www.alteacultural.com\/es\/"},{"@type":"ListItem","position":2,"name":"El Paseo del Bol luce la obra del pintor alteano Juan Navarro Ram\u00f3n"}]},{"@type":"WebSite","@id":"https:\/\/www.alteacultural.com\/es\/#website","url":"https:\/\/www.alteacultural.com\/es\/","name":"Altea Cultural","description":"Regidoria de Cultura de l&#039;Ajuntament d&#039;Altea","potentialAction":[{"@type":"SearchAction","target":{"@type":"EntryPoint","urlTemplate":"https:\/\/www.alteacultural.com\/es\/?s={search_term_string}"},"query-input":"required name=search_term_string"}],"inLanguage":"es"},{"@type":"Person","@id":"https:\/\/www.alteacultural.com\/es\/#\/schema\/person\/c4e137537f1af546d214a315255e5172","name":"sfaltea.com-admin","image":{"@type":"ImageObject","inLanguage":"es","@id":"https:\/\/www.alteacultural.com\/es\/#\/schema\/person\/image\/","url":"https:\/\/secure.gravatar.com\/avatar\/f7473fa2fbd351270ccfd469de536202?s=96&d=mm&r=g","contentUrl":"https:\/\/secure.gravatar.com\/avatar\/f7473fa2fbd351270ccfd469de536202?s=96&d=mm&r=g","caption":"sfaltea.com-admin"},"url":"https:\/\/www.alteacultural.com\/es\/author\/sfaltea-com-admin\/"}]}},"_links":{"self":[{"href":"https:\/\/www.alteacultural.com\/es\/wp-json\/wp\/v2\/posts\/28769"}],"collection":[{"href":"https:\/\/www.alteacultural.com\/es\/wp-json\/wp\/v2\/posts"}],"about":[{"href":"https:\/\/www.alteacultural.com\/es\/wp-json\/wp\/v2\/types\/post"}],"author":[{"embeddable":true,"href":"https:\/\/www.alteacultural.com\/es\/wp-json\/wp\/v2\/users\/1"}],"replies":[{"embeddable":true,"href":"https:\/\/www.alteacultural.com\/es\/wp-json\/wp\/v2\/comments?post=28769"}],"version-history":[{"count":1,"href":"https:\/\/www.alteacultural.com\/es\/wp-json\/wp\/v2\/posts\/28769\/revisions"}],"predecessor-version":[{"id":28770,"href":"https:\/\/www.alteacultural.com\/es\/wp-json\/wp\/v2\/posts\/28769\/revisions\/28770"}],"wp:featuredmedia":[{"embeddable":true,"href":"https:\/\/www.alteacultural.com\/es\/wp-json\/wp\/v2\/media\/28580"}],"wp:attachment":[{"href":"https:\/\/www.alteacultural.com\/es\/wp-json\/wp\/v2\/media?parent=28769"}],"curies":[{"name":"wp","href":"https:\/\/api.w.org\/{rel}","templated":true}]}}