{"id":28775,"date":"2024-01-29T08:15:19","date_gmt":"2024-01-29T07:15:19","guid":{"rendered":"https:\/\/www.alteacultural.com\/2024\/01\/29\/el-cefire-tria-laula-carmelina-sanchez-cutillas-com-a-escenari-dels-propers-cursos\/"},"modified":"2024-01-29T08:18:42","modified_gmt":"2024-01-29T07:18:42","slug":"el-cefire-tria-laula-carmelina-sanchez-cutillas-com-a-escenari-dels-propers-cursos","status":"publish","type":"post","link":"https:\/\/www.alteacultural.com\/es\/2024\/01\/29\/el-cefire-tria-laula-carmelina-sanchez-cutillas-com-a-escenari-dels-propers-cursos\/","title":{"rendered":"El CEFIRE elige el Aula Carmelina S\u00e1nchez-Cutillas como escenario de sus pr\u00f3ximos cursos"},"content":{"rendered":"\n<figure class=\"wp-block-image\"><img decoding=\"async\" data-src=\"https:\/\/alteadigital.es\/wp-content\/uploads\/2019\/05\/villa-gadea_web.jpg\" alt=\"El CEFIRE tria l\u2019Aula Carmelina S\u00e1nchez-Cutillas com a escenari dels propers cursos\" src=\"data:image\/gif;base64,R0lGODlhAQABAAAAACH5BAEKAAEALAAAAAABAAEAAAICTAEAOw==\" class=\"lazyload\" \/><\/figure>\n\n\n\n<p><strong>Curso de Poes\u00eda en Femenino y Curso de Memoria Democr\u00e1tica.<\/strong><\/p>\n\n\n\n<p>El CEFIRE, centros de formaci\u00f3n, innovaci\u00f3n y recursos educativos de la Comunidad Valenciana, impartir\u00e1 dos de sus cursos de formaci\u00f3n permanente del profesorado en el Aula Did\u00e1ctica Carmelina S\u00e1nchez-Cutillas, ubicada en Villa Gadea; seg\u00fan informa la edil de Cultura, Pepa Victoria P\u00e9rez.<\/p>\n\n\n\n<p>El primero de los cursos es el \u201cTaller Poes\u00eda en Femenino\u201d, de incitaci\u00f3n a la poes\u00eda y al hecho po\u00e9tico. Este taller tendr\u00e1 lugar los d\u00edas 30 y 31 de enero con asistencia presencial y el n\u00famero de plazas habilitadas es de 30.<\/p>\n\n\n\n<p>Las inscripciones para asistir a este \u201cTaller de Poes\u00eda en Femenino\u201d est\u00e1n abiertas hasta el mi\u00e9rcoles 24 de enero y la coordinaci\u00f3n del mismo corre a cargo de Nuria L\u00e1zaro Olivera.<\/p>\n\n\n\n<p>M\u00e1s informaci\u00f3n e inscripciones en:&nbsp;<a href=\"https:\/\/cefire.edu.gva.es\/sfp\/index.php?seccion=edicion&amp;id=11655555&amp;usuario=formacion\">https:\/\/cefire.edu.gva.es\/sfp\/index.php?seccion=edicion&amp;id=11655555&amp;usuario=formacion<\/a><\/p>\n\n\n\n<p>El segundo de los cursos que el CEFIRE impartir\u00e1 en Altea son unas jornadas semi presenciales sobre la Memoria Democr\u00e1tica de la Historia Reciente. En estas jornadas se abordar\u00e1n historias particulares, g\u00e9nero y memoria local como recurso del aprendizaje y tendr\u00e1n lugar del 22 de febrero al 14 de marzo.<\/p>\n\n\n\n<p>La inscripci\u00f3n para asistir a este curso sobre Memoria Democr\u00e1tica estar\u00e1 abierta hasta el 17 de febrero y el n\u00famero de plazas disponibles es tambi\u00e9n de 30. La coordinaci\u00f3n del curso corre a cargo de Jordi Pla Porta y Alejandro Barber Miro.<\/p>\n\n\n\n<p>M\u00e1s informaci\u00f3n e inscripciones en:&nbsp;<a href=\"https:\/\/cefire.edu.gva.es\/sfp\/index.php?seccion=edicion&amp;id=11651476&amp;usuario=formacion\">https:\/\/cefire.edu.gva.es\/sfp\/index.php?seccion=edicion&amp;id=11651476&amp;usuario=formacion<\/a><\/p>\n\n\n\n<p>En ambos cursos las plazas ser\u00e1n ocupadas por riguroso orden de inscripci\u00f3n.<\/p>\n\n\n\n<p>Desde la concejal\u00eda de Cultura, la edil anima al profesorado, tanto de Altea como de la Comarca, a participar en estas dos iniciativas del CEFIRE \u201cporque adem\u00e1s de formaci\u00f3n, los y las asistentes podr\u00e1n disfrutar de un escenario \u00fanico como es la Finca Villa Gadea, frente al mar, en la que se encuentra ubicada el Aula Did\u00e1ctica, Carmelina S\u00e1nchez-Cutillas\u201d.| ALTEADIGITAL.ES<\/p>\n","protected":false},"excerpt":{"rendered":"<p>Curso de Poes\u00eda en Femenino y Curso de Memoria Democr\u00e1tica. El CEFIRE, centros de formaci\u00f3n, innovaci\u00f3n y recursos educativos [&hellip;]<\/p>\n","protected":false},"author":1,"featured_media":28773,"comment_status":"open","ping_status":"open","sticky":false,"template":"","format":"standard","meta":{"_expiration-date-status":"","_expiration-date":0,"_expiration-date-type":"","_expiration-date-categories":[],"_expiration-date-options":[],"footnotes":""},"yoast_head":"<!-- This site is optimized with the Yoast SEO plugin v22.8 - https:\/\/yoast.com\/wordpress\/plugins\/seo\/ -->\n<title>El CEFIRE elige el Aula Carmelina S\u00e1nchez-Cutillas como escenario de sus pr\u00f3ximos cursos - Altea Cultural<\/title>\n<meta name=\"robots\" content=\"index, follow, max-snippet:-1, max-image-preview:large, max-video-preview:-1\" \/>\n<link rel=\"canonical\" href=\"https:\/\/www.alteacultural.com\/es\/2024\/01\/29\/el-cefire-tria-laula-carmelina-sanchez-cutillas-com-a-escenari-dels-propers-cursos\/\" \/>\n<meta property=\"og:locale\" content=\"es_ES\" \/>\n<meta property=\"og:type\" content=\"article\" \/>\n<meta property=\"og:title\" content=\"El CEFIRE elige el Aula Carmelina S\u00e1nchez-Cutillas como escenario de sus pr\u00f3ximos cursos - Altea Cultural\" \/>\n<meta property=\"og:description\" content=\"Curso de Poes\u00eda en Femenino y Curso de Memoria Democr\u00e1tica. El CEFIRE, centros de formaci\u00f3n, innovaci\u00f3n y recursos educativos [&hellip;]\" \/>\n<meta property=\"og:url\" content=\"https:\/\/www.alteacultural.com\/es\/2024\/01\/29\/el-cefire-tria-laula-carmelina-sanchez-cutillas-com-a-escenari-dels-propers-cursos\/\" \/>\n<meta property=\"og:site_name\" content=\"Altea Cultural\" \/>\n<meta property=\"article:published_time\" content=\"2024-01-29T07:15:19+00:00\" \/>\n<meta property=\"article:modified_time\" content=\"2024-01-29T07:18:42+00:00\" \/>\n<meta property=\"og:image\" content=\"https:\/\/www.alteacultural.com\/wp-content\/uploads\/2024\/01\/villa-gadea_web.jpg\" \/>\n\t<meta property=\"og:image:width\" content=\"850\" \/>\n\t<meta property=\"og:image:height\" content=\"638\" \/>\n\t<meta property=\"og:image:type\" content=\"image\/jpeg\" \/>\n<meta name=\"author\" content=\"sfaltea.com-admin\" \/>\n<meta name=\"twitter:card\" content=\"summary_large_image\" \/>\n<meta name=\"twitter:label1\" content=\"Escrito por\" \/>\n\t<meta name=\"twitter:data1\" content=\"sfaltea.com-admin\" \/>\n\t<meta name=\"twitter:label2\" content=\"Tiempo de lectura\" \/>\n\t<meta name=\"twitter:data2\" content=\"2 minutos\" \/>\n<script type=\"application\/ld+json\" class=\"yoast-schema-graph\">{\"@context\":\"https:\/\/schema.org\",\"@graph\":[{\"@type\":\"WebPage\",\"@id\":\"https:\/\/www.alteacultural.com\/es\/2024\/01\/29\/el-cefire-tria-laula-carmelina-sanchez-cutillas-com-a-escenari-dels-propers-cursos\/\",\"url\":\"https:\/\/www.alteacultural.com\/es\/2024\/01\/29\/el-cefire-tria-laula-carmelina-sanchez-cutillas-com-a-escenari-dels-propers-cursos\/\",\"name\":\"El CEFIRE elige el Aula Carmelina S\u00e1nchez-Cutillas como escenario de sus pr\u00f3ximos cursos - Altea Cultural\",\"isPartOf\":{\"@id\":\"https:\/\/www.alteacultural.com\/es\/#website\"},\"primaryImageOfPage\":{\"@id\":\"https:\/\/www.alteacultural.com\/es\/2024\/01\/29\/el-cefire-tria-laula-carmelina-sanchez-cutillas-com-a-escenari-dels-propers-cursos\/#primaryimage\"},\"image\":{\"@id\":\"https:\/\/www.alteacultural.com\/es\/2024\/01\/29\/el-cefire-tria-laula-carmelina-sanchez-cutillas-com-a-escenari-dels-propers-cursos\/#primaryimage\"},\"thumbnailUrl\":\"https:\/\/www.alteacultural.com\/wp-content\/uploads\/2024\/01\/villa-gadea_web.jpg\",\"datePublished\":\"2024-01-29T07:15:19+00:00\",\"dateModified\":\"2024-01-29T07:18:42+00:00\",\"author\":{\"@id\":\"https:\/\/www.alteacultural.com\/es\/#\/schema\/person\/c4e137537f1af546d214a315255e5172\"},\"breadcrumb\":{\"@id\":\"https:\/\/www.alteacultural.com\/es\/2024\/01\/29\/el-cefire-tria-laula-carmelina-sanchez-cutillas-com-a-escenari-dels-propers-cursos\/#breadcrumb\"},\"inLanguage\":\"es\",\"potentialAction\":[{\"@type\":\"ReadAction\",\"target\":[\"https:\/\/www.alteacultural.com\/es\/2024\/01\/29\/el-cefire-tria-laula-carmelina-sanchez-cutillas-com-a-escenari-dels-propers-cursos\/\"]}]},{\"@type\":\"ImageObject\",\"inLanguage\":\"es\",\"@id\":\"https:\/\/www.alteacultural.com\/es\/2024\/01\/29\/el-cefire-tria-laula-carmelina-sanchez-cutillas-com-a-escenari-dels-propers-cursos\/#primaryimage\",\"url\":\"https:\/\/www.alteacultural.com\/wp-content\/uploads\/2024\/01\/villa-gadea_web.jpg\",\"contentUrl\":\"https:\/\/www.alteacultural.com\/wp-content\/uploads\/2024\/01\/villa-gadea_web.jpg\",\"width\":850,\"height\":638},{\"@type\":\"BreadcrumbList\",\"@id\":\"https:\/\/www.alteacultural.com\/es\/2024\/01\/29\/el-cefire-tria-laula-carmelina-sanchez-cutillas-com-a-escenari-dels-propers-cursos\/#breadcrumb\",\"itemListElement\":[{\"@type\":\"ListItem\",\"position\":1,\"name\":\"Inici\",\"item\":\"https:\/\/www.alteacultural.com\/es\/\"},{\"@type\":\"ListItem\",\"position\":2,\"name\":\"El CEFIRE elige el Aula Carmelina S\u00e1nchez-Cutillas como escenario de sus pr\u00f3ximos cursos\"}]},{\"@type\":\"WebSite\",\"@id\":\"https:\/\/www.alteacultural.com\/es\/#website\",\"url\":\"https:\/\/www.alteacultural.com\/es\/\",\"name\":\"Altea Cultural\",\"description\":\"Regidoria de Cultura de l&#039;Ajuntament d&#039;Altea\",\"potentialAction\":[{\"@type\":\"SearchAction\",\"target\":{\"@type\":\"EntryPoint\",\"urlTemplate\":\"https:\/\/www.alteacultural.com\/es\/?s={search_term_string}\"},\"query-input\":\"required name=search_term_string\"}],\"inLanguage\":\"es\"},{\"@type\":\"Person\",\"@id\":\"https:\/\/www.alteacultural.com\/es\/#\/schema\/person\/c4e137537f1af546d214a315255e5172\",\"name\":\"sfaltea.com-admin\",\"image\":{\"@type\":\"ImageObject\",\"inLanguage\":\"es\",\"@id\":\"https:\/\/www.alteacultural.com\/es\/#\/schema\/person\/image\/\",\"url\":\"https:\/\/secure.gravatar.com\/avatar\/f7473fa2fbd351270ccfd469de536202?s=96&d=mm&r=g\",\"contentUrl\":\"https:\/\/secure.gravatar.com\/avatar\/f7473fa2fbd351270ccfd469de536202?s=96&d=mm&r=g\",\"caption\":\"sfaltea.com-admin\"},\"url\":\"https:\/\/www.alteacultural.com\/es\/author\/sfaltea-com-admin\/\"}]}<\/script>\n<!-- \/ Yoast SEO plugin. -->","yoast_head_json":{"title":"El CEFIRE elige el Aula Carmelina S\u00e1nchez-Cutillas como escenario de sus pr\u00f3ximos cursos - Altea Cultural","robots":{"index":"index","follow":"follow","max-snippet":"max-snippet:-1","max-image-preview":"max-image-preview:large","max-video-preview":"max-video-preview:-1"},"canonical":"https:\/\/www.alteacultural.com\/es\/2024\/01\/29\/el-cefire-tria-laula-carmelina-sanchez-cutillas-com-a-escenari-dels-propers-cursos\/","og_locale":"es_ES","og_type":"article","og_title":"El CEFIRE elige el Aula Carmelina S\u00e1nchez-Cutillas como escenario de sus pr\u00f3ximos cursos - Altea Cultural","og_description":"Curso de Poes\u00eda en Femenino y Curso de Memoria Democr\u00e1tica. El CEFIRE, centros de formaci\u00f3n, innovaci\u00f3n y recursos educativos [&hellip;]","og_url":"https:\/\/www.alteacultural.com\/es\/2024\/01\/29\/el-cefire-tria-laula-carmelina-sanchez-cutillas-com-a-escenari-dels-propers-cursos\/","og_site_name":"Altea Cultural","article_published_time":"2024-01-29T07:15:19+00:00","article_modified_time":"2024-01-29T07:18:42+00:00","og_image":[{"width":850,"height":638,"url":"https:\/\/www.alteacultural.com\/wp-content\/uploads\/2024\/01\/villa-gadea_web.jpg","type":"image\/jpeg"}],"author":"sfaltea.com-admin","twitter_card":"summary_large_image","twitter_misc":{"Escrito por":"sfaltea.com-admin","Tiempo de lectura":"2 minutos"},"schema":{"@context":"https:\/\/schema.org","@graph":[{"@type":"WebPage","@id":"https:\/\/www.alteacultural.com\/es\/2024\/01\/29\/el-cefire-tria-laula-carmelina-sanchez-cutillas-com-a-escenari-dels-propers-cursos\/","url":"https:\/\/www.alteacultural.com\/es\/2024\/01\/29\/el-cefire-tria-laula-carmelina-sanchez-cutillas-com-a-escenari-dels-propers-cursos\/","name":"El CEFIRE elige el Aula Carmelina S\u00e1nchez-Cutillas como escenario de sus pr\u00f3ximos cursos - Altea Cultural","isPartOf":{"@id":"https:\/\/www.alteacultural.com\/es\/#website"},"primaryImageOfPage":{"@id":"https:\/\/www.alteacultural.com\/es\/2024\/01\/29\/el-cefire-tria-laula-carmelina-sanchez-cutillas-com-a-escenari-dels-propers-cursos\/#primaryimage"},"image":{"@id":"https:\/\/www.alteacultural.com\/es\/2024\/01\/29\/el-cefire-tria-laula-carmelina-sanchez-cutillas-com-a-escenari-dels-propers-cursos\/#primaryimage"},"thumbnailUrl":"https:\/\/www.alteacultural.com\/wp-content\/uploads\/2024\/01\/villa-gadea_web.jpg","datePublished":"2024-01-29T07:15:19+00:00","dateModified":"2024-01-29T07:18:42+00:00","author":{"@id":"https:\/\/www.alteacultural.com\/es\/#\/schema\/person\/c4e137537f1af546d214a315255e5172"},"breadcrumb":{"@id":"https:\/\/www.alteacultural.com\/es\/2024\/01\/29\/el-cefire-tria-laula-carmelina-sanchez-cutillas-com-a-escenari-dels-propers-cursos\/#breadcrumb"},"inLanguage":"es","potentialAction":[{"@type":"ReadAction","target":["https:\/\/www.alteacultural.com\/es\/2024\/01\/29\/el-cefire-tria-laula-carmelina-sanchez-cutillas-com-a-escenari-dels-propers-cursos\/"]}]},{"@type":"ImageObject","inLanguage":"es","@id":"https:\/\/www.alteacultural.com\/es\/2024\/01\/29\/el-cefire-tria-laula-carmelina-sanchez-cutillas-com-a-escenari-dels-propers-cursos\/#primaryimage","url":"https:\/\/www.alteacultural.com\/wp-content\/uploads\/2024\/01\/villa-gadea_web.jpg","contentUrl":"https:\/\/www.alteacultural.com\/wp-content\/uploads\/2024\/01\/villa-gadea_web.jpg","width":850,"height":638},{"@type":"BreadcrumbList","@id":"https:\/\/www.alteacultural.com\/es\/2024\/01\/29\/el-cefire-tria-laula-carmelina-sanchez-cutillas-com-a-escenari-dels-propers-cursos\/#breadcrumb","itemListElement":[{"@type":"ListItem","position":1,"name":"Inici","item":"https:\/\/www.alteacultural.com\/es\/"},{"@type":"ListItem","position":2,"name":"El CEFIRE elige el Aula Carmelina S\u00e1nchez-Cutillas como escenario de sus pr\u00f3ximos cursos"}]},{"@type":"WebSite","@id":"https:\/\/www.alteacultural.com\/es\/#website","url":"https:\/\/www.alteacultural.com\/es\/","name":"Altea Cultural","description":"Regidoria de Cultura de l&#039;Ajuntament d&#039;Altea","potentialAction":[{"@type":"SearchAction","target":{"@type":"EntryPoint","urlTemplate":"https:\/\/www.alteacultural.com\/es\/?s={search_term_string}"},"query-input":"required name=search_term_string"}],"inLanguage":"es"},{"@type":"Person","@id":"https:\/\/www.alteacultural.com\/es\/#\/schema\/person\/c4e137537f1af546d214a315255e5172","name":"sfaltea.com-admin","image":{"@type":"ImageObject","inLanguage":"es","@id":"https:\/\/www.alteacultural.com\/es\/#\/schema\/person\/image\/","url":"https:\/\/secure.gravatar.com\/avatar\/f7473fa2fbd351270ccfd469de536202?s=96&d=mm&r=g","contentUrl":"https:\/\/secure.gravatar.com\/avatar\/f7473fa2fbd351270ccfd469de536202?s=96&d=mm&r=g","caption":"sfaltea.com-admin"},"url":"https:\/\/www.alteacultural.com\/es\/author\/sfaltea-com-admin\/"}]}},"_links":{"self":[{"href":"https:\/\/www.alteacultural.com\/es\/wp-json\/wp\/v2\/posts\/28775"}],"collection":[{"href":"https:\/\/www.alteacultural.com\/es\/wp-json\/wp\/v2\/posts"}],"about":[{"href":"https:\/\/www.alteacultural.com\/es\/wp-json\/wp\/v2\/types\/post"}],"author":[{"embeddable":true,"href":"https:\/\/www.alteacultural.com\/es\/wp-json\/wp\/v2\/users\/1"}],"replies":[{"embeddable":true,"href":"https:\/\/www.alteacultural.com\/es\/wp-json\/wp\/v2\/comments?post=28775"}],"version-history":[{"count":1,"href":"https:\/\/www.alteacultural.com\/es\/wp-json\/wp\/v2\/posts\/28775\/revisions"}],"predecessor-version":[{"id":28776,"href":"https:\/\/www.alteacultural.com\/es\/wp-json\/wp\/v2\/posts\/28775\/revisions\/28776"}],"wp:featuredmedia":[{"embeddable":true,"href":"https:\/\/www.alteacultural.com\/es\/wp-json\/wp\/v2\/media\/28773"}],"wp:attachment":[{"href":"https:\/\/www.alteacultural.com\/es\/wp-json\/wp\/v2\/media?parent=28775"}],"curies":[{"name":"wp","href":"https:\/\/api.w.org\/{rel}","templated":true}]}}