{"id":28779,"date":"2024-01-29T08:21:31","date_gmt":"2024-01-29T07:21:31","guid":{"rendered":"https:\/\/www.alteacultural.com\/2024\/01\/29\/tres-concerts-completen-el-programa-de-la-quarta-edicio-del-beethoven-fest\/"},"modified":"2024-02-04T15:19:01","modified_gmt":"2024-02-04T14:19:01","slug":"tres-concerts-completen-el-programa-de-la-quarta-edicio-del-beethoven-fest","status":"publish","type":"post","link":"https:\/\/www.alteacultural.com\/es\/2024\/01\/29\/tres-concerts-completen-el-programa-de-la-quarta-edicio-del-beethoven-fest\/","title":{"rendered":"Tres conciertos completan el programa de la cuarta edici\u00f3n del Beethoven Fest"},"content":{"rendered":"\n<figure class=\"wp-block-image\"><img decoding=\"async\" data-src=\"https:\/\/alteadigital.es\/wp-content\/uploads\/2024\/01\/presentacio-web-1.jpg\" alt=\"Tres concerts completen el programa de la quarta edici\u00f3 del Beethoven Fest\" src=\"data:image\/gif;base64,R0lGODlhAQABAAAAACH5BAEKAAEALAAAAAABAAEAAAICTAEAOw==\" class=\"lazyload\" \/><\/figure>\n\n\n\n<p><strong>Concejala de Cultura y coordinador del evento ofrecen los detalles del Beethoven Fest 2024.<\/strong><\/p>\n\n\n\n<p>El domingo 18 de febrero tendr\u00e1 lugar el primero de los conciertos de la cuarta edici\u00f3n del Beethoven Fest; as\u00ed lo han anunciado Pepa Victoria P\u00e9rez, edil de Cultura y Marcos Ivorra, responsable de Sinfonietta Altea y coordinador de la iniciativa.<\/p>\n\n\n\n<p>Como ha indicado la edil, durante el mes de febrero &nbsp;los domingos, 18 y 25 y el domingo 3 de marzo,&nbsp; a las 12:00h en la Casa de Cultura, tendr\u00e1 lugar cada uno de los tres conciertos que este a\u00f1o ha programado el Beethoven Fest.<\/p>\n\n\n\n<p>En palabras de la concejala \u201cestos conciertos de reducido formato se han convertido en referente de la m\u00fasica cl\u00e1sica en el municipio en las ma\u00f1anas de domingo de invierno; tanto para alteanos como para turistas y una muestra de ello es el \u00e9xito que cosech\u00f3 la pasada edici\u00f3n\u201d.<\/p>\n\n\n\n<p>Pepa Victoria P\u00e9rez invita a la poblaci\u00f3n a \u201cdeleitarse de la m\u00fasica en un espacio c\u00e9ntrico y en un horario que permite disfrutar de una actividad cultural a la que puede sucederse la tradicional costumbre de tomar el aperitivo antes de la comida, o incluso disfrutar de un d\u00eda de ocio en Altea degustando la amplia oferta gastron\u00f3mica del municipio\u201d.<\/p>\n\n\n\n<p>Por su parte, Marcos Ivorra, coordinador del Bethoven Fest, ha pormenorizado el programa de conciertos previstos. Ciclo que dar\u00e1 inicio el domingo&nbsp;<strong>18 de febrero<\/strong>&nbsp;con el Trio L\u00f2gic, formado por m\u00fasicos de gran recorrido internacional, que han realizado conciertos por todo el mundo, adem\u00e1s de impartir docencia en Espa\u00f1a y Suiza. El concierto, &nbsp;\u201cHist\u00f2ries i contes de Beethoven\u201d supone un viaje por diferentes obras rom\u00e1nticas y de fantas\u00eda en el que se podr\u00e1 escuchar tambi\u00e9n la influencia de Beethoven en otros compositores, como la Gran Sonata de Beethoven.<\/p>\n\n\n\n<p>El segundo de los conciertos tendr\u00e1 lugar el&nbsp;<strong>25 de febrero<\/strong>&nbsp;y es un concierto de piano a cuatro manos interpretado por Pamela P\u00e9rez y Pedro Mercado. Dos pianistas con dilatada experiencia en los escenarios y en la docencia en los conservatorios Profesional de Benidorm y Superior de Alicante. El D\u00fao Van Du\u00e1, ofrece un concierto que incluye obras de distintos g\u00e9neros a lo largo de sus variadas etapas.<\/p>\n\n\n\n<p>Y el&nbsp;<strong>3 de marzo<\/strong>&nbsp;cerrar\u00e1 el Beethoven Fest 2024 un tr\u00edo de flauta, violonchelo y piano formado por&nbsp; Anna Alvado, Tara Garc\u00eda y Carla G\u00f3mez, respectivamente.<\/p>\n\n\n\n<p>Beethoven &amp; Co hace referencia al conjunto de los tres grandes compositores de la historia de la m\u00fasica que conforman el repertorio de este programa. Beethoven, Weber y Gaubert, quienes comparten la idea del romanticismo, pero cada uno de ellos lo expresa con un lenguaje propio diferente y caracter\u00edstico.| ALTEADIGITAL.ES<\/p>\n\n\n\n<div class=\"wp-block-image\"><figure class=\"aligncenter\"><img decoding=\"async\" data-src=\"https:\/\/alteadigital.es\/wp-content\/uploads\/2024\/01\/Beethoven-Fest-2024-cartel-web.jpg\" alt=\"\" class=\"wp-image-115631 lazyload\" src=\"data:image\/gif;base64,R0lGODlhAQABAAAAACH5BAEKAAEALAAAAAABAAEAAAICTAEAOw==\" \/><\/figure><\/div>\n","protected":false},"excerpt":{"rendered":"<p>Concejala de Cultura y coordinador del evento ofrecen los detalles del Beethoven Fest 2024. El domingo 18 de febrero [&hellip;]<\/p>\n","protected":false},"author":1,"featured_media":28667,"comment_status":"open","ping_status":"open","sticky":false,"template":"","format":"standard","meta":{"_expiration-date-status":"","_expiration-date":0,"_expiration-date-type":"","_expiration-date-categories":[],"_expiration-date-options":[],"footnotes":""},"yoast_head":"<!-- This site is optimized with the Yoast SEO plugin v22.8 - https:\/\/yoast.com\/wordpress\/plugins\/seo\/ -->\n<title>Tres conciertos completan el programa de la cuarta edici\u00f3n del Beethoven Fest - Altea Cultural<\/title>\n<meta name=\"robots\" content=\"index, follow, max-snippet:-1, max-image-preview:large, max-video-preview:-1\" \/>\n<link rel=\"canonical\" href=\"https:\/\/www.alteacultural.com\/es\/2024\/01\/29\/tres-concerts-completen-el-programa-de-la-quarta-edicio-del-beethoven-fest\/\" \/>\n<meta property=\"og:locale\" content=\"es_ES\" \/>\n<meta property=\"og:type\" content=\"article\" \/>\n<meta property=\"og:title\" content=\"Tres conciertos completan el programa de la cuarta edici\u00f3n del Beethoven Fest - Altea Cultural\" \/>\n<meta property=\"og:description\" content=\"Concejala de Cultura y coordinador del evento ofrecen los detalles del Beethoven Fest 2024. El domingo 18 de febrero [&hellip;]\" \/>\n<meta property=\"og:url\" content=\"https:\/\/www.alteacultural.com\/es\/2024\/01\/29\/tres-concerts-completen-el-programa-de-la-quarta-edicio-del-beethoven-fest\/\" \/>\n<meta property=\"og:site_name\" content=\"Altea Cultural\" \/>\n<meta property=\"article:published_time\" content=\"2024-01-29T07:21:31+00:00\" \/>\n<meta property=\"article:modified_time\" content=\"2024-02-04T14:19:01+00:00\" \/>\n<meta property=\"og:image\" content=\"https:\/\/www.alteacultural.com\/wp-content\/uploads\/2024\/01\/2024-03-03-Beethoven-Fest-2024-cartel-V2-01.jpg\" \/>\n\t<meta property=\"og:image:width\" content=\"1240\" \/>\n\t<meta property=\"og:image:height\" content=\"1754\" \/>\n\t<meta property=\"og:image:type\" content=\"image\/jpeg\" \/>\n<meta name=\"author\" content=\"sfaltea.com-admin\" \/>\n<meta name=\"twitter:card\" content=\"summary_large_image\" \/>\n<meta name=\"twitter:label1\" content=\"Escrito por\" \/>\n\t<meta name=\"twitter:data1\" content=\"sfaltea.com-admin\" \/>\n\t<meta name=\"twitter:label2\" content=\"Tiempo de lectura\" \/>\n\t<meta name=\"twitter:data2\" content=\"3 minutos\" \/>\n<script type=\"application\/ld+json\" class=\"yoast-schema-graph\">{\"@context\":\"https:\/\/schema.org\",\"@graph\":[{\"@type\":\"WebPage\",\"@id\":\"https:\/\/www.alteacultural.com\/es\/2024\/01\/29\/tres-concerts-completen-el-programa-de-la-quarta-edicio-del-beethoven-fest\/\",\"url\":\"https:\/\/www.alteacultural.com\/es\/2024\/01\/29\/tres-concerts-completen-el-programa-de-la-quarta-edicio-del-beethoven-fest\/\",\"name\":\"Tres conciertos completan el programa de la cuarta edici\u00f3n del Beethoven Fest - Altea Cultural\",\"isPartOf\":{\"@id\":\"https:\/\/www.alteacultural.com\/es\/#website\"},\"primaryImageOfPage\":{\"@id\":\"https:\/\/www.alteacultural.com\/es\/2024\/01\/29\/tres-concerts-completen-el-programa-de-la-quarta-edicio-del-beethoven-fest\/#primaryimage\"},\"image\":{\"@id\":\"https:\/\/www.alteacultural.com\/es\/2024\/01\/29\/tres-concerts-completen-el-programa-de-la-quarta-edicio-del-beethoven-fest\/#primaryimage\"},\"thumbnailUrl\":\"https:\/\/www.alteacultural.com\/wp-content\/uploads\/2024\/01\/2024-03-03-Beethoven-Fest-2024-cartel-V2-01.jpg\",\"datePublished\":\"2024-01-29T07:21:31+00:00\",\"dateModified\":\"2024-02-04T14:19:01+00:00\",\"author\":{\"@id\":\"https:\/\/www.alteacultural.com\/es\/#\/schema\/person\/c4e137537f1af546d214a315255e5172\"},\"breadcrumb\":{\"@id\":\"https:\/\/www.alteacultural.com\/es\/2024\/01\/29\/tres-concerts-completen-el-programa-de-la-quarta-edicio-del-beethoven-fest\/#breadcrumb\"},\"inLanguage\":\"es\",\"potentialAction\":[{\"@type\":\"ReadAction\",\"target\":[\"https:\/\/www.alteacultural.com\/es\/2024\/01\/29\/tres-concerts-completen-el-programa-de-la-quarta-edicio-del-beethoven-fest\/\"]}]},{\"@type\":\"ImageObject\",\"inLanguage\":\"es\",\"@id\":\"https:\/\/www.alteacultural.com\/es\/2024\/01\/29\/tres-concerts-completen-el-programa-de-la-quarta-edicio-del-beethoven-fest\/#primaryimage\",\"url\":\"https:\/\/www.alteacultural.com\/wp-content\/uploads\/2024\/01\/2024-03-03-Beethoven-Fest-2024-cartel-V2-01.jpg\",\"contentUrl\":\"https:\/\/www.alteacultural.com\/wp-content\/uploads\/2024\/01\/2024-03-03-Beethoven-Fest-2024-cartel-V2-01.jpg\",\"width\":1240,\"height\":1754},{\"@type\":\"BreadcrumbList\",\"@id\":\"https:\/\/www.alteacultural.com\/es\/2024\/01\/29\/tres-concerts-completen-el-programa-de-la-quarta-edicio-del-beethoven-fest\/#breadcrumb\",\"itemListElement\":[{\"@type\":\"ListItem\",\"position\":1,\"name\":\"Inici\",\"item\":\"https:\/\/www.alteacultural.com\/es\/\"},{\"@type\":\"ListItem\",\"position\":2,\"name\":\"Tres conciertos completan el programa de la cuarta edici\u00f3n del Beethoven Fest\"}]},{\"@type\":\"WebSite\",\"@id\":\"https:\/\/www.alteacultural.com\/es\/#website\",\"url\":\"https:\/\/www.alteacultural.com\/es\/\",\"name\":\"Altea Cultural\",\"description\":\"Regidoria de Cultura de l&#039;Ajuntament d&#039;Altea\",\"potentialAction\":[{\"@type\":\"SearchAction\",\"target\":{\"@type\":\"EntryPoint\",\"urlTemplate\":\"https:\/\/www.alteacultural.com\/es\/?s={search_term_string}\"},\"query-input\":\"required name=search_term_string\"}],\"inLanguage\":\"es\"},{\"@type\":\"Person\",\"@id\":\"https:\/\/www.alteacultural.com\/es\/#\/schema\/person\/c4e137537f1af546d214a315255e5172\",\"name\":\"sfaltea.com-admin\",\"image\":{\"@type\":\"ImageObject\",\"inLanguage\":\"es\",\"@id\":\"https:\/\/www.alteacultural.com\/es\/#\/schema\/person\/image\/\",\"url\":\"https:\/\/secure.gravatar.com\/avatar\/f7473fa2fbd351270ccfd469de536202?s=96&d=mm&r=g\",\"contentUrl\":\"https:\/\/secure.gravatar.com\/avatar\/f7473fa2fbd351270ccfd469de536202?s=96&d=mm&r=g\",\"caption\":\"sfaltea.com-admin\"},\"url\":\"https:\/\/www.alteacultural.com\/es\/author\/sfaltea-com-admin\/\"}]}<\/script>\n<!-- \/ Yoast SEO plugin. -->","yoast_head_json":{"title":"Tres conciertos completan el programa de la cuarta edici\u00f3n del Beethoven Fest - Altea Cultural","robots":{"index":"index","follow":"follow","max-snippet":"max-snippet:-1","max-image-preview":"max-image-preview:large","max-video-preview":"max-video-preview:-1"},"canonical":"https:\/\/www.alteacultural.com\/es\/2024\/01\/29\/tres-concerts-completen-el-programa-de-la-quarta-edicio-del-beethoven-fest\/","og_locale":"es_ES","og_type":"article","og_title":"Tres conciertos completan el programa de la cuarta edici\u00f3n del Beethoven Fest - Altea Cultural","og_description":"Concejala de Cultura y coordinador del evento ofrecen los detalles del Beethoven Fest 2024. El domingo 18 de febrero [&hellip;]","og_url":"https:\/\/www.alteacultural.com\/es\/2024\/01\/29\/tres-concerts-completen-el-programa-de-la-quarta-edicio-del-beethoven-fest\/","og_site_name":"Altea Cultural","article_published_time":"2024-01-29T07:21:31+00:00","article_modified_time":"2024-02-04T14:19:01+00:00","og_image":[{"width":1240,"height":1754,"url":"https:\/\/www.alteacultural.com\/wp-content\/uploads\/2024\/01\/2024-03-03-Beethoven-Fest-2024-cartel-V2-01.jpg","type":"image\/jpeg"}],"author":"sfaltea.com-admin","twitter_card":"summary_large_image","twitter_misc":{"Escrito por":"sfaltea.com-admin","Tiempo de lectura":"3 minutos"},"schema":{"@context":"https:\/\/schema.org","@graph":[{"@type":"WebPage","@id":"https:\/\/www.alteacultural.com\/es\/2024\/01\/29\/tres-concerts-completen-el-programa-de-la-quarta-edicio-del-beethoven-fest\/","url":"https:\/\/www.alteacultural.com\/es\/2024\/01\/29\/tres-concerts-completen-el-programa-de-la-quarta-edicio-del-beethoven-fest\/","name":"Tres conciertos completan el programa de la cuarta edici\u00f3n del Beethoven Fest - Altea Cultural","isPartOf":{"@id":"https:\/\/www.alteacultural.com\/es\/#website"},"primaryImageOfPage":{"@id":"https:\/\/www.alteacultural.com\/es\/2024\/01\/29\/tres-concerts-completen-el-programa-de-la-quarta-edicio-del-beethoven-fest\/#primaryimage"},"image":{"@id":"https:\/\/www.alteacultural.com\/es\/2024\/01\/29\/tres-concerts-completen-el-programa-de-la-quarta-edicio-del-beethoven-fest\/#primaryimage"},"thumbnailUrl":"https:\/\/www.alteacultural.com\/wp-content\/uploads\/2024\/01\/2024-03-03-Beethoven-Fest-2024-cartel-V2-01.jpg","datePublished":"2024-01-29T07:21:31+00:00","dateModified":"2024-02-04T14:19:01+00:00","author":{"@id":"https:\/\/www.alteacultural.com\/es\/#\/schema\/person\/c4e137537f1af546d214a315255e5172"},"breadcrumb":{"@id":"https:\/\/www.alteacultural.com\/es\/2024\/01\/29\/tres-concerts-completen-el-programa-de-la-quarta-edicio-del-beethoven-fest\/#breadcrumb"},"inLanguage":"es","potentialAction":[{"@type":"ReadAction","target":["https:\/\/www.alteacultural.com\/es\/2024\/01\/29\/tres-concerts-completen-el-programa-de-la-quarta-edicio-del-beethoven-fest\/"]}]},{"@type":"ImageObject","inLanguage":"es","@id":"https:\/\/www.alteacultural.com\/es\/2024\/01\/29\/tres-concerts-completen-el-programa-de-la-quarta-edicio-del-beethoven-fest\/#primaryimage","url":"https:\/\/www.alteacultural.com\/wp-content\/uploads\/2024\/01\/2024-03-03-Beethoven-Fest-2024-cartel-V2-01.jpg","contentUrl":"https:\/\/www.alteacultural.com\/wp-content\/uploads\/2024\/01\/2024-03-03-Beethoven-Fest-2024-cartel-V2-01.jpg","width":1240,"height":1754},{"@type":"BreadcrumbList","@id":"https:\/\/www.alteacultural.com\/es\/2024\/01\/29\/tres-concerts-completen-el-programa-de-la-quarta-edicio-del-beethoven-fest\/#breadcrumb","itemListElement":[{"@type":"ListItem","position":1,"name":"Inici","item":"https:\/\/www.alteacultural.com\/es\/"},{"@type":"ListItem","position":2,"name":"Tres conciertos completan el programa de la cuarta edici\u00f3n del Beethoven Fest"}]},{"@type":"WebSite","@id":"https:\/\/www.alteacultural.com\/es\/#website","url":"https:\/\/www.alteacultural.com\/es\/","name":"Altea Cultural","description":"Regidoria de Cultura de l&#039;Ajuntament d&#039;Altea","potentialAction":[{"@type":"SearchAction","target":{"@type":"EntryPoint","urlTemplate":"https:\/\/www.alteacultural.com\/es\/?s={search_term_string}"},"query-input":"required name=search_term_string"}],"inLanguage":"es"},{"@type":"Person","@id":"https:\/\/www.alteacultural.com\/es\/#\/schema\/person\/c4e137537f1af546d214a315255e5172","name":"sfaltea.com-admin","image":{"@type":"ImageObject","inLanguage":"es","@id":"https:\/\/www.alteacultural.com\/es\/#\/schema\/person\/image\/","url":"https:\/\/secure.gravatar.com\/avatar\/f7473fa2fbd351270ccfd469de536202?s=96&d=mm&r=g","contentUrl":"https:\/\/secure.gravatar.com\/avatar\/f7473fa2fbd351270ccfd469de536202?s=96&d=mm&r=g","caption":"sfaltea.com-admin"},"url":"https:\/\/www.alteacultural.com\/es\/author\/sfaltea-com-admin\/"}]}},"_links":{"self":[{"href":"https:\/\/www.alteacultural.com\/es\/wp-json\/wp\/v2\/posts\/28779"}],"collection":[{"href":"https:\/\/www.alteacultural.com\/es\/wp-json\/wp\/v2\/posts"}],"about":[{"href":"https:\/\/www.alteacultural.com\/es\/wp-json\/wp\/v2\/types\/post"}],"author":[{"embeddable":true,"href":"https:\/\/www.alteacultural.com\/es\/wp-json\/wp\/v2\/users\/1"}],"replies":[{"embeddable":true,"href":"https:\/\/www.alteacultural.com\/es\/wp-json\/wp\/v2\/comments?post=28779"}],"version-history":[{"count":1,"href":"https:\/\/www.alteacultural.com\/es\/wp-json\/wp\/v2\/posts\/28779\/revisions"}],"predecessor-version":[{"id":28780,"href":"https:\/\/www.alteacultural.com\/es\/wp-json\/wp\/v2\/posts\/28779\/revisions\/28780"}],"wp:featuredmedia":[{"embeddable":true,"href":"https:\/\/www.alteacultural.com\/es\/wp-json\/wp\/v2\/media\/28667"}],"wp:attachment":[{"href":"https:\/\/www.alteacultural.com\/es\/wp-json\/wp\/v2\/media?parent=28779"}],"curies":[{"name":"wp","href":"https:\/\/api.w.org\/{rel}","templated":true}]}}