{"id":28871,"date":"2024-01-31T09:27:28","date_gmt":"2024-01-31T08:27:28","guid":{"rendered":"https:\/\/www.alteacultural.com\/2024\/01\/31\/lajuntament-daltea-i-la-fundacio-mediterrania-es-reuneixen-per-valorar-els-possibles-acords-de-collaboracio\/"},"modified":"2024-02-01T15:25:14","modified_gmt":"2024-02-01T14:25:14","slug":"lajuntament-daltea-i-la-fundacio-mediterrania-es-reuneixen-per-valorar-els-possibles-acords-de-collaboracio","status":"publish","type":"post","link":"https:\/\/www.alteacultural.com\/es\/2024\/01\/31\/lajuntament-daltea-i-la-fundacio-mediterrania-es-reuneixen-per-valorar-els-possibles-acords-de-collaboracio\/","title":{"rendered":"El Ayuntamiento de Altea y la Fundaci\u00f3n Mediterr\u00e1neo se re\u00fanen para valorar posibles acuerdos de colaboraci\u00f3n"},"content":{"rendered":"\n<figure class=\"wp-block-image\"><img decoding=\"async\" data-src=\"https:\/\/alteadigital.es\/wp-content\/uploads\/2024\/01\/reunio-Fundacio-Mediterranea-alcaldia.jpg\" alt=\"L\u2019Ajuntament d\u2019Altea i la Fundaci\u00f3 Mediterr\u00e0nia es reuneixen per valorar els possibles acords de col\u2022laboraci\u00f3\" src=\"data:image\/gif;base64,R0lGODlhAQABAAAAACH5BAEKAAEALAAAAAABAAEAAAICTAEAOw==\" class=\"lazyload\" \/><\/figure>\n\n\n\n<p>El pasado 17 de enero, representantes del Ayuntamiento de Altea y de la Fundaci\u00f3n Mediterr\u00e1neo se reunieron en la sede de la Concejal\u00eda de Cultura para valorar la posible participaci\u00f3n conjunta en diferentes proyectos europeos.<\/p>\n\n\n\n<p>La Fundaci\u00f3n Mediterr\u00e1neo es una entidad sin \u00e1nimo de lucro cuyo objetivo principal es la realizaci\u00f3n de actividades y proyectos dirigidos al fomento de la creatividad y la innovaci\u00f3n cultural, al mismo tiempo que pone en valor el patrimonio. A trav\u00e9s de dichas actividades, la Fundaci\u00f3n persigue otros fines espec\u00edficos como son la lucha contra la exclusi\u00f3n social de los colectivos m\u00e1s desfavorecidos; contra la pobreza y la marginaci\u00f3n; la promoci\u00f3n de la igualdad; el fomento ocupacional y del empleo o la defensa y protecci\u00f3n del medio ambiente y del entorno rural.<\/p>\n\n\n\n<p>En representaci\u00f3n de dicha entidad estuvo presente Jos\u00e9 Mar\u00eda Pallar\u00e9s, responsable del \u00e1rea de recaudaci\u00f3n de fondos, financiaci\u00f3n y proyectos europeos. Por parte del Ayuntamiento de Altea asistieron los concejales de Cultura y Proyectos Europeos, Pepa V. P\u00e9rez y Germ\u00e1n Manj\u00f3n, respectivamente; as\u00ed como el coordinador del \u00e1rea de cultura del municipio, Ignacio Beltr\u00e1n y la responsable de EuroAltea, la Oficina de Proyectos Europeos del Ayuntamiento, Paloma Verd\u00fa.<\/p>\n\n\n\n<div class=\"wp-block-image\"><figure class=\"aligncenter\"><img decoding=\"async\" data-src=\"https:\/\/alteadigital.es\/wp-content\/uploads\/2024\/01\/reunio-Fundacio-Mediterranea-Casa-Cultura.jpg\" alt=\"\" class=\"wp-image-115653 lazyload\" src=\"data:image\/gif;base64,R0lGODlhAQABAAAAACH5BAEKAAEALAAAAAABAAEAAAICTAEAOw==\" \/><\/figure><\/div>\n\n\n\n<p>Durante el encuentro se realiz\u00f3 una visita al propio consistorio municipal y a la Casa Toni el Fuster, con el objeto de que desde la Fundaci\u00f3n Mediterr\u00e1neo se conocieran sus instalaciones para valorar la realizaci\u00f3n de diferentes actividades y exposiciones de car\u00e1cter cultural.<\/p>\n\n\n\n<p>En el transcurso de la reuni\u00f3n de trabajo tambi\u00e9n se pusieron sobre la mesa otras propuestas en las que ambas instituciones podr\u00edan ir de la mano, uniendo fuerzas y aprovechando su experiencia en la ejecuci\u00f3n de proyectos europeos.<\/p>\n\n\n\n<p>Para mayor informaci\u00f3n sobre las actividades, programas y proyectos gestionados desde de la Oficina de Proyectos Europeos del Ayuntamiento, EuroAltea, puedes visitar la p\u00e1gina web\u00a0<a href=\"https:\/\/euroaltea.eu\/\">https:\/\/euroaltea.eu\/<\/a>, contactar en el correo\u00a0<a href=\"mailto:europa@altea.es\">europa@altea.es<\/a>\u00a0o seguirla en redes a trav\u00e9s de @euroaltea. |ALTEADIGITAL.ES<\/p>\n","protected":false},"excerpt":{"rendered":"<p>El pasado 17 de enero, representantes del Ayuntamiento de Altea y de la Fundaci\u00f3n Mediterr\u00e1neo se reunieron en la [&hellip;]<\/p>\n","protected":false},"author":1,"featured_media":28869,"comment_status":"open","ping_status":"open","sticky":false,"template":"","format":"standard","meta":{"_expiration-date-status":"","_expiration-date":0,"_expiration-date-type":"","_expiration-date-categories":[],"_expiration-date-options":[],"footnotes":""},"yoast_head":"<!-- This site is optimized with the Yoast SEO plugin v22.8 - https:\/\/yoast.com\/wordpress\/plugins\/seo\/ -->\n<title>El Ayuntamiento de Altea y la Fundaci\u00f3n Mediterr\u00e1neo se re\u00fanen para valorar posibles acuerdos de colaboraci\u00f3n - Altea Cultural<\/title>\n<meta name=\"robots\" content=\"index, follow, max-snippet:-1, max-image-preview:large, max-video-preview:-1\" \/>\n<link rel=\"canonical\" href=\"https:\/\/www.alteacultural.com\/es\/2024\/01\/31\/lajuntament-daltea-i-la-fundacio-mediterrania-es-reuneixen-per-valorar-els-possibles-acords-de-collaboracio\/\" \/>\n<meta property=\"og:locale\" content=\"es_ES\" \/>\n<meta property=\"og:type\" content=\"article\" \/>\n<meta property=\"og:title\" content=\"El Ayuntamiento de Altea y la Fundaci\u00f3n Mediterr\u00e1neo se re\u00fanen para valorar posibles acuerdos de colaboraci\u00f3n - Altea Cultural\" \/>\n<meta property=\"og:description\" content=\"El pasado 17 de enero, representantes del Ayuntamiento de Altea y de la Fundaci\u00f3n Mediterr\u00e1neo se reunieron en la [&hellip;]\" \/>\n<meta property=\"og:url\" content=\"https:\/\/www.alteacultural.com\/es\/2024\/01\/31\/lajuntament-daltea-i-la-fundacio-mediterrania-es-reuneixen-per-valorar-els-possibles-acords-de-collaboracio\/\" \/>\n<meta property=\"og:site_name\" content=\"Altea Cultural\" \/>\n<meta property=\"article:published_time\" content=\"2024-01-31T08:27:28+00:00\" \/>\n<meta property=\"article:modified_time\" content=\"2024-02-01T14:25:14+00:00\" \/>\n<meta property=\"og:image\" content=\"https:\/\/www.alteacultural.com\/wp-content\/uploads\/2024\/01\/reunio-Fundacio-Mediterranea-alcaldia.jpg\" \/>\n\t<meta property=\"og:image:width\" content=\"1028\" \/>\n\t<meta property=\"og:image:height\" content=\"800\" \/>\n\t<meta property=\"og:image:type\" content=\"image\/jpeg\" \/>\n<meta name=\"author\" content=\"sfaltea.com-admin\" \/>\n<meta name=\"twitter:card\" content=\"summary_large_image\" \/>\n<meta name=\"twitter:label1\" content=\"Escrito por\" \/>\n\t<meta name=\"twitter:data1\" content=\"sfaltea.com-admin\" \/>\n\t<meta name=\"twitter:label2\" content=\"Tiempo de lectura\" \/>\n\t<meta name=\"twitter:data2\" content=\"2 minutos\" \/>\n<script type=\"application\/ld+json\" class=\"yoast-schema-graph\">{\"@context\":\"https:\/\/schema.org\",\"@graph\":[{\"@type\":\"WebPage\",\"@id\":\"https:\/\/www.alteacultural.com\/es\/2024\/01\/31\/lajuntament-daltea-i-la-fundacio-mediterrania-es-reuneixen-per-valorar-els-possibles-acords-de-collaboracio\/\",\"url\":\"https:\/\/www.alteacultural.com\/es\/2024\/01\/31\/lajuntament-daltea-i-la-fundacio-mediterrania-es-reuneixen-per-valorar-els-possibles-acords-de-collaboracio\/\",\"name\":\"El Ayuntamiento de Altea y la Fundaci\u00f3n Mediterr\u00e1neo se re\u00fanen para valorar posibles acuerdos de colaboraci\u00f3n - Altea Cultural\",\"isPartOf\":{\"@id\":\"https:\/\/www.alteacultural.com\/es\/#website\"},\"primaryImageOfPage\":{\"@id\":\"https:\/\/www.alteacultural.com\/es\/2024\/01\/31\/lajuntament-daltea-i-la-fundacio-mediterrania-es-reuneixen-per-valorar-els-possibles-acords-de-collaboracio\/#primaryimage\"},\"image\":{\"@id\":\"https:\/\/www.alteacultural.com\/es\/2024\/01\/31\/lajuntament-daltea-i-la-fundacio-mediterrania-es-reuneixen-per-valorar-els-possibles-acords-de-collaboracio\/#primaryimage\"},\"thumbnailUrl\":\"https:\/\/www.alteacultural.com\/wp-content\/uploads\/2024\/01\/reunio-Fundacio-Mediterranea-alcaldia.jpg\",\"datePublished\":\"2024-01-31T08:27:28+00:00\",\"dateModified\":\"2024-02-01T14:25:14+00:00\",\"author\":{\"@id\":\"https:\/\/www.alteacultural.com\/es\/#\/schema\/person\/c4e137537f1af546d214a315255e5172\"},\"breadcrumb\":{\"@id\":\"https:\/\/www.alteacultural.com\/es\/2024\/01\/31\/lajuntament-daltea-i-la-fundacio-mediterrania-es-reuneixen-per-valorar-els-possibles-acords-de-collaboracio\/#breadcrumb\"},\"inLanguage\":\"es\",\"potentialAction\":[{\"@type\":\"ReadAction\",\"target\":[\"https:\/\/www.alteacultural.com\/es\/2024\/01\/31\/lajuntament-daltea-i-la-fundacio-mediterrania-es-reuneixen-per-valorar-els-possibles-acords-de-collaboracio\/\"]}]},{\"@type\":\"ImageObject\",\"inLanguage\":\"es\",\"@id\":\"https:\/\/www.alteacultural.com\/es\/2024\/01\/31\/lajuntament-daltea-i-la-fundacio-mediterrania-es-reuneixen-per-valorar-els-possibles-acords-de-collaboracio\/#primaryimage\",\"url\":\"https:\/\/www.alteacultural.com\/wp-content\/uploads\/2024\/01\/reunio-Fundacio-Mediterranea-alcaldia.jpg\",\"contentUrl\":\"https:\/\/www.alteacultural.com\/wp-content\/uploads\/2024\/01\/reunio-Fundacio-Mediterranea-alcaldia.jpg\",\"width\":1028,\"height\":800},{\"@type\":\"BreadcrumbList\",\"@id\":\"https:\/\/www.alteacultural.com\/es\/2024\/01\/31\/lajuntament-daltea-i-la-fundacio-mediterrania-es-reuneixen-per-valorar-els-possibles-acords-de-collaboracio\/#breadcrumb\",\"itemListElement\":[{\"@type\":\"ListItem\",\"position\":1,\"name\":\"Inici\",\"item\":\"https:\/\/www.alteacultural.com\/es\/\"},{\"@type\":\"ListItem\",\"position\":2,\"name\":\"El Ayuntamiento de Altea y la Fundaci\u00f3n Mediterr\u00e1neo se re\u00fanen para valorar posibles acuerdos de colaboraci\u00f3n\"}]},{\"@type\":\"WebSite\",\"@id\":\"https:\/\/www.alteacultural.com\/es\/#website\",\"url\":\"https:\/\/www.alteacultural.com\/es\/\",\"name\":\"Altea Cultural\",\"description\":\"Regidoria de Cultura de l&#039;Ajuntament d&#039;Altea\",\"potentialAction\":[{\"@type\":\"SearchAction\",\"target\":{\"@type\":\"EntryPoint\",\"urlTemplate\":\"https:\/\/www.alteacultural.com\/es\/?s={search_term_string}\"},\"query-input\":\"required name=search_term_string\"}],\"inLanguage\":\"es\"},{\"@type\":\"Person\",\"@id\":\"https:\/\/www.alteacultural.com\/es\/#\/schema\/person\/c4e137537f1af546d214a315255e5172\",\"name\":\"sfaltea.com-admin\",\"image\":{\"@type\":\"ImageObject\",\"inLanguage\":\"es\",\"@id\":\"https:\/\/www.alteacultural.com\/es\/#\/schema\/person\/image\/\",\"url\":\"https:\/\/secure.gravatar.com\/avatar\/f7473fa2fbd351270ccfd469de536202?s=96&d=mm&r=g\",\"contentUrl\":\"https:\/\/secure.gravatar.com\/avatar\/f7473fa2fbd351270ccfd469de536202?s=96&d=mm&r=g\",\"caption\":\"sfaltea.com-admin\"},\"url\":\"https:\/\/www.alteacultural.com\/es\/author\/sfaltea-com-admin\/\"}]}<\/script>\n<!-- \/ Yoast SEO plugin. -->","yoast_head_json":{"title":"El Ayuntamiento de Altea y la Fundaci\u00f3n Mediterr\u00e1neo se re\u00fanen para valorar posibles acuerdos de colaboraci\u00f3n - Altea Cultural","robots":{"index":"index","follow":"follow","max-snippet":"max-snippet:-1","max-image-preview":"max-image-preview:large","max-video-preview":"max-video-preview:-1"},"canonical":"https:\/\/www.alteacultural.com\/es\/2024\/01\/31\/lajuntament-daltea-i-la-fundacio-mediterrania-es-reuneixen-per-valorar-els-possibles-acords-de-collaboracio\/","og_locale":"es_ES","og_type":"article","og_title":"El Ayuntamiento de Altea y la Fundaci\u00f3n Mediterr\u00e1neo se re\u00fanen para valorar posibles acuerdos de colaboraci\u00f3n - Altea Cultural","og_description":"El pasado 17 de enero, representantes del Ayuntamiento de Altea y de la Fundaci\u00f3n Mediterr\u00e1neo se reunieron en la [&hellip;]","og_url":"https:\/\/www.alteacultural.com\/es\/2024\/01\/31\/lajuntament-daltea-i-la-fundacio-mediterrania-es-reuneixen-per-valorar-els-possibles-acords-de-collaboracio\/","og_site_name":"Altea Cultural","article_published_time":"2024-01-31T08:27:28+00:00","article_modified_time":"2024-02-01T14:25:14+00:00","og_image":[{"width":1028,"height":800,"url":"https:\/\/www.alteacultural.com\/wp-content\/uploads\/2024\/01\/reunio-Fundacio-Mediterranea-alcaldia.jpg","type":"image\/jpeg"}],"author":"sfaltea.com-admin","twitter_card":"summary_large_image","twitter_misc":{"Escrito por":"sfaltea.com-admin","Tiempo de lectura":"2 minutos"},"schema":{"@context":"https:\/\/schema.org","@graph":[{"@type":"WebPage","@id":"https:\/\/www.alteacultural.com\/es\/2024\/01\/31\/lajuntament-daltea-i-la-fundacio-mediterrania-es-reuneixen-per-valorar-els-possibles-acords-de-collaboracio\/","url":"https:\/\/www.alteacultural.com\/es\/2024\/01\/31\/lajuntament-daltea-i-la-fundacio-mediterrania-es-reuneixen-per-valorar-els-possibles-acords-de-collaboracio\/","name":"El Ayuntamiento de Altea y la Fundaci\u00f3n Mediterr\u00e1neo se re\u00fanen para valorar posibles acuerdos de colaboraci\u00f3n - Altea Cultural","isPartOf":{"@id":"https:\/\/www.alteacultural.com\/es\/#website"},"primaryImageOfPage":{"@id":"https:\/\/www.alteacultural.com\/es\/2024\/01\/31\/lajuntament-daltea-i-la-fundacio-mediterrania-es-reuneixen-per-valorar-els-possibles-acords-de-collaboracio\/#primaryimage"},"image":{"@id":"https:\/\/www.alteacultural.com\/es\/2024\/01\/31\/lajuntament-daltea-i-la-fundacio-mediterrania-es-reuneixen-per-valorar-els-possibles-acords-de-collaboracio\/#primaryimage"},"thumbnailUrl":"https:\/\/www.alteacultural.com\/wp-content\/uploads\/2024\/01\/reunio-Fundacio-Mediterranea-alcaldia.jpg","datePublished":"2024-01-31T08:27:28+00:00","dateModified":"2024-02-01T14:25:14+00:00","author":{"@id":"https:\/\/www.alteacultural.com\/es\/#\/schema\/person\/c4e137537f1af546d214a315255e5172"},"breadcrumb":{"@id":"https:\/\/www.alteacultural.com\/es\/2024\/01\/31\/lajuntament-daltea-i-la-fundacio-mediterrania-es-reuneixen-per-valorar-els-possibles-acords-de-collaboracio\/#breadcrumb"},"inLanguage":"es","potentialAction":[{"@type":"ReadAction","target":["https:\/\/www.alteacultural.com\/es\/2024\/01\/31\/lajuntament-daltea-i-la-fundacio-mediterrania-es-reuneixen-per-valorar-els-possibles-acords-de-collaboracio\/"]}]},{"@type":"ImageObject","inLanguage":"es","@id":"https:\/\/www.alteacultural.com\/es\/2024\/01\/31\/lajuntament-daltea-i-la-fundacio-mediterrania-es-reuneixen-per-valorar-els-possibles-acords-de-collaboracio\/#primaryimage","url":"https:\/\/www.alteacultural.com\/wp-content\/uploads\/2024\/01\/reunio-Fundacio-Mediterranea-alcaldia.jpg","contentUrl":"https:\/\/www.alteacultural.com\/wp-content\/uploads\/2024\/01\/reunio-Fundacio-Mediterranea-alcaldia.jpg","width":1028,"height":800},{"@type":"BreadcrumbList","@id":"https:\/\/www.alteacultural.com\/es\/2024\/01\/31\/lajuntament-daltea-i-la-fundacio-mediterrania-es-reuneixen-per-valorar-els-possibles-acords-de-collaboracio\/#breadcrumb","itemListElement":[{"@type":"ListItem","position":1,"name":"Inici","item":"https:\/\/www.alteacultural.com\/es\/"},{"@type":"ListItem","position":2,"name":"El Ayuntamiento de Altea y la Fundaci\u00f3n Mediterr\u00e1neo se re\u00fanen para valorar posibles acuerdos de colaboraci\u00f3n"}]},{"@type":"WebSite","@id":"https:\/\/www.alteacultural.com\/es\/#website","url":"https:\/\/www.alteacultural.com\/es\/","name":"Altea Cultural","description":"Regidoria de Cultura de l&#039;Ajuntament d&#039;Altea","potentialAction":[{"@type":"SearchAction","target":{"@type":"EntryPoint","urlTemplate":"https:\/\/www.alteacultural.com\/es\/?s={search_term_string}"},"query-input":"required name=search_term_string"}],"inLanguage":"es"},{"@type":"Person","@id":"https:\/\/www.alteacultural.com\/es\/#\/schema\/person\/c4e137537f1af546d214a315255e5172","name":"sfaltea.com-admin","image":{"@type":"ImageObject","inLanguage":"es","@id":"https:\/\/www.alteacultural.com\/es\/#\/schema\/person\/image\/","url":"https:\/\/secure.gravatar.com\/avatar\/f7473fa2fbd351270ccfd469de536202?s=96&d=mm&r=g","contentUrl":"https:\/\/secure.gravatar.com\/avatar\/f7473fa2fbd351270ccfd469de536202?s=96&d=mm&r=g","caption":"sfaltea.com-admin"},"url":"https:\/\/www.alteacultural.com\/es\/author\/sfaltea-com-admin\/"}]}},"_links":{"self":[{"href":"https:\/\/www.alteacultural.com\/es\/wp-json\/wp\/v2\/posts\/28871"}],"collection":[{"href":"https:\/\/www.alteacultural.com\/es\/wp-json\/wp\/v2\/posts"}],"about":[{"href":"https:\/\/www.alteacultural.com\/es\/wp-json\/wp\/v2\/types\/post"}],"author":[{"embeddable":true,"href":"https:\/\/www.alteacultural.com\/es\/wp-json\/wp\/v2\/users\/1"}],"replies":[{"embeddable":true,"href":"https:\/\/www.alteacultural.com\/es\/wp-json\/wp\/v2\/comments?post=28871"}],"version-history":[{"count":1,"href":"https:\/\/www.alteacultural.com\/es\/wp-json\/wp\/v2\/posts\/28871\/revisions"}],"predecessor-version":[{"id":28872,"href":"https:\/\/www.alteacultural.com\/es\/wp-json\/wp\/v2\/posts\/28871\/revisions\/28872"}],"wp:featuredmedia":[{"embeddable":true,"href":"https:\/\/www.alteacultural.com\/es\/wp-json\/wp\/v2\/media\/28869"}],"wp:attachment":[{"href":"https:\/\/www.alteacultural.com\/es\/wp-json\/wp\/v2\/media?parent=28871"}],"curies":[{"name":"wp","href":"https:\/\/api.w.org\/{rel}","templated":true}]}}