{"id":28956,"date":"2024-02-07T07:53:00","date_gmt":"2024-02-07T06:53:00","guid":{"rendered":"https:\/\/www.alteacultural.com\/2024\/02\/07\/santes-bruixes-i-aparegudes-a-argentina-obrira-la-programacio-2024-de-la-catedra-annetta-nicoli\/"},"modified":"2024-02-07T18:00:21","modified_gmt":"2024-02-07T17:00:21","slug":"santes-bruixes-i-aparegudes-a-argentina-obrira-la-programacio-2024-de-la-catedra-annetta-nicoli","status":"publish","type":"post","link":"https:\/\/www.alteacultural.com\/es\/2024\/02\/07\/santes-bruixes-i-aparegudes-a-argentina-obrira-la-programacio-2024-de-la-catedra-annetta-nicoli\/","title":{"rendered":"\u201cSantas, Brujas y Aparecidas en Argentina\u201d abrir\u00e1 la programaci\u00f3n 2024 de La C\u00e1tedra Annetta Nicoli"},"content":{"rendered":"\n<figure class=\"wp-block-image\"><img decoding=\"async\" data-src=\"https:\/\/alteadigital.es\/wp-content\/uploads\/2024\/02\/conferencia.jpg\" alt=\"\u201cSantes, Bruixes i Aparegudes a Argentina\u201d obrir\u00e0 la programaci\u00f3 2024 de La C\u00e0tedra Annetta Nicoli\" src=\"data:image\/gif;base64,R0lGODlhAQABAAAAACH5BAEKAAEALAAAAAABAAEAAAICTAEAOw==\" class=\"lazyload\" \/><\/figure>\n\n\n\n<p>El pr\u00f3ximo mi\u00e9rcoles 7 de febrero, a las 19:00h en la Facultad de Bellas Artes de la UMH de Altea, tendr\u00e1 lugar la primera de las actividades que la C\u00e1tedra Annetta Nicoli tiene prevista para este 2024. Se trata de una conferencia en la que Aramis Russo propone un acercamiento a los imaginarios y pr\u00e1cticas perif\u00e9ricas en Argentina entorno a la Pomba Gira.<\/p>\n\n\n\n<p>Las santas populares y el folklore en torno a esp\u00edritus femeninos en Argentina pueden ser un punto de partida para entender c\u00f3mo se actualizan y resignifican los imaginarios femeninos y la visi\u00f3n de sacralidad en torno a la mujer en una sociedad que oscila entre la adoraci\u00f3n a una mujer que, a\u00fan muerta, ha amamantado a su peque\u00f1o hijo y el miedo a las brujas que se convierten en p\u00e1jaros.<\/p>\n\n\n\n<p>En esta conferencia se propone un recorrido por las santas populares y las aparecidas, en su mayor\u00eda ind\u00edgenas, para terminar con un an\u00e1lisis pormenorizado de la Pomba Gira, una presencia espiritual que, si bien es de origen brasile\u00f1o, ha tomado lugar en la sociedad argentina desde los a\u00f1os \u201870 con el advenimiento de diversas corrientes Afroamericanas que se han instalado en el pa\u00eds.<\/p>\n\n\n\n<p>Se indagar\u00e1 en las caracterizaciones m\u00e1s habituales de la Pomba Gira, sus diversos nombres y cualidades, su origen ling\u00fc\u00edstico bant\u00fa y sus pr\u00e1cticas que casi siempre se ubican en la periferia: mujeres trans, personas racializadas, clases bajas e incluso indigentes.<\/p>\n\n\n\n<p>Para finalizar, se realizar\u00e1 una actividad que tendr\u00e1 por objetivo demostrar la universalidad de los avatares de la Pomba Gira.<\/p>\n\n\n\n<p>Aramis Russo es licenciado en Letras (USAL), maestrando en Estudios Literarios Latinoamericanos (UNTREF) y estudiante de Medicina (UBA). Se dedica al estudio de los cuerpos y las territorialidades desde el giro afectivo tanto en la literatura como en las pr\u00e1cticas religiosas no convencionales y se ha desempe\u00f1ado como investigador en el \u00e1mbito de la Literatura Argentina y la Literatura Latinoamericana. Actualmente est\u00e1 desarrollando la Teor\u00eda de los Campos de Afectaci\u00f3n y la Epistemolog\u00eda F\u00e1unica junto al Dr. Javi Moreno. Paralelamente, es practicante de diversas vertientes espirituales, es esp\u00edrita cruzado y brujo y se ha iniciado en el culto a los Orix\u00e1s. Es dirigente de una<\/p>\n\n\n\n<p>Casa Esp\u00edrita y fundador de una corriente de gnosis bruja conocida como Via Stellare, que hace m\u00e1s de 12 a\u00f1os funciona como un espacio de formaci\u00f3n esot\u00e9rica y exot\u00e9rica en diversas pr\u00e1cticas m\u00e1gicas.<\/p>\n\n\n\n<p>La actividad es gratuita y con entrada libre hasta completar aforo, y est\u00e1 dirigida a p\u00fablico general.| ALTEADIGITAL.ES<\/p>\n","protected":false},"excerpt":{"rendered":"<p>El pr\u00f3ximo mi\u00e9rcoles 7 de febrero, a las 19:00h en la Facultad de Bellas Artes de la UMH de [&hellip;]<\/p>\n","protected":false},"author":1,"featured_media":28921,"comment_status":"open","ping_status":"open","sticky":false,"template":"","format":"standard","meta":{"_expiration-date-status":"","_expiration-date":0,"_expiration-date-type":"","_expiration-date-categories":[],"_expiration-date-options":[],"footnotes":""},"yoast_head":"<!-- This site is optimized with the Yoast SEO plugin v22.8 - https:\/\/yoast.com\/wordpress\/plugins\/seo\/ -->\n<title>\u201cSantas, Brujas y Aparecidas en Argentina\u201d abrir\u00e1 la programaci\u00f3n 2024 de La C\u00e1tedra Annetta Nicoli - Altea Cultural<\/title>\n<meta name=\"robots\" content=\"index, follow, max-snippet:-1, max-image-preview:large, max-video-preview:-1\" \/>\n<link rel=\"canonical\" href=\"https:\/\/www.alteacultural.com\/es\/2024\/02\/07\/santes-bruixes-i-aparegudes-a-argentina-obrira-la-programacio-2024-de-la-catedra-annetta-nicoli\/\" \/>\n<meta property=\"og:locale\" content=\"es_ES\" \/>\n<meta property=\"og:type\" content=\"article\" \/>\n<meta property=\"og:title\" content=\"\u201cSantas, Brujas y Aparecidas en Argentina\u201d abrir\u00e1 la programaci\u00f3n 2024 de La C\u00e1tedra Annetta Nicoli - Altea Cultural\" \/>\n<meta property=\"og:description\" content=\"El pr\u00f3ximo mi\u00e9rcoles 7 de febrero, a las 19:00h en la Facultad de Bellas Artes de la UMH de [&hellip;]\" \/>\n<meta property=\"og:url\" content=\"https:\/\/www.alteacultural.com\/es\/2024\/02\/07\/santes-bruixes-i-aparegudes-a-argentina-obrira-la-programacio-2024-de-la-catedra-annetta-nicoli\/\" \/>\n<meta property=\"og:site_name\" content=\"Altea Cultural\" \/>\n<meta property=\"article:published_time\" content=\"2024-02-07T06:53:00+00:00\" \/>\n<meta property=\"article:modified_time\" content=\"2024-02-07T17:00:21+00:00\" \/>\n<meta property=\"og:image\" content=\"https:\/\/www.alteacultural.com\/wp-content\/uploads\/2024\/02\/2024-02-07-Cartel-conferencia-Santas-Brujas-y-Aparecidas.png\" \/>\n\t<meta property=\"og:image:width\" content=\"1081\" \/>\n\t<meta property=\"og:image:height\" content=\"1351\" \/>\n\t<meta property=\"og:image:type\" content=\"image\/png\" \/>\n<meta name=\"author\" content=\"sfaltea.com-admin\" \/>\n<meta name=\"twitter:card\" content=\"summary_large_image\" \/>\n<meta name=\"twitter:label1\" content=\"Escrito por\" \/>\n\t<meta name=\"twitter:data1\" content=\"sfaltea.com-admin\" \/>\n\t<meta name=\"twitter:label2\" content=\"Tiempo de lectura\" \/>\n\t<meta name=\"twitter:data2\" content=\"3 minutos\" \/>\n<script type=\"application\/ld+json\" class=\"yoast-schema-graph\">{\"@context\":\"https:\/\/schema.org\",\"@graph\":[{\"@type\":\"WebPage\",\"@id\":\"https:\/\/www.alteacultural.com\/es\/2024\/02\/07\/santes-bruixes-i-aparegudes-a-argentina-obrira-la-programacio-2024-de-la-catedra-annetta-nicoli\/\",\"url\":\"https:\/\/www.alteacultural.com\/es\/2024\/02\/07\/santes-bruixes-i-aparegudes-a-argentina-obrira-la-programacio-2024-de-la-catedra-annetta-nicoli\/\",\"name\":\"\u201cSantas, Brujas y Aparecidas en Argentina\u201d abrir\u00e1 la programaci\u00f3n 2024 de La C\u00e1tedra Annetta Nicoli - Altea Cultural\",\"isPartOf\":{\"@id\":\"https:\/\/www.alteacultural.com\/es\/#website\"},\"primaryImageOfPage\":{\"@id\":\"https:\/\/www.alteacultural.com\/es\/2024\/02\/07\/santes-bruixes-i-aparegudes-a-argentina-obrira-la-programacio-2024-de-la-catedra-annetta-nicoli\/#primaryimage\"},\"image\":{\"@id\":\"https:\/\/www.alteacultural.com\/es\/2024\/02\/07\/santes-bruixes-i-aparegudes-a-argentina-obrira-la-programacio-2024-de-la-catedra-annetta-nicoli\/#primaryimage\"},\"thumbnailUrl\":\"https:\/\/www.alteacultural.com\/wp-content\/uploads\/2024\/02\/2024-02-07-Cartel-conferencia-Santas-Brujas-y-Aparecidas.png\",\"datePublished\":\"2024-02-07T06:53:00+00:00\",\"dateModified\":\"2024-02-07T17:00:21+00:00\",\"author\":{\"@id\":\"https:\/\/www.alteacultural.com\/es\/#\/schema\/person\/c4e137537f1af546d214a315255e5172\"},\"breadcrumb\":{\"@id\":\"https:\/\/www.alteacultural.com\/es\/2024\/02\/07\/santes-bruixes-i-aparegudes-a-argentina-obrira-la-programacio-2024-de-la-catedra-annetta-nicoli\/#breadcrumb\"},\"inLanguage\":\"es\",\"potentialAction\":[{\"@type\":\"ReadAction\",\"target\":[\"https:\/\/www.alteacultural.com\/es\/2024\/02\/07\/santes-bruixes-i-aparegudes-a-argentina-obrira-la-programacio-2024-de-la-catedra-annetta-nicoli\/\"]}]},{\"@type\":\"ImageObject\",\"inLanguage\":\"es\",\"@id\":\"https:\/\/www.alteacultural.com\/es\/2024\/02\/07\/santes-bruixes-i-aparegudes-a-argentina-obrira-la-programacio-2024-de-la-catedra-annetta-nicoli\/#primaryimage\",\"url\":\"https:\/\/www.alteacultural.com\/wp-content\/uploads\/2024\/02\/2024-02-07-Cartel-conferencia-Santas-Brujas-y-Aparecidas.png\",\"contentUrl\":\"https:\/\/www.alteacultural.com\/wp-content\/uploads\/2024\/02\/2024-02-07-Cartel-conferencia-Santas-Brujas-y-Aparecidas.png\",\"width\":1081,\"height\":1351},{\"@type\":\"BreadcrumbList\",\"@id\":\"https:\/\/www.alteacultural.com\/es\/2024\/02\/07\/santes-bruixes-i-aparegudes-a-argentina-obrira-la-programacio-2024-de-la-catedra-annetta-nicoli\/#breadcrumb\",\"itemListElement\":[{\"@type\":\"ListItem\",\"position\":1,\"name\":\"Inici\",\"item\":\"https:\/\/www.alteacultural.com\/es\/\"},{\"@type\":\"ListItem\",\"position\":2,\"name\":\"\u201cSantas, Brujas y Aparecidas en Argentina\u201d abrir\u00e1 la programaci\u00f3n 2024 de La C\u00e1tedra Annetta Nicoli\"}]},{\"@type\":\"WebSite\",\"@id\":\"https:\/\/www.alteacultural.com\/es\/#website\",\"url\":\"https:\/\/www.alteacultural.com\/es\/\",\"name\":\"Altea Cultural\",\"description\":\"Regidoria de Cultura de l&#039;Ajuntament d&#039;Altea\",\"potentialAction\":[{\"@type\":\"SearchAction\",\"target\":{\"@type\":\"EntryPoint\",\"urlTemplate\":\"https:\/\/www.alteacultural.com\/es\/?s={search_term_string}\"},\"query-input\":\"required name=search_term_string\"}],\"inLanguage\":\"es\"},{\"@type\":\"Person\",\"@id\":\"https:\/\/www.alteacultural.com\/es\/#\/schema\/person\/c4e137537f1af546d214a315255e5172\",\"name\":\"sfaltea.com-admin\",\"image\":{\"@type\":\"ImageObject\",\"inLanguage\":\"es\",\"@id\":\"https:\/\/www.alteacultural.com\/es\/#\/schema\/person\/image\/\",\"url\":\"https:\/\/secure.gravatar.com\/avatar\/f7473fa2fbd351270ccfd469de536202?s=96&d=mm&r=g\",\"contentUrl\":\"https:\/\/secure.gravatar.com\/avatar\/f7473fa2fbd351270ccfd469de536202?s=96&d=mm&r=g\",\"caption\":\"sfaltea.com-admin\"},\"url\":\"https:\/\/www.alteacultural.com\/es\/author\/sfaltea-com-admin\/\"}]}<\/script>\n<!-- \/ Yoast SEO plugin. -->","yoast_head_json":{"title":"\u201cSantas, Brujas y Aparecidas en Argentina\u201d abrir\u00e1 la programaci\u00f3n 2024 de La C\u00e1tedra Annetta Nicoli - Altea Cultural","robots":{"index":"index","follow":"follow","max-snippet":"max-snippet:-1","max-image-preview":"max-image-preview:large","max-video-preview":"max-video-preview:-1"},"canonical":"https:\/\/www.alteacultural.com\/es\/2024\/02\/07\/santes-bruixes-i-aparegudes-a-argentina-obrira-la-programacio-2024-de-la-catedra-annetta-nicoli\/","og_locale":"es_ES","og_type":"article","og_title":"\u201cSantas, Brujas y Aparecidas en Argentina\u201d abrir\u00e1 la programaci\u00f3n 2024 de La C\u00e1tedra Annetta Nicoli - Altea Cultural","og_description":"El pr\u00f3ximo mi\u00e9rcoles 7 de febrero, a las 19:00h en la Facultad de Bellas Artes de la UMH de [&hellip;]","og_url":"https:\/\/www.alteacultural.com\/es\/2024\/02\/07\/santes-bruixes-i-aparegudes-a-argentina-obrira-la-programacio-2024-de-la-catedra-annetta-nicoli\/","og_site_name":"Altea Cultural","article_published_time":"2024-02-07T06:53:00+00:00","article_modified_time":"2024-02-07T17:00:21+00:00","og_image":[{"width":1081,"height":1351,"url":"https:\/\/www.alteacultural.com\/wp-content\/uploads\/2024\/02\/2024-02-07-Cartel-conferencia-Santas-Brujas-y-Aparecidas.png","type":"image\/png"}],"author":"sfaltea.com-admin","twitter_card":"summary_large_image","twitter_misc":{"Escrito por":"sfaltea.com-admin","Tiempo de lectura":"3 minutos"},"schema":{"@context":"https:\/\/schema.org","@graph":[{"@type":"WebPage","@id":"https:\/\/www.alteacultural.com\/es\/2024\/02\/07\/santes-bruixes-i-aparegudes-a-argentina-obrira-la-programacio-2024-de-la-catedra-annetta-nicoli\/","url":"https:\/\/www.alteacultural.com\/es\/2024\/02\/07\/santes-bruixes-i-aparegudes-a-argentina-obrira-la-programacio-2024-de-la-catedra-annetta-nicoli\/","name":"\u201cSantas, Brujas y Aparecidas en Argentina\u201d abrir\u00e1 la programaci\u00f3n 2024 de La C\u00e1tedra Annetta Nicoli - Altea Cultural","isPartOf":{"@id":"https:\/\/www.alteacultural.com\/es\/#website"},"primaryImageOfPage":{"@id":"https:\/\/www.alteacultural.com\/es\/2024\/02\/07\/santes-bruixes-i-aparegudes-a-argentina-obrira-la-programacio-2024-de-la-catedra-annetta-nicoli\/#primaryimage"},"image":{"@id":"https:\/\/www.alteacultural.com\/es\/2024\/02\/07\/santes-bruixes-i-aparegudes-a-argentina-obrira-la-programacio-2024-de-la-catedra-annetta-nicoli\/#primaryimage"},"thumbnailUrl":"https:\/\/www.alteacultural.com\/wp-content\/uploads\/2024\/02\/2024-02-07-Cartel-conferencia-Santas-Brujas-y-Aparecidas.png","datePublished":"2024-02-07T06:53:00+00:00","dateModified":"2024-02-07T17:00:21+00:00","author":{"@id":"https:\/\/www.alteacultural.com\/es\/#\/schema\/person\/c4e137537f1af546d214a315255e5172"},"breadcrumb":{"@id":"https:\/\/www.alteacultural.com\/es\/2024\/02\/07\/santes-bruixes-i-aparegudes-a-argentina-obrira-la-programacio-2024-de-la-catedra-annetta-nicoli\/#breadcrumb"},"inLanguage":"es","potentialAction":[{"@type":"ReadAction","target":["https:\/\/www.alteacultural.com\/es\/2024\/02\/07\/santes-bruixes-i-aparegudes-a-argentina-obrira-la-programacio-2024-de-la-catedra-annetta-nicoli\/"]}]},{"@type":"ImageObject","inLanguage":"es","@id":"https:\/\/www.alteacultural.com\/es\/2024\/02\/07\/santes-bruixes-i-aparegudes-a-argentina-obrira-la-programacio-2024-de-la-catedra-annetta-nicoli\/#primaryimage","url":"https:\/\/www.alteacultural.com\/wp-content\/uploads\/2024\/02\/2024-02-07-Cartel-conferencia-Santas-Brujas-y-Aparecidas.png","contentUrl":"https:\/\/www.alteacultural.com\/wp-content\/uploads\/2024\/02\/2024-02-07-Cartel-conferencia-Santas-Brujas-y-Aparecidas.png","width":1081,"height":1351},{"@type":"BreadcrumbList","@id":"https:\/\/www.alteacultural.com\/es\/2024\/02\/07\/santes-bruixes-i-aparegudes-a-argentina-obrira-la-programacio-2024-de-la-catedra-annetta-nicoli\/#breadcrumb","itemListElement":[{"@type":"ListItem","position":1,"name":"Inici","item":"https:\/\/www.alteacultural.com\/es\/"},{"@type":"ListItem","position":2,"name":"\u201cSantas, Brujas y Aparecidas en Argentina\u201d abrir\u00e1 la programaci\u00f3n 2024 de La C\u00e1tedra Annetta Nicoli"}]},{"@type":"WebSite","@id":"https:\/\/www.alteacultural.com\/es\/#website","url":"https:\/\/www.alteacultural.com\/es\/","name":"Altea Cultural","description":"Regidoria de Cultura de l&#039;Ajuntament d&#039;Altea","potentialAction":[{"@type":"SearchAction","target":{"@type":"EntryPoint","urlTemplate":"https:\/\/www.alteacultural.com\/es\/?s={search_term_string}"},"query-input":"required name=search_term_string"}],"inLanguage":"es"},{"@type":"Person","@id":"https:\/\/www.alteacultural.com\/es\/#\/schema\/person\/c4e137537f1af546d214a315255e5172","name":"sfaltea.com-admin","image":{"@type":"ImageObject","inLanguage":"es","@id":"https:\/\/www.alteacultural.com\/es\/#\/schema\/person\/image\/","url":"https:\/\/secure.gravatar.com\/avatar\/f7473fa2fbd351270ccfd469de536202?s=96&d=mm&r=g","contentUrl":"https:\/\/secure.gravatar.com\/avatar\/f7473fa2fbd351270ccfd469de536202?s=96&d=mm&r=g","caption":"sfaltea.com-admin"},"url":"https:\/\/www.alteacultural.com\/es\/author\/sfaltea-com-admin\/"}]}},"_links":{"self":[{"href":"https:\/\/www.alteacultural.com\/es\/wp-json\/wp\/v2\/posts\/28956"}],"collection":[{"href":"https:\/\/www.alteacultural.com\/es\/wp-json\/wp\/v2\/posts"}],"about":[{"href":"https:\/\/www.alteacultural.com\/es\/wp-json\/wp\/v2\/types\/post"}],"author":[{"embeddable":true,"href":"https:\/\/www.alteacultural.com\/es\/wp-json\/wp\/v2\/users\/1"}],"replies":[{"embeddable":true,"href":"https:\/\/www.alteacultural.com\/es\/wp-json\/wp\/v2\/comments?post=28956"}],"version-history":[{"count":1,"href":"https:\/\/www.alteacultural.com\/es\/wp-json\/wp\/v2\/posts\/28956\/revisions"}],"predecessor-version":[{"id":28957,"href":"https:\/\/www.alteacultural.com\/es\/wp-json\/wp\/v2\/posts\/28956\/revisions\/28957"}],"wp:featuredmedia":[{"embeddable":true,"href":"https:\/\/www.alteacultural.com\/es\/wp-json\/wp\/v2\/media\/28921"}],"wp:attachment":[{"href":"https:\/\/www.alteacultural.com\/es\/wp-json\/wp\/v2\/media?parent=28956"}],"curies":[{"name":"wp","href":"https:\/\/api.w.org\/{rel}","templated":true}]}}