{"id":28965,"date":"2024-02-16T08:18:46","date_gmt":"2024-02-16T07:18:46","guid":{"rendered":"https:\/\/www.alteacultural.com\/2024\/02\/16\/rebudes-les-obres-de-recalc-i-reparacio-de-solera-i-acces-principal-de-palau-altea\/"},"modified":"2024-02-18T17:17:29","modified_gmt":"2024-02-18T16:17:29","slug":"rebudes-les-obres-de-recalc-i-reparacio-de-solera-i-acces-principal-de-palau-altea","status":"publish","type":"post","link":"https:\/\/www.alteacultural.com\/es\/2024\/02\/16\/rebudes-les-obres-de-recalc-i-reparacio-de-solera-i-acces-principal-de-palau-altea\/","title":{"rendered":"Recepcionadas las obras de recalzo y reparaci\u00f3n de solera y acceso principal de Palau Altea"},"content":{"rendered":"\n<figure class=\"wp-block-image\"><img decoding=\"async\" data-src=\"https:\/\/alteadigital.es\/wp-content\/uploads\/2024\/02\/Palau-Altea-web.jpg\" alt=\"Rebudes les obres de recal\u00e7 i reparaci\u00f3 de solera i acc\u00e9s principal de Palau Altea\" src=\"data:image\/gif;base64,R0lGODlhAQABAAAAACH5BAEKAAEALAAAAAABAAEAAAICTAEAOw==\" class=\"lazyload\" \/><\/figure>\n\n\n\n<p>La edil de Cultura, Pepa Victoria P\u00e9rez, informa de la finalizaci\u00f3n y recepci\u00f3n de las obras del proyecto de recalzo y reparaci\u00f3n de soleras y acceso principal en Palau Altea. Unas obras, ejecutadas por NERCO INFRAESTRUCTURAS S.L, que daban inicio en el mes de septiembre del pasado a\u00f1o y cuyo coste de ejecuci\u00f3n ha sido de &nbsp;180.505\u20ac.<\/p>\n\n\n\n<p>\u201cLas obras, que han cumplido con los plazos previstos y los pormenores del proyecto tras comprobar que est\u00e1n acabadas y en buen estado de servicio, han sido recepcionadas por el Ayuntamiento\u201d. Explica P\u00e9rez.<\/p>\n\n\n\n<p>\u201cEl proyecto inclu\u00eda un an\u00e1lisis espec\u00edfico del origen de los da\u00f1os y el estudio geot\u00e9cnico redactado al efecto; identificando las medidas espec\u00edficas a adoptar para evitar la reproducci\u00f3n de dichas patolog\u00edas. &nbsp;Tambi\u00e9n inclu\u00eda la recogida, canalizaci\u00f3n y evacuaci\u00f3n de la escorrent\u00eda de aguas pluviales que se reciben en la zona afectada; as\u00ed como otros aspectos adicionales como eran la adecuaci\u00f3n del acceso principal para el cumplimiento de las condiciones de accesibilidad para un edificio p\u00fablico\u201d. Ha recordado la responsable municipal de Cultura.<\/p>\n\n\n\n<p>En palabras de Pepa Victoria P\u00e9rez, \u201ceran unas obras muy necesarias porque el acceso al Palau presentaba numerosas dificultades. Con la actuaci\u00f3n ha mejorado notablemente la accesibilidad al centro y tambi\u00e9n algunos problemas estructurales que se estaban acentuando en los \u00faltimos a\u00f1os\u201d. |ALTEADIGITAL.ES<\/p>\n","protected":false},"excerpt":{"rendered":"<p>La edil de Cultura, Pepa Victoria P\u00e9rez, informa de la finalizaci\u00f3n y recepci\u00f3n de las obras del proyecto de [&hellip;]<\/p>\n","protected":false},"author":1,"featured_media":28963,"comment_status":"open","ping_status":"open","sticky":false,"template":"","format":"standard","meta":{"_expiration-date-status":"","_expiration-date":0,"_expiration-date-type":"","_expiration-date-categories":[],"_expiration-date-options":[],"footnotes":""},"yoast_head":"<!-- This site is optimized with the Yoast SEO plugin v22.8 - https:\/\/yoast.com\/wordpress\/plugins\/seo\/ -->\n<title>Recepcionadas las obras de recalzo y reparaci\u00f3n de solera y acceso principal de Palau Altea - Altea Cultural<\/title>\n<meta name=\"robots\" content=\"index, follow, max-snippet:-1, max-image-preview:large, max-video-preview:-1\" \/>\n<link rel=\"canonical\" href=\"https:\/\/www.alteacultural.com\/es\/2024\/02\/16\/rebudes-les-obres-de-recalc-i-reparacio-de-solera-i-acces-principal-de-palau-altea\/\" \/>\n<meta property=\"og:locale\" content=\"es_ES\" \/>\n<meta property=\"og:type\" content=\"article\" \/>\n<meta property=\"og:title\" content=\"Recepcionadas las obras de recalzo y reparaci\u00f3n de solera y acceso principal de Palau Altea - Altea Cultural\" \/>\n<meta property=\"og:description\" content=\"La edil de Cultura, Pepa Victoria P\u00e9rez, informa de la finalizaci\u00f3n y recepci\u00f3n de las obras del proyecto de [&hellip;]\" \/>\n<meta property=\"og:url\" content=\"https:\/\/www.alteacultural.com\/es\/2024\/02\/16\/rebudes-les-obres-de-recalc-i-reparacio-de-solera-i-acces-principal-de-palau-altea\/\" \/>\n<meta property=\"og:site_name\" content=\"Altea Cultural\" \/>\n<meta property=\"article:published_time\" content=\"2024-02-16T07:18:46+00:00\" \/>\n<meta property=\"article:modified_time\" content=\"2024-02-18T16:17:29+00:00\" \/>\n<meta property=\"og:image\" content=\"https:\/\/www.alteacultural.com\/wp-content\/uploads\/2024\/02\/Palau-Altea-web.jpg\" \/>\n\t<meta property=\"og:image:width\" content=\"1028\" \/>\n\t<meta property=\"og:image:height\" content=\"735\" \/>\n\t<meta property=\"og:image:type\" content=\"image\/jpeg\" \/>\n<meta name=\"author\" content=\"sfaltea.com-admin\" \/>\n<meta name=\"twitter:card\" content=\"summary_large_image\" \/>\n<meta name=\"twitter:label1\" content=\"Escrito por\" \/>\n\t<meta name=\"twitter:data1\" content=\"sfaltea.com-admin\" \/>\n\t<meta name=\"twitter:label2\" content=\"Tiempo de lectura\" \/>\n\t<meta name=\"twitter:data2\" content=\"2 minutos\" \/>\n<script type=\"application\/ld+json\" class=\"yoast-schema-graph\">{\"@context\":\"https:\/\/schema.org\",\"@graph\":[{\"@type\":\"WebPage\",\"@id\":\"https:\/\/www.alteacultural.com\/es\/2024\/02\/16\/rebudes-les-obres-de-recalc-i-reparacio-de-solera-i-acces-principal-de-palau-altea\/\",\"url\":\"https:\/\/www.alteacultural.com\/es\/2024\/02\/16\/rebudes-les-obres-de-recalc-i-reparacio-de-solera-i-acces-principal-de-palau-altea\/\",\"name\":\"Recepcionadas las obras de recalzo y reparaci\u00f3n de solera y acceso principal de Palau Altea - Altea Cultural\",\"isPartOf\":{\"@id\":\"https:\/\/www.alteacultural.com\/es\/#website\"},\"primaryImageOfPage\":{\"@id\":\"https:\/\/www.alteacultural.com\/es\/2024\/02\/16\/rebudes-les-obres-de-recalc-i-reparacio-de-solera-i-acces-principal-de-palau-altea\/#primaryimage\"},\"image\":{\"@id\":\"https:\/\/www.alteacultural.com\/es\/2024\/02\/16\/rebudes-les-obres-de-recalc-i-reparacio-de-solera-i-acces-principal-de-palau-altea\/#primaryimage\"},\"thumbnailUrl\":\"https:\/\/www.alteacultural.com\/wp-content\/uploads\/2024\/02\/Palau-Altea-web.jpg\",\"datePublished\":\"2024-02-16T07:18:46+00:00\",\"dateModified\":\"2024-02-18T16:17:29+00:00\",\"author\":{\"@id\":\"https:\/\/www.alteacultural.com\/es\/#\/schema\/person\/c4e137537f1af546d214a315255e5172\"},\"breadcrumb\":{\"@id\":\"https:\/\/www.alteacultural.com\/es\/2024\/02\/16\/rebudes-les-obres-de-recalc-i-reparacio-de-solera-i-acces-principal-de-palau-altea\/#breadcrumb\"},\"inLanguage\":\"es\",\"potentialAction\":[{\"@type\":\"ReadAction\",\"target\":[\"https:\/\/www.alteacultural.com\/es\/2024\/02\/16\/rebudes-les-obres-de-recalc-i-reparacio-de-solera-i-acces-principal-de-palau-altea\/\"]}]},{\"@type\":\"ImageObject\",\"inLanguage\":\"es\",\"@id\":\"https:\/\/www.alteacultural.com\/es\/2024\/02\/16\/rebudes-les-obres-de-recalc-i-reparacio-de-solera-i-acces-principal-de-palau-altea\/#primaryimage\",\"url\":\"https:\/\/www.alteacultural.com\/wp-content\/uploads\/2024\/02\/Palau-Altea-web.jpg\",\"contentUrl\":\"https:\/\/www.alteacultural.com\/wp-content\/uploads\/2024\/02\/Palau-Altea-web.jpg\",\"width\":1028,\"height\":735},{\"@type\":\"BreadcrumbList\",\"@id\":\"https:\/\/www.alteacultural.com\/es\/2024\/02\/16\/rebudes-les-obres-de-recalc-i-reparacio-de-solera-i-acces-principal-de-palau-altea\/#breadcrumb\",\"itemListElement\":[{\"@type\":\"ListItem\",\"position\":1,\"name\":\"Inici\",\"item\":\"https:\/\/www.alteacultural.com\/es\/\"},{\"@type\":\"ListItem\",\"position\":2,\"name\":\"Recepcionadas las obras de recalzo y reparaci\u00f3n de solera y acceso principal de Palau Altea\"}]},{\"@type\":\"WebSite\",\"@id\":\"https:\/\/www.alteacultural.com\/es\/#website\",\"url\":\"https:\/\/www.alteacultural.com\/es\/\",\"name\":\"Altea Cultural\",\"description\":\"Regidoria de Cultura de l&#039;Ajuntament d&#039;Altea\",\"potentialAction\":[{\"@type\":\"SearchAction\",\"target\":{\"@type\":\"EntryPoint\",\"urlTemplate\":\"https:\/\/www.alteacultural.com\/es\/?s={search_term_string}\"},\"query-input\":\"required name=search_term_string\"}],\"inLanguage\":\"es\"},{\"@type\":\"Person\",\"@id\":\"https:\/\/www.alteacultural.com\/es\/#\/schema\/person\/c4e137537f1af546d214a315255e5172\",\"name\":\"sfaltea.com-admin\",\"image\":{\"@type\":\"ImageObject\",\"inLanguage\":\"es\",\"@id\":\"https:\/\/www.alteacultural.com\/es\/#\/schema\/person\/image\/\",\"url\":\"https:\/\/secure.gravatar.com\/avatar\/f7473fa2fbd351270ccfd469de536202?s=96&d=mm&r=g\",\"contentUrl\":\"https:\/\/secure.gravatar.com\/avatar\/f7473fa2fbd351270ccfd469de536202?s=96&d=mm&r=g\",\"caption\":\"sfaltea.com-admin\"},\"url\":\"https:\/\/www.alteacultural.com\/es\/author\/sfaltea-com-admin\/\"}]}<\/script>\n<!-- \/ Yoast SEO plugin. -->","yoast_head_json":{"title":"Recepcionadas las obras de recalzo y reparaci\u00f3n de solera y acceso principal de Palau Altea - Altea Cultural","robots":{"index":"index","follow":"follow","max-snippet":"max-snippet:-1","max-image-preview":"max-image-preview:large","max-video-preview":"max-video-preview:-1"},"canonical":"https:\/\/www.alteacultural.com\/es\/2024\/02\/16\/rebudes-les-obres-de-recalc-i-reparacio-de-solera-i-acces-principal-de-palau-altea\/","og_locale":"es_ES","og_type":"article","og_title":"Recepcionadas las obras de recalzo y reparaci\u00f3n de solera y acceso principal de Palau Altea - Altea Cultural","og_description":"La edil de Cultura, Pepa Victoria P\u00e9rez, informa de la finalizaci\u00f3n y recepci\u00f3n de las obras del proyecto de [&hellip;]","og_url":"https:\/\/www.alteacultural.com\/es\/2024\/02\/16\/rebudes-les-obres-de-recalc-i-reparacio-de-solera-i-acces-principal-de-palau-altea\/","og_site_name":"Altea Cultural","article_published_time":"2024-02-16T07:18:46+00:00","article_modified_time":"2024-02-18T16:17:29+00:00","og_image":[{"width":1028,"height":735,"url":"https:\/\/www.alteacultural.com\/wp-content\/uploads\/2024\/02\/Palau-Altea-web.jpg","type":"image\/jpeg"}],"author":"sfaltea.com-admin","twitter_card":"summary_large_image","twitter_misc":{"Escrito por":"sfaltea.com-admin","Tiempo de lectura":"2 minutos"},"schema":{"@context":"https:\/\/schema.org","@graph":[{"@type":"WebPage","@id":"https:\/\/www.alteacultural.com\/es\/2024\/02\/16\/rebudes-les-obres-de-recalc-i-reparacio-de-solera-i-acces-principal-de-palau-altea\/","url":"https:\/\/www.alteacultural.com\/es\/2024\/02\/16\/rebudes-les-obres-de-recalc-i-reparacio-de-solera-i-acces-principal-de-palau-altea\/","name":"Recepcionadas las obras de recalzo y reparaci\u00f3n de solera y acceso principal de Palau Altea - Altea Cultural","isPartOf":{"@id":"https:\/\/www.alteacultural.com\/es\/#website"},"primaryImageOfPage":{"@id":"https:\/\/www.alteacultural.com\/es\/2024\/02\/16\/rebudes-les-obres-de-recalc-i-reparacio-de-solera-i-acces-principal-de-palau-altea\/#primaryimage"},"image":{"@id":"https:\/\/www.alteacultural.com\/es\/2024\/02\/16\/rebudes-les-obres-de-recalc-i-reparacio-de-solera-i-acces-principal-de-palau-altea\/#primaryimage"},"thumbnailUrl":"https:\/\/www.alteacultural.com\/wp-content\/uploads\/2024\/02\/Palau-Altea-web.jpg","datePublished":"2024-02-16T07:18:46+00:00","dateModified":"2024-02-18T16:17:29+00:00","author":{"@id":"https:\/\/www.alteacultural.com\/es\/#\/schema\/person\/c4e137537f1af546d214a315255e5172"},"breadcrumb":{"@id":"https:\/\/www.alteacultural.com\/es\/2024\/02\/16\/rebudes-les-obres-de-recalc-i-reparacio-de-solera-i-acces-principal-de-palau-altea\/#breadcrumb"},"inLanguage":"es","potentialAction":[{"@type":"ReadAction","target":["https:\/\/www.alteacultural.com\/es\/2024\/02\/16\/rebudes-les-obres-de-recalc-i-reparacio-de-solera-i-acces-principal-de-palau-altea\/"]}]},{"@type":"ImageObject","inLanguage":"es","@id":"https:\/\/www.alteacultural.com\/es\/2024\/02\/16\/rebudes-les-obres-de-recalc-i-reparacio-de-solera-i-acces-principal-de-palau-altea\/#primaryimage","url":"https:\/\/www.alteacultural.com\/wp-content\/uploads\/2024\/02\/Palau-Altea-web.jpg","contentUrl":"https:\/\/www.alteacultural.com\/wp-content\/uploads\/2024\/02\/Palau-Altea-web.jpg","width":1028,"height":735},{"@type":"BreadcrumbList","@id":"https:\/\/www.alteacultural.com\/es\/2024\/02\/16\/rebudes-les-obres-de-recalc-i-reparacio-de-solera-i-acces-principal-de-palau-altea\/#breadcrumb","itemListElement":[{"@type":"ListItem","position":1,"name":"Inici","item":"https:\/\/www.alteacultural.com\/es\/"},{"@type":"ListItem","position":2,"name":"Recepcionadas las obras de recalzo y reparaci\u00f3n de solera y acceso principal de Palau Altea"}]},{"@type":"WebSite","@id":"https:\/\/www.alteacultural.com\/es\/#website","url":"https:\/\/www.alteacultural.com\/es\/","name":"Altea Cultural","description":"Regidoria de Cultura de l&#039;Ajuntament d&#039;Altea","potentialAction":[{"@type":"SearchAction","target":{"@type":"EntryPoint","urlTemplate":"https:\/\/www.alteacultural.com\/es\/?s={search_term_string}"},"query-input":"required name=search_term_string"}],"inLanguage":"es"},{"@type":"Person","@id":"https:\/\/www.alteacultural.com\/es\/#\/schema\/person\/c4e137537f1af546d214a315255e5172","name":"sfaltea.com-admin","image":{"@type":"ImageObject","inLanguage":"es","@id":"https:\/\/www.alteacultural.com\/es\/#\/schema\/person\/image\/","url":"https:\/\/secure.gravatar.com\/avatar\/f7473fa2fbd351270ccfd469de536202?s=96&d=mm&r=g","contentUrl":"https:\/\/secure.gravatar.com\/avatar\/f7473fa2fbd351270ccfd469de536202?s=96&d=mm&r=g","caption":"sfaltea.com-admin"},"url":"https:\/\/www.alteacultural.com\/es\/author\/sfaltea-com-admin\/"}]}},"_links":{"self":[{"href":"https:\/\/www.alteacultural.com\/es\/wp-json\/wp\/v2\/posts\/28965"}],"collection":[{"href":"https:\/\/www.alteacultural.com\/es\/wp-json\/wp\/v2\/posts"}],"about":[{"href":"https:\/\/www.alteacultural.com\/es\/wp-json\/wp\/v2\/types\/post"}],"author":[{"embeddable":true,"href":"https:\/\/www.alteacultural.com\/es\/wp-json\/wp\/v2\/users\/1"}],"replies":[{"embeddable":true,"href":"https:\/\/www.alteacultural.com\/es\/wp-json\/wp\/v2\/comments?post=28965"}],"version-history":[{"count":1,"href":"https:\/\/www.alteacultural.com\/es\/wp-json\/wp\/v2\/posts\/28965\/revisions"}],"predecessor-version":[{"id":28966,"href":"https:\/\/www.alteacultural.com\/es\/wp-json\/wp\/v2\/posts\/28965\/revisions\/28966"}],"wp:featuredmedia":[{"embeddable":true,"href":"https:\/\/www.alteacultural.com\/es\/wp-json\/wp\/v2\/media\/28963"}],"wp:attachment":[{"href":"https:\/\/www.alteacultural.com\/es\/wp-json\/wp\/v2\/media?parent=28965"}],"curies":[{"name":"wp","href":"https:\/\/api.w.org\/{rel}","templated":true}]}}