{"id":29102,"date":"2024-02-23T13:12:51","date_gmt":"2024-02-23T12:12:51","guid":{"rendered":"https:\/\/www.alteacultural.com\/2024\/02\/23\/cultura-fa-balanc-del-120e-aniversari-de-juan-navarro-ramon\/"},"modified":"2024-02-25T17:10:07","modified_gmt":"2024-02-25T16:10:07","slug":"cultura-fa-balanc-del-120e-aniversari-de-juan-navarro-ramon","status":"publish","type":"post","link":"https:\/\/www.alteacultural.com\/es\/2024\/02\/23\/cultura-fa-balanc-del-120e-aniversari-de-juan-navarro-ramon\/","title":{"rendered":"Cultura hace balance del 120 aniversario de Juan Navarro Ram\u00f3n"},"content":{"rendered":"\n<figure class=\"wp-block-image\"><img decoding=\"async\" data-src=\"https:\/\/alteadigital.es\/wp-content\/uploads\/2024\/02\/20240221_111320.jpg\" alt=\"Cultura fa balan\u00e7 del 120\u00e8 aniversari de Juan Navarro Ram\u00f3n\" src=\"data:image\/gif;base64,R0lGODlhAQABAAAAACH5BAEKAAEALAAAAAABAAEAAAICTAEAOw==\" class=\"lazyload\" \/><\/figure>\n\n\n\n<p><strong>En el d\u00eda de su 121 aniversario, se anuncian nuevas acciones entorno a la obra del pintor.<\/strong><\/p>\n\n\n\n<p>Justo el d\u00eda en que el reconocido pintor alteano Juan Navarro Ram\u00f3n cumplir\u00eda 121 a\u00f1os, hoy 21 de febrero, la concejal\u00eda de Cultura ha anunciado la continuidad en las actividades divulgativas sobre la obra del artista; al tiempo que ha realizado balance de las acciones llevadas a cabo los \u00faltimos 12 meses con motivo de la celebraci\u00f3n del 120 aniversario de Navarro Ram\u00f3n.<\/p>\n\n\n\n<p>Como ha apuntado la edil de Cultura, Pepa Victoria P\u00e9rez, en estos momentos Altea cuenta con 236 obras catalogadas de Juan Navarro Ram\u00f3n; adem\u00e1s del archivo personal del pintor, que gracias a la voluntad de su heredero Javier Barrio Navarro y a la de su viuda, Maria Amparo V\u00e1zquez han pasado a formar parte del patrimonio local de Altea, a trav\u00e9s de sucesivas donaciones, siendo la m\u00e1s numerosa la llevada a cabo en febrero del pasado a\u00f1o, en la que se donaron a Altea 156 obras.<\/p>\n\n\n\n<p>En cuanto a las acciones realizadas durante este \u00faltimo a\u00f1o, dedicado al 120 aniversario del nacimiento del artista, P\u00e9rez ha recordado la creaci\u00f3n de la marca Navarro Ram\u00f3n y la apertura de las redes sociales Facebook e Instagram en &nbsp;<a href=\"https:\/\/www.facebook.com\/people\/Navarro-Ram%C3%B3n%20Altea\/100090439357836\/?refid=52\">https:\/\/www.facebook.com\/people\/Navarro-Ram%C3%B3n Altea\/100090439357836\/?refid=52<\/a>&nbsp;<a href=\"https:\/\/www.instagram.com\/navarroramonaltea\/?hl=es\">https:\/\/www.instagram.com\/navarroramonaltea\/?hl=es<\/a><\/p>\n\n\n\n<p>Tambi\u00e9n se ha puesto en marcha una p\u00e1gina web interactiva, dise\u00f1ada por Mediterr\u00e0nea Creativa, &nbsp;<a href=\"https:\/\/navarroramon.com\/\">https:\/\/navarroramon.com\/<\/a>, que se present\u00f3 el pasado 18 de enero. Esta p\u00e1gina web cuenta con ocho apartados, y tiene habilitada una pesta\u00f1a para que, quien lo desee y tenga obra del artista pueda subir una imagen con los datos t\u00e9cnicos de la misma. Esta idea se platea en relaci\u00f3n a la publicaci\u00f3n de un Cat\u00e1logo Razonado sobre Navarro Ram\u00f3n.<\/p>\n\n\n\n<p>La responsable municipal de Cultura tambi\u00e9n ha subrayado la presencia de la marca Navarro Ram\u00f3n en las diferentes actividades culturales realizadas, carteles, &nbsp;eventos, etc.<\/p>\n\n\n\n<p>En el transcurso de la enumeraci\u00f3n de iniciativas, P\u00e9rez no ha querido olvidarse de la participaci\u00f3n en la &nbsp;Exposici\u00f3n Internacional Front De Mer en el Mus\u00e9e d\u2019Art Moderne de Collioure, en junio del pasado a\u00f1o y la exposici\u00f3n de \u00f3leos de la colecci\u00f3n de Navarro Ram\u00f3n Altea en la Biblioteca P\u00fablica del municipio en septiembre pasado.<\/p>\n\n\n\n<p>Pepa Victoria P\u00e9rez tambi\u00e9n se ha referido a la promoci\u00f3n de la obra de Navarro Ram\u00f3n que se llev\u00f3 a cabo en Santa Cecilia con la colaboraci\u00f3n de la Societat Filarm\u00f2nica Alteanense y la Societat Recreativa Musical d\u2019Altea la Vella.<\/p>\n\n\n\n<p>Y finalmente, la responsable municipal de Cultura se ha referido a la Jornada Juan Navarro Ram\u00f3n y Altea, que ten\u00eda lugar en Casa de Cultura Altea, el d\u00eda 18 de enero, que acompa\u00f1ada por la exposici\u00f3n \u201cMirada a la Colecci\u00f3n Navarro Ram\u00f3n Altea\u201d presente en el Paseo del Bol desde el 19 de enero, han cerrado este 120 aniversario del nacimiento del artista, que hoy cumplir\u00eda 121 a\u00f1os.<\/p>\n\n\n\n<div class=\"wp-block-image\"><figure class=\"aligncenter\"><img decoding=\"async\" data-src=\"https:\/\/alteadigital.es\/wp-content\/uploads\/2024\/01\/foto-grupo-web.jpg\" alt=\"\" class=\"wp-image-115542 lazyload\" src=\"data:image\/gif;base64,R0lGODlhAQABAAAAACH5BAEKAAEALAAAAAABAAEAAAICTAEAOw==\" \/><\/figure><\/div>\n\n\n\n<p>Pepa Victoria P\u00e9rez ha concluido agradeciendo todo el trabajo realizado por Juana Mar\u00eda Balsalobre como comisaria de la celebraci\u00f3n y el de Ignacio Beltr\u00e1n coordinador del mismo. As\u00ed como ha dado las gracias a los participantes en la jornada divulgativa dedicada a Navarro Ram\u00f3n en la que un grupo de alteanos expusieron sus conocimientos y su relaci\u00f3n con la persona de Navarro Ram\u00f3n.<\/p>\n\n\n\n<p>En cuanto a las acciones futuras, han sido anunciadas por Juana Mar\u00eda Balsalobre, estudiosa y conocedora a la perfecci\u00f3n de la obra del pintor. Balsalobre ha comenzado recordando que este 2024 la SFA dedicar\u00e1 el 50 aniversario de su Certamen Internacional de Bandas de M\u00fasica a la figura del artista. Para la ocasi\u00f3n el compositor y director del Conservatorio Superior de M\u00fasica de Alicante, Jos\u00e9 Asensi Seva est\u00e1 creando la obra obligada.<\/p>\n\n\n\n<p>Juana Mar\u00eda Balsalobre ha acabado anunciado la apertura de un espacio expositivo dedicado a Navarro Ram\u00f3n en la Casa de Cultura para el \u00faltimo trimestre del a\u00f1o, \u00a0y ha agradecido la confianza depositada por el Ayuntamiento de Altea en su persona para dar a conocer y divulgar la obra del artista alteano m\u00e1s internacional, Juan Navarro Ram\u00f3n. |ALTEADIGITAL.ES<\/p>\n\n\n\n<div class=\"wp-block-image\"><figure class=\"aligncenter\"><img decoding=\"async\" data-src=\"https:\/\/alteadigital.es\/wp-content\/uploads\/2024\/01\/concejala-y-heredera-web.jpg\" alt=\"\" class=\"wp-image-115540 lazyload\" src=\"data:image\/gif;base64,R0lGODlhAQABAAAAACH5BAEKAAEALAAAAAABAAEAAAICTAEAOw==\" \/><\/figure><\/div>\n","protected":false},"excerpt":{"rendered":"<p>En el d\u00eda de su 121 aniversario, se anuncian nuevas acciones entorno a la obra del pintor. Justo el [&hellip;]<\/p>\n","protected":false},"author":1,"featured_media":29100,"comment_status":"open","ping_status":"open","sticky":false,"template":"","format":"standard","meta":{"_expiration-date-status":"","_expiration-date":0,"_expiration-date-type":"","_expiration-date-categories":[],"_expiration-date-options":[],"footnotes":""},"yoast_head":"<!-- This site is optimized with the Yoast SEO plugin v22.8 - https:\/\/yoast.com\/wordpress\/plugins\/seo\/ -->\n<title>Cultura hace balance del 120 aniversario de Juan Navarro Ram\u00f3n - Altea Cultural<\/title>\n<meta name=\"robots\" content=\"index, follow, max-snippet:-1, max-image-preview:large, max-video-preview:-1\" \/>\n<link rel=\"canonical\" href=\"https:\/\/www.alteacultural.com\/es\/2024\/02\/23\/cultura-fa-balanc-del-120e-aniversari-de-juan-navarro-ramon\/\" \/>\n<meta property=\"og:locale\" content=\"es_ES\" \/>\n<meta property=\"og:type\" content=\"article\" \/>\n<meta property=\"og:title\" content=\"Cultura hace balance del 120 aniversario de Juan Navarro Ram\u00f3n - Altea Cultural\" \/>\n<meta property=\"og:description\" content=\"En el d\u00eda de su 121 aniversario, se anuncian nuevas acciones entorno a la obra del pintor. Justo el [&hellip;]\" \/>\n<meta property=\"og:url\" content=\"https:\/\/www.alteacultural.com\/es\/2024\/02\/23\/cultura-fa-balanc-del-120e-aniversari-de-juan-navarro-ramon\/\" \/>\n<meta property=\"og:site_name\" content=\"Altea Cultural\" \/>\n<meta property=\"article:published_time\" content=\"2024-02-23T12:12:51+00:00\" \/>\n<meta property=\"article:modified_time\" content=\"2024-02-25T16:10:07+00:00\" \/>\n<meta property=\"og:image\" content=\"https:\/\/www.alteacultural.com\/wp-content\/uploads\/2024\/02\/20240221_111320.jpg\" \/>\n\t<meta property=\"og:image:width\" content=\"1028\" \/>\n\t<meta property=\"og:image:height\" content=\"687\" \/>\n\t<meta property=\"og:image:type\" content=\"image\/jpeg\" \/>\n<meta name=\"author\" content=\"sfaltea.com-admin\" \/>\n<meta name=\"twitter:card\" content=\"summary_large_image\" \/>\n<meta name=\"twitter:label1\" content=\"Escrito por\" \/>\n\t<meta name=\"twitter:data1\" content=\"sfaltea.com-admin\" \/>\n\t<meta name=\"twitter:label2\" content=\"Tiempo de lectura\" \/>\n\t<meta name=\"twitter:data2\" content=\"4 minutos\" \/>\n<script type=\"application\/ld+json\" class=\"yoast-schema-graph\">{\"@context\":\"https:\/\/schema.org\",\"@graph\":[{\"@type\":\"WebPage\",\"@id\":\"https:\/\/www.alteacultural.com\/es\/2024\/02\/23\/cultura-fa-balanc-del-120e-aniversari-de-juan-navarro-ramon\/\",\"url\":\"https:\/\/www.alteacultural.com\/es\/2024\/02\/23\/cultura-fa-balanc-del-120e-aniversari-de-juan-navarro-ramon\/\",\"name\":\"Cultura hace balance del 120 aniversario de Juan Navarro Ram\u00f3n - Altea Cultural\",\"isPartOf\":{\"@id\":\"https:\/\/www.alteacultural.com\/es\/#website\"},\"primaryImageOfPage\":{\"@id\":\"https:\/\/www.alteacultural.com\/es\/2024\/02\/23\/cultura-fa-balanc-del-120e-aniversari-de-juan-navarro-ramon\/#primaryimage\"},\"image\":{\"@id\":\"https:\/\/www.alteacultural.com\/es\/2024\/02\/23\/cultura-fa-balanc-del-120e-aniversari-de-juan-navarro-ramon\/#primaryimage\"},\"thumbnailUrl\":\"https:\/\/www.alteacultural.com\/wp-content\/uploads\/2024\/02\/20240221_111320.jpg\",\"datePublished\":\"2024-02-23T12:12:51+00:00\",\"dateModified\":\"2024-02-25T16:10:07+00:00\",\"author\":{\"@id\":\"https:\/\/www.alteacultural.com\/es\/#\/schema\/person\/c4e137537f1af546d214a315255e5172\"},\"breadcrumb\":{\"@id\":\"https:\/\/www.alteacultural.com\/es\/2024\/02\/23\/cultura-fa-balanc-del-120e-aniversari-de-juan-navarro-ramon\/#breadcrumb\"},\"inLanguage\":\"es\",\"potentialAction\":[{\"@type\":\"ReadAction\",\"target\":[\"https:\/\/www.alteacultural.com\/es\/2024\/02\/23\/cultura-fa-balanc-del-120e-aniversari-de-juan-navarro-ramon\/\"]}]},{\"@type\":\"ImageObject\",\"inLanguage\":\"es\",\"@id\":\"https:\/\/www.alteacultural.com\/es\/2024\/02\/23\/cultura-fa-balanc-del-120e-aniversari-de-juan-navarro-ramon\/#primaryimage\",\"url\":\"https:\/\/www.alteacultural.com\/wp-content\/uploads\/2024\/02\/20240221_111320.jpg\",\"contentUrl\":\"https:\/\/www.alteacultural.com\/wp-content\/uploads\/2024\/02\/20240221_111320.jpg\",\"width\":1028,\"height\":687},{\"@type\":\"BreadcrumbList\",\"@id\":\"https:\/\/www.alteacultural.com\/es\/2024\/02\/23\/cultura-fa-balanc-del-120e-aniversari-de-juan-navarro-ramon\/#breadcrumb\",\"itemListElement\":[{\"@type\":\"ListItem\",\"position\":1,\"name\":\"Inici\",\"item\":\"https:\/\/www.alteacultural.com\/es\/\"},{\"@type\":\"ListItem\",\"position\":2,\"name\":\"Cultura hace balance del 120 aniversario de Juan Navarro Ram\u00f3n\"}]},{\"@type\":\"WebSite\",\"@id\":\"https:\/\/www.alteacultural.com\/es\/#website\",\"url\":\"https:\/\/www.alteacultural.com\/es\/\",\"name\":\"Altea Cultural\",\"description\":\"Regidoria de Cultura de l&#039;Ajuntament d&#039;Altea\",\"potentialAction\":[{\"@type\":\"SearchAction\",\"target\":{\"@type\":\"EntryPoint\",\"urlTemplate\":\"https:\/\/www.alteacultural.com\/es\/?s={search_term_string}\"},\"query-input\":\"required name=search_term_string\"}],\"inLanguage\":\"es\"},{\"@type\":\"Person\",\"@id\":\"https:\/\/www.alteacultural.com\/es\/#\/schema\/person\/c4e137537f1af546d214a315255e5172\",\"name\":\"sfaltea.com-admin\",\"image\":{\"@type\":\"ImageObject\",\"inLanguage\":\"es\",\"@id\":\"https:\/\/www.alteacultural.com\/es\/#\/schema\/person\/image\/\",\"url\":\"https:\/\/secure.gravatar.com\/avatar\/f7473fa2fbd351270ccfd469de536202?s=96&d=mm&r=g\",\"contentUrl\":\"https:\/\/secure.gravatar.com\/avatar\/f7473fa2fbd351270ccfd469de536202?s=96&d=mm&r=g\",\"caption\":\"sfaltea.com-admin\"},\"url\":\"https:\/\/www.alteacultural.com\/es\/author\/sfaltea-com-admin\/\"}]}<\/script>\n<!-- \/ Yoast SEO plugin. -->","yoast_head_json":{"title":"Cultura hace balance del 120 aniversario de Juan Navarro Ram\u00f3n - Altea Cultural","robots":{"index":"index","follow":"follow","max-snippet":"max-snippet:-1","max-image-preview":"max-image-preview:large","max-video-preview":"max-video-preview:-1"},"canonical":"https:\/\/www.alteacultural.com\/es\/2024\/02\/23\/cultura-fa-balanc-del-120e-aniversari-de-juan-navarro-ramon\/","og_locale":"es_ES","og_type":"article","og_title":"Cultura hace balance del 120 aniversario de Juan Navarro Ram\u00f3n - Altea Cultural","og_description":"En el d\u00eda de su 121 aniversario, se anuncian nuevas acciones entorno a la obra del pintor. Justo el [&hellip;]","og_url":"https:\/\/www.alteacultural.com\/es\/2024\/02\/23\/cultura-fa-balanc-del-120e-aniversari-de-juan-navarro-ramon\/","og_site_name":"Altea Cultural","article_published_time":"2024-02-23T12:12:51+00:00","article_modified_time":"2024-02-25T16:10:07+00:00","og_image":[{"width":1028,"height":687,"url":"https:\/\/www.alteacultural.com\/wp-content\/uploads\/2024\/02\/20240221_111320.jpg","type":"image\/jpeg"}],"author":"sfaltea.com-admin","twitter_card":"summary_large_image","twitter_misc":{"Escrito por":"sfaltea.com-admin","Tiempo de lectura":"4 minutos"},"schema":{"@context":"https:\/\/schema.org","@graph":[{"@type":"WebPage","@id":"https:\/\/www.alteacultural.com\/es\/2024\/02\/23\/cultura-fa-balanc-del-120e-aniversari-de-juan-navarro-ramon\/","url":"https:\/\/www.alteacultural.com\/es\/2024\/02\/23\/cultura-fa-balanc-del-120e-aniversari-de-juan-navarro-ramon\/","name":"Cultura hace balance del 120 aniversario de Juan Navarro Ram\u00f3n - Altea Cultural","isPartOf":{"@id":"https:\/\/www.alteacultural.com\/es\/#website"},"primaryImageOfPage":{"@id":"https:\/\/www.alteacultural.com\/es\/2024\/02\/23\/cultura-fa-balanc-del-120e-aniversari-de-juan-navarro-ramon\/#primaryimage"},"image":{"@id":"https:\/\/www.alteacultural.com\/es\/2024\/02\/23\/cultura-fa-balanc-del-120e-aniversari-de-juan-navarro-ramon\/#primaryimage"},"thumbnailUrl":"https:\/\/www.alteacultural.com\/wp-content\/uploads\/2024\/02\/20240221_111320.jpg","datePublished":"2024-02-23T12:12:51+00:00","dateModified":"2024-02-25T16:10:07+00:00","author":{"@id":"https:\/\/www.alteacultural.com\/es\/#\/schema\/person\/c4e137537f1af546d214a315255e5172"},"breadcrumb":{"@id":"https:\/\/www.alteacultural.com\/es\/2024\/02\/23\/cultura-fa-balanc-del-120e-aniversari-de-juan-navarro-ramon\/#breadcrumb"},"inLanguage":"es","potentialAction":[{"@type":"ReadAction","target":["https:\/\/www.alteacultural.com\/es\/2024\/02\/23\/cultura-fa-balanc-del-120e-aniversari-de-juan-navarro-ramon\/"]}]},{"@type":"ImageObject","inLanguage":"es","@id":"https:\/\/www.alteacultural.com\/es\/2024\/02\/23\/cultura-fa-balanc-del-120e-aniversari-de-juan-navarro-ramon\/#primaryimage","url":"https:\/\/www.alteacultural.com\/wp-content\/uploads\/2024\/02\/20240221_111320.jpg","contentUrl":"https:\/\/www.alteacultural.com\/wp-content\/uploads\/2024\/02\/20240221_111320.jpg","width":1028,"height":687},{"@type":"BreadcrumbList","@id":"https:\/\/www.alteacultural.com\/es\/2024\/02\/23\/cultura-fa-balanc-del-120e-aniversari-de-juan-navarro-ramon\/#breadcrumb","itemListElement":[{"@type":"ListItem","position":1,"name":"Inici","item":"https:\/\/www.alteacultural.com\/es\/"},{"@type":"ListItem","position":2,"name":"Cultura hace balance del 120 aniversario de Juan Navarro Ram\u00f3n"}]},{"@type":"WebSite","@id":"https:\/\/www.alteacultural.com\/es\/#website","url":"https:\/\/www.alteacultural.com\/es\/","name":"Altea Cultural","description":"Regidoria de Cultura de l&#039;Ajuntament d&#039;Altea","potentialAction":[{"@type":"SearchAction","target":{"@type":"EntryPoint","urlTemplate":"https:\/\/www.alteacultural.com\/es\/?s={search_term_string}"},"query-input":"required name=search_term_string"}],"inLanguage":"es"},{"@type":"Person","@id":"https:\/\/www.alteacultural.com\/es\/#\/schema\/person\/c4e137537f1af546d214a315255e5172","name":"sfaltea.com-admin","image":{"@type":"ImageObject","inLanguage":"es","@id":"https:\/\/www.alteacultural.com\/es\/#\/schema\/person\/image\/","url":"https:\/\/secure.gravatar.com\/avatar\/f7473fa2fbd351270ccfd469de536202?s=96&d=mm&r=g","contentUrl":"https:\/\/secure.gravatar.com\/avatar\/f7473fa2fbd351270ccfd469de536202?s=96&d=mm&r=g","caption":"sfaltea.com-admin"},"url":"https:\/\/www.alteacultural.com\/es\/author\/sfaltea-com-admin\/"}]}},"_links":{"self":[{"href":"https:\/\/www.alteacultural.com\/es\/wp-json\/wp\/v2\/posts\/29102"}],"collection":[{"href":"https:\/\/www.alteacultural.com\/es\/wp-json\/wp\/v2\/posts"}],"about":[{"href":"https:\/\/www.alteacultural.com\/es\/wp-json\/wp\/v2\/types\/post"}],"author":[{"embeddable":true,"href":"https:\/\/www.alteacultural.com\/es\/wp-json\/wp\/v2\/users\/1"}],"replies":[{"embeddable":true,"href":"https:\/\/www.alteacultural.com\/es\/wp-json\/wp\/v2\/comments?post=29102"}],"version-history":[{"count":1,"href":"https:\/\/www.alteacultural.com\/es\/wp-json\/wp\/v2\/posts\/29102\/revisions"}],"predecessor-version":[{"id":29103,"href":"https:\/\/www.alteacultural.com\/es\/wp-json\/wp\/v2\/posts\/29102\/revisions\/29103"}],"wp:featuredmedia":[{"embeddable":true,"href":"https:\/\/www.alteacultural.com\/es\/wp-json\/wp\/v2\/media\/29100"}],"wp:attachment":[{"href":"https:\/\/www.alteacultural.com\/es\/wp-json\/wp\/v2\/media?parent=29102"}],"curies":[{"name":"wp","href":"https:\/\/api.w.org\/{rel}","templated":true}]}}