{"id":29109,"date":"2024-02-26T08:28:39","date_gmt":"2024-02-26T07:28:39","guid":{"rendered":"https:\/\/www.alteacultural.com\/2024\/02\/26\/inaugurada-lexposicio-damparo-alonso-la-guerrera-y-las-bestias\/"},"modified":"2024-02-28T20:24:01","modified_gmt":"2024-02-28T19:24:01","slug":"inaugurada-lexposicio-damparo-alonso-la-guerrera-y-las-bestias","status":"publish","type":"post","link":"https:\/\/www.alteacultural.com\/es\/2024\/02\/26\/inaugurada-lexposicio-damparo-alonso-la-guerrera-y-las-bestias\/","title":{"rendered":"Inaugurada la exposici\u00f3n de Amparo Alonso \u201cLa guerrera y las bestias\u201d"},"content":{"rendered":"\n<figure class=\"wp-block-image\"><img decoding=\"async\" data-src=\"https:\/\/alteadigital.es\/wp-content\/uploads\/2024\/02\/inauguracion-web.jpg\" alt=\"Inaugurada l\u2019exposici\u00f3 d\u2019Amparo Alonso \u201cLa guerrera y las bestias\u201d\" src=\"data:image\/gif;base64,R0lGODlhAQABAAAAACH5BAEKAAEALAAAAAABAAEAAAICTAEAOw==\" class=\"lazyload\" \/><\/figure>\n\n\n\n<p><strong>Abierta en la Casa Toni el Fuster-Fundaci\u00f3n E. Schlotter hasta el pr\u00f3ximo 13 de abril.<\/strong><\/p>\n\n\n\n<p>En la tarde de ayer era inaugurada la exposici\u00f3n \u201cLa guerrera y las bestias\u201d de la profesora Amparo Alonso Sanz. Un trabajo art\u00edstico que es una alegor\u00eda de los comportamientos humanos y que trata de educar mediante f\u00e1bulas visuales. En el acto inaugural participaba la edil de Cultura, Pepa Victoria P\u00e9rez y la Comisaria de la exposici\u00f3n, Bibiana de la Soledad S\u00e1nchez Arenas, profesora de la &nbsp;Facultad de Bellas Artes de Altea.<\/p>\n\n\n\n<p>En la sede de la Fundaci\u00f3n E. Schlotter-Casa Toni el Fuster se puede encontrar una serie de esculturas y relatos presentados a trav\u00e9s de simbolog\u00edas que tienen una carga cultural comprensible desde la ni\u00f1ez hasta la edad adulta por formar parte de la cultura popular, de la literatura infantil, de los animalarios, de los imaginarios colectivos. A trav\u00e9s de las im\u00e1genes propias de las f\u00e1bulas se aproxima al p\u00fablico a nuevas narrativas que les confrontan a las creencias transmitidas por una cultura machista.<\/p>\n\n\n\n<p>Son alternativas a los \u201ccuentos\u201d que nos creemos y que someten a la mujer no solo a una violencia simb\u00f3lica, sino a la interiorizaci\u00f3n de unas ideas con las que convive internamente y que le hacen relacionarse desde posiciones de subordinaci\u00f3n, obediencia, sumisi\u00f3n, pasividad, silencio, culpa, verg\u00fcenza y falta de agencia.<\/p>\n\n\n\n<p>Son un viaje entre animales de f\u00e1bulas que se cruzan con la protagonista de esta historia, una guerrera que va asumiendo los poderes que le ofrecen los animales amistosos y que va superando los obst\u00e1culos de las bestias m\u00e1s crueles. Explica la propia autora.<\/p>\n\n\n\n<div class=\"wp-block-image\"><figure class=\"aligncenter\"><img decoding=\"async\" data-src=\"https:\/\/alteadigital.es\/wp-content\/uploads\/2024\/02\/1-web-1.jpg\" alt=\"\" class=\"wp-image-116031 lazyload\" src=\"data:image\/gif;base64,R0lGODlhAQABAAAAACH5BAEKAAEALAAAAAABAAEAAAICTAEAOw==\" \/><\/figure><\/div>\n\n\n\n<p>Amparo Alonso-Sanz, profesora de la Universitat de Val\u00e8ncia, ha sido\u00a0 beneficiaria del concurso para la concesi\u00f3n de ayudas para la recualificaci\u00f3n del sistema universitario espa\u00f1ol del Ministerio de Universidades del Gobierno de Espa\u00f1a, financiadas por la Uni\u00f3n Europea, NextGenerationUE y durante un a\u00f1o ha estado investigando y realizando su propio trabajo en la Facultad de Bellas Artes de Altea de la Universidad Miguel Hern\u00e1ndez de Elche.<\/p>\n\n\n\n<p>En el transcurso del turno de intervenciones, durante la inauguraci\u00f3n, la edil de Cultura agradec\u00eda la presencia de m\u00e1s de medio centenar de personas, entre las que se encontraban, adem\u00e1s de amantes del arte, familiares, amigos y compa\u00f1eros de trabajo de la artista.<\/p>\n\n\n\n<p>El horario de visitas es de martes a s\u00e1bado de 10:30 a 13:30 y de 17:00 a 20:00h. Entrada libre y gratuita. |ALTEADIGITAL.ES<\/p>\n\n\n\n<div class=\"wp-block-image\"><figure class=\"aligncenter\"><img decoding=\"async\" data-src=\"https:\/\/alteadigital.es\/wp-content\/uploads\/2024\/02\/2-web.jpg\" alt=\"\" class=\"wp-image-116033 lazyload\" src=\"data:image\/gif;base64,R0lGODlhAQABAAAAACH5BAEKAAEALAAAAAABAAEAAAICTAEAOw==\" \/><\/figure><\/div>\n","protected":false},"excerpt":{"rendered":"<p>Abierta en la Casa Toni el Fuster-Fundaci\u00f3n E. Schlotter hasta el pr\u00f3ximo 13 de abril. En la tarde de [&hellip;]<\/p>\n","protected":false},"author":1,"featured_media":28942,"comment_status":"open","ping_status":"open","sticky":false,"template":"","format":"standard","meta":{"_expiration-date-status":"","_expiration-date":0,"_expiration-date-type":"","_expiration-date-categories":[],"_expiration-date-options":[],"footnotes":""},"yoast_head":"<!-- This site is optimized with the Yoast SEO plugin v22.8 - https:\/\/yoast.com\/wordpress\/plugins\/seo\/ -->\n<title>Inaugurada la exposici\u00f3n de Amparo Alonso \u201cLa guerrera y las bestias\u201d - Altea Cultural<\/title>\n<meta name=\"robots\" content=\"index, follow, max-snippet:-1, max-image-preview:large, max-video-preview:-1\" \/>\n<link rel=\"canonical\" href=\"https:\/\/www.alteacultural.com\/es\/2024\/02\/26\/inaugurada-lexposicio-damparo-alonso-la-guerrera-y-las-bestias\/\" \/>\n<meta property=\"og:locale\" content=\"es_ES\" \/>\n<meta property=\"og:type\" content=\"article\" \/>\n<meta property=\"og:title\" content=\"Inaugurada la exposici\u00f3n de Amparo Alonso \u201cLa guerrera y las bestias\u201d - Altea Cultural\" \/>\n<meta property=\"og:description\" content=\"Abierta en la Casa Toni el Fuster-Fundaci\u00f3n E. Schlotter hasta el pr\u00f3ximo 13 de abril. En la tarde de [&hellip;]\" \/>\n<meta property=\"og:url\" content=\"https:\/\/www.alteacultural.com\/es\/2024\/02\/26\/inaugurada-lexposicio-damparo-alonso-la-guerrera-y-las-bestias\/\" \/>\n<meta property=\"og:site_name\" content=\"Altea Cultural\" \/>\n<meta property=\"article:published_time\" content=\"2024-02-26T07:28:39+00:00\" \/>\n<meta property=\"article:modified_time\" content=\"2024-02-28T19:24:01+00:00\" \/>\n<meta property=\"og:image\" content=\"https:\/\/www.alteacultural.com\/wp-content\/uploads\/2024\/02\/2024-04-13-Cartel_Expo_La-Guerrera-y-las-bestias_A3-scaled.jpg\" \/>\n\t<meta property=\"og:image:width\" content=\"1810\" \/>\n\t<meta property=\"og:image:height\" content=\"2560\" \/>\n\t<meta property=\"og:image:type\" content=\"image\/jpeg\" \/>\n<meta name=\"author\" content=\"sfaltea.com-admin\" \/>\n<meta name=\"twitter:card\" content=\"summary_large_image\" \/>\n<meta name=\"twitter:label1\" content=\"Escrito por\" \/>\n\t<meta name=\"twitter:data1\" content=\"sfaltea.com-admin\" \/>\n\t<meta name=\"twitter:label2\" content=\"Tiempo de lectura\" \/>\n\t<meta name=\"twitter:data2\" content=\"3 minutos\" \/>\n<script type=\"application\/ld+json\" class=\"yoast-schema-graph\">{\"@context\":\"https:\/\/schema.org\",\"@graph\":[{\"@type\":\"WebPage\",\"@id\":\"https:\/\/www.alteacultural.com\/es\/2024\/02\/26\/inaugurada-lexposicio-damparo-alonso-la-guerrera-y-las-bestias\/\",\"url\":\"https:\/\/www.alteacultural.com\/es\/2024\/02\/26\/inaugurada-lexposicio-damparo-alonso-la-guerrera-y-las-bestias\/\",\"name\":\"Inaugurada la exposici\u00f3n de Amparo Alonso \u201cLa guerrera y las bestias\u201d - Altea Cultural\",\"isPartOf\":{\"@id\":\"https:\/\/www.alteacultural.com\/es\/#website\"},\"primaryImageOfPage\":{\"@id\":\"https:\/\/www.alteacultural.com\/es\/2024\/02\/26\/inaugurada-lexposicio-damparo-alonso-la-guerrera-y-las-bestias\/#primaryimage\"},\"image\":{\"@id\":\"https:\/\/www.alteacultural.com\/es\/2024\/02\/26\/inaugurada-lexposicio-damparo-alonso-la-guerrera-y-las-bestias\/#primaryimage\"},\"thumbnailUrl\":\"https:\/\/www.alteacultural.com\/wp-content\/uploads\/2024\/02\/2024-04-13-Cartel_Expo_La-Guerrera-y-las-bestias_A3-scaled.jpg\",\"datePublished\":\"2024-02-26T07:28:39+00:00\",\"dateModified\":\"2024-02-28T19:24:01+00:00\",\"author\":{\"@id\":\"https:\/\/www.alteacultural.com\/es\/#\/schema\/person\/c4e137537f1af546d214a315255e5172\"},\"breadcrumb\":{\"@id\":\"https:\/\/www.alteacultural.com\/es\/2024\/02\/26\/inaugurada-lexposicio-damparo-alonso-la-guerrera-y-las-bestias\/#breadcrumb\"},\"inLanguage\":\"es\",\"potentialAction\":[{\"@type\":\"ReadAction\",\"target\":[\"https:\/\/www.alteacultural.com\/es\/2024\/02\/26\/inaugurada-lexposicio-damparo-alonso-la-guerrera-y-las-bestias\/\"]}]},{\"@type\":\"ImageObject\",\"inLanguage\":\"es\",\"@id\":\"https:\/\/www.alteacultural.com\/es\/2024\/02\/26\/inaugurada-lexposicio-damparo-alonso-la-guerrera-y-las-bestias\/#primaryimage\",\"url\":\"https:\/\/www.alteacultural.com\/wp-content\/uploads\/2024\/02\/2024-04-13-Cartel_Expo_La-Guerrera-y-las-bestias_A3-scaled.jpg\",\"contentUrl\":\"https:\/\/www.alteacultural.com\/wp-content\/uploads\/2024\/02\/2024-04-13-Cartel_Expo_La-Guerrera-y-las-bestias_A3-scaled.jpg\",\"width\":1810,\"height\":2560},{\"@type\":\"BreadcrumbList\",\"@id\":\"https:\/\/www.alteacultural.com\/es\/2024\/02\/26\/inaugurada-lexposicio-damparo-alonso-la-guerrera-y-las-bestias\/#breadcrumb\",\"itemListElement\":[{\"@type\":\"ListItem\",\"position\":1,\"name\":\"Inici\",\"item\":\"https:\/\/www.alteacultural.com\/es\/\"},{\"@type\":\"ListItem\",\"position\":2,\"name\":\"Inaugurada la exposici\u00f3n de Amparo Alonso \u201cLa guerrera y las bestias\u201d\"}]},{\"@type\":\"WebSite\",\"@id\":\"https:\/\/www.alteacultural.com\/es\/#website\",\"url\":\"https:\/\/www.alteacultural.com\/es\/\",\"name\":\"Altea Cultural\",\"description\":\"Regidoria de Cultura de l&#039;Ajuntament d&#039;Altea\",\"potentialAction\":[{\"@type\":\"SearchAction\",\"target\":{\"@type\":\"EntryPoint\",\"urlTemplate\":\"https:\/\/www.alteacultural.com\/es\/?s={search_term_string}\"},\"query-input\":\"required name=search_term_string\"}],\"inLanguage\":\"es\"},{\"@type\":\"Person\",\"@id\":\"https:\/\/www.alteacultural.com\/es\/#\/schema\/person\/c4e137537f1af546d214a315255e5172\",\"name\":\"sfaltea.com-admin\",\"image\":{\"@type\":\"ImageObject\",\"inLanguage\":\"es\",\"@id\":\"https:\/\/www.alteacultural.com\/es\/#\/schema\/person\/image\/\",\"url\":\"https:\/\/secure.gravatar.com\/avatar\/f7473fa2fbd351270ccfd469de536202?s=96&d=mm&r=g\",\"contentUrl\":\"https:\/\/secure.gravatar.com\/avatar\/f7473fa2fbd351270ccfd469de536202?s=96&d=mm&r=g\",\"caption\":\"sfaltea.com-admin\"},\"url\":\"https:\/\/www.alteacultural.com\/es\/author\/sfaltea-com-admin\/\"}]}<\/script>\n<!-- \/ Yoast SEO plugin. -->","yoast_head_json":{"title":"Inaugurada la exposici\u00f3n de Amparo Alonso \u201cLa guerrera y las bestias\u201d - Altea Cultural","robots":{"index":"index","follow":"follow","max-snippet":"max-snippet:-1","max-image-preview":"max-image-preview:large","max-video-preview":"max-video-preview:-1"},"canonical":"https:\/\/www.alteacultural.com\/es\/2024\/02\/26\/inaugurada-lexposicio-damparo-alonso-la-guerrera-y-las-bestias\/","og_locale":"es_ES","og_type":"article","og_title":"Inaugurada la exposici\u00f3n de Amparo Alonso \u201cLa guerrera y las bestias\u201d - Altea Cultural","og_description":"Abierta en la Casa Toni el Fuster-Fundaci\u00f3n E. Schlotter hasta el pr\u00f3ximo 13 de abril. En la tarde de [&hellip;]","og_url":"https:\/\/www.alteacultural.com\/es\/2024\/02\/26\/inaugurada-lexposicio-damparo-alonso-la-guerrera-y-las-bestias\/","og_site_name":"Altea Cultural","article_published_time":"2024-02-26T07:28:39+00:00","article_modified_time":"2024-02-28T19:24:01+00:00","og_image":[{"width":1810,"height":2560,"url":"https:\/\/www.alteacultural.com\/wp-content\/uploads\/2024\/02\/2024-04-13-Cartel_Expo_La-Guerrera-y-las-bestias_A3-scaled.jpg","type":"image\/jpeg"}],"author":"sfaltea.com-admin","twitter_card":"summary_large_image","twitter_misc":{"Escrito por":"sfaltea.com-admin","Tiempo de lectura":"3 minutos"},"schema":{"@context":"https:\/\/schema.org","@graph":[{"@type":"WebPage","@id":"https:\/\/www.alteacultural.com\/es\/2024\/02\/26\/inaugurada-lexposicio-damparo-alonso-la-guerrera-y-las-bestias\/","url":"https:\/\/www.alteacultural.com\/es\/2024\/02\/26\/inaugurada-lexposicio-damparo-alonso-la-guerrera-y-las-bestias\/","name":"Inaugurada la exposici\u00f3n de Amparo Alonso \u201cLa guerrera y las bestias\u201d - Altea Cultural","isPartOf":{"@id":"https:\/\/www.alteacultural.com\/es\/#website"},"primaryImageOfPage":{"@id":"https:\/\/www.alteacultural.com\/es\/2024\/02\/26\/inaugurada-lexposicio-damparo-alonso-la-guerrera-y-las-bestias\/#primaryimage"},"image":{"@id":"https:\/\/www.alteacultural.com\/es\/2024\/02\/26\/inaugurada-lexposicio-damparo-alonso-la-guerrera-y-las-bestias\/#primaryimage"},"thumbnailUrl":"https:\/\/www.alteacultural.com\/wp-content\/uploads\/2024\/02\/2024-04-13-Cartel_Expo_La-Guerrera-y-las-bestias_A3-scaled.jpg","datePublished":"2024-02-26T07:28:39+00:00","dateModified":"2024-02-28T19:24:01+00:00","author":{"@id":"https:\/\/www.alteacultural.com\/es\/#\/schema\/person\/c4e137537f1af546d214a315255e5172"},"breadcrumb":{"@id":"https:\/\/www.alteacultural.com\/es\/2024\/02\/26\/inaugurada-lexposicio-damparo-alonso-la-guerrera-y-las-bestias\/#breadcrumb"},"inLanguage":"es","potentialAction":[{"@type":"ReadAction","target":["https:\/\/www.alteacultural.com\/es\/2024\/02\/26\/inaugurada-lexposicio-damparo-alonso-la-guerrera-y-las-bestias\/"]}]},{"@type":"ImageObject","inLanguage":"es","@id":"https:\/\/www.alteacultural.com\/es\/2024\/02\/26\/inaugurada-lexposicio-damparo-alonso-la-guerrera-y-las-bestias\/#primaryimage","url":"https:\/\/www.alteacultural.com\/wp-content\/uploads\/2024\/02\/2024-04-13-Cartel_Expo_La-Guerrera-y-las-bestias_A3-scaled.jpg","contentUrl":"https:\/\/www.alteacultural.com\/wp-content\/uploads\/2024\/02\/2024-04-13-Cartel_Expo_La-Guerrera-y-las-bestias_A3-scaled.jpg","width":1810,"height":2560},{"@type":"BreadcrumbList","@id":"https:\/\/www.alteacultural.com\/es\/2024\/02\/26\/inaugurada-lexposicio-damparo-alonso-la-guerrera-y-las-bestias\/#breadcrumb","itemListElement":[{"@type":"ListItem","position":1,"name":"Inici","item":"https:\/\/www.alteacultural.com\/es\/"},{"@type":"ListItem","position":2,"name":"Inaugurada la exposici\u00f3n de Amparo Alonso \u201cLa guerrera y las bestias\u201d"}]},{"@type":"WebSite","@id":"https:\/\/www.alteacultural.com\/es\/#website","url":"https:\/\/www.alteacultural.com\/es\/","name":"Altea Cultural","description":"Regidoria de Cultura de l&#039;Ajuntament d&#039;Altea","potentialAction":[{"@type":"SearchAction","target":{"@type":"EntryPoint","urlTemplate":"https:\/\/www.alteacultural.com\/es\/?s={search_term_string}"},"query-input":"required name=search_term_string"}],"inLanguage":"es"},{"@type":"Person","@id":"https:\/\/www.alteacultural.com\/es\/#\/schema\/person\/c4e137537f1af546d214a315255e5172","name":"sfaltea.com-admin","image":{"@type":"ImageObject","inLanguage":"es","@id":"https:\/\/www.alteacultural.com\/es\/#\/schema\/person\/image\/","url":"https:\/\/secure.gravatar.com\/avatar\/f7473fa2fbd351270ccfd469de536202?s=96&d=mm&r=g","contentUrl":"https:\/\/secure.gravatar.com\/avatar\/f7473fa2fbd351270ccfd469de536202?s=96&d=mm&r=g","caption":"sfaltea.com-admin"},"url":"https:\/\/www.alteacultural.com\/es\/author\/sfaltea-com-admin\/"}]}},"_links":{"self":[{"href":"https:\/\/www.alteacultural.com\/es\/wp-json\/wp\/v2\/posts\/29109"}],"collection":[{"href":"https:\/\/www.alteacultural.com\/es\/wp-json\/wp\/v2\/posts"}],"about":[{"href":"https:\/\/www.alteacultural.com\/es\/wp-json\/wp\/v2\/types\/post"}],"author":[{"embeddable":true,"href":"https:\/\/www.alteacultural.com\/es\/wp-json\/wp\/v2\/users\/1"}],"replies":[{"embeddable":true,"href":"https:\/\/www.alteacultural.com\/es\/wp-json\/wp\/v2\/comments?post=29109"}],"version-history":[{"count":1,"href":"https:\/\/www.alteacultural.com\/es\/wp-json\/wp\/v2\/posts\/29109\/revisions"}],"predecessor-version":[{"id":29110,"href":"https:\/\/www.alteacultural.com\/es\/wp-json\/wp\/v2\/posts\/29109\/revisions\/29110"}],"wp:featuredmedia":[{"embeddable":true,"href":"https:\/\/www.alteacultural.com\/es\/wp-json\/wp\/v2\/media\/28942"}],"wp:attachment":[{"href":"https:\/\/www.alteacultural.com\/es\/wp-json\/wp\/v2\/media?parent=29109"}],"curies":[{"name":"wp","href":"https:\/\/api.w.org\/{rel}","templated":true}]}}