{"id":29195,"date":"2024-03-06T07:46:25","date_gmt":"2024-03-06T06:46:25","guid":{"rendered":"https:\/\/www.alteacultural.com\/2024\/03\/06\/lara-dibildos-i-cesar-lucendo-arriben-a-palau-altea-en-to-de-comedia-amb-estado-de-alarma\/"},"modified":"2024-03-08T17:45:10","modified_gmt":"2024-03-08T16:45:10","slug":"lara-dibildos-i-cesar-lucendo-arriben-a-palau-altea-en-to-de-comedia-amb-estado-de-alarma","status":"publish","type":"post","link":"https:\/\/www.alteacultural.com\/es\/2024\/03\/06\/lara-dibildos-i-cesar-lucendo-arriben-a-palau-altea-en-to-de-comedia-amb-estado-de-alarma\/","title":{"rendered":"Lara Dibildos y C\u00e9sar Lucendo llegan a Palau Altea en tono de comedia con \u201cEstado de Alarma\u201d"},"content":{"rendered":"\n<figure class=\"wp-block-image\"><img decoding=\"async\" data-src=\"https:\/\/alteadigital.es\/wp-content\/uploads\/2024\/03\/Palau-Altea-web.jpg\" alt=\"Lara Dibildos i C\u00e9sar Lucendo arriben a Palau Altea en to de com\u00e8dia amb \u201cEstado de Alarma\u201d\" src=\"data:image\/gif;base64,R0lGODlhAQABAAAAACH5BAEKAAEALAAAAAABAAEAAAICTAEAOw==\" class=\"lazyload\" \/><\/figure>\n\n\n\n<p><strong>S\u00e1bado 9 de marzo a las 19:00h.<\/strong><\/p>\n\n\n\n<p>El pr\u00f3ximo s\u00e1bado 9 de marzo llega a Palau Altea una de la comedias m\u00e1s desternillante del panorama esc\u00e9nico espa\u00f1ol, \u201cEstado de Alarma\u201d. Una obra protagonizada por los conocidos Lara Dibildos y C\u00e9sar Lucendo.<\/p>\n\n\n\n<p>Lara Dibildos, Julia en la obra y C\u00e9sar Lucendo, Fede, son dos desconocidos que se ven abocados a convivir juntos durante 99 d\u00edas de pandemia, siendo el virus en s\u00ed lo menos importante durante los 75 minutos que dura la obra.<\/p>\n\n\n\n<p>En palabras de su autor, el propio Lucendo, \u201cEstado de Alarma es una comedia rom\u00e1ntica, por momentos disparatada, que es capaz de hacer llorar de risa al espectador; a la vez que le toda el coraz\u00f3n\u201d. El aplauso a los sanitarios, los bizcochos caseros, los gimnasios improvisados en el sal\u00f3n o la falta de papel higi\u00e9nico estar\u00e1n presentes durante la obra. As\u00ed como la p\u00e9rdida de amigos, compa\u00f1eros o familiares que el virus se llev\u00f3 por delante.<\/p>\n\n\n\n<p>La presentaci\u00f3n de la comedia ha tenido lugar esta misma ma\u00f1ana en las instalaciones de Palau Altea con la presencia de Dibildos y Lucendo, a quien ha acompa\u00f1ado la edil de Cultura, Pepa Victoria P\u00e9rez, quien ha animado a alteanos, alteanas y residentes en la comarca a disfrutar de esta comedia protagonizada por grandes actores.<\/p>\n\n\n\n<div class=\"wp-block-image\"><figure class=\"aligncenter\"><img decoding=\"async\" data-src=\"https:\/\/alteadigital.es\/wp-content\/uploads\/2024\/03\/RP-web.jpg\" alt=\"\" class=\"wp-image-116198 lazyload\" src=\"data:image\/gif;base64,R0lGODlhAQABAAAAACH5BAEKAAEALAAAAAABAAEAAAICTAEAOw==\" \/><\/figure><\/div>\n\n\n\n<p>\u201cCreo que podremos pasar un rato muy divertido y la hora en que se representa permitir\u00e1 a los presentes cenar en Altea, algo que es muy apetecible por la amplia oferta y la calidad de la gastronom\u00eda alteana\u201d, ha apuntado la responsable municipal de Cultura.<\/p>\n\n\n\n<p>Por su parte, Lara Dibildos reconoc\u00eda que \u201cEstado de Alarma\u201d es la comedia m\u00e1s divertida en la que ha trabajado; as\u00ed como ha se\u00f1alado el \u00e9xito que est\u00e1 cosechando la obra en los diferentes escenarios en que se est\u00e1 representando. Adem\u00e1s, la conocida actriz se ha mostrado ilusionada de estar en Altea y se ha mostrado sorprendida de las grandes cualidades de Palau Altea, Centre d\u2019Arts.<\/p>\n\n\n\n<p>\u201cCreo que el autor de la obra ha realizado una obra maestra. Cuando la le\u00ed qued\u00e9 encantada con el papel de Julia que es un bomb\u00f3n. Para m\u00ed fue un regalo de Reyes que no suelto porque de verdad que, no s\u00f3lo el p\u00fablico se r\u00ede a carcajadas durante toda la funci\u00f3n, sino que tambi\u00e9n conseguimos que el p\u00fablico se emocione\u201d. Ha declarado Dibildos, quien ha invitado al p\u00fablico a no perderse esta oportunidad de re\u00edr y olvidar los problemas que tenemos en casa.<\/p>\n\n\n\n<p><br>Las entradas se pueden adquirir en\u00a0<a href=\"https:\/\/palaualtea.entradas.plus\/entradas\/es\/entradas-teatro-estado-de-alarma\">https:\/\/palaualtea.entradas.plus\/entradas\/es\/entradas-teatro-estado-de-alarma<\/a> | ALTEADIGITAL.ES<\/p>\n","protected":false},"excerpt":{"rendered":"<p>S\u00e1bado 9 de marzo a las 19:00h. El pr\u00f3ximo s\u00e1bado 9 de marzo llega a Palau Altea una de [&hellip;]<\/p>\n","protected":false},"author":1,"featured_media":28644,"comment_status":"open","ping_status":"open","sticky":false,"template":"","format":"standard","meta":{"_expiration-date-status":"","_expiration-date":0,"_expiration-date-type":"","_expiration-date-categories":[],"_expiration-date-options":[],"footnotes":""},"yoast_head":"<!-- This site is optimized with the Yoast SEO plugin v22.8 - https:\/\/yoast.com\/wordpress\/plugins\/seo\/ -->\n<title>Lara Dibildos y C\u00e9sar Lucendo llegan a Palau Altea en tono de comedia con \u201cEstado de Alarma\u201d - Altea Cultural<\/title>\n<meta name=\"robots\" content=\"index, follow, max-snippet:-1, max-image-preview:large, max-video-preview:-1\" \/>\n<link rel=\"canonical\" href=\"https:\/\/www.alteacultural.com\/es\/2024\/03\/06\/lara-dibildos-i-cesar-lucendo-arriben-a-palau-altea-en-to-de-comedia-amb-estado-de-alarma\/\" \/>\n<meta property=\"og:locale\" content=\"es_ES\" \/>\n<meta property=\"og:type\" content=\"article\" \/>\n<meta property=\"og:title\" content=\"Lara Dibildos y C\u00e9sar Lucendo llegan a Palau Altea en tono de comedia con \u201cEstado de Alarma\u201d - Altea Cultural\" \/>\n<meta property=\"og:description\" content=\"S\u00e1bado 9 de marzo a las 19:00h. El pr\u00f3ximo s\u00e1bado 9 de marzo llega a Palau Altea una de [&hellip;]\" \/>\n<meta property=\"og:url\" content=\"https:\/\/www.alteacultural.com\/es\/2024\/03\/06\/lara-dibildos-i-cesar-lucendo-arriben-a-palau-altea-en-to-de-comedia-amb-estado-de-alarma\/\" \/>\n<meta property=\"og:site_name\" content=\"Altea Cultural\" \/>\n<meta property=\"article:published_time\" content=\"2024-03-06T06:46:25+00:00\" \/>\n<meta property=\"article:modified_time\" content=\"2024-03-08T16:45:10+00:00\" \/>\n<meta property=\"og:image\" content=\"https:\/\/www.alteacultural.com\/wp-content\/uploads\/2024\/01\/ESTADO-DE-ALARMA_CARTEL_LARA-web.jpg\" \/>\n\t<meta property=\"og:image:width\" content=\"724\" \/>\n\t<meta property=\"og:image:height\" content=\"1034\" \/>\n\t<meta property=\"og:image:type\" content=\"image\/jpeg\" \/>\n<meta name=\"author\" content=\"sfaltea.com-admin\" \/>\n<meta name=\"twitter:card\" content=\"summary_large_image\" \/>\n<meta name=\"twitter:label1\" content=\"Escrito por\" \/>\n\t<meta name=\"twitter:data1\" content=\"sfaltea.com-admin\" \/>\n\t<meta name=\"twitter:label2\" content=\"Tiempo de lectura\" \/>\n\t<meta name=\"twitter:data2\" content=\"3 minutos\" \/>\n<script type=\"application\/ld+json\" class=\"yoast-schema-graph\">{\"@context\":\"https:\/\/schema.org\",\"@graph\":[{\"@type\":\"WebPage\",\"@id\":\"https:\/\/www.alteacultural.com\/es\/2024\/03\/06\/lara-dibildos-i-cesar-lucendo-arriben-a-palau-altea-en-to-de-comedia-amb-estado-de-alarma\/\",\"url\":\"https:\/\/www.alteacultural.com\/es\/2024\/03\/06\/lara-dibildos-i-cesar-lucendo-arriben-a-palau-altea-en-to-de-comedia-amb-estado-de-alarma\/\",\"name\":\"Lara Dibildos y C\u00e9sar Lucendo llegan a Palau Altea en tono de comedia con \u201cEstado de Alarma\u201d - Altea Cultural\",\"isPartOf\":{\"@id\":\"https:\/\/www.alteacultural.com\/es\/#website\"},\"primaryImageOfPage\":{\"@id\":\"https:\/\/www.alteacultural.com\/es\/2024\/03\/06\/lara-dibildos-i-cesar-lucendo-arriben-a-palau-altea-en-to-de-comedia-amb-estado-de-alarma\/#primaryimage\"},\"image\":{\"@id\":\"https:\/\/www.alteacultural.com\/es\/2024\/03\/06\/lara-dibildos-i-cesar-lucendo-arriben-a-palau-altea-en-to-de-comedia-amb-estado-de-alarma\/#primaryimage\"},\"thumbnailUrl\":\"https:\/\/www.alteacultural.com\/wp-content\/uploads\/2024\/01\/ESTADO-DE-ALARMA_CARTEL_LARA-web.jpg\",\"datePublished\":\"2024-03-06T06:46:25+00:00\",\"dateModified\":\"2024-03-08T16:45:10+00:00\",\"author\":{\"@id\":\"https:\/\/www.alteacultural.com\/es\/#\/schema\/person\/c4e137537f1af546d214a315255e5172\"},\"breadcrumb\":{\"@id\":\"https:\/\/www.alteacultural.com\/es\/2024\/03\/06\/lara-dibildos-i-cesar-lucendo-arriben-a-palau-altea-en-to-de-comedia-amb-estado-de-alarma\/#breadcrumb\"},\"inLanguage\":\"es\",\"potentialAction\":[{\"@type\":\"ReadAction\",\"target\":[\"https:\/\/www.alteacultural.com\/es\/2024\/03\/06\/lara-dibildos-i-cesar-lucendo-arriben-a-palau-altea-en-to-de-comedia-amb-estado-de-alarma\/\"]}]},{\"@type\":\"ImageObject\",\"inLanguage\":\"es\",\"@id\":\"https:\/\/www.alteacultural.com\/es\/2024\/03\/06\/lara-dibildos-i-cesar-lucendo-arriben-a-palau-altea-en-to-de-comedia-amb-estado-de-alarma\/#primaryimage\",\"url\":\"https:\/\/www.alteacultural.com\/wp-content\/uploads\/2024\/01\/ESTADO-DE-ALARMA_CARTEL_LARA-web.jpg\",\"contentUrl\":\"https:\/\/www.alteacultural.com\/wp-content\/uploads\/2024\/01\/ESTADO-DE-ALARMA_CARTEL_LARA-web.jpg\",\"width\":724,\"height\":1034},{\"@type\":\"BreadcrumbList\",\"@id\":\"https:\/\/www.alteacultural.com\/es\/2024\/03\/06\/lara-dibildos-i-cesar-lucendo-arriben-a-palau-altea-en-to-de-comedia-amb-estado-de-alarma\/#breadcrumb\",\"itemListElement\":[{\"@type\":\"ListItem\",\"position\":1,\"name\":\"Inici\",\"item\":\"https:\/\/www.alteacultural.com\/es\/\"},{\"@type\":\"ListItem\",\"position\":2,\"name\":\"Lara Dibildos y C\u00e9sar Lucendo llegan a Palau Altea en tono de comedia con \u201cEstado de Alarma\u201d\"}]},{\"@type\":\"WebSite\",\"@id\":\"https:\/\/www.alteacultural.com\/es\/#website\",\"url\":\"https:\/\/www.alteacultural.com\/es\/\",\"name\":\"Altea Cultural\",\"description\":\"Regidoria de Cultura de l&#039;Ajuntament d&#039;Altea\",\"potentialAction\":[{\"@type\":\"SearchAction\",\"target\":{\"@type\":\"EntryPoint\",\"urlTemplate\":\"https:\/\/www.alteacultural.com\/es\/?s={search_term_string}\"},\"query-input\":\"required name=search_term_string\"}],\"inLanguage\":\"es\"},{\"@type\":\"Person\",\"@id\":\"https:\/\/www.alteacultural.com\/es\/#\/schema\/person\/c4e137537f1af546d214a315255e5172\",\"name\":\"sfaltea.com-admin\",\"image\":{\"@type\":\"ImageObject\",\"inLanguage\":\"es\",\"@id\":\"https:\/\/www.alteacultural.com\/es\/#\/schema\/person\/image\/\",\"url\":\"https:\/\/secure.gravatar.com\/avatar\/f7473fa2fbd351270ccfd469de536202?s=96&d=mm&r=g\",\"contentUrl\":\"https:\/\/secure.gravatar.com\/avatar\/f7473fa2fbd351270ccfd469de536202?s=96&d=mm&r=g\",\"caption\":\"sfaltea.com-admin\"},\"url\":\"https:\/\/www.alteacultural.com\/es\/author\/sfaltea-com-admin\/\"}]}<\/script>\n<!-- \/ Yoast SEO plugin. -->","yoast_head_json":{"title":"Lara Dibildos y C\u00e9sar Lucendo llegan a Palau Altea en tono de comedia con \u201cEstado de Alarma\u201d - Altea Cultural","robots":{"index":"index","follow":"follow","max-snippet":"max-snippet:-1","max-image-preview":"max-image-preview:large","max-video-preview":"max-video-preview:-1"},"canonical":"https:\/\/www.alteacultural.com\/es\/2024\/03\/06\/lara-dibildos-i-cesar-lucendo-arriben-a-palau-altea-en-to-de-comedia-amb-estado-de-alarma\/","og_locale":"es_ES","og_type":"article","og_title":"Lara Dibildos y C\u00e9sar Lucendo llegan a Palau Altea en tono de comedia con \u201cEstado de Alarma\u201d - Altea Cultural","og_description":"S\u00e1bado 9 de marzo a las 19:00h. El pr\u00f3ximo s\u00e1bado 9 de marzo llega a Palau Altea una de [&hellip;]","og_url":"https:\/\/www.alteacultural.com\/es\/2024\/03\/06\/lara-dibildos-i-cesar-lucendo-arriben-a-palau-altea-en-to-de-comedia-amb-estado-de-alarma\/","og_site_name":"Altea Cultural","article_published_time":"2024-03-06T06:46:25+00:00","article_modified_time":"2024-03-08T16:45:10+00:00","og_image":[{"width":724,"height":1034,"url":"https:\/\/www.alteacultural.com\/wp-content\/uploads\/2024\/01\/ESTADO-DE-ALARMA_CARTEL_LARA-web.jpg","type":"image\/jpeg"}],"author":"sfaltea.com-admin","twitter_card":"summary_large_image","twitter_misc":{"Escrito por":"sfaltea.com-admin","Tiempo de lectura":"3 minutos"},"schema":{"@context":"https:\/\/schema.org","@graph":[{"@type":"WebPage","@id":"https:\/\/www.alteacultural.com\/es\/2024\/03\/06\/lara-dibildos-i-cesar-lucendo-arriben-a-palau-altea-en-to-de-comedia-amb-estado-de-alarma\/","url":"https:\/\/www.alteacultural.com\/es\/2024\/03\/06\/lara-dibildos-i-cesar-lucendo-arriben-a-palau-altea-en-to-de-comedia-amb-estado-de-alarma\/","name":"Lara Dibildos y C\u00e9sar Lucendo llegan a Palau Altea en tono de comedia con \u201cEstado de Alarma\u201d - Altea Cultural","isPartOf":{"@id":"https:\/\/www.alteacultural.com\/es\/#website"},"primaryImageOfPage":{"@id":"https:\/\/www.alteacultural.com\/es\/2024\/03\/06\/lara-dibildos-i-cesar-lucendo-arriben-a-palau-altea-en-to-de-comedia-amb-estado-de-alarma\/#primaryimage"},"image":{"@id":"https:\/\/www.alteacultural.com\/es\/2024\/03\/06\/lara-dibildos-i-cesar-lucendo-arriben-a-palau-altea-en-to-de-comedia-amb-estado-de-alarma\/#primaryimage"},"thumbnailUrl":"https:\/\/www.alteacultural.com\/wp-content\/uploads\/2024\/01\/ESTADO-DE-ALARMA_CARTEL_LARA-web.jpg","datePublished":"2024-03-06T06:46:25+00:00","dateModified":"2024-03-08T16:45:10+00:00","author":{"@id":"https:\/\/www.alteacultural.com\/es\/#\/schema\/person\/c4e137537f1af546d214a315255e5172"},"breadcrumb":{"@id":"https:\/\/www.alteacultural.com\/es\/2024\/03\/06\/lara-dibildos-i-cesar-lucendo-arriben-a-palau-altea-en-to-de-comedia-amb-estado-de-alarma\/#breadcrumb"},"inLanguage":"es","potentialAction":[{"@type":"ReadAction","target":["https:\/\/www.alteacultural.com\/es\/2024\/03\/06\/lara-dibildos-i-cesar-lucendo-arriben-a-palau-altea-en-to-de-comedia-amb-estado-de-alarma\/"]}]},{"@type":"ImageObject","inLanguage":"es","@id":"https:\/\/www.alteacultural.com\/es\/2024\/03\/06\/lara-dibildos-i-cesar-lucendo-arriben-a-palau-altea-en-to-de-comedia-amb-estado-de-alarma\/#primaryimage","url":"https:\/\/www.alteacultural.com\/wp-content\/uploads\/2024\/01\/ESTADO-DE-ALARMA_CARTEL_LARA-web.jpg","contentUrl":"https:\/\/www.alteacultural.com\/wp-content\/uploads\/2024\/01\/ESTADO-DE-ALARMA_CARTEL_LARA-web.jpg","width":724,"height":1034},{"@type":"BreadcrumbList","@id":"https:\/\/www.alteacultural.com\/es\/2024\/03\/06\/lara-dibildos-i-cesar-lucendo-arriben-a-palau-altea-en-to-de-comedia-amb-estado-de-alarma\/#breadcrumb","itemListElement":[{"@type":"ListItem","position":1,"name":"Inici","item":"https:\/\/www.alteacultural.com\/es\/"},{"@type":"ListItem","position":2,"name":"Lara Dibildos y C\u00e9sar Lucendo llegan a Palau Altea en tono de comedia con \u201cEstado de Alarma\u201d"}]},{"@type":"WebSite","@id":"https:\/\/www.alteacultural.com\/es\/#website","url":"https:\/\/www.alteacultural.com\/es\/","name":"Altea Cultural","description":"Regidoria de Cultura de l&#039;Ajuntament d&#039;Altea","potentialAction":[{"@type":"SearchAction","target":{"@type":"EntryPoint","urlTemplate":"https:\/\/www.alteacultural.com\/es\/?s={search_term_string}"},"query-input":"required name=search_term_string"}],"inLanguage":"es"},{"@type":"Person","@id":"https:\/\/www.alteacultural.com\/es\/#\/schema\/person\/c4e137537f1af546d214a315255e5172","name":"sfaltea.com-admin","image":{"@type":"ImageObject","inLanguage":"es","@id":"https:\/\/www.alteacultural.com\/es\/#\/schema\/person\/image\/","url":"https:\/\/secure.gravatar.com\/avatar\/f7473fa2fbd351270ccfd469de536202?s=96&d=mm&r=g","contentUrl":"https:\/\/secure.gravatar.com\/avatar\/f7473fa2fbd351270ccfd469de536202?s=96&d=mm&r=g","caption":"sfaltea.com-admin"},"url":"https:\/\/www.alteacultural.com\/es\/author\/sfaltea-com-admin\/"}]}},"_links":{"self":[{"href":"https:\/\/www.alteacultural.com\/es\/wp-json\/wp\/v2\/posts\/29195"}],"collection":[{"href":"https:\/\/www.alteacultural.com\/es\/wp-json\/wp\/v2\/posts"}],"about":[{"href":"https:\/\/www.alteacultural.com\/es\/wp-json\/wp\/v2\/types\/post"}],"author":[{"embeddable":true,"href":"https:\/\/www.alteacultural.com\/es\/wp-json\/wp\/v2\/users\/1"}],"replies":[{"embeddable":true,"href":"https:\/\/www.alteacultural.com\/es\/wp-json\/wp\/v2\/comments?post=29195"}],"version-history":[{"count":1,"href":"https:\/\/www.alteacultural.com\/es\/wp-json\/wp\/v2\/posts\/29195\/revisions"}],"predecessor-version":[{"id":29196,"href":"https:\/\/www.alteacultural.com\/es\/wp-json\/wp\/v2\/posts\/29195\/revisions\/29196"}],"wp:featuredmedia":[{"embeddable":true,"href":"https:\/\/www.alteacultural.com\/es\/wp-json\/wp\/v2\/media\/28644"}],"wp:attachment":[{"href":"https:\/\/www.alteacultural.com\/es\/wp-json\/wp\/v2\/media?parent=29195"}],"curies":[{"name":"wp","href":"https:\/\/api.w.org\/{rel}","templated":true}]}}