{"id":29201,"date":"2024-03-06T07:51:58","date_gmt":"2024-03-06T06:51:58","guid":{"rendered":"https:\/\/www.alteacultural.com\/2024\/03\/06\/record-de-participacio-en-els-premis-altea-2024\/"},"modified":"2024-03-06T18:41:13","modified_gmt":"2024-03-06T17:41:13","slug":"record-de-participacio-en-els-premis-altea-2024","status":"publish","type":"post","link":"https:\/\/www.alteacultural.com\/es\/2024\/03\/06\/record-de-participacio-en-els-premis-altea-2024\/","title":{"rendered":"R\u00e9cord de participaci\u00f3n en los \u00abPremis Altea\u00bb 2024"},"content":{"rendered":"\n<figure class=\"wp-block-image\"><img decoding=\"async\" data-src=\"https:\/\/alteadigital.es\/wp-content\/uploads\/2023\/12\/cartell-premis-altea-ok-web.jpg\" alt=\"R\u00e8cord de participaci\u00f3 en els Premis Altea 2024\" src=\"data:image\/gif;base64,R0lGODlhAQABAAAAACH5BAEKAAEALAAAAAABAAEAAAICTAEAOw==\" class=\"lazyload\" \/><\/figure>\n\n\n\n<p><strong>Ya est\u00e1n en marcha los preparativos para la cena de gala, el pr\u00f3ximo 23 de marzo, en el Palau Altea Centre d\u2019Arts.<\/strong><\/p>\n\n\n\n<p>Como cada a\u00f1o de los \u00faltimos ocho, al inicio de la primavera \u2014la v\u00edspera del Domingo de Ramos, exactamente\u2014, Altea se erigir\u00e1 durante unas horas como la capital de las letras valencianas contempor\u00e1neas por obra y gracia de los \u00abPremis Altea de Literatura i Investigaci\u00f3\u00bb. Y en la edici\u00f3n de este a\u00f1o lo har\u00e1 manteniendo un nuevo r\u00e9cord de participaci\u00f3n que consolida a estos premios como uno de los m\u00e1s concurridos del circuito literario valenciano. En efecto: cuando el pasado 31 de enero se cerraba el plazo de presentaci\u00f3n de trabajos en las diferentes secciones objeto de concurso, los organizadores de los Premios pudieron congratularse por el hecho de que se hab\u00edan presentado un total de 136 originales: 43 al \u00abPremi Altea de Literatura Infantil i Juvenil\u00bb, 10 al \u00abPremi d\u2019Assaig i Investigaci\u00f3 Francesc Mart\u00ednez i Mart\u00ednez\u00bb y 83 al \u00abPremi Carmelina S\u00e1nchez-Cutillas de Novel\u00b7la i Prosa Creativa\u00bb. Particularmente en este \u00faltimo caso, las 83 obras presentadas hacen del Carmelina, por ahora, el premio de novela en valenciano con mayor concurrencia en el actual escenario editorial.<\/p>\n\n\n\n<p>\u00abLos miembros de los diferentes jurados tendr\u00e1n que hacer un esfuerzo de lectura extraordinario, porque este a\u00f1o, como la Pascua llega muy pronto, la gala de entrega de Premios ser\u00e1 el 23 de marzo y el plazo para la deliberaci\u00f3n y la resoluci\u00f3n queda especialmente corto: no llega a dos meses\u00bb, explica Joan Borja, director de la C\u00e0tedra Enric Valor de la Universidad de Alicante, que es una de las entidades involucradas en la organizaci\u00f3n de los \u00abPremis\u00bb. \u00abQueremos agradecer, por eso, de forma muy efusiva el trabajo, el compromiso y la responsabilidad de los miembros del jurado, que son siempre una de las partes m\u00e1s importantes de los premios\u00bb, subraya Borja.<\/p>\n\n\n\n<p>Por su parte, Ignacio Beltr\u00e1n, t\u00e9cnico de Cultura del Ayuntamiento de Altea, aclara: \u00abYa tenemos en marcha los preparativos de la gala de este a\u00f1o. Desde el pasado lunes se encuentran a la venta los tickets y todo el p\u00fablico que quiera vivir en directo la emoci\u00f3n de los Premios Alta el 23 de marzo durante la tradicional cena de gala en el Espai Mirador del Palau Altea podr\u00e1 adquirir su entrada desde ya mismo en alteacultural.com: hasta el 18 de marzo (o hasta que se agoten). Habr\u00e1, como siempre, adem\u00e1s de la cena literaria, de los obsequios, de los premios y de los parlamentos, la tradicional actuaci\u00f3n de la Orquestra Blava, cuyo repertorio tendr\u00e1 que ver con una de las sorpresas de la gala (que por ahora no podemos desvelar).\u00bb<\/p>\n\n\n\n<p>La concejala de Cultura del Ayuntamiento de Altea, Pepa Victoria P\u00e9rez, que se estrena en esta octava edici\u00f3n de los \u00abPremis\u00bb como m\u00e1xima responsable al frente de la Concejal\u00eda de Cultura de Altea, ha querido valorar: \u00abLos \u201cPremis Altea\u201d son una verdadera fiesta de la cultura y del conocimiento. Y no puedo sino agradecer efusivamente la implicaci\u00f3n a todas las entidades que, junto con el Ayuntamiento de Altea, los hacen posibles: el Instituto Alicantino de Cultura Juan Gil-Albert de la Diputaci\u00f3n de Alicante, la Acad\u00e8mia Valenciana de la Llengua, la Generalitat Valenciana, Aila Edicions y, muy especialmente, la Fundaci\u00f3 Caixaltea, que es la entidad que financia la dotaci\u00f3n del \u201cPremi Carmelina S\u00e1nchez-Cutillas\u201d.\u00bb Y ha verbalizado, con una sonrisa, la sensaci\u00f3n de satisfacci\u00f3n que ahora mismo parecen compartir los responsables de organizaci\u00f3n de los \u00abPremis Altea\u00bb: \u00abEstamos muy contentos por el \u00e9xito de convocatoria\u2026 \u00a1Y tenemos mucha ilusi\u00f3n por descubrir, el pr\u00f3ximo 23 de marzo, qui\u00e9nes ser\u00e1n los nuevos\u00ad\u00ad premiados!\u00bb |ALTEADIGITAL.ES<\/p>\n","protected":false},"excerpt":{"rendered":"<p>Ya est\u00e1n en marcha los preparativos para la cena de gala, el pr\u00f3ximo 23 de marzo, en el Palau [&hellip;]<\/p>\n","protected":false},"author":1,"featured_media":29199,"comment_status":"open","ping_status":"open","sticky":false,"template":"","format":"standard","meta":{"_expiration-date-status":"","_expiration-date":0,"_expiration-date-type":"","_expiration-date-categories":[],"_expiration-date-options":[],"footnotes":""},"yoast_head":"<!-- This site is optimized with the Yoast SEO plugin v22.8 - https:\/\/yoast.com\/wordpress\/plugins\/seo\/ -->\n<title>R\u00e9cord de participaci\u00f3n en los \u00abPremis Altea\u00bb 2024 - Altea Cultural<\/title>\n<meta name=\"robots\" content=\"index, follow, max-snippet:-1, max-image-preview:large, max-video-preview:-1\" \/>\n<link rel=\"canonical\" href=\"https:\/\/www.alteacultural.com\/es\/2024\/03\/06\/record-de-participacio-en-els-premis-altea-2024\/\" \/>\n<meta property=\"og:locale\" content=\"es_ES\" \/>\n<meta property=\"og:type\" content=\"article\" \/>\n<meta property=\"og:title\" content=\"R\u00e9cord de participaci\u00f3n en los \u00abPremis Altea\u00bb 2024 - Altea Cultural\" \/>\n<meta property=\"og:description\" content=\"Ya est\u00e1n en marcha los preparativos para la cena de gala, el pr\u00f3ximo 23 de marzo, en el Palau [&hellip;]\" \/>\n<meta property=\"og:url\" content=\"https:\/\/www.alteacultural.com\/es\/2024\/03\/06\/record-de-participacio-en-els-premis-altea-2024\/\" \/>\n<meta property=\"og:site_name\" content=\"Altea Cultural\" \/>\n<meta property=\"article:published_time\" content=\"2024-03-06T06:51:58+00:00\" \/>\n<meta property=\"article:modified_time\" content=\"2024-03-06T17:41:13+00:00\" \/>\n<meta property=\"og:image\" content=\"https:\/\/www.alteacultural.com\/wp-content\/uploads\/2024\/03\/cartell-premis-altea-ok-web.jpg\" \/>\n\t<meta property=\"og:image:width\" content=\"800\" \/>\n\t<meta property=\"og:image:height\" content=\"1127\" \/>\n\t<meta property=\"og:image:type\" content=\"image\/jpeg\" \/>\n<meta name=\"author\" content=\"sfaltea.com-admin\" \/>\n<meta name=\"twitter:card\" content=\"summary_large_image\" \/>\n<meta name=\"twitter:label1\" content=\"Escrito por\" \/>\n\t<meta name=\"twitter:data1\" content=\"sfaltea.com-admin\" \/>\n\t<meta name=\"twitter:label2\" content=\"Tiempo de lectura\" \/>\n\t<meta name=\"twitter:data2\" content=\"3 minutos\" \/>\n<script type=\"application\/ld+json\" class=\"yoast-schema-graph\">{\"@context\":\"https:\/\/schema.org\",\"@graph\":[{\"@type\":\"WebPage\",\"@id\":\"https:\/\/www.alteacultural.com\/es\/2024\/03\/06\/record-de-participacio-en-els-premis-altea-2024\/\",\"url\":\"https:\/\/www.alteacultural.com\/es\/2024\/03\/06\/record-de-participacio-en-els-premis-altea-2024\/\",\"name\":\"R\u00e9cord de participaci\u00f3n en los \u00abPremis Altea\u00bb 2024 - Altea Cultural\",\"isPartOf\":{\"@id\":\"https:\/\/www.alteacultural.com\/es\/#website\"},\"primaryImageOfPage\":{\"@id\":\"https:\/\/www.alteacultural.com\/es\/2024\/03\/06\/record-de-participacio-en-els-premis-altea-2024\/#primaryimage\"},\"image\":{\"@id\":\"https:\/\/www.alteacultural.com\/es\/2024\/03\/06\/record-de-participacio-en-els-premis-altea-2024\/#primaryimage\"},\"thumbnailUrl\":\"https:\/\/www.alteacultural.com\/wp-content\/uploads\/2024\/03\/cartell-premis-altea-ok-web.jpg\",\"datePublished\":\"2024-03-06T06:51:58+00:00\",\"dateModified\":\"2024-03-06T17:41:13+00:00\",\"author\":{\"@id\":\"https:\/\/www.alteacultural.com\/es\/#\/schema\/person\/c4e137537f1af546d214a315255e5172\"},\"breadcrumb\":{\"@id\":\"https:\/\/www.alteacultural.com\/es\/2024\/03\/06\/record-de-participacio-en-els-premis-altea-2024\/#breadcrumb\"},\"inLanguage\":\"es\",\"potentialAction\":[{\"@type\":\"ReadAction\",\"target\":[\"https:\/\/www.alteacultural.com\/es\/2024\/03\/06\/record-de-participacio-en-els-premis-altea-2024\/\"]}]},{\"@type\":\"ImageObject\",\"inLanguage\":\"es\",\"@id\":\"https:\/\/www.alteacultural.com\/es\/2024\/03\/06\/record-de-participacio-en-els-premis-altea-2024\/#primaryimage\",\"url\":\"https:\/\/www.alteacultural.com\/wp-content\/uploads\/2024\/03\/cartell-premis-altea-ok-web.jpg\",\"contentUrl\":\"https:\/\/www.alteacultural.com\/wp-content\/uploads\/2024\/03\/cartell-premis-altea-ok-web.jpg\",\"width\":800,\"height\":1127},{\"@type\":\"BreadcrumbList\",\"@id\":\"https:\/\/www.alteacultural.com\/es\/2024\/03\/06\/record-de-participacio-en-els-premis-altea-2024\/#breadcrumb\",\"itemListElement\":[{\"@type\":\"ListItem\",\"position\":1,\"name\":\"Inici\",\"item\":\"https:\/\/www.alteacultural.com\/es\/\"},{\"@type\":\"ListItem\",\"position\":2,\"name\":\"R\u00e9cord de participaci\u00f3n en los \u00abPremis Altea\u00bb 2024\"}]},{\"@type\":\"WebSite\",\"@id\":\"https:\/\/www.alteacultural.com\/es\/#website\",\"url\":\"https:\/\/www.alteacultural.com\/es\/\",\"name\":\"Altea Cultural\",\"description\":\"Regidoria de Cultura de l&#039;Ajuntament d&#039;Altea\",\"potentialAction\":[{\"@type\":\"SearchAction\",\"target\":{\"@type\":\"EntryPoint\",\"urlTemplate\":\"https:\/\/www.alteacultural.com\/es\/?s={search_term_string}\"},\"query-input\":\"required name=search_term_string\"}],\"inLanguage\":\"es\"},{\"@type\":\"Person\",\"@id\":\"https:\/\/www.alteacultural.com\/es\/#\/schema\/person\/c4e137537f1af546d214a315255e5172\",\"name\":\"sfaltea.com-admin\",\"image\":{\"@type\":\"ImageObject\",\"inLanguage\":\"es\",\"@id\":\"https:\/\/www.alteacultural.com\/es\/#\/schema\/person\/image\/\",\"url\":\"https:\/\/secure.gravatar.com\/avatar\/f7473fa2fbd351270ccfd469de536202?s=96&d=mm&r=g\",\"contentUrl\":\"https:\/\/secure.gravatar.com\/avatar\/f7473fa2fbd351270ccfd469de536202?s=96&d=mm&r=g\",\"caption\":\"sfaltea.com-admin\"},\"url\":\"https:\/\/www.alteacultural.com\/es\/author\/sfaltea-com-admin\/\"}]}<\/script>\n<!-- \/ Yoast SEO plugin. -->","yoast_head_json":{"title":"R\u00e9cord de participaci\u00f3n en los \u00abPremis Altea\u00bb 2024 - Altea Cultural","robots":{"index":"index","follow":"follow","max-snippet":"max-snippet:-1","max-image-preview":"max-image-preview:large","max-video-preview":"max-video-preview:-1"},"canonical":"https:\/\/www.alteacultural.com\/es\/2024\/03\/06\/record-de-participacio-en-els-premis-altea-2024\/","og_locale":"es_ES","og_type":"article","og_title":"R\u00e9cord de participaci\u00f3n en los \u00abPremis Altea\u00bb 2024 - Altea Cultural","og_description":"Ya est\u00e1n en marcha los preparativos para la cena de gala, el pr\u00f3ximo 23 de marzo, en el Palau [&hellip;]","og_url":"https:\/\/www.alteacultural.com\/es\/2024\/03\/06\/record-de-participacio-en-els-premis-altea-2024\/","og_site_name":"Altea Cultural","article_published_time":"2024-03-06T06:51:58+00:00","article_modified_time":"2024-03-06T17:41:13+00:00","og_image":[{"width":800,"height":1127,"url":"https:\/\/www.alteacultural.com\/wp-content\/uploads\/2024\/03\/cartell-premis-altea-ok-web.jpg","type":"image\/jpeg"}],"author":"sfaltea.com-admin","twitter_card":"summary_large_image","twitter_misc":{"Escrito por":"sfaltea.com-admin","Tiempo de lectura":"3 minutos"},"schema":{"@context":"https:\/\/schema.org","@graph":[{"@type":"WebPage","@id":"https:\/\/www.alteacultural.com\/es\/2024\/03\/06\/record-de-participacio-en-els-premis-altea-2024\/","url":"https:\/\/www.alteacultural.com\/es\/2024\/03\/06\/record-de-participacio-en-els-premis-altea-2024\/","name":"R\u00e9cord de participaci\u00f3n en los \u00abPremis Altea\u00bb 2024 - Altea Cultural","isPartOf":{"@id":"https:\/\/www.alteacultural.com\/es\/#website"},"primaryImageOfPage":{"@id":"https:\/\/www.alteacultural.com\/es\/2024\/03\/06\/record-de-participacio-en-els-premis-altea-2024\/#primaryimage"},"image":{"@id":"https:\/\/www.alteacultural.com\/es\/2024\/03\/06\/record-de-participacio-en-els-premis-altea-2024\/#primaryimage"},"thumbnailUrl":"https:\/\/www.alteacultural.com\/wp-content\/uploads\/2024\/03\/cartell-premis-altea-ok-web.jpg","datePublished":"2024-03-06T06:51:58+00:00","dateModified":"2024-03-06T17:41:13+00:00","author":{"@id":"https:\/\/www.alteacultural.com\/es\/#\/schema\/person\/c4e137537f1af546d214a315255e5172"},"breadcrumb":{"@id":"https:\/\/www.alteacultural.com\/es\/2024\/03\/06\/record-de-participacio-en-els-premis-altea-2024\/#breadcrumb"},"inLanguage":"es","potentialAction":[{"@type":"ReadAction","target":["https:\/\/www.alteacultural.com\/es\/2024\/03\/06\/record-de-participacio-en-els-premis-altea-2024\/"]}]},{"@type":"ImageObject","inLanguage":"es","@id":"https:\/\/www.alteacultural.com\/es\/2024\/03\/06\/record-de-participacio-en-els-premis-altea-2024\/#primaryimage","url":"https:\/\/www.alteacultural.com\/wp-content\/uploads\/2024\/03\/cartell-premis-altea-ok-web.jpg","contentUrl":"https:\/\/www.alteacultural.com\/wp-content\/uploads\/2024\/03\/cartell-premis-altea-ok-web.jpg","width":800,"height":1127},{"@type":"BreadcrumbList","@id":"https:\/\/www.alteacultural.com\/es\/2024\/03\/06\/record-de-participacio-en-els-premis-altea-2024\/#breadcrumb","itemListElement":[{"@type":"ListItem","position":1,"name":"Inici","item":"https:\/\/www.alteacultural.com\/es\/"},{"@type":"ListItem","position":2,"name":"R\u00e9cord de participaci\u00f3n en los \u00abPremis Altea\u00bb 2024"}]},{"@type":"WebSite","@id":"https:\/\/www.alteacultural.com\/es\/#website","url":"https:\/\/www.alteacultural.com\/es\/","name":"Altea Cultural","description":"Regidoria de Cultura de l&#039;Ajuntament d&#039;Altea","potentialAction":[{"@type":"SearchAction","target":{"@type":"EntryPoint","urlTemplate":"https:\/\/www.alteacultural.com\/es\/?s={search_term_string}"},"query-input":"required name=search_term_string"}],"inLanguage":"es"},{"@type":"Person","@id":"https:\/\/www.alteacultural.com\/es\/#\/schema\/person\/c4e137537f1af546d214a315255e5172","name":"sfaltea.com-admin","image":{"@type":"ImageObject","inLanguage":"es","@id":"https:\/\/www.alteacultural.com\/es\/#\/schema\/person\/image\/","url":"https:\/\/secure.gravatar.com\/avatar\/f7473fa2fbd351270ccfd469de536202?s=96&d=mm&r=g","contentUrl":"https:\/\/secure.gravatar.com\/avatar\/f7473fa2fbd351270ccfd469de536202?s=96&d=mm&r=g","caption":"sfaltea.com-admin"},"url":"https:\/\/www.alteacultural.com\/es\/author\/sfaltea-com-admin\/"}]}},"_links":{"self":[{"href":"https:\/\/www.alteacultural.com\/es\/wp-json\/wp\/v2\/posts\/29201"}],"collection":[{"href":"https:\/\/www.alteacultural.com\/es\/wp-json\/wp\/v2\/posts"}],"about":[{"href":"https:\/\/www.alteacultural.com\/es\/wp-json\/wp\/v2\/types\/post"}],"author":[{"embeddable":true,"href":"https:\/\/www.alteacultural.com\/es\/wp-json\/wp\/v2\/users\/1"}],"replies":[{"embeddable":true,"href":"https:\/\/www.alteacultural.com\/es\/wp-json\/wp\/v2\/comments?post=29201"}],"version-history":[{"count":1,"href":"https:\/\/www.alteacultural.com\/es\/wp-json\/wp\/v2\/posts\/29201\/revisions"}],"predecessor-version":[{"id":29202,"href":"https:\/\/www.alteacultural.com\/es\/wp-json\/wp\/v2\/posts\/29201\/revisions\/29202"}],"wp:featuredmedia":[{"embeddable":true,"href":"https:\/\/www.alteacultural.com\/es\/wp-json\/wp\/v2\/media\/29199"}],"wp:attachment":[{"href":"https:\/\/www.alteacultural.com\/es\/wp-json\/wp\/v2\/media?parent=29201"}],"curies":[{"name":"wp","href":"https:\/\/api.w.org\/{rel}","templated":true}]}}