{"id":29205,"date":"2024-03-06T07:57:46","date_gmt":"2024-03-06T06:57:46","guid":{"rendered":"https:\/\/www.alteacultural.com\/2024\/03\/06\/la-catedra-annetta-nicoli-compta-amb-la-performer-i-activista-val-flores-al-seu-programa-8m\/"},"modified":"2024-03-07T17:56:21","modified_gmt":"2024-03-07T16:56:21","slug":"la-catedra-annetta-nicoli-compta-amb-la-performer-i-activista-val-flores-al-seu-programa-8m","status":"publish","type":"post","link":"https:\/\/www.alteacultural.com\/es\/2024\/03\/06\/la-catedra-annetta-nicoli-compta-amb-la-performer-i-activista-val-flores-al-seu-programa-8m\/","title":{"rendered":"La C\u00e1tedra Annetta Nicoli cuenta con la performer y activista val flores en su programa 8M"},"content":{"rendered":"\n<figure class=\"wp-block-image\"><img decoding=\"async\" data-src=\"https:\/\/alteadigital.es\/wp-content\/uploads\/2024\/02\/Bellas-Artes-web.jpg\" alt=\"La C\u00e0tedra Annetta Nicoli compta amb la performer i activista val flores al seu programa 8M\" src=\"data:image\/gif;base64,R0lGODlhAQABAAAAACH5BAEKAAEALAAAAAABAAEAAAICTAEAOw==\" class=\"lazyload\" \/><\/figure>\n\n\n\n<p>La activista y performer Valeria Flores, conocida como val flores, impartir\u00e1 el taller \u201cEntre el bolsillo y la letra: una materialidad cuir de la escritura\u201d, en el marco de las actividades organizadas por la C\u00e1tedra Annetta Nicoli con motivo del 8M.<\/p>\n\n\n\n<p>La cita es ma\u00f1ana mi\u00e9rcoles 28 de febrero de 17:00a 21:00h en el aula 2 del Edificio Albir en el Campus de Altea de la Facultad de Bellas Artes.<\/p>\n\n\n\n<p>Para participar en el taller no se requiere ning\u00fan conocimiento previo y est\u00e1 dirigido a<\/p>\n\n\n\n<p>artistas, estudiantes y p\u00fablico en general con inter\u00e9s por el cruce entre pr\u00e1cticas art\u00edsticas contempor\u00e1neas y pensamientos cr\u00edticos.<\/p>\n\n\n\n<p>La entrada es libre y las plazas son limitadas, por lo que se requiere de inscripci\u00f3n en el siguiente formulario:&nbsp;<a href=\"https:\/\/forms.gle\/rbVJEJofzkTfkx6e6\">https:\/\/forms.gle\/rbVJEJofzkTfkx6e6<\/a><\/p>\n\n\n\n<p>Desde la concejal\u00eda de Cultura, su edil, Pepa Victoria P\u00e9rez, anima a la participaci\u00f3n.<\/p>\n\n\n\n<p>M\u00e1s informaci\u00f3n en\u00a0<a href=\"https:\/\/cancan.umh.es\/\">https:\/\/cancan.umh.es\/<\/a>|ALTEADIGITAL.ES<\/p>\n","protected":false},"excerpt":{"rendered":"<p>La activista y performer Valeria Flores, conocida como val flores, impartir\u00e1 el taller \u201cEntre el bolsillo y la letra: [&hellip;]<\/p>\n","protected":false},"author":1,"featured_media":6386,"comment_status":"open","ping_status":"open","sticky":false,"template":"","format":"standard","meta":{"_expiration-date-status":"","_expiration-date":0,"_expiration-date-type":"","_expiration-date-categories":[],"_expiration-date-options":[],"footnotes":""},"yoast_head":"<!-- This site is optimized with the Yoast SEO plugin v22.8 - https:\/\/yoast.com\/wordpress\/plugins\/seo\/ -->\n<title>La C\u00e1tedra Annetta Nicoli cuenta con la performer y activista val flores en su programa 8M - Altea Cultural<\/title>\n<meta name=\"robots\" content=\"index, follow, max-snippet:-1, max-image-preview:large, max-video-preview:-1\" \/>\n<link rel=\"canonical\" href=\"https:\/\/www.alteacultural.com\/es\/2024\/03\/06\/la-catedra-annetta-nicoli-compta-amb-la-performer-i-activista-val-flores-al-seu-programa-8m\/\" \/>\n<meta property=\"og:locale\" content=\"es_ES\" \/>\n<meta property=\"og:type\" content=\"article\" \/>\n<meta property=\"og:title\" content=\"La C\u00e1tedra Annetta Nicoli cuenta con la performer y activista val flores en su programa 8M - Altea Cultural\" \/>\n<meta property=\"og:description\" content=\"La activista y performer Valeria Flores, conocida como val flores, impartir\u00e1 el taller \u201cEntre el bolsillo y la letra: [&hellip;]\" \/>\n<meta property=\"og:url\" content=\"https:\/\/www.alteacultural.com\/es\/2024\/03\/06\/la-catedra-annetta-nicoli-compta-amb-la-performer-i-activista-val-flores-al-seu-programa-8m\/\" \/>\n<meta property=\"og:site_name\" content=\"Altea Cultural\" \/>\n<meta property=\"article:published_time\" content=\"2024-03-06T06:57:46+00:00\" \/>\n<meta property=\"article:modified_time\" content=\"2024-03-07T16:56:21+00:00\" \/>\n<meta property=\"og:image\" content=\"https:\/\/www.alteacultural.com\/wp-content\/uploads\/2021\/05\/UMH-Altea_MG_68071-scaled.jpg\" \/>\n\t<meta property=\"og:image:width\" content=\"2560\" \/>\n\t<meta property=\"og:image:height\" content=\"1707\" \/>\n\t<meta property=\"og:image:type\" content=\"image\/jpeg\" \/>\n<meta name=\"author\" content=\"sfaltea.com-admin\" \/>\n<meta name=\"twitter:card\" content=\"summary_large_image\" \/>\n<meta name=\"twitter:label1\" content=\"Escrito por\" \/>\n\t<meta name=\"twitter:data1\" content=\"sfaltea.com-admin\" \/>\n\t<meta name=\"twitter:label2\" content=\"Tiempo de lectura\" \/>\n\t<meta name=\"twitter:data2\" content=\"1 minuto\" \/>\n<script type=\"application\/ld+json\" class=\"yoast-schema-graph\">{\"@context\":\"https:\/\/schema.org\",\"@graph\":[{\"@type\":\"WebPage\",\"@id\":\"https:\/\/www.alteacultural.com\/es\/2024\/03\/06\/la-catedra-annetta-nicoli-compta-amb-la-performer-i-activista-val-flores-al-seu-programa-8m\/\",\"url\":\"https:\/\/www.alteacultural.com\/es\/2024\/03\/06\/la-catedra-annetta-nicoli-compta-amb-la-performer-i-activista-val-flores-al-seu-programa-8m\/\",\"name\":\"La C\u00e1tedra Annetta Nicoli cuenta con la performer y activista val flores en su programa 8M - Altea Cultural\",\"isPartOf\":{\"@id\":\"https:\/\/www.alteacultural.com\/es\/#website\"},\"primaryImageOfPage\":{\"@id\":\"https:\/\/www.alteacultural.com\/es\/2024\/03\/06\/la-catedra-annetta-nicoli-compta-amb-la-performer-i-activista-val-flores-al-seu-programa-8m\/#primaryimage\"},\"image\":{\"@id\":\"https:\/\/www.alteacultural.com\/es\/2024\/03\/06\/la-catedra-annetta-nicoli-compta-amb-la-performer-i-activista-val-flores-al-seu-programa-8m\/#primaryimage\"},\"thumbnailUrl\":\"https:\/\/www.alteacultural.com\/wp-content\/uploads\/2021\/05\/UMH-Altea_MG_68071-scaled.jpg\",\"datePublished\":\"2024-03-06T06:57:46+00:00\",\"dateModified\":\"2024-03-07T16:56:21+00:00\",\"author\":{\"@id\":\"https:\/\/www.alteacultural.com\/es\/#\/schema\/person\/c4e137537f1af546d214a315255e5172\"},\"breadcrumb\":{\"@id\":\"https:\/\/www.alteacultural.com\/es\/2024\/03\/06\/la-catedra-annetta-nicoli-compta-amb-la-performer-i-activista-val-flores-al-seu-programa-8m\/#breadcrumb\"},\"inLanguage\":\"es\",\"potentialAction\":[{\"@type\":\"ReadAction\",\"target\":[\"https:\/\/www.alteacultural.com\/es\/2024\/03\/06\/la-catedra-annetta-nicoli-compta-amb-la-performer-i-activista-val-flores-al-seu-programa-8m\/\"]}]},{\"@type\":\"ImageObject\",\"inLanguage\":\"es\",\"@id\":\"https:\/\/www.alteacultural.com\/es\/2024\/03\/06\/la-catedra-annetta-nicoli-compta-amb-la-performer-i-activista-val-flores-al-seu-programa-8m\/#primaryimage\",\"url\":\"https:\/\/www.alteacultural.com\/wp-content\/uploads\/2021\/05\/UMH-Altea_MG_68071-scaled.jpg\",\"contentUrl\":\"https:\/\/www.alteacultural.com\/wp-content\/uploads\/2021\/05\/UMH-Altea_MG_68071-scaled.jpg\",\"width\":2560,\"height\":1707},{\"@type\":\"BreadcrumbList\",\"@id\":\"https:\/\/www.alteacultural.com\/es\/2024\/03\/06\/la-catedra-annetta-nicoli-compta-amb-la-performer-i-activista-val-flores-al-seu-programa-8m\/#breadcrumb\",\"itemListElement\":[{\"@type\":\"ListItem\",\"position\":1,\"name\":\"Inici\",\"item\":\"https:\/\/www.alteacultural.com\/es\/\"},{\"@type\":\"ListItem\",\"position\":2,\"name\":\"La C\u00e1tedra Annetta Nicoli cuenta con la performer y activista val flores en su programa 8M\"}]},{\"@type\":\"WebSite\",\"@id\":\"https:\/\/www.alteacultural.com\/es\/#website\",\"url\":\"https:\/\/www.alteacultural.com\/es\/\",\"name\":\"Altea Cultural\",\"description\":\"Regidoria de Cultura de l&#039;Ajuntament d&#039;Altea\",\"potentialAction\":[{\"@type\":\"SearchAction\",\"target\":{\"@type\":\"EntryPoint\",\"urlTemplate\":\"https:\/\/www.alteacultural.com\/es\/?s={search_term_string}\"},\"query-input\":\"required name=search_term_string\"}],\"inLanguage\":\"es\"},{\"@type\":\"Person\",\"@id\":\"https:\/\/www.alteacultural.com\/es\/#\/schema\/person\/c4e137537f1af546d214a315255e5172\",\"name\":\"sfaltea.com-admin\",\"image\":{\"@type\":\"ImageObject\",\"inLanguage\":\"es\",\"@id\":\"https:\/\/www.alteacultural.com\/es\/#\/schema\/person\/image\/\",\"url\":\"https:\/\/secure.gravatar.com\/avatar\/f7473fa2fbd351270ccfd469de536202?s=96&d=mm&r=g\",\"contentUrl\":\"https:\/\/secure.gravatar.com\/avatar\/f7473fa2fbd351270ccfd469de536202?s=96&d=mm&r=g\",\"caption\":\"sfaltea.com-admin\"},\"url\":\"https:\/\/www.alteacultural.com\/es\/author\/sfaltea-com-admin\/\"}]}<\/script>\n<!-- \/ Yoast SEO plugin. -->","yoast_head_json":{"title":"La C\u00e1tedra Annetta Nicoli cuenta con la performer y activista val flores en su programa 8M - Altea Cultural","robots":{"index":"index","follow":"follow","max-snippet":"max-snippet:-1","max-image-preview":"max-image-preview:large","max-video-preview":"max-video-preview:-1"},"canonical":"https:\/\/www.alteacultural.com\/es\/2024\/03\/06\/la-catedra-annetta-nicoli-compta-amb-la-performer-i-activista-val-flores-al-seu-programa-8m\/","og_locale":"es_ES","og_type":"article","og_title":"La C\u00e1tedra Annetta Nicoli cuenta con la performer y activista val flores en su programa 8M - Altea Cultural","og_description":"La activista y performer Valeria Flores, conocida como val flores, impartir\u00e1 el taller \u201cEntre el bolsillo y la letra: [&hellip;]","og_url":"https:\/\/www.alteacultural.com\/es\/2024\/03\/06\/la-catedra-annetta-nicoli-compta-amb-la-performer-i-activista-val-flores-al-seu-programa-8m\/","og_site_name":"Altea Cultural","article_published_time":"2024-03-06T06:57:46+00:00","article_modified_time":"2024-03-07T16:56:21+00:00","og_image":[{"width":2560,"height":1707,"url":"https:\/\/www.alteacultural.com\/wp-content\/uploads\/2021\/05\/UMH-Altea_MG_68071-scaled.jpg","type":"image\/jpeg"}],"author":"sfaltea.com-admin","twitter_card":"summary_large_image","twitter_misc":{"Escrito por":"sfaltea.com-admin","Tiempo de lectura":"1 minuto"},"schema":{"@context":"https:\/\/schema.org","@graph":[{"@type":"WebPage","@id":"https:\/\/www.alteacultural.com\/es\/2024\/03\/06\/la-catedra-annetta-nicoli-compta-amb-la-performer-i-activista-val-flores-al-seu-programa-8m\/","url":"https:\/\/www.alteacultural.com\/es\/2024\/03\/06\/la-catedra-annetta-nicoli-compta-amb-la-performer-i-activista-val-flores-al-seu-programa-8m\/","name":"La C\u00e1tedra Annetta Nicoli cuenta con la performer y activista val flores en su programa 8M - Altea Cultural","isPartOf":{"@id":"https:\/\/www.alteacultural.com\/es\/#website"},"primaryImageOfPage":{"@id":"https:\/\/www.alteacultural.com\/es\/2024\/03\/06\/la-catedra-annetta-nicoli-compta-amb-la-performer-i-activista-val-flores-al-seu-programa-8m\/#primaryimage"},"image":{"@id":"https:\/\/www.alteacultural.com\/es\/2024\/03\/06\/la-catedra-annetta-nicoli-compta-amb-la-performer-i-activista-val-flores-al-seu-programa-8m\/#primaryimage"},"thumbnailUrl":"https:\/\/www.alteacultural.com\/wp-content\/uploads\/2021\/05\/UMH-Altea_MG_68071-scaled.jpg","datePublished":"2024-03-06T06:57:46+00:00","dateModified":"2024-03-07T16:56:21+00:00","author":{"@id":"https:\/\/www.alteacultural.com\/es\/#\/schema\/person\/c4e137537f1af546d214a315255e5172"},"breadcrumb":{"@id":"https:\/\/www.alteacultural.com\/es\/2024\/03\/06\/la-catedra-annetta-nicoli-compta-amb-la-performer-i-activista-val-flores-al-seu-programa-8m\/#breadcrumb"},"inLanguage":"es","potentialAction":[{"@type":"ReadAction","target":["https:\/\/www.alteacultural.com\/es\/2024\/03\/06\/la-catedra-annetta-nicoli-compta-amb-la-performer-i-activista-val-flores-al-seu-programa-8m\/"]}]},{"@type":"ImageObject","inLanguage":"es","@id":"https:\/\/www.alteacultural.com\/es\/2024\/03\/06\/la-catedra-annetta-nicoli-compta-amb-la-performer-i-activista-val-flores-al-seu-programa-8m\/#primaryimage","url":"https:\/\/www.alteacultural.com\/wp-content\/uploads\/2021\/05\/UMH-Altea_MG_68071-scaled.jpg","contentUrl":"https:\/\/www.alteacultural.com\/wp-content\/uploads\/2021\/05\/UMH-Altea_MG_68071-scaled.jpg","width":2560,"height":1707},{"@type":"BreadcrumbList","@id":"https:\/\/www.alteacultural.com\/es\/2024\/03\/06\/la-catedra-annetta-nicoli-compta-amb-la-performer-i-activista-val-flores-al-seu-programa-8m\/#breadcrumb","itemListElement":[{"@type":"ListItem","position":1,"name":"Inici","item":"https:\/\/www.alteacultural.com\/es\/"},{"@type":"ListItem","position":2,"name":"La C\u00e1tedra Annetta Nicoli cuenta con la performer y activista val flores en su programa 8M"}]},{"@type":"WebSite","@id":"https:\/\/www.alteacultural.com\/es\/#website","url":"https:\/\/www.alteacultural.com\/es\/","name":"Altea Cultural","description":"Regidoria de Cultura de l&#039;Ajuntament d&#039;Altea","potentialAction":[{"@type":"SearchAction","target":{"@type":"EntryPoint","urlTemplate":"https:\/\/www.alteacultural.com\/es\/?s={search_term_string}"},"query-input":"required name=search_term_string"}],"inLanguage":"es"},{"@type":"Person","@id":"https:\/\/www.alteacultural.com\/es\/#\/schema\/person\/c4e137537f1af546d214a315255e5172","name":"sfaltea.com-admin","image":{"@type":"ImageObject","inLanguage":"es","@id":"https:\/\/www.alteacultural.com\/es\/#\/schema\/person\/image\/","url":"https:\/\/secure.gravatar.com\/avatar\/f7473fa2fbd351270ccfd469de536202?s=96&d=mm&r=g","contentUrl":"https:\/\/secure.gravatar.com\/avatar\/f7473fa2fbd351270ccfd469de536202?s=96&d=mm&r=g","caption":"sfaltea.com-admin"},"url":"https:\/\/www.alteacultural.com\/es\/author\/sfaltea-com-admin\/"}]}},"_links":{"self":[{"href":"https:\/\/www.alteacultural.com\/es\/wp-json\/wp\/v2\/posts\/29205"}],"collection":[{"href":"https:\/\/www.alteacultural.com\/es\/wp-json\/wp\/v2\/posts"}],"about":[{"href":"https:\/\/www.alteacultural.com\/es\/wp-json\/wp\/v2\/types\/post"}],"author":[{"embeddable":true,"href":"https:\/\/www.alteacultural.com\/es\/wp-json\/wp\/v2\/users\/1"}],"replies":[{"embeddable":true,"href":"https:\/\/www.alteacultural.com\/es\/wp-json\/wp\/v2\/comments?post=29205"}],"version-history":[{"count":1,"href":"https:\/\/www.alteacultural.com\/es\/wp-json\/wp\/v2\/posts\/29205\/revisions"}],"predecessor-version":[{"id":29206,"href":"https:\/\/www.alteacultural.com\/es\/wp-json\/wp\/v2\/posts\/29205\/revisions\/29206"}],"wp:featuredmedia":[{"embeddable":true,"href":"https:\/\/www.alteacultural.com\/es\/wp-json\/wp\/v2\/media\/6386"}],"wp:attachment":[{"href":"https:\/\/www.alteacultural.com\/es\/wp-json\/wp\/v2\/media?parent=29205"}],"curies":[{"name":"wp","href":"https:\/\/api.w.org\/{rel}","templated":true}]}}