{"id":29223,"date":"2024-03-06T16:20:04","date_gmt":"2024-03-06T15:20:04","guid":{"rendered":"https:\/\/www.alteacultural.com\/2024\/03\/06\/la-fundacio-frax-porta-fins-a-palau-altea-lexposicio-personatges\/"},"modified":"2024-03-08T17:18:10","modified_gmt":"2024-03-08T16:18:10","slug":"la-fundacio-frax-porta-fins-a-palau-altea-lexposicio-personatges","status":"publish","type":"post","link":"https:\/\/www.alteacultural.com\/es\/2024\/03\/06\/la-fundacio-frax-porta-fins-a-palau-altea-lexposicio-personatges\/","title":{"rendered":"La Fundaci\u00f3n Frax trae hasta Palau Altea la exposici\u00f3n \u201cPersonajes\u201d"},"content":{"rendered":"\n<figure class=\"wp-block-image\"><img decoding=\"async\" data-src=\"https:\/\/alteadigital.es\/wp-content\/uploads\/2024\/03\/inaugurac-1-web.jpg\" alt=\"La Fundaci\u00f3 Frax porta fins a Palau Altea l\u2019exposici\u00f3 \u201cPersonatges\u201d\" src=\"data:image\/gif;base64,R0lGODlhAQABAAAAACH5BAEKAAEALAAAAAABAAEAAAICTAEAOw==\" class=\"lazyload\" \/><\/figure>\n\n\n\n<p><strong>La muestra permanecer\u00e1 abierta al p\u00fablico hasta el pr\u00f3ximo 24 de abril.<\/strong><\/p>\n\n\n\n<p>A medio d\u00eda de hoy ha tenido lugar en Palau Altea la inauguraci\u00f3n de la exposici\u00f3n \u201cPersonajes\u201d, que llega al Centre d\u2019Arts de la mano de la Fundaci\u00f3n Frax. A la cita han acudido el alcalde, Diego Zaragoz\u00ed, la edil de Cultura, Pepa Victoria P\u00e9rez y el presidente de la citada fundaci\u00f3n, Mat\u00edas P\u00e9rez Such, entre otros.<\/p>\n\n\n\n<p>\u201cPersonajes es la continuaci\u00f3n de una exposici\u00f3n que ya estuvo en Palau Altea hace alg\u00fan tiempo y en ella podemos disfrutar de 17 obras de artistas, algunos vinculados a Altea\u201d, ha comentado la edil de Cultura, Pepa Victoria P\u00e9rez, en el transcurso de la inauguraci\u00f3n.<\/p>\n\n\n\n<p>Como ha recordado la responsable municipal de Cultura, la exposici\u00f3n puede ser visitada los martes y jueves por la tarde y siempre que haya alguna actuaci\u00f3n en Palau Altea hasta el 24 de abril, en el caso de \u201cPersonajes\u201d. Pepa Victoria P\u00e9rez ha invitado a alteanos, alteanas y residentes en la Comarca a visitar la muestra.<\/p>\n\n\n\n<div class=\"wp-block-image\"><figure class=\"aligncenter\"><img decoding=\"async\" data-src=\"https:\/\/alteadigital.es\/wp-content\/uploads\/2024\/03\/inaugurac-2-web.jpg\" alt=\"\" class=\"wp-image-116259 lazyload\" src=\"data:image\/gif;base64,R0lGODlhAQABAAAAACH5BAEKAAEALAAAAAABAAEAAAICTAEAOw==\" \/><\/figure><\/div>\n\n\n\n<p>Por su parte, el presidente de la Fundaci\u00f3n Frax ha agradecido al consistorio alteano y a la concejal\u00eda de cultura por su colaboraci\u00f3n con la Fundaci\u00f3n.<\/p>\n\n\n\n<p>\u201cEl venir al Palau es para nosotros importante porque, en mi opini\u00f3n, es la instalaci\u00f3n cultural m\u00e1s destacada de la Comarca, que tiene una programaci\u00f3n excepcional y mucho p\u00fablico y las exposiciones que se hacen aqu\u00ed son vistas por much\u00edsimas personas que acuden a los distintos actos\u201d; ha se\u00f1alado Mat\u00edas P\u00e9rez Such.<\/p>\n\n\n\n<p>En cuanto al contenido de la exposici\u00f3n, P\u00e9rez Such ha explicado que \u201ces una exposici\u00f3n muy vinculada al terreno en el que nos encontramos. Como se dice ahora Km 0 porque est\u00e1 muy representada la Facultad de Bellas Artes con la participaci\u00f3n de profesores, alumnos y artistas relacionados con la Facultad. Son 17 obras y cada una de ellas es de un artista y de un estilo diferente que lo \u00fanico que les une es que en cada obra hay un personaje\u201d.<\/p>\n\n\n\n<p>\u201cHay oleos, acuarelas, fotograf\u00eda, es decir, es una representaci\u00f3n de muchas t\u00e9cnicas pict\u00f3ricas y de muchos pintores. Esperamos que guste. Hay obras muy curiosas y algunas de ellas\u00a0 impactantes\u201d; ha concluido el presidente de la Fundaci\u00f3n Frax. | ALTEADIGITAL.ES<\/p>\n","protected":false},"excerpt":{"rendered":"<p>La muestra permanecer\u00e1 abierta al p\u00fablico hasta el pr\u00f3ximo 24 de abril. A medio d\u00eda de hoy ha tenido [&hellip;]<\/p>\n","protected":false},"author":1,"featured_media":29183,"comment_status":"open","ping_status":"open","sticky":false,"template":"","format":"standard","meta":{"_expiration-date-status":"","_expiration-date":0,"_expiration-date-type":"","_expiration-date-categories":[],"_expiration-date-options":[],"footnotes":""},"yoast_head":"<!-- This site is optimized with the Yoast SEO plugin v22.8 - https:\/\/yoast.com\/wordpress\/plugins\/seo\/ -->\n<title>La Fundaci\u00f3n Frax trae hasta Palau Altea la exposici\u00f3n \u201cPersonajes\u201d - Altea Cultural<\/title>\n<meta name=\"robots\" content=\"index, follow, max-snippet:-1, max-image-preview:large, max-video-preview:-1\" \/>\n<link rel=\"canonical\" href=\"https:\/\/www.alteacultural.com\/es\/2024\/03\/06\/la-fundacio-frax-porta-fins-a-palau-altea-lexposicio-personatges\/\" \/>\n<meta property=\"og:locale\" content=\"es_ES\" \/>\n<meta property=\"og:type\" content=\"article\" \/>\n<meta property=\"og:title\" content=\"La Fundaci\u00f3n Frax trae hasta Palau Altea la exposici\u00f3n \u201cPersonajes\u201d - Altea Cultural\" \/>\n<meta property=\"og:description\" content=\"La muestra permanecer\u00e1 abierta al p\u00fablico hasta el pr\u00f3ximo 24 de abril. A medio d\u00eda de hoy ha tenido [&hellip;]\" \/>\n<meta property=\"og:url\" content=\"https:\/\/www.alteacultural.com\/es\/2024\/03\/06\/la-fundacio-frax-porta-fins-a-palau-altea-lexposicio-personatges\/\" \/>\n<meta property=\"og:site_name\" content=\"Altea Cultural\" \/>\n<meta property=\"article:published_time\" content=\"2024-03-06T15:20:04+00:00\" \/>\n<meta property=\"article:modified_time\" content=\"2024-03-08T16:18:10+00:00\" \/>\n<meta property=\"og:image\" content=\"https:\/\/www.alteacultural.com\/wp-content\/uploads\/2024\/03\/ExpoPersonajesPersonatgesV_PalauAltea_cartell.png\" \/>\n\t<meta property=\"og:image:width\" content=\"1414\" \/>\n\t<meta property=\"og:image:height\" content=\"2000\" \/>\n\t<meta property=\"og:image:type\" content=\"image\/png\" \/>\n<meta name=\"author\" content=\"sfaltea.com-admin\" \/>\n<meta name=\"twitter:card\" content=\"summary_large_image\" \/>\n<meta name=\"twitter:label1\" content=\"Escrito por\" \/>\n\t<meta name=\"twitter:data1\" content=\"sfaltea.com-admin\" \/>\n\t<meta name=\"twitter:label2\" content=\"Tiempo de lectura\" \/>\n\t<meta name=\"twitter:data2\" content=\"3 minutos\" \/>\n<script type=\"application\/ld+json\" class=\"yoast-schema-graph\">{\"@context\":\"https:\/\/schema.org\",\"@graph\":[{\"@type\":\"WebPage\",\"@id\":\"https:\/\/www.alteacultural.com\/es\/2024\/03\/06\/la-fundacio-frax-porta-fins-a-palau-altea-lexposicio-personatges\/\",\"url\":\"https:\/\/www.alteacultural.com\/es\/2024\/03\/06\/la-fundacio-frax-porta-fins-a-palau-altea-lexposicio-personatges\/\",\"name\":\"La Fundaci\u00f3n Frax trae hasta Palau Altea la exposici\u00f3n \u201cPersonajes\u201d - Altea Cultural\",\"isPartOf\":{\"@id\":\"https:\/\/www.alteacultural.com\/es\/#website\"},\"primaryImageOfPage\":{\"@id\":\"https:\/\/www.alteacultural.com\/es\/2024\/03\/06\/la-fundacio-frax-porta-fins-a-palau-altea-lexposicio-personatges\/#primaryimage\"},\"image\":{\"@id\":\"https:\/\/www.alteacultural.com\/es\/2024\/03\/06\/la-fundacio-frax-porta-fins-a-palau-altea-lexposicio-personatges\/#primaryimage\"},\"thumbnailUrl\":\"https:\/\/www.alteacultural.com\/wp-content\/uploads\/2024\/03\/ExpoPersonajesPersonatgesV_PalauAltea_cartell.png\",\"datePublished\":\"2024-03-06T15:20:04+00:00\",\"dateModified\":\"2024-03-08T16:18:10+00:00\",\"author\":{\"@id\":\"https:\/\/www.alteacultural.com\/es\/#\/schema\/person\/c4e137537f1af546d214a315255e5172\"},\"breadcrumb\":{\"@id\":\"https:\/\/www.alteacultural.com\/es\/2024\/03\/06\/la-fundacio-frax-porta-fins-a-palau-altea-lexposicio-personatges\/#breadcrumb\"},\"inLanguage\":\"es\",\"potentialAction\":[{\"@type\":\"ReadAction\",\"target\":[\"https:\/\/www.alteacultural.com\/es\/2024\/03\/06\/la-fundacio-frax-porta-fins-a-palau-altea-lexposicio-personatges\/\"]}]},{\"@type\":\"ImageObject\",\"inLanguage\":\"es\",\"@id\":\"https:\/\/www.alteacultural.com\/es\/2024\/03\/06\/la-fundacio-frax-porta-fins-a-palau-altea-lexposicio-personatges\/#primaryimage\",\"url\":\"https:\/\/www.alteacultural.com\/wp-content\/uploads\/2024\/03\/ExpoPersonajesPersonatgesV_PalauAltea_cartell.png\",\"contentUrl\":\"https:\/\/www.alteacultural.com\/wp-content\/uploads\/2024\/03\/ExpoPersonajesPersonatgesV_PalauAltea_cartell.png\",\"width\":1414,\"height\":2000},{\"@type\":\"BreadcrumbList\",\"@id\":\"https:\/\/www.alteacultural.com\/es\/2024\/03\/06\/la-fundacio-frax-porta-fins-a-palau-altea-lexposicio-personatges\/#breadcrumb\",\"itemListElement\":[{\"@type\":\"ListItem\",\"position\":1,\"name\":\"Inici\",\"item\":\"https:\/\/www.alteacultural.com\/es\/\"},{\"@type\":\"ListItem\",\"position\":2,\"name\":\"La Fundaci\u00f3n Frax trae hasta Palau Altea la exposici\u00f3n \u201cPersonajes\u201d\"}]},{\"@type\":\"WebSite\",\"@id\":\"https:\/\/www.alteacultural.com\/es\/#website\",\"url\":\"https:\/\/www.alteacultural.com\/es\/\",\"name\":\"Altea Cultural\",\"description\":\"Regidoria de Cultura de l&#039;Ajuntament d&#039;Altea\",\"potentialAction\":[{\"@type\":\"SearchAction\",\"target\":{\"@type\":\"EntryPoint\",\"urlTemplate\":\"https:\/\/www.alteacultural.com\/es\/?s={search_term_string}\"},\"query-input\":\"required name=search_term_string\"}],\"inLanguage\":\"es\"},{\"@type\":\"Person\",\"@id\":\"https:\/\/www.alteacultural.com\/es\/#\/schema\/person\/c4e137537f1af546d214a315255e5172\",\"name\":\"sfaltea.com-admin\",\"image\":{\"@type\":\"ImageObject\",\"inLanguage\":\"es\",\"@id\":\"https:\/\/www.alteacultural.com\/es\/#\/schema\/person\/image\/\",\"url\":\"https:\/\/secure.gravatar.com\/avatar\/f7473fa2fbd351270ccfd469de536202?s=96&d=mm&r=g\",\"contentUrl\":\"https:\/\/secure.gravatar.com\/avatar\/f7473fa2fbd351270ccfd469de536202?s=96&d=mm&r=g\",\"caption\":\"sfaltea.com-admin\"},\"url\":\"https:\/\/www.alteacultural.com\/es\/author\/sfaltea-com-admin\/\"}]}<\/script>\n<!-- \/ Yoast SEO plugin. -->","yoast_head_json":{"title":"La Fundaci\u00f3n Frax trae hasta Palau Altea la exposici\u00f3n \u201cPersonajes\u201d - Altea Cultural","robots":{"index":"index","follow":"follow","max-snippet":"max-snippet:-1","max-image-preview":"max-image-preview:large","max-video-preview":"max-video-preview:-1"},"canonical":"https:\/\/www.alteacultural.com\/es\/2024\/03\/06\/la-fundacio-frax-porta-fins-a-palau-altea-lexposicio-personatges\/","og_locale":"es_ES","og_type":"article","og_title":"La Fundaci\u00f3n Frax trae hasta Palau Altea la exposici\u00f3n \u201cPersonajes\u201d - Altea Cultural","og_description":"La muestra permanecer\u00e1 abierta al p\u00fablico hasta el pr\u00f3ximo 24 de abril. A medio d\u00eda de hoy ha tenido [&hellip;]","og_url":"https:\/\/www.alteacultural.com\/es\/2024\/03\/06\/la-fundacio-frax-porta-fins-a-palau-altea-lexposicio-personatges\/","og_site_name":"Altea Cultural","article_published_time":"2024-03-06T15:20:04+00:00","article_modified_time":"2024-03-08T16:18:10+00:00","og_image":[{"url":"https:\/\/www.alteacultural.com\/wp-content\/uploads\/2024\/03\/ExpoPersonajesPersonatgesV_PalauAltea_cartell.png","width":1414,"height":2000,"type":"image\/png"}],"author":"sfaltea.com-admin","twitter_card":"summary_large_image","twitter_misc":{"Escrito por":"sfaltea.com-admin","Tiempo de lectura":"3 minutos"},"schema":{"@context":"https:\/\/schema.org","@graph":[{"@type":"WebPage","@id":"https:\/\/www.alteacultural.com\/es\/2024\/03\/06\/la-fundacio-frax-porta-fins-a-palau-altea-lexposicio-personatges\/","url":"https:\/\/www.alteacultural.com\/es\/2024\/03\/06\/la-fundacio-frax-porta-fins-a-palau-altea-lexposicio-personatges\/","name":"La Fundaci\u00f3n Frax trae hasta Palau Altea la exposici\u00f3n \u201cPersonajes\u201d - Altea Cultural","isPartOf":{"@id":"https:\/\/www.alteacultural.com\/es\/#website"},"primaryImageOfPage":{"@id":"https:\/\/www.alteacultural.com\/es\/2024\/03\/06\/la-fundacio-frax-porta-fins-a-palau-altea-lexposicio-personatges\/#primaryimage"},"image":{"@id":"https:\/\/www.alteacultural.com\/es\/2024\/03\/06\/la-fundacio-frax-porta-fins-a-palau-altea-lexposicio-personatges\/#primaryimage"},"thumbnailUrl":"https:\/\/www.alteacultural.com\/wp-content\/uploads\/2024\/03\/ExpoPersonajesPersonatgesV_PalauAltea_cartell.png","datePublished":"2024-03-06T15:20:04+00:00","dateModified":"2024-03-08T16:18:10+00:00","author":{"@id":"https:\/\/www.alteacultural.com\/es\/#\/schema\/person\/c4e137537f1af546d214a315255e5172"},"breadcrumb":{"@id":"https:\/\/www.alteacultural.com\/es\/2024\/03\/06\/la-fundacio-frax-porta-fins-a-palau-altea-lexposicio-personatges\/#breadcrumb"},"inLanguage":"es","potentialAction":[{"@type":"ReadAction","target":["https:\/\/www.alteacultural.com\/es\/2024\/03\/06\/la-fundacio-frax-porta-fins-a-palau-altea-lexposicio-personatges\/"]}]},{"@type":"ImageObject","inLanguage":"es","@id":"https:\/\/www.alteacultural.com\/es\/2024\/03\/06\/la-fundacio-frax-porta-fins-a-palau-altea-lexposicio-personatges\/#primaryimage","url":"https:\/\/www.alteacultural.com\/wp-content\/uploads\/2024\/03\/ExpoPersonajesPersonatgesV_PalauAltea_cartell.png","contentUrl":"https:\/\/www.alteacultural.com\/wp-content\/uploads\/2024\/03\/ExpoPersonajesPersonatgesV_PalauAltea_cartell.png","width":1414,"height":2000},{"@type":"BreadcrumbList","@id":"https:\/\/www.alteacultural.com\/es\/2024\/03\/06\/la-fundacio-frax-porta-fins-a-palau-altea-lexposicio-personatges\/#breadcrumb","itemListElement":[{"@type":"ListItem","position":1,"name":"Inici","item":"https:\/\/www.alteacultural.com\/es\/"},{"@type":"ListItem","position":2,"name":"La Fundaci\u00f3n Frax trae hasta Palau Altea la exposici\u00f3n \u201cPersonajes\u201d"}]},{"@type":"WebSite","@id":"https:\/\/www.alteacultural.com\/es\/#website","url":"https:\/\/www.alteacultural.com\/es\/","name":"Altea Cultural","description":"Regidoria de Cultura de l&#039;Ajuntament d&#039;Altea","potentialAction":[{"@type":"SearchAction","target":{"@type":"EntryPoint","urlTemplate":"https:\/\/www.alteacultural.com\/es\/?s={search_term_string}"},"query-input":"required name=search_term_string"}],"inLanguage":"es"},{"@type":"Person","@id":"https:\/\/www.alteacultural.com\/es\/#\/schema\/person\/c4e137537f1af546d214a315255e5172","name":"sfaltea.com-admin","image":{"@type":"ImageObject","inLanguage":"es","@id":"https:\/\/www.alteacultural.com\/es\/#\/schema\/person\/image\/","url":"https:\/\/secure.gravatar.com\/avatar\/f7473fa2fbd351270ccfd469de536202?s=96&d=mm&r=g","contentUrl":"https:\/\/secure.gravatar.com\/avatar\/f7473fa2fbd351270ccfd469de536202?s=96&d=mm&r=g","caption":"sfaltea.com-admin"},"url":"https:\/\/www.alteacultural.com\/es\/author\/sfaltea-com-admin\/"}]}},"_links":{"self":[{"href":"https:\/\/www.alteacultural.com\/es\/wp-json\/wp\/v2\/posts\/29223"}],"collection":[{"href":"https:\/\/www.alteacultural.com\/es\/wp-json\/wp\/v2\/posts"}],"about":[{"href":"https:\/\/www.alteacultural.com\/es\/wp-json\/wp\/v2\/types\/post"}],"author":[{"embeddable":true,"href":"https:\/\/www.alteacultural.com\/es\/wp-json\/wp\/v2\/users\/1"}],"replies":[{"embeddable":true,"href":"https:\/\/www.alteacultural.com\/es\/wp-json\/wp\/v2\/comments?post=29223"}],"version-history":[{"count":1,"href":"https:\/\/www.alteacultural.com\/es\/wp-json\/wp\/v2\/posts\/29223\/revisions"}],"predecessor-version":[{"id":29224,"href":"https:\/\/www.alteacultural.com\/es\/wp-json\/wp\/v2\/posts\/29223\/revisions\/29224"}],"wp:featuredmedia":[{"embeddable":true,"href":"https:\/\/www.alteacultural.com\/es\/wp-json\/wp\/v2\/media\/29183"}],"wp:attachment":[{"href":"https:\/\/www.alteacultural.com\/es\/wp-json\/wp\/v2\/media?parent=29223"}],"curies":[{"name":"wp","href":"https:\/\/api.w.org\/{rel}","templated":true}]}}