{"id":30194,"date":"2024-03-18T09:55:37","date_gmt":"2024-03-18T08:55:37","guid":{"rendered":"https:\/\/www.alteacultural.com\/2024\/03\/18\/el-concert-inaugural-de-la-ruta-de-les-ermites-sera-a-la-casa-de-cultura\/"},"modified":"2024-03-21T17:53:14","modified_gmt":"2024-03-21T16:53:14","slug":"el-concert-inaugural-de-la-ruta-de-les-ermites-sera-a-la-casa-de-cultura","status":"publish","type":"post","link":"https:\/\/www.alteacultural.com\/es\/2024\/03\/18\/el-concert-inaugural-de-la-ruta-de-les-ermites-sera-a-la-casa-de-cultura\/","title":{"rendered":"El concierto inaugural de la Ruta de les Ermites ser\u00e1 en la Casa de Cultura"},"content":{"rendered":"\n<figure class=\"wp-block-image\"><img decoding=\"async\" data-src=\"https:\/\/alteadigital.es\/wp-content\/uploads\/2024\/03\/presentacio-web.jpg\" alt=\"El concert inaugural de la Ruta de les Ermites ser\u00e0 a la Casa de Cultura\" src=\"data:image\/gif;base64,R0lGODlhAQABAAAAACH5BAEKAAEALAAAAAABAAEAAAICTAEAOw==\" class=\"lazyload\" \/><\/figure>\n\n\n\n<p><strong>Del 15 al 30 de marzo con entrada libre y gratuita.<\/strong><\/p>\n\n\n\n<p>La Ruta de les Ermites 2024 dar\u00e1 inicio ma\u00f1ana viernes 15 de marzo con un concierto inaugural, \u201cCantos desde el alma\u201d, en la Casa de Cultura a cargo de la soprano Claudia Menor, el bar\u00edtono Pedro Lluch y Juan Carlos V\u00e1zquez al piano. As\u00ed lo han dado a conocer la edil de Cultura, Pepa Victoria P\u00e9rez y el coordinador de la iniciativa, Juan Tom\u00e1s Lavi\u00f3s.<\/p>\n\n\n\n<p>Como ha recordado la concejala, \u201cla Ruta de les Ermites es un ciclo musical totalmente consolidado con m\u00e1s de 20 a\u00f1os de existencia, que cada a\u00f1o va creciendo en n\u00famero de conciertos y en calidad de los mismos y como es sabido, se trata de un recorrido por las distintas ermitas e iglesia del municipio\u201d.<\/p>\n\n\n\n<p>En la presente edici\u00f3n son 11 los conciertos que se van a realizar y comenzar\u00e1n de forma extraordinaria, este a\u00f1o, en la Casa de Cultura para dar un arranque a la Semana Santa y despu\u00e9s, como es habitual, el jueves anterior al Jueves Santo, la cita es la Iglesia Parroquial de Santa Anna en Altea la Vella, al que sigue el recorrido habitual. Ha se\u00f1alado la responsable municipal de Cultura.<\/p>\n\n\n\n<p>En cuanto al contenido de los distintos conciertos, ha sido el coordinador del ciclo quien lo ha pormenorizado y resaltado la calidad de todos ellos en sus diferente estilos y formatos.<\/p>\n\n\n\n<p><strong>Programa de conciertos<\/strong><\/p>\n\n\n\n<p><strong>Viernes 15 de marzo,&nbsp;<\/strong>concierto inaugural en la Casa de Cultura \u201cCantos del Alma\u201d<\/p>\n\n\n\n<p><strong>21 de marzo,<\/strong>&nbsp;Iglesia de Santa Anna de Altea la Vella a las 19:30h. Camerata Aitana con \u201cM\u00fasica sacra\u201d a cargo de la soprano Pepi Lloret; el bar\u00edtono Javier Rubio; V. Ant\u00f3n y M. Asensi, violines; F. Pastor, cello y T. Llinares al \u00f3rgano.<\/p>\n\n\n\n<p><strong>22 de marzo,<\/strong>&nbsp;a las 19:30 en la Capilla de Villa Gadea, concierto del cuarteto \u201cJasseando in Sax\u201d, formado por David Castell\u00f3, Eladio Sell\u00e9s, Mois\u00e9s Olcina y Ra\u00fal Richart.<\/p>\n\n\n\n<p><strong>23 de marzo<\/strong>&nbsp;en la Ermita de Santa B\u00e1rbara a las 12:00h, concierto \u201cMiradas\u201d con Marcos Ventura al violonchelo y Maria Eugenia Palomares al piano.<\/p>\n\n\n\n<p><strong>24 de marzo&nbsp;<\/strong>La cita es en la Iglesia Parroquial Virgen del Consuelo en el que Fabrizzio Fiziur dirigir\u00e1 \u201cSerenata\u201d- Gran Partita de W.A. Mozart, a las 18:00h.<\/p>\n\n\n\n<p><strong>25 de marzo,<\/strong>&nbsp;En la Ermita de San Isidro a las 19:00h, \u201cEcos del pasado\u201d con Alba Signes, viol\u00edn, y Maria Eugenia Palomares al piano.<\/p>\n\n\n\n<p><strong>26 de marzo,&nbsp;<\/strong>en el convento de la Olla, concierto a cargo del tr\u00edo \u201cSorolla\u201d a las 19:00h.<\/p>\n\n\n\n<p><strong>27 de marzo,<\/strong>&nbsp;a las 19:00h en la Ermita de San Roque, Jordi Vercher a la trompeta, David S\u00e1nchez, trompa y Neus Vercher al piano, interpretar\u00e1n \u201cDel Clasicismo a nuestros d\u00edas\u201d.<\/p>\n\n\n\n<p><strong>28 de marzo,<\/strong>&nbsp;en la Ermita de Sant Antoni,&nbsp; a las 19:00h, \u201cMaBC Duo: Spanish Dreams\u201d con Dani Bellov\u00ed y Aar\u00f3n Crist\u00f3fol , clarinete bajo y percusi\u00f3n.<\/p>\n\n\n\n<p><strong>29 de marzo<\/strong>&nbsp;a las 12:00h en la Ermita de San Tom\u00e1s, Tierry C. Fouet, guitarra y Jose A. Ripoll Saxof\u00f3n nos llevar\u00e1n a una \u201cViaje por los siglos XVII al XX\u201d.<\/p>\n\n\n\n<p><strong>30 de marzo,<\/strong>&nbsp;a las 12:00h en la Ermita de San Lu\u00eds, \u201cMusicaltea con Chamber Music\u201d a cargo de Robert Forg\u00e1cs y Andrea Rosell\u00f3, violines; Runzhi Chen, viola; Hugo Junquera clarinete y Enrique Igual, chelo.<\/p>\n\n\n\n<p>Para concluir, Pepa Victoria P\u00e9rez y Juan Tom\u00e1s Lavi\u00f3s invitan a la ciudadan\u00eda de Altea y visitantes que disfruten de estos conciertos que se llevan a cabo en bellos escenarios como son las ermitas de Altea y otros espacios singulares. |ALTEADIGITAL.ES<\/p>\n\n\n\n<div class=\"wp-block-image\"><figure class=\"aligncenter\"><img decoding=\"async\" data-src=\"https:\/\/alteadigital.es\/wp-content\/uploads\/2024\/03\/cartell-web.jpg\" alt=\"\" class=\"wp-image-116389 lazyload\" src=\"data:image\/gif;base64,R0lGODlhAQABAAAAACH5BAEKAAEALAAAAAABAAEAAAICTAEAOw==\" \/><\/figure><\/div>\n","protected":false},"excerpt":{"rendered":"<p>Del 15 al 30 de marzo con entrada libre y gratuita. La Ruta de les Ermites 2024 dar\u00e1 inicio [&hellip;]<\/p>\n","protected":false},"author":1,"featured_media":29314,"comment_status":"open","ping_status":"open","sticky":false,"template":"","format":"standard","meta":{"_expiration-date-status":"","_expiration-date":0,"_expiration-date-type":"","_expiration-date-categories":[],"_expiration-date-options":[],"footnotes":""},"yoast_head":"<!-- This site is optimized with the Yoast SEO plugin v22.8 - https:\/\/yoast.com\/wordpress\/plugins\/seo\/ -->\n<title>El concierto inaugural de la Ruta de les Ermites ser\u00e1 en la Casa de Cultura - Altea Cultural<\/title>\n<meta name=\"robots\" content=\"index, follow, max-snippet:-1, max-image-preview:large, max-video-preview:-1\" \/>\n<link rel=\"canonical\" href=\"https:\/\/www.alteacultural.com\/es\/2024\/03\/18\/el-concert-inaugural-de-la-ruta-de-les-ermites-sera-a-la-casa-de-cultura\/\" \/>\n<meta property=\"og:locale\" content=\"es_ES\" \/>\n<meta property=\"og:type\" content=\"article\" \/>\n<meta property=\"og:title\" content=\"El concierto inaugural de la Ruta de les Ermites ser\u00e1 en la Casa de Cultura - Altea Cultural\" \/>\n<meta property=\"og:description\" content=\"Del 15 al 30 de marzo con entrada libre y gratuita. La Ruta de les Ermites 2024 dar\u00e1 inicio [&hellip;]\" \/>\n<meta property=\"og:url\" content=\"https:\/\/www.alteacultural.com\/es\/2024\/03\/18\/el-concert-inaugural-de-la-ruta-de-les-ermites-sera-a-la-casa-de-cultura\/\" \/>\n<meta property=\"og:site_name\" content=\"Altea Cultural\" \/>\n<meta property=\"article:published_time\" content=\"2024-03-18T08:55:37+00:00\" \/>\n<meta property=\"article:modified_time\" content=\"2024-03-21T16:53:14+00:00\" \/>\n<meta property=\"og:image\" content=\"https:\/\/www.alteacultural.com\/wp-content\/uploads\/2024\/03\/RutaDeLesErmites_Altea2024_Cartell-01.jpg\" \/>\n\t<meta property=\"og:image:width\" content=\"1754\" \/>\n\t<meta property=\"og:image:height\" content=\"2480\" \/>\n\t<meta property=\"og:image:type\" content=\"image\/jpeg\" \/>\n<meta name=\"author\" content=\"sfaltea.com-admin\" \/>\n<meta name=\"twitter:card\" content=\"summary_large_image\" \/>\n<meta name=\"twitter:label1\" content=\"Escrito por\" \/>\n\t<meta name=\"twitter:data1\" content=\"sfaltea.com-admin\" \/>\n\t<meta name=\"twitter:label2\" content=\"Tiempo de lectura\" \/>\n\t<meta name=\"twitter:data2\" content=\"3 minutos\" \/>\n<script type=\"application\/ld+json\" class=\"yoast-schema-graph\">{\"@context\":\"https:\/\/schema.org\",\"@graph\":[{\"@type\":\"WebPage\",\"@id\":\"https:\/\/www.alteacultural.com\/es\/2024\/03\/18\/el-concert-inaugural-de-la-ruta-de-les-ermites-sera-a-la-casa-de-cultura\/\",\"url\":\"https:\/\/www.alteacultural.com\/es\/2024\/03\/18\/el-concert-inaugural-de-la-ruta-de-les-ermites-sera-a-la-casa-de-cultura\/\",\"name\":\"El concierto inaugural de la Ruta de les Ermites ser\u00e1 en la Casa de Cultura - Altea Cultural\",\"isPartOf\":{\"@id\":\"https:\/\/www.alteacultural.com\/es\/#website\"},\"primaryImageOfPage\":{\"@id\":\"https:\/\/www.alteacultural.com\/es\/2024\/03\/18\/el-concert-inaugural-de-la-ruta-de-les-ermites-sera-a-la-casa-de-cultura\/#primaryimage\"},\"image\":{\"@id\":\"https:\/\/www.alteacultural.com\/es\/2024\/03\/18\/el-concert-inaugural-de-la-ruta-de-les-ermites-sera-a-la-casa-de-cultura\/#primaryimage\"},\"thumbnailUrl\":\"https:\/\/www.alteacultural.com\/wp-content\/uploads\/2024\/03\/RutaDeLesErmites_Altea2024_Cartell-01.jpg\",\"datePublished\":\"2024-03-18T08:55:37+00:00\",\"dateModified\":\"2024-03-21T16:53:14+00:00\",\"author\":{\"@id\":\"https:\/\/www.alteacultural.com\/es\/#\/schema\/person\/c4e137537f1af546d214a315255e5172\"},\"breadcrumb\":{\"@id\":\"https:\/\/www.alteacultural.com\/es\/2024\/03\/18\/el-concert-inaugural-de-la-ruta-de-les-ermites-sera-a-la-casa-de-cultura\/#breadcrumb\"},\"inLanguage\":\"es\",\"potentialAction\":[{\"@type\":\"ReadAction\",\"target\":[\"https:\/\/www.alteacultural.com\/es\/2024\/03\/18\/el-concert-inaugural-de-la-ruta-de-les-ermites-sera-a-la-casa-de-cultura\/\"]}]},{\"@type\":\"ImageObject\",\"inLanguage\":\"es\",\"@id\":\"https:\/\/www.alteacultural.com\/es\/2024\/03\/18\/el-concert-inaugural-de-la-ruta-de-les-ermites-sera-a-la-casa-de-cultura\/#primaryimage\",\"url\":\"https:\/\/www.alteacultural.com\/wp-content\/uploads\/2024\/03\/RutaDeLesErmites_Altea2024_Cartell-01.jpg\",\"contentUrl\":\"https:\/\/www.alteacultural.com\/wp-content\/uploads\/2024\/03\/RutaDeLesErmites_Altea2024_Cartell-01.jpg\",\"width\":1754,\"height\":2480},{\"@type\":\"BreadcrumbList\",\"@id\":\"https:\/\/www.alteacultural.com\/es\/2024\/03\/18\/el-concert-inaugural-de-la-ruta-de-les-ermites-sera-a-la-casa-de-cultura\/#breadcrumb\",\"itemListElement\":[{\"@type\":\"ListItem\",\"position\":1,\"name\":\"Inici\",\"item\":\"https:\/\/www.alteacultural.com\/es\/\"},{\"@type\":\"ListItem\",\"position\":2,\"name\":\"El concierto inaugural de la Ruta de les Ermites ser\u00e1 en la Casa de Cultura\"}]},{\"@type\":\"WebSite\",\"@id\":\"https:\/\/www.alteacultural.com\/es\/#website\",\"url\":\"https:\/\/www.alteacultural.com\/es\/\",\"name\":\"Altea Cultural\",\"description\":\"Regidoria de Cultura de l&#039;Ajuntament d&#039;Altea\",\"potentialAction\":[{\"@type\":\"SearchAction\",\"target\":{\"@type\":\"EntryPoint\",\"urlTemplate\":\"https:\/\/www.alteacultural.com\/es\/?s={search_term_string}\"},\"query-input\":\"required name=search_term_string\"}],\"inLanguage\":\"es\"},{\"@type\":\"Person\",\"@id\":\"https:\/\/www.alteacultural.com\/es\/#\/schema\/person\/c4e137537f1af546d214a315255e5172\",\"name\":\"sfaltea.com-admin\",\"image\":{\"@type\":\"ImageObject\",\"inLanguage\":\"es\",\"@id\":\"https:\/\/www.alteacultural.com\/es\/#\/schema\/person\/image\/\",\"url\":\"https:\/\/secure.gravatar.com\/avatar\/f7473fa2fbd351270ccfd469de536202?s=96&d=mm&r=g\",\"contentUrl\":\"https:\/\/secure.gravatar.com\/avatar\/f7473fa2fbd351270ccfd469de536202?s=96&d=mm&r=g\",\"caption\":\"sfaltea.com-admin\"},\"url\":\"https:\/\/www.alteacultural.com\/es\/author\/sfaltea-com-admin\/\"}]}<\/script>\n<!-- \/ Yoast SEO plugin. -->","yoast_head_json":{"title":"El concierto inaugural de la Ruta de les Ermites ser\u00e1 en la Casa de Cultura - Altea Cultural","robots":{"index":"index","follow":"follow","max-snippet":"max-snippet:-1","max-image-preview":"max-image-preview:large","max-video-preview":"max-video-preview:-1"},"canonical":"https:\/\/www.alteacultural.com\/es\/2024\/03\/18\/el-concert-inaugural-de-la-ruta-de-les-ermites-sera-a-la-casa-de-cultura\/","og_locale":"es_ES","og_type":"article","og_title":"El concierto inaugural de la Ruta de les Ermites ser\u00e1 en la Casa de Cultura - Altea Cultural","og_description":"Del 15 al 30 de marzo con entrada libre y gratuita. La Ruta de les Ermites 2024 dar\u00e1 inicio [&hellip;]","og_url":"https:\/\/www.alteacultural.com\/es\/2024\/03\/18\/el-concert-inaugural-de-la-ruta-de-les-ermites-sera-a-la-casa-de-cultura\/","og_site_name":"Altea Cultural","article_published_time":"2024-03-18T08:55:37+00:00","article_modified_time":"2024-03-21T16:53:14+00:00","og_image":[{"width":1754,"height":2480,"url":"https:\/\/www.alteacultural.com\/wp-content\/uploads\/2024\/03\/RutaDeLesErmites_Altea2024_Cartell-01.jpg","type":"image\/jpeg"}],"author":"sfaltea.com-admin","twitter_card":"summary_large_image","twitter_misc":{"Escrito por":"sfaltea.com-admin","Tiempo de lectura":"3 minutos"},"schema":{"@context":"https:\/\/schema.org","@graph":[{"@type":"WebPage","@id":"https:\/\/www.alteacultural.com\/es\/2024\/03\/18\/el-concert-inaugural-de-la-ruta-de-les-ermites-sera-a-la-casa-de-cultura\/","url":"https:\/\/www.alteacultural.com\/es\/2024\/03\/18\/el-concert-inaugural-de-la-ruta-de-les-ermites-sera-a-la-casa-de-cultura\/","name":"El concierto inaugural de la Ruta de les Ermites ser\u00e1 en la Casa de Cultura - Altea Cultural","isPartOf":{"@id":"https:\/\/www.alteacultural.com\/es\/#website"},"primaryImageOfPage":{"@id":"https:\/\/www.alteacultural.com\/es\/2024\/03\/18\/el-concert-inaugural-de-la-ruta-de-les-ermites-sera-a-la-casa-de-cultura\/#primaryimage"},"image":{"@id":"https:\/\/www.alteacultural.com\/es\/2024\/03\/18\/el-concert-inaugural-de-la-ruta-de-les-ermites-sera-a-la-casa-de-cultura\/#primaryimage"},"thumbnailUrl":"https:\/\/www.alteacultural.com\/wp-content\/uploads\/2024\/03\/RutaDeLesErmites_Altea2024_Cartell-01.jpg","datePublished":"2024-03-18T08:55:37+00:00","dateModified":"2024-03-21T16:53:14+00:00","author":{"@id":"https:\/\/www.alteacultural.com\/es\/#\/schema\/person\/c4e137537f1af546d214a315255e5172"},"breadcrumb":{"@id":"https:\/\/www.alteacultural.com\/es\/2024\/03\/18\/el-concert-inaugural-de-la-ruta-de-les-ermites-sera-a-la-casa-de-cultura\/#breadcrumb"},"inLanguage":"es","potentialAction":[{"@type":"ReadAction","target":["https:\/\/www.alteacultural.com\/es\/2024\/03\/18\/el-concert-inaugural-de-la-ruta-de-les-ermites-sera-a-la-casa-de-cultura\/"]}]},{"@type":"ImageObject","inLanguage":"es","@id":"https:\/\/www.alteacultural.com\/es\/2024\/03\/18\/el-concert-inaugural-de-la-ruta-de-les-ermites-sera-a-la-casa-de-cultura\/#primaryimage","url":"https:\/\/www.alteacultural.com\/wp-content\/uploads\/2024\/03\/RutaDeLesErmites_Altea2024_Cartell-01.jpg","contentUrl":"https:\/\/www.alteacultural.com\/wp-content\/uploads\/2024\/03\/RutaDeLesErmites_Altea2024_Cartell-01.jpg","width":1754,"height":2480},{"@type":"BreadcrumbList","@id":"https:\/\/www.alteacultural.com\/es\/2024\/03\/18\/el-concert-inaugural-de-la-ruta-de-les-ermites-sera-a-la-casa-de-cultura\/#breadcrumb","itemListElement":[{"@type":"ListItem","position":1,"name":"Inici","item":"https:\/\/www.alteacultural.com\/es\/"},{"@type":"ListItem","position":2,"name":"El concierto inaugural de la Ruta de les Ermites ser\u00e1 en la Casa de Cultura"}]},{"@type":"WebSite","@id":"https:\/\/www.alteacultural.com\/es\/#website","url":"https:\/\/www.alteacultural.com\/es\/","name":"Altea Cultural","description":"Regidoria de Cultura de l&#039;Ajuntament d&#039;Altea","potentialAction":[{"@type":"SearchAction","target":{"@type":"EntryPoint","urlTemplate":"https:\/\/www.alteacultural.com\/es\/?s={search_term_string}"},"query-input":"required name=search_term_string"}],"inLanguage":"es"},{"@type":"Person","@id":"https:\/\/www.alteacultural.com\/es\/#\/schema\/person\/c4e137537f1af546d214a315255e5172","name":"sfaltea.com-admin","image":{"@type":"ImageObject","inLanguage":"es","@id":"https:\/\/www.alteacultural.com\/es\/#\/schema\/person\/image\/","url":"https:\/\/secure.gravatar.com\/avatar\/f7473fa2fbd351270ccfd469de536202?s=96&d=mm&r=g","contentUrl":"https:\/\/secure.gravatar.com\/avatar\/f7473fa2fbd351270ccfd469de536202?s=96&d=mm&r=g","caption":"sfaltea.com-admin"},"url":"https:\/\/www.alteacultural.com\/es\/author\/sfaltea-com-admin\/"}]}},"_links":{"self":[{"href":"https:\/\/www.alteacultural.com\/es\/wp-json\/wp\/v2\/posts\/30194"}],"collection":[{"href":"https:\/\/www.alteacultural.com\/es\/wp-json\/wp\/v2\/posts"}],"about":[{"href":"https:\/\/www.alteacultural.com\/es\/wp-json\/wp\/v2\/types\/post"}],"author":[{"embeddable":true,"href":"https:\/\/www.alteacultural.com\/es\/wp-json\/wp\/v2\/users\/1"}],"replies":[{"embeddable":true,"href":"https:\/\/www.alteacultural.com\/es\/wp-json\/wp\/v2\/comments?post=30194"}],"version-history":[{"count":1,"href":"https:\/\/www.alteacultural.com\/es\/wp-json\/wp\/v2\/posts\/30194\/revisions"}],"predecessor-version":[{"id":30195,"href":"https:\/\/www.alteacultural.com\/es\/wp-json\/wp\/v2\/posts\/30194\/revisions\/30195"}],"wp:featuredmedia":[{"embeddable":true,"href":"https:\/\/www.alteacultural.com\/es\/wp-json\/wp\/v2\/media\/29314"}],"wp:attachment":[{"href":"https:\/\/www.alteacultural.com\/es\/wp-json\/wp\/v2\/media?parent=30194"}],"curies":[{"name":"wp","href":"https:\/\/api.w.org\/{rel}","templated":true}]}}