{"id":30199,"date":"2024-03-18T09:59:29","date_gmt":"2024-03-18T08:59:29","guid":{"rendered":"https:\/\/www.alteacultural.com\/2024\/03\/18\/es-posen-a-la-venda-les-entrades-de-la-tercera-edicio-del-menut-fest\/"},"modified":"2024-03-22T17:58:02","modified_gmt":"2024-03-22T16:58:02","slug":"es-posen-a-la-venda-les-entrades-de-la-tercera-edicio-del-menut-fest","status":"publish","type":"post","link":"https:\/\/www.alteacultural.com\/es\/2024\/03\/18\/es-posen-a-la-venda-les-entrades-de-la-tercera-edicio-del-menut-fest\/","title":{"rendered":"Se ponen a la venta las entradas de la tercera edici\u00f3n del Menut Fest"},"content":{"rendered":"\n<figure class=\"wp-block-image\" id=\"block-b026049a-948f-422a-abc1-dc81d07a248a\"><img decoding=\"async\" data-src=\"https:\/\/alteadigital.es\/wp-content\/uploads\/2024\/03\/presentacio-Menut-Fest-web.jpg\" alt=\"Es posen a la venda les entrades de la tercera edici\u00f3 del Menut Fest\" src=\"data:image\/gif;base64,R0lGODlhAQABAAAAACH5BAEKAAEALAAAAAABAAEAAAICTAEAOw==\" class=\"lazyload\" \/><\/figure>\n\n\n\n<p><strong>El festival tendr\u00e1 lugar el s\u00e1bado 4 de mayo a partir de las 11:00h en Villa Gadea.<\/strong><\/p>\n\n\n\n<p>Las concejal\u00edas de Cultura y Educaci\u00f3n, regidas por Pepa Victoria P\u00e9rez y Xelo Gonz\u00e1lez, respectivamente, e Isabel Mart\u00ednez, coordinadora de la actividad, han presentado en la ma\u00f1ana de hoy la que ser\u00e1 la tercera edici\u00f3n del \u201cMenut Fest\u201d. Festival que tendr\u00e1 lugar en s\u00e1bado 4 de mayo en los jardines de Villa Gadea, en horario de 11:00 a 19:00h y cuyas 800 entradas han sido puestas a la venta hoy mismo en&nbsp;<a href=\"http:\/\/www.alteacultural.com\/\">www.alteacultural.com<\/a>.<\/p>\n\n\n\n<p>\u201cEs la tercera edici\u00f3n del Menut Fest y las dos primeras fueron un \u00e9xito rotundo, las entradas se agotaron pronto y esperamos que este a\u00f1o pase lo mismo\u201d; ha comentado Pepa Victoria P\u00e9rez.<\/p>\n\n\n\n<p>La edil de Cultura ha explicado que la empresa Salmaia es la encargada de la organizaci\u00f3n del Menut Fest con el soporte de las concejal\u00edas de Educaci\u00f3n y Cultura. \u201cSer\u00e1 un d\u00eda en el que todos los asistentes lo pasaremos de maravilla con m\u00fasica, talleres, diferentes actividades e invitamos a la gente de Altea y de la Comarca a participar\u201d; ha apuntado la responsable municipal de Cultura.<\/p>\n\n\n\n<p>Ha sido Isabel Mart\u00ednez, quien ha dado los detalles de esta nueva edici\u00f3n del Menut Fest y ha calificado como \u201cuna cita en la que toda la familia puede pasarlo bien en un proyecto que considero tan necesario&nbsp; para todos los ni\u00f1os. Es un proyecto formativo, educativo que tiene como principal misi\u00f3n tratar de poner en valor las disciplinas art\u00edsticas, el medio ambiente, la solidaridad, la paz, el feminismo, entre otros y considero que esta es una manera de educar a los m\u00e1s peque\u00f1os a trav\u00e9s de la diversi\u00f3n, porque no deja de ser un d\u00eda que pasamos en familia\u201d.<\/p>\n\n\n\n<p>El precio de las entradas es de 0 euros para los m\u00e1s peque\u00f1os de 0 a 2 a\u00f1os; de 3 a 11 a\u00f1os el coste de la entrada es de 7\u20ac y a partir de los 12 a\u00f1os el precio de la entrada es de 13\u20ac. La entrada incluye todo el d\u00eda al recinto de \u201cEl Menut\u201d.<\/p>\n\n\n\n<p>En cuanto a las actuaciones que se van a llevar a cabo, Mart\u00ednez ha desvelado que el grupo Iruixa&amp;Skargots ser\u00e1n los encargados del Ska en valenciano; el grupo Happening, una banda de pop y La Chica Charcos de m\u00fasica folk.<\/p>\n\n\n\n<p>Adem\u00e1s, durante todo el d\u00eda estar\u00e1 habilitada una zona de juegos de madera, pinta caras y dos talleres; uno de circo y otro de grafiti, m\u00e1s otras sorpresas.<\/p>\n\n\n\n<p>Como ha recordado la coordinadora de la actividad, al recinto se puede entrar comida, pero tambi\u00e9n habr\u00e1 una barra de comida y bebida con productos para los mayores y para los peque\u00f1os. As\u00ed como habr\u00e1 una zona de picnic.<\/p>\n\n\n\n<p>Finalmente, la edil de Educaci\u00f3n, Xelo Gonz\u00e1lez ha invitado a la participaci\u00f3n y ha agradecido que \u201cestos proyectos vean la luz y consideramos que es un buen d\u00eda para pasarlo en familia, en el que peque\u00f1os y mayores podemos disfrutar de este d\u00eda de hermandad y fiesta\u201d.<\/p>\n\n\n\n<p>Gonz\u00e1lez ha manifestado satisfacci\u00f3n \u201cpor la celebraci\u00f3n de este tipo de convivencias en las que los ni\u00f1os pueden conocer otras culturas y hacer amigos en este d\u00eda al aire libre\u201d. |ALTEADIGITAL.ES<\/p>\n\n\n\n<div class=\"wp-block-image\"><figure class=\"aligncenter\"><img decoding=\"async\" data-src=\"https:\/\/alteadigital.es\/wp-content\/uploads\/2024\/03\/horaris-Menut-Fest-web.jpg\" alt=\"\" class=\"wp-image-116433 lazyload\" src=\"data:image\/gif;base64,R0lGODlhAQABAAAAACH5BAEKAAEALAAAAAABAAEAAAICTAEAOw==\" \/><\/figure><\/div>\n","protected":false},"excerpt":{"rendered":"<p>El festival tendr\u00e1 lugar el s\u00e1bado 4 de mayo a partir de las 11:00h en Villa Gadea. Las concejal\u00edas [&hellip;]<\/p>\n","protected":false},"author":1,"featured_media":30041,"comment_status":"open","ping_status":"open","sticky":false,"template":"","format":"standard","meta":{"_expiration-date-status":"","_expiration-date":0,"_expiration-date-type":"","_expiration-date-categories":[],"_expiration-date-options":[],"footnotes":""},"yoast_head":"<!-- This site is optimized with the Yoast SEO plugin v22.8 - https:\/\/yoast.com\/wordpress\/plugins\/seo\/ -->\n<title>Se ponen a la venta las entradas de la tercera edici\u00f3n del Menut Fest - Altea Cultural<\/title>\n<meta name=\"robots\" content=\"index, follow, max-snippet:-1, max-image-preview:large, max-video-preview:-1\" \/>\n<link rel=\"canonical\" href=\"https:\/\/www.alteacultural.com\/es\/2024\/03\/18\/es-posen-a-la-venda-les-entrades-de-la-tercera-edicio-del-menut-fest\/\" \/>\n<meta property=\"og:locale\" content=\"es_ES\" \/>\n<meta property=\"og:type\" content=\"article\" \/>\n<meta property=\"og:title\" content=\"Se ponen a la venta las entradas de la tercera edici\u00f3n del Menut Fest - Altea Cultural\" \/>\n<meta property=\"og:description\" content=\"El festival tendr\u00e1 lugar el s\u00e1bado 4 de mayo a partir de las 11:00h en Villa Gadea. Las concejal\u00edas [&hellip;]\" \/>\n<meta property=\"og:url\" content=\"https:\/\/www.alteacultural.com\/es\/2024\/03\/18\/es-posen-a-la-venda-les-entrades-de-la-tercera-edicio-del-menut-fest\/\" \/>\n<meta property=\"og:site_name\" content=\"Altea Cultural\" \/>\n<meta property=\"article:published_time\" content=\"2024-03-18T08:59:29+00:00\" \/>\n<meta property=\"article:modified_time\" content=\"2024-03-22T16:58:02+00:00\" \/>\n<meta property=\"og:image\" content=\"https:\/\/www.alteacultural.com\/wp-content\/uploads\/2024\/03\/MenutFest_Altea_2024_HorariActivitats.png\" \/>\n\t<meta property=\"og:image:width\" content=\"1080\" \/>\n\t<meta property=\"og:image:height\" content=\"1350\" \/>\n\t<meta property=\"og:image:type\" content=\"image\/png\" \/>\n<meta name=\"author\" content=\"sfaltea.com-admin\" \/>\n<meta name=\"twitter:card\" content=\"summary_large_image\" \/>\n<meta name=\"twitter:label1\" content=\"Escrito por\" \/>\n\t<meta name=\"twitter:data1\" content=\"sfaltea.com-admin\" \/>\n\t<meta name=\"twitter:label2\" content=\"Tiempo de lectura\" \/>\n\t<meta name=\"twitter:data2\" content=\"3 minutos\" \/>\n<script type=\"application\/ld+json\" class=\"yoast-schema-graph\">{\"@context\":\"https:\/\/schema.org\",\"@graph\":[{\"@type\":\"WebPage\",\"@id\":\"https:\/\/www.alteacultural.com\/es\/2024\/03\/18\/es-posen-a-la-venda-les-entrades-de-la-tercera-edicio-del-menut-fest\/\",\"url\":\"https:\/\/www.alteacultural.com\/es\/2024\/03\/18\/es-posen-a-la-venda-les-entrades-de-la-tercera-edicio-del-menut-fest\/\",\"name\":\"Se ponen a la venta las entradas de la tercera edici\u00f3n del Menut Fest - Altea Cultural\",\"isPartOf\":{\"@id\":\"https:\/\/www.alteacultural.com\/es\/#website\"},\"primaryImageOfPage\":{\"@id\":\"https:\/\/www.alteacultural.com\/es\/2024\/03\/18\/es-posen-a-la-venda-les-entrades-de-la-tercera-edicio-del-menut-fest\/#primaryimage\"},\"image\":{\"@id\":\"https:\/\/www.alteacultural.com\/es\/2024\/03\/18\/es-posen-a-la-venda-les-entrades-de-la-tercera-edicio-del-menut-fest\/#primaryimage\"},\"thumbnailUrl\":\"https:\/\/www.alteacultural.com\/wp-content\/uploads\/2024\/03\/MenutFest_Altea_2024_HorariActivitats.png\",\"datePublished\":\"2024-03-18T08:59:29+00:00\",\"dateModified\":\"2024-03-22T16:58:02+00:00\",\"author\":{\"@id\":\"https:\/\/www.alteacultural.com\/es\/#\/schema\/person\/c4e137537f1af546d214a315255e5172\"},\"breadcrumb\":{\"@id\":\"https:\/\/www.alteacultural.com\/es\/2024\/03\/18\/es-posen-a-la-venda-les-entrades-de-la-tercera-edicio-del-menut-fest\/#breadcrumb\"},\"inLanguage\":\"es\",\"potentialAction\":[{\"@type\":\"ReadAction\",\"target\":[\"https:\/\/www.alteacultural.com\/es\/2024\/03\/18\/es-posen-a-la-venda-les-entrades-de-la-tercera-edicio-del-menut-fest\/\"]}]},{\"@type\":\"ImageObject\",\"inLanguage\":\"es\",\"@id\":\"https:\/\/www.alteacultural.com\/es\/2024\/03\/18\/es-posen-a-la-venda-les-entrades-de-la-tercera-edicio-del-menut-fest\/#primaryimage\",\"url\":\"https:\/\/www.alteacultural.com\/wp-content\/uploads\/2024\/03\/MenutFest_Altea_2024_HorariActivitats.png\",\"contentUrl\":\"https:\/\/www.alteacultural.com\/wp-content\/uploads\/2024\/03\/MenutFest_Altea_2024_HorariActivitats.png\",\"width\":1080,\"height\":1350},{\"@type\":\"BreadcrumbList\",\"@id\":\"https:\/\/www.alteacultural.com\/es\/2024\/03\/18\/es-posen-a-la-venda-les-entrades-de-la-tercera-edicio-del-menut-fest\/#breadcrumb\",\"itemListElement\":[{\"@type\":\"ListItem\",\"position\":1,\"name\":\"Inici\",\"item\":\"https:\/\/www.alteacultural.com\/es\/\"},{\"@type\":\"ListItem\",\"position\":2,\"name\":\"Se ponen a la venta las entradas de la tercera edici\u00f3n del Menut Fest\"}]},{\"@type\":\"WebSite\",\"@id\":\"https:\/\/www.alteacultural.com\/es\/#website\",\"url\":\"https:\/\/www.alteacultural.com\/es\/\",\"name\":\"Altea Cultural\",\"description\":\"Regidoria de Cultura de l&#039;Ajuntament d&#039;Altea\",\"potentialAction\":[{\"@type\":\"SearchAction\",\"target\":{\"@type\":\"EntryPoint\",\"urlTemplate\":\"https:\/\/www.alteacultural.com\/es\/?s={search_term_string}\"},\"query-input\":\"required name=search_term_string\"}],\"inLanguage\":\"es\"},{\"@type\":\"Person\",\"@id\":\"https:\/\/www.alteacultural.com\/es\/#\/schema\/person\/c4e137537f1af546d214a315255e5172\",\"name\":\"sfaltea.com-admin\",\"image\":{\"@type\":\"ImageObject\",\"inLanguage\":\"es\",\"@id\":\"https:\/\/www.alteacultural.com\/es\/#\/schema\/person\/image\/\",\"url\":\"https:\/\/secure.gravatar.com\/avatar\/f7473fa2fbd351270ccfd469de536202?s=96&d=mm&r=g\",\"contentUrl\":\"https:\/\/secure.gravatar.com\/avatar\/f7473fa2fbd351270ccfd469de536202?s=96&d=mm&r=g\",\"caption\":\"sfaltea.com-admin\"},\"url\":\"https:\/\/www.alteacultural.com\/es\/author\/sfaltea-com-admin\/\"}]}<\/script>\n<!-- \/ Yoast SEO plugin. -->","yoast_head_json":{"title":"Se ponen a la venta las entradas de la tercera edici\u00f3n del Menut Fest - Altea Cultural","robots":{"index":"index","follow":"follow","max-snippet":"max-snippet:-1","max-image-preview":"max-image-preview:large","max-video-preview":"max-video-preview:-1"},"canonical":"https:\/\/www.alteacultural.com\/es\/2024\/03\/18\/es-posen-a-la-venda-les-entrades-de-la-tercera-edicio-del-menut-fest\/","og_locale":"es_ES","og_type":"article","og_title":"Se ponen a la venta las entradas de la tercera edici\u00f3n del Menut Fest - Altea Cultural","og_description":"El festival tendr\u00e1 lugar el s\u00e1bado 4 de mayo a partir de las 11:00h en Villa Gadea. Las concejal\u00edas [&hellip;]","og_url":"https:\/\/www.alteacultural.com\/es\/2024\/03\/18\/es-posen-a-la-venda-les-entrades-de-la-tercera-edicio-del-menut-fest\/","og_site_name":"Altea Cultural","article_published_time":"2024-03-18T08:59:29+00:00","article_modified_time":"2024-03-22T16:58:02+00:00","og_image":[{"width":1080,"height":1350,"url":"https:\/\/www.alteacultural.com\/wp-content\/uploads\/2024\/03\/MenutFest_Altea_2024_HorariActivitats.png","type":"image\/png"}],"author":"sfaltea.com-admin","twitter_card":"summary_large_image","twitter_misc":{"Escrito por":"sfaltea.com-admin","Tiempo de lectura":"3 minutos"},"schema":{"@context":"https:\/\/schema.org","@graph":[{"@type":"WebPage","@id":"https:\/\/www.alteacultural.com\/es\/2024\/03\/18\/es-posen-a-la-venda-les-entrades-de-la-tercera-edicio-del-menut-fest\/","url":"https:\/\/www.alteacultural.com\/es\/2024\/03\/18\/es-posen-a-la-venda-les-entrades-de-la-tercera-edicio-del-menut-fest\/","name":"Se ponen a la venta las entradas de la tercera edici\u00f3n del Menut Fest - Altea Cultural","isPartOf":{"@id":"https:\/\/www.alteacultural.com\/es\/#website"},"primaryImageOfPage":{"@id":"https:\/\/www.alteacultural.com\/es\/2024\/03\/18\/es-posen-a-la-venda-les-entrades-de-la-tercera-edicio-del-menut-fest\/#primaryimage"},"image":{"@id":"https:\/\/www.alteacultural.com\/es\/2024\/03\/18\/es-posen-a-la-venda-les-entrades-de-la-tercera-edicio-del-menut-fest\/#primaryimage"},"thumbnailUrl":"https:\/\/www.alteacultural.com\/wp-content\/uploads\/2024\/03\/MenutFest_Altea_2024_HorariActivitats.png","datePublished":"2024-03-18T08:59:29+00:00","dateModified":"2024-03-22T16:58:02+00:00","author":{"@id":"https:\/\/www.alteacultural.com\/es\/#\/schema\/person\/c4e137537f1af546d214a315255e5172"},"breadcrumb":{"@id":"https:\/\/www.alteacultural.com\/es\/2024\/03\/18\/es-posen-a-la-venda-les-entrades-de-la-tercera-edicio-del-menut-fest\/#breadcrumb"},"inLanguage":"es","potentialAction":[{"@type":"ReadAction","target":["https:\/\/www.alteacultural.com\/es\/2024\/03\/18\/es-posen-a-la-venda-les-entrades-de-la-tercera-edicio-del-menut-fest\/"]}]},{"@type":"ImageObject","inLanguage":"es","@id":"https:\/\/www.alteacultural.com\/es\/2024\/03\/18\/es-posen-a-la-venda-les-entrades-de-la-tercera-edicio-del-menut-fest\/#primaryimage","url":"https:\/\/www.alteacultural.com\/wp-content\/uploads\/2024\/03\/MenutFest_Altea_2024_HorariActivitats.png","contentUrl":"https:\/\/www.alteacultural.com\/wp-content\/uploads\/2024\/03\/MenutFest_Altea_2024_HorariActivitats.png","width":1080,"height":1350},{"@type":"BreadcrumbList","@id":"https:\/\/www.alteacultural.com\/es\/2024\/03\/18\/es-posen-a-la-venda-les-entrades-de-la-tercera-edicio-del-menut-fest\/#breadcrumb","itemListElement":[{"@type":"ListItem","position":1,"name":"Inici","item":"https:\/\/www.alteacultural.com\/es\/"},{"@type":"ListItem","position":2,"name":"Se ponen a la venta las entradas de la tercera edici\u00f3n del Menut Fest"}]},{"@type":"WebSite","@id":"https:\/\/www.alteacultural.com\/es\/#website","url":"https:\/\/www.alteacultural.com\/es\/","name":"Altea Cultural","description":"Regidoria de Cultura de l&#039;Ajuntament d&#039;Altea","potentialAction":[{"@type":"SearchAction","target":{"@type":"EntryPoint","urlTemplate":"https:\/\/www.alteacultural.com\/es\/?s={search_term_string}"},"query-input":"required name=search_term_string"}],"inLanguage":"es"},{"@type":"Person","@id":"https:\/\/www.alteacultural.com\/es\/#\/schema\/person\/c4e137537f1af546d214a315255e5172","name":"sfaltea.com-admin","image":{"@type":"ImageObject","inLanguage":"es","@id":"https:\/\/www.alteacultural.com\/es\/#\/schema\/person\/image\/","url":"https:\/\/secure.gravatar.com\/avatar\/f7473fa2fbd351270ccfd469de536202?s=96&d=mm&r=g","contentUrl":"https:\/\/secure.gravatar.com\/avatar\/f7473fa2fbd351270ccfd469de536202?s=96&d=mm&r=g","caption":"sfaltea.com-admin"},"url":"https:\/\/www.alteacultural.com\/es\/author\/sfaltea-com-admin\/"}]}},"_links":{"self":[{"href":"https:\/\/www.alteacultural.com\/es\/wp-json\/wp\/v2\/posts\/30199"}],"collection":[{"href":"https:\/\/www.alteacultural.com\/es\/wp-json\/wp\/v2\/posts"}],"about":[{"href":"https:\/\/www.alteacultural.com\/es\/wp-json\/wp\/v2\/types\/post"}],"author":[{"embeddable":true,"href":"https:\/\/www.alteacultural.com\/es\/wp-json\/wp\/v2\/users\/1"}],"replies":[{"embeddable":true,"href":"https:\/\/www.alteacultural.com\/es\/wp-json\/wp\/v2\/comments?post=30199"}],"version-history":[{"count":1,"href":"https:\/\/www.alteacultural.com\/es\/wp-json\/wp\/v2\/posts\/30199\/revisions"}],"predecessor-version":[{"id":30200,"href":"https:\/\/www.alteacultural.com\/es\/wp-json\/wp\/v2\/posts\/30199\/revisions\/30200"}],"wp:featuredmedia":[{"embeddable":true,"href":"https:\/\/www.alteacultural.com\/es\/wp-json\/wp\/v2\/media\/30041"}],"wp:attachment":[{"href":"https:\/\/www.alteacultural.com\/es\/wp-json\/wp\/v2\/media?parent=30199"}],"curies":[{"name":"wp","href":"https:\/\/api.w.org\/{rel}","templated":true}]}}