{"id":30204,"date":"2024-03-18T21:35:30","date_gmt":"2024-03-18T20:35:30","guid":{"rendered":"https:\/\/www.alteacultural.com\/2024\/03\/18\/finalistes-premis-altea-2024\/"},"modified":"2024-03-18T21:44:16","modified_gmt":"2024-03-18T20:44:16","slug":"finalistes-premis-altea-2024","status":"publish","type":"post","link":"https:\/\/www.alteacultural.com\/es\/2024\/03\/18\/finalistes-premis-altea-2024\/","title":{"rendered":"Finalistes Premis Altea 2024"},"content":{"rendered":"\n<p>El jurat del <strong>Premi Francesc Mart\u00ednez i Mart\u00ednez d\u2019Assaig i Investigaci\u00f3<\/strong> (dotat amb 3.000 \u20ac), format per Miquel del Rey Aynat (guanyador de l\u2019anterior edici\u00f3), Maribel Guardiola Savall (Institut Alacant\u00ed de Cultura Juan Gil-Albert) i Josep Martines Peres (Acad\u00e8mia Valenciana de la Llengua) han seleccionat com a obres finalistes: <br><strong>a)<\/strong> una aportaci\u00f3 molt s\u00f2lida a la recollida, el coneixement i la difusi\u00f3 del patrimoni literari popular de T\u00e0rbena (Marina Baixa)<br><strong>b)<\/strong> un viatge, ric en dades i en passi\u00f3, a l\u2019entorn de la pilota valenciana com a pe\u00e7a fonamental de la cultura valenciana; i <br><strong>c)<\/strong> una an\u00e0lisi met\u00f2dica de l\u2019impacte que el genial Ausi\u00e0s March va tenir en la cultura catalana i valenciana del segle XIX.<\/p>\n\n\n\n<p>El Jurat del <strong>Premi Altea de Literatura Infantil i Juvenil <\/strong>(amb 4.000 \u20ac de dotaci\u00f3) \u00e9s integrat per David Boteller Mas (guanyador de l\u2019edici\u00f3 anterior), Anna Esteve Guill\u00e9n (Universitat d\u2019Alacant) i \u00c0ngels Gregori Parra (Acad\u00e8mia Valenciana de la Llengua). Ha seleccionat com a obres finalistes: <br><strong>a) <\/strong>una novel\u00b7la amb forta pres\u00e8ncia del g\u00e8nere epistolar que remet a una hist\u00f2ria real ambientada en la guerra civil; <br><strong>b)<\/strong> una novel\u00b7la breu amb una trama sentimental, protagonitzada per una jove a la recerca de la seua identitat; i <br><strong>c)<\/strong> una novel\u00b7la hist\u00f2rica ambientada en terres valencianes i protagonitzada per un jove cam\u00ed de la maduresa.<\/p>\n\n\n\n<p>El Jurat del <strong>Premi Carmelina S\u00e1nchez-Cutillas de Novel\u00b7la i Prosa Creativa<\/strong>, dotat amb 5.000 \u20ac per la Fundaci\u00f3 Caixaltea, \u00e9s integrat per Enric Balaguer Pascual (Universitat d\u2019Alacant), Carme Manuel Cuenca (Acad\u00e8mia Valenciana de la Llengua) i Xavier M\u00ednguez L\u00f3pez (autor guanyador de l\u2019edici\u00f3 anterior). Haur\u00e0 d\u2019elegir l\u2019obra guanyadora entre: <br><strong>a)<\/strong> una novel\u00b7la ambientada en els primers anys de la postguerra espanyola que retrata la dura realitat d\u2019uns personatges que arrosseguen un t\u00e8rbol passat de tra\u00efcions i enganys; <br><strong>b)<\/strong> una novel\u00b7la hist\u00f2rica ambientada en el segle XIV en un ll\u00f2brec monestir entre muntanyes on ocorren fets inexplicables; i <br><strong>c)<\/strong> un relat intimista en qu\u00e8 una dona ha de trencar amb el seu passat ple de fantasmes, silencis i solituds per tal de retrobar-se amb ella mateixa.<\/p>\n\n\n\n<p><br>La resoluci\u00f3 dels premis, amb determinaci\u00f3 de les obres guanyadores, tindr\u00e0 lloc en la <a href=\"https:\/\/www.alteacultural.com\/events\/gran-gala-sopar-dels-premis-altea-2024\/\">Gala-Sopar a l\u2019Espai Mirador del Palau Altea Centre d\u2019Arts, aquest pr\u00f2xim dissabte 23 de mar\u00e7, a partir de les 20:00 h<\/a>.<\/p>\n","protected":false},"excerpt":{"rendered":"<p>El jurat del Premi Francesc Mart\u00ednez i Mart\u00ednez d\u2019Assaig i Investigaci\u00f3 (dotat amb 3.000 \u20ac), format per Miquel del [&hellip;]<\/p>\n","protected":false},"author":1,"featured_media":16626,"comment_status":"open","ping_status":"open","sticky":false,"template":"","format":"standard","meta":{"_expiration-date-status":"","_expiration-date":0,"_expiration-date-type":"","_expiration-date-categories":[],"_expiration-date-options":[],"footnotes":""},"yoast_head":"<!-- This site is optimized with the Yoast SEO plugin v22.8 - https:\/\/yoast.com\/wordpress\/plugins\/seo\/ -->\n<title>Finalistes Premis Altea 2024 - Altea Cultural<\/title>\n<meta name=\"robots\" content=\"index, follow, max-snippet:-1, max-image-preview:large, max-video-preview:-1\" \/>\n<link rel=\"canonical\" href=\"https:\/\/www.alteacultural.com\/es\/2024\/03\/18\/finalistes-premis-altea-2024\/\" \/>\n<meta property=\"og:locale\" content=\"es_ES\" \/>\n<meta property=\"og:type\" content=\"article\" \/>\n<meta property=\"og:title\" content=\"Finalistes Premis Altea 2024 - Altea Cultural\" \/>\n<meta property=\"og:description\" content=\"El jurat del Premi Francesc Mart\u00ednez i Mart\u00ednez d\u2019Assaig i Investigaci\u00f3 (dotat amb 3.000 \u20ac), format per Miquel del [&hellip;]\" \/>\n<meta property=\"og:url\" content=\"https:\/\/www.alteacultural.com\/es\/2024\/03\/18\/finalistes-premis-altea-2024\/\" \/>\n<meta property=\"og:site_name\" content=\"Altea Cultural\" \/>\n<meta property=\"article:published_time\" content=\"2024-03-18T20:35:30+00:00\" \/>\n<meta property=\"article:modified_time\" content=\"2024-03-18T20:44:16+00:00\" \/>\n<meta property=\"og:image\" content=\"https:\/\/www.alteacultural.com\/wp-content\/uploads\/2022\/03\/gala_premis_altea_2019-scaled.jpg\" \/>\n\t<meta property=\"og:image:width\" content=\"2560\" \/>\n\t<meta property=\"og:image:height\" content=\"1260\" \/>\n\t<meta property=\"og:image:type\" content=\"image\/jpeg\" \/>\n<meta name=\"author\" content=\"sfaltea.com-admin\" \/>\n<meta name=\"twitter:card\" content=\"summary_large_image\" \/>\n<meta name=\"twitter:label1\" content=\"Escrito por\" \/>\n\t<meta name=\"twitter:data1\" content=\"sfaltea.com-admin\" \/>\n\t<meta name=\"twitter:label2\" content=\"Tiempo de lectura\" \/>\n\t<meta name=\"twitter:data2\" content=\"2 minutos\" \/>\n<script type=\"application\/ld+json\" class=\"yoast-schema-graph\">{\"@context\":\"https:\/\/schema.org\",\"@graph\":[{\"@type\":\"WebPage\",\"@id\":\"https:\/\/www.alteacultural.com\/es\/2024\/03\/18\/finalistes-premis-altea-2024\/\",\"url\":\"https:\/\/www.alteacultural.com\/es\/2024\/03\/18\/finalistes-premis-altea-2024\/\",\"name\":\"Finalistes Premis Altea 2024 - Altea Cultural\",\"isPartOf\":{\"@id\":\"https:\/\/www.alteacultural.com\/es\/#website\"},\"primaryImageOfPage\":{\"@id\":\"https:\/\/www.alteacultural.com\/es\/2024\/03\/18\/finalistes-premis-altea-2024\/#primaryimage\"},\"image\":{\"@id\":\"https:\/\/www.alteacultural.com\/es\/2024\/03\/18\/finalistes-premis-altea-2024\/#primaryimage\"},\"thumbnailUrl\":\"https:\/\/www.alteacultural.com\/wp-content\/uploads\/2022\/03\/gala_premis_altea_2019-scaled.jpg\",\"datePublished\":\"2024-03-18T20:35:30+00:00\",\"dateModified\":\"2024-03-18T20:44:16+00:00\",\"author\":{\"@id\":\"https:\/\/www.alteacultural.com\/es\/#\/schema\/person\/c4e137537f1af546d214a315255e5172\"},\"breadcrumb\":{\"@id\":\"https:\/\/www.alteacultural.com\/es\/2024\/03\/18\/finalistes-premis-altea-2024\/#breadcrumb\"},\"inLanguage\":\"es\",\"potentialAction\":[{\"@type\":\"ReadAction\",\"target\":[\"https:\/\/www.alteacultural.com\/es\/2024\/03\/18\/finalistes-premis-altea-2024\/\"]}]},{\"@type\":\"ImageObject\",\"inLanguage\":\"es\",\"@id\":\"https:\/\/www.alteacultural.com\/es\/2024\/03\/18\/finalistes-premis-altea-2024\/#primaryimage\",\"url\":\"https:\/\/www.alteacultural.com\/wp-content\/uploads\/2022\/03\/gala_premis_altea_2019-scaled.jpg\",\"contentUrl\":\"https:\/\/www.alteacultural.com\/wp-content\/uploads\/2022\/03\/gala_premis_altea_2019-scaled.jpg\",\"width\":2560,\"height\":1260},{\"@type\":\"BreadcrumbList\",\"@id\":\"https:\/\/www.alteacultural.com\/es\/2024\/03\/18\/finalistes-premis-altea-2024\/#breadcrumb\",\"itemListElement\":[{\"@type\":\"ListItem\",\"position\":1,\"name\":\"Inici\",\"item\":\"https:\/\/www.alteacultural.com\/es\/\"},{\"@type\":\"ListItem\",\"position\":2,\"name\":\"Finalistes Premis Altea 2024\"}]},{\"@type\":\"WebSite\",\"@id\":\"https:\/\/www.alteacultural.com\/es\/#website\",\"url\":\"https:\/\/www.alteacultural.com\/es\/\",\"name\":\"Altea Cultural\",\"description\":\"Regidoria de Cultura de l&#039;Ajuntament d&#039;Altea\",\"potentialAction\":[{\"@type\":\"SearchAction\",\"target\":{\"@type\":\"EntryPoint\",\"urlTemplate\":\"https:\/\/www.alteacultural.com\/es\/?s={search_term_string}\"},\"query-input\":\"required name=search_term_string\"}],\"inLanguage\":\"es\"},{\"@type\":\"Person\",\"@id\":\"https:\/\/www.alteacultural.com\/es\/#\/schema\/person\/c4e137537f1af546d214a315255e5172\",\"name\":\"sfaltea.com-admin\",\"image\":{\"@type\":\"ImageObject\",\"inLanguage\":\"es\",\"@id\":\"https:\/\/www.alteacultural.com\/es\/#\/schema\/person\/image\/\",\"url\":\"https:\/\/secure.gravatar.com\/avatar\/f7473fa2fbd351270ccfd469de536202?s=96&d=mm&r=g\",\"contentUrl\":\"https:\/\/secure.gravatar.com\/avatar\/f7473fa2fbd351270ccfd469de536202?s=96&d=mm&r=g\",\"caption\":\"sfaltea.com-admin\"},\"url\":\"https:\/\/www.alteacultural.com\/es\/author\/sfaltea-com-admin\/\"}]}<\/script>\n<!-- \/ Yoast SEO plugin. -->","yoast_head_json":{"title":"Finalistes Premis Altea 2024 - Altea Cultural","robots":{"index":"index","follow":"follow","max-snippet":"max-snippet:-1","max-image-preview":"max-image-preview:large","max-video-preview":"max-video-preview:-1"},"canonical":"https:\/\/www.alteacultural.com\/es\/2024\/03\/18\/finalistes-premis-altea-2024\/","og_locale":"es_ES","og_type":"article","og_title":"Finalistes Premis Altea 2024 - Altea Cultural","og_description":"El jurat del Premi Francesc Mart\u00ednez i Mart\u00ednez d\u2019Assaig i Investigaci\u00f3 (dotat amb 3.000 \u20ac), format per Miquel del [&hellip;]","og_url":"https:\/\/www.alteacultural.com\/es\/2024\/03\/18\/finalistes-premis-altea-2024\/","og_site_name":"Altea Cultural","article_published_time":"2024-03-18T20:35:30+00:00","article_modified_time":"2024-03-18T20:44:16+00:00","og_image":[{"width":2560,"height":1260,"url":"https:\/\/www.alteacultural.com\/wp-content\/uploads\/2022\/03\/gala_premis_altea_2019-scaled.jpg","type":"image\/jpeg"}],"author":"sfaltea.com-admin","twitter_card":"summary_large_image","twitter_misc":{"Escrito por":"sfaltea.com-admin","Tiempo de lectura":"2 minutos"},"schema":{"@context":"https:\/\/schema.org","@graph":[{"@type":"WebPage","@id":"https:\/\/www.alteacultural.com\/es\/2024\/03\/18\/finalistes-premis-altea-2024\/","url":"https:\/\/www.alteacultural.com\/es\/2024\/03\/18\/finalistes-premis-altea-2024\/","name":"Finalistes Premis Altea 2024 - Altea Cultural","isPartOf":{"@id":"https:\/\/www.alteacultural.com\/es\/#website"},"primaryImageOfPage":{"@id":"https:\/\/www.alteacultural.com\/es\/2024\/03\/18\/finalistes-premis-altea-2024\/#primaryimage"},"image":{"@id":"https:\/\/www.alteacultural.com\/es\/2024\/03\/18\/finalistes-premis-altea-2024\/#primaryimage"},"thumbnailUrl":"https:\/\/www.alteacultural.com\/wp-content\/uploads\/2022\/03\/gala_premis_altea_2019-scaled.jpg","datePublished":"2024-03-18T20:35:30+00:00","dateModified":"2024-03-18T20:44:16+00:00","author":{"@id":"https:\/\/www.alteacultural.com\/es\/#\/schema\/person\/c4e137537f1af546d214a315255e5172"},"breadcrumb":{"@id":"https:\/\/www.alteacultural.com\/es\/2024\/03\/18\/finalistes-premis-altea-2024\/#breadcrumb"},"inLanguage":"es","potentialAction":[{"@type":"ReadAction","target":["https:\/\/www.alteacultural.com\/es\/2024\/03\/18\/finalistes-premis-altea-2024\/"]}]},{"@type":"ImageObject","inLanguage":"es","@id":"https:\/\/www.alteacultural.com\/es\/2024\/03\/18\/finalistes-premis-altea-2024\/#primaryimage","url":"https:\/\/www.alteacultural.com\/wp-content\/uploads\/2022\/03\/gala_premis_altea_2019-scaled.jpg","contentUrl":"https:\/\/www.alteacultural.com\/wp-content\/uploads\/2022\/03\/gala_premis_altea_2019-scaled.jpg","width":2560,"height":1260},{"@type":"BreadcrumbList","@id":"https:\/\/www.alteacultural.com\/es\/2024\/03\/18\/finalistes-premis-altea-2024\/#breadcrumb","itemListElement":[{"@type":"ListItem","position":1,"name":"Inici","item":"https:\/\/www.alteacultural.com\/es\/"},{"@type":"ListItem","position":2,"name":"Finalistes Premis Altea 2024"}]},{"@type":"WebSite","@id":"https:\/\/www.alteacultural.com\/es\/#website","url":"https:\/\/www.alteacultural.com\/es\/","name":"Altea Cultural","description":"Regidoria de Cultura de l&#039;Ajuntament d&#039;Altea","potentialAction":[{"@type":"SearchAction","target":{"@type":"EntryPoint","urlTemplate":"https:\/\/www.alteacultural.com\/es\/?s={search_term_string}"},"query-input":"required name=search_term_string"}],"inLanguage":"es"},{"@type":"Person","@id":"https:\/\/www.alteacultural.com\/es\/#\/schema\/person\/c4e137537f1af546d214a315255e5172","name":"sfaltea.com-admin","image":{"@type":"ImageObject","inLanguage":"es","@id":"https:\/\/www.alteacultural.com\/es\/#\/schema\/person\/image\/","url":"https:\/\/secure.gravatar.com\/avatar\/f7473fa2fbd351270ccfd469de536202?s=96&d=mm&r=g","contentUrl":"https:\/\/secure.gravatar.com\/avatar\/f7473fa2fbd351270ccfd469de536202?s=96&d=mm&r=g","caption":"sfaltea.com-admin"},"url":"https:\/\/www.alteacultural.com\/es\/author\/sfaltea-com-admin\/"}]}},"_links":{"self":[{"href":"https:\/\/www.alteacultural.com\/es\/wp-json\/wp\/v2\/posts\/30204"}],"collection":[{"href":"https:\/\/www.alteacultural.com\/es\/wp-json\/wp\/v2\/posts"}],"about":[{"href":"https:\/\/www.alteacultural.com\/es\/wp-json\/wp\/v2\/types\/post"}],"author":[{"embeddable":true,"href":"https:\/\/www.alteacultural.com\/es\/wp-json\/wp\/v2\/users\/1"}],"replies":[{"embeddable":true,"href":"https:\/\/www.alteacultural.com\/es\/wp-json\/wp\/v2\/comments?post=30204"}],"version-history":[{"count":2,"href":"https:\/\/www.alteacultural.com\/es\/wp-json\/wp\/v2\/posts\/30204\/revisions"}],"predecessor-version":[{"id":30214,"href":"https:\/\/www.alteacultural.com\/es\/wp-json\/wp\/v2\/posts\/30204\/revisions\/30214"}],"wp:featuredmedia":[{"embeddable":true,"href":"https:\/\/www.alteacultural.com\/es\/wp-json\/wp\/v2\/media\/16626"}],"wp:attachment":[{"href":"https:\/\/www.alteacultural.com\/es\/wp-json\/wp\/v2\/media?parent=30204"}],"curies":[{"name":"wp","href":"https:\/\/api.w.org\/{rel}","templated":true}]}}