{"id":30248,"date":"2024-03-20T15:11:13","date_gmt":"2024-03-20T14:11:13","guid":{"rendered":"https:\/\/www.alteacultural.com\/2024\/03\/20\/premis-altea-homenatjara-la-memoria-de-francisco-perez-devesa\/"},"modified":"2024-03-22T17:08:45","modified_gmt":"2024-03-22T16:08:45","slug":"premis-altea-homenatjara-la-memoria-de-francisco-perez-devesa","status":"publish","type":"post","link":"https:\/\/www.alteacultural.com\/es\/2024\/03\/20\/premis-altea-homenatjara-la-memoria-de-francisco-perez-devesa\/","title":{"rendered":"\u201cPremis Altea\u201d homenajear\u00e1 la memoria de Francisco P\u00e9rez Devesa"},"content":{"rendered":"\n<figure class=\"wp-block-image\"><img decoding=\"async\" data-src=\"https:\/\/alteadigital.es\/wp-content\/uploads\/2023\/12\/cartell-premis-altea-ok-web.jpg\" alt=\"\u201cPremis Altea\u201d homenatjar\u00e0 la mem\u00f2ria de Francisco P\u00e9rez Devesa\" src=\"data:image\/gif;base64,R0lGODlhAQABAAAAACH5BAEKAAEALAAAAAABAAEAAAICTAEAOw==\" class=\"lazyload\" \/><\/figure>\n\n\n\n<p><strong>La octava edici\u00f3n de \u201cPremis Altea de Literatura i Investigaci\u00f3\u201d ya tiene finalistas con una participaci\u00f3n r\u00e9cord de 136 originales<\/strong><\/p>\n\n\n\n<p>Los \u201cPremis Altea de Literatura i Investigaci\u00f3\u201d calientan motores. El municipio se prepara para celebrar, el pr\u00f3ximo s\u00e1bado 23 de marzo \u2014como siempre, la v\u00edspera del Domingo de Ramos\u2014, la tradicional cena de gala en la que se dar\u00e1n a conocer las autoras y los autores galardonados en las diferentes secciones objeto de concurso; as\u00ed como se har\u00e1 entrega del premio&nbsp; \u201cEstela d\u2019Honor\u201d a la memoria de Francisco P\u00e9rez Devesa, \u201cEl Mestre Francisco\u201d, por su contribuci\u00f3n a la tradici\u00f3n musical de Altea.<\/p>\n\n\n\n<p>Con 136 originales participantes, 10 en el \u201cPremi d\u2019Assaig i Investigaci\u00f3 Francesc Mart\u00ednez i Mart\u00ednez\u201d; 43, en el \u201cPremi Altea de Literatura Infantil i Juvenil\u201d y 83 en el \u201cPremi Carmelina S\u00e1nchez-Cutillas de Novel\u00b7la i Prosa Creativa\u201d, el certamen literario alteano se ha consolidado en los \u00faltimos a\u00f1os como uno de los m\u00e1s concurridos de las letras valencianas contempor\u00e1neas. No en vano, el \u201cPremi Carmelina S\u00e1nchez-Cutillas\u201d, con 83 obras presentadas, ha conseguido situarse como el de mayor participaci\u00f3n entre todos los premios de novela convocados en el seno del circuito editorial valenciano.<\/p>\n\n\n\n<p>El \u00fanico premio en el que no habr\u00e1 intrigas durante la gala del s\u00e1bado es el \u201cPremi Estela d\u2019Honor\u201d. La organizaci\u00f3n de los \u201cPremis Altea\u201d acaba de hacer p\u00fablico que, en la edici\u00f3n de 2024, el reconocimiento honor\u00edfico del \u201cPremi Estela d\u2019Honor\u201d recaer\u00e1 en la figura \u2014la vida, la obra y la memoria\u2014 del a\u00f1orado m\u00fasico alteano Francisco P\u00e9rez Devesa, el Mestre Francisco.<\/p>\n\n\n\n<p>Un premio, el \u201cPremi Estela d\u2019Honor\u201d, que fue concebido en su d\u00eda, precisamente, para reconocer y honrar la memoria de alteanas y alteanos que, ya desaparecidos, han destacado y sobresalido vital y profesionalmente en el \u00e1mbito de la literatura, del arte, de la creatividad o de la investigaci\u00f3n. Consiste en una reproducci\u00f3n a escala de la estela funeraria ib\u00e9rica de Altea la Vella, en la que converge un triple simbolismo: el de la historia y el patrimonio cultural alteanos, el de la facultad dignificadora de la memoria humana, y el del valor y el reconocimiento del honor p\u00f3stumo.<\/p>\n\n\n\n<p><strong>Francisco P\u00e9rez Devesa, \u201cEl Mestre Francisco\u201d<\/strong><\/p>\n\n\n\n<p>Hijo del primer director que tuvo la Sociedad Filarm\u00f3nica Alteanense cuando se constituy\u00f3 formalmente como tal, Jos\u00e9 P\u00e9rez Albi\u00f1ana, el Mestre de la M\u00fasica, el ahora recordado y homenajeado Francisco P\u00e9rez Devesa naci\u00f3 en Altea el 7 de septiembre de 1920 y muri\u00f3, tambi\u00e9n en Altea, el 20 de enero de 1991. Popularmente conocido como el Mestre Francisco, Francisco P\u00e9rez Devesa fue m\u00fasico, director y compositor. Escribi\u00f3 la m\u00fasica de las pel\u00edculas La estatua, Honorables sinverg\u00fcenzas y Cerrado por asesinato, y tambi\u00e9n compuso numerosos pasodobles festivos o de concierto para banda, entre los que destacan Borja Lloret, Don Cayo, La Villa del Pino, Rinc\u00f3n de Albir, Boronat, Mercado Chico, El t\u00edo Diego, Joaqu\u00edn Sala, Festeretcalp\u00ed o Benjam\u00edn Palencia. Y, adem\u00e1s, fue director de las bandas de m\u00fasica de Altea, Calp y L\u2019Alf\u00e0s del Pi.<\/p>\n\n\n\n<p>Francisco P\u00e9rez Devesa, autor de numerosas y reconocidas obras, &nbsp;es tambi\u00e9n autor del pasodoble \u201cIda y vuelta\u201d, que con el tiempo se ha erigido espont\u00e1neamente en un verdadero himno popular de las fiestas de \u201cMoros i Cristians\u201d de Altea y es interpretado conjuntamente por todas las bandas participantes al finalizar el Preg\u00f3n de Fiestas.<\/p>\n\n\n\n<p><strong>Finalistas de Premis Altea 2024<\/strong><\/p>\n\n\n\n<p>La resoluci\u00f3n de los premios tendr\u00e1 lugar en la tradicional cena de gala en el \u201cEspai Mirador de Palau Altea Centre d\u2019Arts\u201d, este pr\u00f3ximo s\u00e1bado 23 de marzo, a partir de las 20:00 h. Por ello, los diferentes jurados han comunicado ya a la organizaci\u00f3n la selecci\u00f3n de las obras que se han situado como finalistas en esta octava edici\u00f3n de los \u201cPremis Altea de Literatura i Investigaci\u00f3\u201d.<\/p>\n\n\n\n<p>En el caso del \u201cPremi Francesc Mart\u00ednez i Mart\u00ednez d\u2019Assaig i Investigaci\u00f3\u201d, dotado con 3.000\u20ac, Miquel del Rey Aynat, ganador de la anterior edici\u00f3n, Maribel Guardiola Savall, Instituto Alicantino de Cultura Juan Gil-Albert, y Josep Martines Peres, Acad\u00e8mia Valenciana de la Llengua, han seleccionado como obras finalistas: a) una aportaci\u00f3n muy s\u00f3lida a la recogida, conocimiento y difusi\u00f3n del patrimonio literario popular de T\u00e0rbena (Marina Baixa); b) un viaje, rico en datos y en pasi\u00f3n, en torno a la pelota valenciana como pieza fundamental de la cultura valenciana; y c) un an\u00e1lisis met\u00f3dico del impacto que el genial Ausi\u00e0s March tuvo en la cultura catalana y valenciana del siglo XIX.<\/p>\n\n\n\n<p>El Jurado del \u201cPremi Altea de Literatura Infantil i Juvenil\u201d, con 4.000\u20ac de dotaci\u00f3n, est\u00e1 integrado en esta octava edici\u00f3n por David Boteller Mas, ganador de la edici\u00f3n anterior, Anna Esteve Guill\u00e9n, Universidad de Alicante y \u00c0ngels Gregori Parra, Acad\u00e8mia Valenciana de la Llengua. Ha seleccionado como obras finalistas: a) una novela con fuerte presencia del g\u00e9nero epistolar que remite a una historia real ambientada en la guerra civil; b) una novela breve con una trama sentimental, protagonizada por una joven en busca de su identidad; y c) una novela hist\u00f3rica ambientada en tierras valencianas y protagonizada por un joven camino de la madurez.<\/p>\n\n\n\n<p>Por su parte, el Jurado del Premi Carmelina S\u00e1nchez-Cutillas de Novel\u00b7la i Prosa Creativa, dotado con 5.000\u20ac por la Fundaci\u00f3n Caixaltea, est\u00e1 integrado por Enric Balaguer Pascual, Universidad de Alicante, Carme Manuel Cuenca, Acad\u00e8mia Valenciana de la Llengua y Xavier M\u00ednguez L\u00f3pez, autor ganador de la edici\u00f3n anterior. Deber\u00e1 elegir la obra ganadora entre: a) una novela ambientada en los primeros a\u00f1os de la posguerra espa\u00f1ola que retrata la dura realidad de unos personajes que arrastran un turbio pasado de traiciones y enga\u00f1os; b) una novela hist\u00f3rica ambientada en el siglo XIV en un l\u00f3brego monasterio entre monta\u00f1as donde ocurren hechos inexplicables; y c) un relato intimista en el que una mujer debe romper con su pasado lleno de fantasmas, silencios y soledades para reencontrarse consigo misma.| ALTEADIGITAL.ES<\/p>\n","protected":false},"excerpt":{"rendered":"<p>La octava edici\u00f3n de \u201cPremis Altea de Literatura i Investigaci\u00f3\u201d ya tiene finalistas con una participaci\u00f3n r\u00e9cord de 136 [&hellip;]<\/p>\n","protected":false},"author":1,"featured_media":29199,"comment_status":"open","ping_status":"open","sticky":false,"template":"","format":"standard","meta":{"_expiration-date-status":"","_expiration-date":0,"_expiration-date-type":"","_expiration-date-categories":[],"_expiration-date-options":[],"footnotes":""},"yoast_head":"<!-- This site is optimized with the Yoast SEO plugin v22.8 - https:\/\/yoast.com\/wordpress\/plugins\/seo\/ -->\n<title>\u201cPremis Altea\u201d homenajear\u00e1 la memoria de Francisco P\u00e9rez Devesa - Altea Cultural<\/title>\n<meta name=\"robots\" content=\"index, follow, max-snippet:-1, max-image-preview:large, max-video-preview:-1\" \/>\n<link rel=\"canonical\" href=\"https:\/\/www.alteacultural.com\/es\/2024\/03\/20\/premis-altea-homenatjara-la-memoria-de-francisco-perez-devesa\/\" \/>\n<meta property=\"og:locale\" content=\"es_ES\" \/>\n<meta property=\"og:type\" content=\"article\" \/>\n<meta property=\"og:title\" content=\"\u201cPremis Altea\u201d homenajear\u00e1 la memoria de Francisco P\u00e9rez Devesa - Altea Cultural\" \/>\n<meta property=\"og:description\" content=\"La octava edici\u00f3n de \u201cPremis Altea de Literatura i Investigaci\u00f3\u201d ya tiene finalistas con una participaci\u00f3n r\u00e9cord de 136 [&hellip;]\" \/>\n<meta property=\"og:url\" content=\"https:\/\/www.alteacultural.com\/es\/2024\/03\/20\/premis-altea-homenatjara-la-memoria-de-francisco-perez-devesa\/\" \/>\n<meta property=\"og:site_name\" content=\"Altea Cultural\" \/>\n<meta property=\"article:published_time\" content=\"2024-03-20T14:11:13+00:00\" \/>\n<meta property=\"article:modified_time\" content=\"2024-03-22T16:08:45+00:00\" \/>\n<meta property=\"og:image\" content=\"https:\/\/www.alteacultural.com\/wp-content\/uploads\/2024\/03\/cartell-premis-altea-ok-web.jpg\" \/>\n\t<meta property=\"og:image:width\" content=\"800\" \/>\n\t<meta property=\"og:image:height\" content=\"1127\" \/>\n\t<meta property=\"og:image:type\" content=\"image\/jpeg\" \/>\n<meta name=\"author\" content=\"sfaltea.com-admin\" \/>\n<meta name=\"twitter:card\" content=\"summary_large_image\" \/>\n<meta name=\"twitter:label1\" content=\"Escrito por\" \/>\n\t<meta name=\"twitter:data1\" content=\"sfaltea.com-admin\" \/>\n\t<meta name=\"twitter:label2\" content=\"Tiempo de lectura\" \/>\n\t<meta name=\"twitter:data2\" content=\"5 minutos\" \/>\n<script type=\"application\/ld+json\" class=\"yoast-schema-graph\">{\"@context\":\"https:\/\/schema.org\",\"@graph\":[{\"@type\":\"WebPage\",\"@id\":\"https:\/\/www.alteacultural.com\/es\/2024\/03\/20\/premis-altea-homenatjara-la-memoria-de-francisco-perez-devesa\/\",\"url\":\"https:\/\/www.alteacultural.com\/es\/2024\/03\/20\/premis-altea-homenatjara-la-memoria-de-francisco-perez-devesa\/\",\"name\":\"\u201cPremis Altea\u201d homenajear\u00e1 la memoria de Francisco P\u00e9rez Devesa - Altea Cultural\",\"isPartOf\":{\"@id\":\"https:\/\/www.alteacultural.com\/es\/#website\"},\"primaryImageOfPage\":{\"@id\":\"https:\/\/www.alteacultural.com\/es\/2024\/03\/20\/premis-altea-homenatjara-la-memoria-de-francisco-perez-devesa\/#primaryimage\"},\"image\":{\"@id\":\"https:\/\/www.alteacultural.com\/es\/2024\/03\/20\/premis-altea-homenatjara-la-memoria-de-francisco-perez-devesa\/#primaryimage\"},\"thumbnailUrl\":\"https:\/\/www.alteacultural.com\/wp-content\/uploads\/2024\/03\/cartell-premis-altea-ok-web.jpg\",\"datePublished\":\"2024-03-20T14:11:13+00:00\",\"dateModified\":\"2024-03-22T16:08:45+00:00\",\"author\":{\"@id\":\"https:\/\/www.alteacultural.com\/es\/#\/schema\/person\/c4e137537f1af546d214a315255e5172\"},\"breadcrumb\":{\"@id\":\"https:\/\/www.alteacultural.com\/es\/2024\/03\/20\/premis-altea-homenatjara-la-memoria-de-francisco-perez-devesa\/#breadcrumb\"},\"inLanguage\":\"es\",\"potentialAction\":[{\"@type\":\"ReadAction\",\"target\":[\"https:\/\/www.alteacultural.com\/es\/2024\/03\/20\/premis-altea-homenatjara-la-memoria-de-francisco-perez-devesa\/\"]}]},{\"@type\":\"ImageObject\",\"inLanguage\":\"es\",\"@id\":\"https:\/\/www.alteacultural.com\/es\/2024\/03\/20\/premis-altea-homenatjara-la-memoria-de-francisco-perez-devesa\/#primaryimage\",\"url\":\"https:\/\/www.alteacultural.com\/wp-content\/uploads\/2024\/03\/cartell-premis-altea-ok-web.jpg\",\"contentUrl\":\"https:\/\/www.alteacultural.com\/wp-content\/uploads\/2024\/03\/cartell-premis-altea-ok-web.jpg\",\"width\":800,\"height\":1127},{\"@type\":\"BreadcrumbList\",\"@id\":\"https:\/\/www.alteacultural.com\/es\/2024\/03\/20\/premis-altea-homenatjara-la-memoria-de-francisco-perez-devesa\/#breadcrumb\",\"itemListElement\":[{\"@type\":\"ListItem\",\"position\":1,\"name\":\"Inici\",\"item\":\"https:\/\/www.alteacultural.com\/es\/\"},{\"@type\":\"ListItem\",\"position\":2,\"name\":\"\u201cPremis Altea\u201d homenajear\u00e1 la memoria de Francisco P\u00e9rez Devesa\"}]},{\"@type\":\"WebSite\",\"@id\":\"https:\/\/www.alteacultural.com\/es\/#website\",\"url\":\"https:\/\/www.alteacultural.com\/es\/\",\"name\":\"Altea Cultural\",\"description\":\"Regidoria de Cultura de l&#039;Ajuntament d&#039;Altea\",\"potentialAction\":[{\"@type\":\"SearchAction\",\"target\":{\"@type\":\"EntryPoint\",\"urlTemplate\":\"https:\/\/www.alteacultural.com\/es\/?s={search_term_string}\"},\"query-input\":\"required name=search_term_string\"}],\"inLanguage\":\"es\"},{\"@type\":\"Person\",\"@id\":\"https:\/\/www.alteacultural.com\/es\/#\/schema\/person\/c4e137537f1af546d214a315255e5172\",\"name\":\"sfaltea.com-admin\",\"image\":{\"@type\":\"ImageObject\",\"inLanguage\":\"es\",\"@id\":\"https:\/\/www.alteacultural.com\/es\/#\/schema\/person\/image\/\",\"url\":\"https:\/\/secure.gravatar.com\/avatar\/f7473fa2fbd351270ccfd469de536202?s=96&d=mm&r=g\",\"contentUrl\":\"https:\/\/secure.gravatar.com\/avatar\/f7473fa2fbd351270ccfd469de536202?s=96&d=mm&r=g\",\"caption\":\"sfaltea.com-admin\"},\"url\":\"https:\/\/www.alteacultural.com\/es\/author\/sfaltea-com-admin\/\"}]}<\/script>\n<!-- \/ Yoast SEO plugin. -->","yoast_head_json":{"title":"\u201cPremis Altea\u201d homenajear\u00e1 la memoria de Francisco P\u00e9rez Devesa - Altea Cultural","robots":{"index":"index","follow":"follow","max-snippet":"max-snippet:-1","max-image-preview":"max-image-preview:large","max-video-preview":"max-video-preview:-1"},"canonical":"https:\/\/www.alteacultural.com\/es\/2024\/03\/20\/premis-altea-homenatjara-la-memoria-de-francisco-perez-devesa\/","og_locale":"es_ES","og_type":"article","og_title":"\u201cPremis Altea\u201d homenajear\u00e1 la memoria de Francisco P\u00e9rez Devesa - Altea Cultural","og_description":"La octava edici\u00f3n de \u201cPremis Altea de Literatura i Investigaci\u00f3\u201d ya tiene finalistas con una participaci\u00f3n r\u00e9cord de 136 [&hellip;]","og_url":"https:\/\/www.alteacultural.com\/es\/2024\/03\/20\/premis-altea-homenatjara-la-memoria-de-francisco-perez-devesa\/","og_site_name":"Altea Cultural","article_published_time":"2024-03-20T14:11:13+00:00","article_modified_time":"2024-03-22T16:08:45+00:00","og_image":[{"width":800,"height":1127,"url":"https:\/\/www.alteacultural.com\/wp-content\/uploads\/2024\/03\/cartell-premis-altea-ok-web.jpg","type":"image\/jpeg"}],"author":"sfaltea.com-admin","twitter_card":"summary_large_image","twitter_misc":{"Escrito por":"sfaltea.com-admin","Tiempo de lectura":"5 minutos"},"schema":{"@context":"https:\/\/schema.org","@graph":[{"@type":"WebPage","@id":"https:\/\/www.alteacultural.com\/es\/2024\/03\/20\/premis-altea-homenatjara-la-memoria-de-francisco-perez-devesa\/","url":"https:\/\/www.alteacultural.com\/es\/2024\/03\/20\/premis-altea-homenatjara-la-memoria-de-francisco-perez-devesa\/","name":"\u201cPremis Altea\u201d homenajear\u00e1 la memoria de Francisco P\u00e9rez Devesa - Altea Cultural","isPartOf":{"@id":"https:\/\/www.alteacultural.com\/es\/#website"},"primaryImageOfPage":{"@id":"https:\/\/www.alteacultural.com\/es\/2024\/03\/20\/premis-altea-homenatjara-la-memoria-de-francisco-perez-devesa\/#primaryimage"},"image":{"@id":"https:\/\/www.alteacultural.com\/es\/2024\/03\/20\/premis-altea-homenatjara-la-memoria-de-francisco-perez-devesa\/#primaryimage"},"thumbnailUrl":"https:\/\/www.alteacultural.com\/wp-content\/uploads\/2024\/03\/cartell-premis-altea-ok-web.jpg","datePublished":"2024-03-20T14:11:13+00:00","dateModified":"2024-03-22T16:08:45+00:00","author":{"@id":"https:\/\/www.alteacultural.com\/es\/#\/schema\/person\/c4e137537f1af546d214a315255e5172"},"breadcrumb":{"@id":"https:\/\/www.alteacultural.com\/es\/2024\/03\/20\/premis-altea-homenatjara-la-memoria-de-francisco-perez-devesa\/#breadcrumb"},"inLanguage":"es","potentialAction":[{"@type":"ReadAction","target":["https:\/\/www.alteacultural.com\/es\/2024\/03\/20\/premis-altea-homenatjara-la-memoria-de-francisco-perez-devesa\/"]}]},{"@type":"ImageObject","inLanguage":"es","@id":"https:\/\/www.alteacultural.com\/es\/2024\/03\/20\/premis-altea-homenatjara-la-memoria-de-francisco-perez-devesa\/#primaryimage","url":"https:\/\/www.alteacultural.com\/wp-content\/uploads\/2024\/03\/cartell-premis-altea-ok-web.jpg","contentUrl":"https:\/\/www.alteacultural.com\/wp-content\/uploads\/2024\/03\/cartell-premis-altea-ok-web.jpg","width":800,"height":1127},{"@type":"BreadcrumbList","@id":"https:\/\/www.alteacultural.com\/es\/2024\/03\/20\/premis-altea-homenatjara-la-memoria-de-francisco-perez-devesa\/#breadcrumb","itemListElement":[{"@type":"ListItem","position":1,"name":"Inici","item":"https:\/\/www.alteacultural.com\/es\/"},{"@type":"ListItem","position":2,"name":"\u201cPremis Altea\u201d homenajear\u00e1 la memoria de Francisco P\u00e9rez Devesa"}]},{"@type":"WebSite","@id":"https:\/\/www.alteacultural.com\/es\/#website","url":"https:\/\/www.alteacultural.com\/es\/","name":"Altea Cultural","description":"Regidoria de Cultura de l&#039;Ajuntament d&#039;Altea","potentialAction":[{"@type":"SearchAction","target":{"@type":"EntryPoint","urlTemplate":"https:\/\/www.alteacultural.com\/es\/?s={search_term_string}"},"query-input":"required name=search_term_string"}],"inLanguage":"es"},{"@type":"Person","@id":"https:\/\/www.alteacultural.com\/es\/#\/schema\/person\/c4e137537f1af546d214a315255e5172","name":"sfaltea.com-admin","image":{"@type":"ImageObject","inLanguage":"es","@id":"https:\/\/www.alteacultural.com\/es\/#\/schema\/person\/image\/","url":"https:\/\/secure.gravatar.com\/avatar\/f7473fa2fbd351270ccfd469de536202?s=96&d=mm&r=g","contentUrl":"https:\/\/secure.gravatar.com\/avatar\/f7473fa2fbd351270ccfd469de536202?s=96&d=mm&r=g","caption":"sfaltea.com-admin"},"url":"https:\/\/www.alteacultural.com\/es\/author\/sfaltea-com-admin\/"}]}},"_links":{"self":[{"href":"https:\/\/www.alteacultural.com\/es\/wp-json\/wp\/v2\/posts\/30248"}],"collection":[{"href":"https:\/\/www.alteacultural.com\/es\/wp-json\/wp\/v2\/posts"}],"about":[{"href":"https:\/\/www.alteacultural.com\/es\/wp-json\/wp\/v2\/types\/post"}],"author":[{"embeddable":true,"href":"https:\/\/www.alteacultural.com\/es\/wp-json\/wp\/v2\/users\/1"}],"replies":[{"embeddable":true,"href":"https:\/\/www.alteacultural.com\/es\/wp-json\/wp\/v2\/comments?post=30248"}],"version-history":[{"count":1,"href":"https:\/\/www.alteacultural.com\/es\/wp-json\/wp\/v2\/posts\/30248\/revisions"}],"predecessor-version":[{"id":30249,"href":"https:\/\/www.alteacultural.com\/es\/wp-json\/wp\/v2\/posts\/30248\/revisions\/30249"}],"wp:featuredmedia":[{"embeddable":true,"href":"https:\/\/www.alteacultural.com\/es\/wp-json\/wp\/v2\/media\/29199"}],"wp:attachment":[{"href":"https:\/\/www.alteacultural.com\/es\/wp-json\/wp\/v2\/media?parent=30248"}],"curies":[{"name":"wp","href":"https:\/\/api.w.org\/{rel}","templated":true}]}}