{"id":30255,"date":"2024-03-22T19:22:24","date_gmt":"2024-03-22T18:22:24","guid":{"rendered":"https:\/\/www.alteacultural.com\/2024\/03\/22\/retransmissio-de-la-gala-de-lliurament-dels-premis-altea-2024\/"},"modified":"2024-04-19T11:51:18","modified_gmt":"2024-04-19T09:51:18","slug":"retransmissio-de-la-gala-de-lliurament-dels-premis-altea-2024","status":"publish","type":"post","link":"https:\/\/www.alteacultural.com\/es\/2024\/03\/22\/retransmissio-de-la-gala-de-lliurament-dels-premis-altea-2024\/","title":{"rendered":"Retransmisi\u00f3n de la gala de entrega de los Premis Altea 2024"},"content":{"rendered":"\n<p><br>Retransmisi\u00f3n <strong>en directo<\/strong> y diferido de la Gala Cena de los Premis Altea 2024<\/p>\n\n\n\n<p>S\u00e1bado 23\/mar a partir de las 20:30 h aprx.:<br><br><strong>PRIMERA PARTE: Homenaje &#8216;Estela d\u2019Honor&#8217;<\/strong><br>(entre 20.45 h y 21.10 h aprox.)<\/p>\n\n\n\n<p><a href=\"https:\/\/www.youtube.com\/watch?v=ekLdX49Z_PE\" target=\"_blank\" rel=\"noreferrer noopener\">ACCESO A LA RETRANSMISI\u00d3N DE LA PRIMERA PARTE<\/a><br>(disponible el 23-03-2024 a partir de las 20.30 h aprox.)<\/p>\n\n\n\n<p>&#8212;<br><br><strong>SEGUNDA PARTE: Ceremonia de premios<\/strong><br>(entre 23.00 h y 23.55 h aprox.)<\/p>\n\n\n\n<p><a href=\"https:\/\/www.youtube.com\/watch?v=eIwZcE3YTsA\" target=\"_blank\" rel=\"noreferrer noopener\">ACCESO A LA RETRASMISI\u00d3N DE LA SEGUNDA PARTE<\/a><br>(disponible el 23-03-2024 a partir de las 23.00 h aprox.)<br><br><\/p>\n\n\n\n<p><\/p>\n\n\n\n<p><br><\/p>\n\n\n\n<p><br><\/p>\n","protected":false},"excerpt":{"rendered":"<p>Retransmisi\u00f3n en directo y diferido de la Gala Cena de los Premis Altea 2024 S\u00e1bado 23\/mar a partir de [&hellip;]<\/p>\n","protected":false},"author":1,"featured_media":24582,"comment_status":"open","ping_status":"open","sticky":false,"template":"","format":"standard","meta":{"_expiration-date-status":"","_expiration-date":1713520195,"_expiration-date-type":"draft","_expiration-date-categories":[],"_expiration-date-options":[],"footnotes":""},"yoast_head":"<!-- This site is optimized with the Yoast SEO plugin v22.8 - https:\/\/yoast.com\/wordpress\/plugins\/seo\/ -->\n<title>Retransmisi\u00f3n de la gala de entrega de los Premis Altea 2024 - Altea Cultural<\/title>\n<meta name=\"robots\" content=\"index, follow, max-snippet:-1, max-image-preview:large, max-video-preview:-1\" \/>\n<link rel=\"canonical\" href=\"https:\/\/www.alteacultural.com\/es\/2024\/03\/22\/retransmissio-de-la-gala-de-lliurament-dels-premis-altea-2024\/\" \/>\n<meta property=\"og:locale\" content=\"es_ES\" \/>\n<meta property=\"og:type\" content=\"article\" \/>\n<meta property=\"og:title\" content=\"Retransmisi\u00f3n de la gala de entrega de los Premis Altea 2024 - Altea Cultural\" \/>\n<meta property=\"og:description\" content=\"Retransmisi\u00f3n en directo y diferido de la Gala Cena de los Premis Altea 2024 S\u00e1bado 23\/mar a partir de [&hellip;]\" \/>\n<meta property=\"og:url\" content=\"https:\/\/www.alteacultural.com\/es\/2024\/03\/22\/retransmissio-de-la-gala-de-lliurament-dels-premis-altea-2024\/\" \/>\n<meta property=\"og:site_name\" content=\"Altea Cultural\" \/>\n<meta property=\"article:published_time\" content=\"2024-03-22T18:22:24+00:00\" \/>\n<meta property=\"article:modified_time\" content=\"2024-04-19T09:51:18+00:00\" \/>\n<meta property=\"og:image\" content=\"https:\/\/www.alteacultural.com\/wp-content\/uploads\/2023\/04\/img_1078-scaled.jpg\" \/>\n\t<meta property=\"og:image:width\" content=\"2560\" \/>\n\t<meta property=\"og:image:height\" content=\"1920\" \/>\n\t<meta property=\"og:image:type\" content=\"image\/jpeg\" \/>\n<meta name=\"author\" content=\"sfaltea.com-admin\" \/>\n<meta name=\"twitter:card\" content=\"summary_large_image\" \/>\n<meta name=\"twitter:label1\" content=\"Escrito por\" \/>\n\t<meta name=\"twitter:data1\" content=\"sfaltea.com-admin\" \/>\n\t<meta name=\"twitter:label2\" content=\"Tiempo de lectura\" \/>\n\t<meta name=\"twitter:data2\" content=\"1 minuto\" \/>\n<script type=\"application\/ld+json\" class=\"yoast-schema-graph\">{\"@context\":\"https:\/\/schema.org\",\"@graph\":[{\"@type\":\"WebPage\",\"@id\":\"https:\/\/www.alteacultural.com\/es\/2024\/03\/22\/retransmissio-de-la-gala-de-lliurament-dels-premis-altea-2024\/\",\"url\":\"https:\/\/www.alteacultural.com\/es\/2024\/03\/22\/retransmissio-de-la-gala-de-lliurament-dels-premis-altea-2024\/\",\"name\":\"Retransmisi\u00f3n de la gala de entrega de los Premis Altea 2024 - Altea Cultural\",\"isPartOf\":{\"@id\":\"https:\/\/www.alteacultural.com\/es\/#website\"},\"primaryImageOfPage\":{\"@id\":\"https:\/\/www.alteacultural.com\/es\/2024\/03\/22\/retransmissio-de-la-gala-de-lliurament-dels-premis-altea-2024\/#primaryimage\"},\"image\":{\"@id\":\"https:\/\/www.alteacultural.com\/es\/2024\/03\/22\/retransmissio-de-la-gala-de-lliurament-dels-premis-altea-2024\/#primaryimage\"},\"thumbnailUrl\":\"https:\/\/www.alteacultural.com\/wp-content\/uploads\/2023\/04\/img_1078-scaled.jpg\",\"datePublished\":\"2024-03-22T18:22:24+00:00\",\"dateModified\":\"2024-04-19T09:51:18+00:00\",\"author\":{\"@id\":\"https:\/\/www.alteacultural.com\/es\/#\/schema\/person\/c4e137537f1af546d214a315255e5172\"},\"breadcrumb\":{\"@id\":\"https:\/\/www.alteacultural.com\/es\/2024\/03\/22\/retransmissio-de-la-gala-de-lliurament-dels-premis-altea-2024\/#breadcrumb\"},\"inLanguage\":\"es\",\"potentialAction\":[{\"@type\":\"ReadAction\",\"target\":[\"https:\/\/www.alteacultural.com\/es\/2024\/03\/22\/retransmissio-de-la-gala-de-lliurament-dels-premis-altea-2024\/\"]}]},{\"@type\":\"ImageObject\",\"inLanguage\":\"es\",\"@id\":\"https:\/\/www.alteacultural.com\/es\/2024\/03\/22\/retransmissio-de-la-gala-de-lliurament-dels-premis-altea-2024\/#primaryimage\",\"url\":\"https:\/\/www.alteacultural.com\/wp-content\/uploads\/2023\/04\/img_1078-scaled.jpg\",\"contentUrl\":\"https:\/\/www.alteacultural.com\/wp-content\/uploads\/2023\/04\/img_1078-scaled.jpg\",\"width\":2560,\"height\":1920},{\"@type\":\"BreadcrumbList\",\"@id\":\"https:\/\/www.alteacultural.com\/es\/2024\/03\/22\/retransmissio-de-la-gala-de-lliurament-dels-premis-altea-2024\/#breadcrumb\",\"itemListElement\":[{\"@type\":\"ListItem\",\"position\":1,\"name\":\"Inici\",\"item\":\"https:\/\/www.alteacultural.com\/es\/\"},{\"@type\":\"ListItem\",\"position\":2,\"name\":\"Retransmisi\u00f3n de la gala de entrega de los Premis Altea 2024\"}]},{\"@type\":\"WebSite\",\"@id\":\"https:\/\/www.alteacultural.com\/es\/#website\",\"url\":\"https:\/\/www.alteacultural.com\/es\/\",\"name\":\"Altea Cultural\",\"description\":\"Regidoria de Cultura de l&#039;Ajuntament d&#039;Altea\",\"potentialAction\":[{\"@type\":\"SearchAction\",\"target\":{\"@type\":\"EntryPoint\",\"urlTemplate\":\"https:\/\/www.alteacultural.com\/es\/?s={search_term_string}\"},\"query-input\":\"required name=search_term_string\"}],\"inLanguage\":\"es\"},{\"@type\":\"Person\",\"@id\":\"https:\/\/www.alteacultural.com\/es\/#\/schema\/person\/c4e137537f1af546d214a315255e5172\",\"name\":\"sfaltea.com-admin\",\"image\":{\"@type\":\"ImageObject\",\"inLanguage\":\"es\",\"@id\":\"https:\/\/www.alteacultural.com\/es\/#\/schema\/person\/image\/\",\"url\":\"https:\/\/secure.gravatar.com\/avatar\/f7473fa2fbd351270ccfd469de536202?s=96&d=mm&r=g\",\"contentUrl\":\"https:\/\/secure.gravatar.com\/avatar\/f7473fa2fbd351270ccfd469de536202?s=96&d=mm&r=g\",\"caption\":\"sfaltea.com-admin\"},\"url\":\"https:\/\/www.alteacultural.com\/es\/author\/sfaltea-com-admin\/\"}]}<\/script>\n<!-- \/ Yoast SEO plugin. -->","yoast_head_json":{"title":"Retransmisi\u00f3n de la gala de entrega de los Premis Altea 2024 - Altea Cultural","robots":{"index":"index","follow":"follow","max-snippet":"max-snippet:-1","max-image-preview":"max-image-preview:large","max-video-preview":"max-video-preview:-1"},"canonical":"https:\/\/www.alteacultural.com\/es\/2024\/03\/22\/retransmissio-de-la-gala-de-lliurament-dels-premis-altea-2024\/","og_locale":"es_ES","og_type":"article","og_title":"Retransmisi\u00f3n de la gala de entrega de los Premis Altea 2024 - Altea Cultural","og_description":"Retransmisi\u00f3n en directo y diferido de la Gala Cena de los Premis Altea 2024 S\u00e1bado 23\/mar a partir de [&hellip;]","og_url":"https:\/\/www.alteacultural.com\/es\/2024\/03\/22\/retransmissio-de-la-gala-de-lliurament-dels-premis-altea-2024\/","og_site_name":"Altea Cultural","article_published_time":"2024-03-22T18:22:24+00:00","article_modified_time":"2024-04-19T09:51:18+00:00","og_image":[{"width":2560,"height":1920,"url":"https:\/\/www.alteacultural.com\/wp-content\/uploads\/2023\/04\/img_1078-scaled.jpg","type":"image\/jpeg"}],"author":"sfaltea.com-admin","twitter_card":"summary_large_image","twitter_misc":{"Escrito por":"sfaltea.com-admin","Tiempo de lectura":"1 minuto"},"schema":{"@context":"https:\/\/schema.org","@graph":[{"@type":"WebPage","@id":"https:\/\/www.alteacultural.com\/es\/2024\/03\/22\/retransmissio-de-la-gala-de-lliurament-dels-premis-altea-2024\/","url":"https:\/\/www.alteacultural.com\/es\/2024\/03\/22\/retransmissio-de-la-gala-de-lliurament-dels-premis-altea-2024\/","name":"Retransmisi\u00f3n de la gala de entrega de los Premis Altea 2024 - Altea Cultural","isPartOf":{"@id":"https:\/\/www.alteacultural.com\/es\/#website"},"primaryImageOfPage":{"@id":"https:\/\/www.alteacultural.com\/es\/2024\/03\/22\/retransmissio-de-la-gala-de-lliurament-dels-premis-altea-2024\/#primaryimage"},"image":{"@id":"https:\/\/www.alteacultural.com\/es\/2024\/03\/22\/retransmissio-de-la-gala-de-lliurament-dels-premis-altea-2024\/#primaryimage"},"thumbnailUrl":"https:\/\/www.alteacultural.com\/wp-content\/uploads\/2023\/04\/img_1078-scaled.jpg","datePublished":"2024-03-22T18:22:24+00:00","dateModified":"2024-04-19T09:51:18+00:00","author":{"@id":"https:\/\/www.alteacultural.com\/es\/#\/schema\/person\/c4e137537f1af546d214a315255e5172"},"breadcrumb":{"@id":"https:\/\/www.alteacultural.com\/es\/2024\/03\/22\/retransmissio-de-la-gala-de-lliurament-dels-premis-altea-2024\/#breadcrumb"},"inLanguage":"es","potentialAction":[{"@type":"ReadAction","target":["https:\/\/www.alteacultural.com\/es\/2024\/03\/22\/retransmissio-de-la-gala-de-lliurament-dels-premis-altea-2024\/"]}]},{"@type":"ImageObject","inLanguage":"es","@id":"https:\/\/www.alteacultural.com\/es\/2024\/03\/22\/retransmissio-de-la-gala-de-lliurament-dels-premis-altea-2024\/#primaryimage","url":"https:\/\/www.alteacultural.com\/wp-content\/uploads\/2023\/04\/img_1078-scaled.jpg","contentUrl":"https:\/\/www.alteacultural.com\/wp-content\/uploads\/2023\/04\/img_1078-scaled.jpg","width":2560,"height":1920},{"@type":"BreadcrumbList","@id":"https:\/\/www.alteacultural.com\/es\/2024\/03\/22\/retransmissio-de-la-gala-de-lliurament-dels-premis-altea-2024\/#breadcrumb","itemListElement":[{"@type":"ListItem","position":1,"name":"Inici","item":"https:\/\/www.alteacultural.com\/es\/"},{"@type":"ListItem","position":2,"name":"Retransmisi\u00f3n de la gala de entrega de los Premis Altea 2024"}]},{"@type":"WebSite","@id":"https:\/\/www.alteacultural.com\/es\/#website","url":"https:\/\/www.alteacultural.com\/es\/","name":"Altea Cultural","description":"Regidoria de Cultura de l&#039;Ajuntament d&#039;Altea","potentialAction":[{"@type":"SearchAction","target":{"@type":"EntryPoint","urlTemplate":"https:\/\/www.alteacultural.com\/es\/?s={search_term_string}"},"query-input":"required name=search_term_string"}],"inLanguage":"es"},{"@type":"Person","@id":"https:\/\/www.alteacultural.com\/es\/#\/schema\/person\/c4e137537f1af546d214a315255e5172","name":"sfaltea.com-admin","image":{"@type":"ImageObject","inLanguage":"es","@id":"https:\/\/www.alteacultural.com\/es\/#\/schema\/person\/image\/","url":"https:\/\/secure.gravatar.com\/avatar\/f7473fa2fbd351270ccfd469de536202?s=96&d=mm&r=g","contentUrl":"https:\/\/secure.gravatar.com\/avatar\/f7473fa2fbd351270ccfd469de536202?s=96&d=mm&r=g","caption":"sfaltea.com-admin"},"url":"https:\/\/www.alteacultural.com\/es\/author\/sfaltea-com-admin\/"}]}},"_links":{"self":[{"href":"https:\/\/www.alteacultural.com\/es\/wp-json\/wp\/v2\/posts\/30255"}],"collection":[{"href":"https:\/\/www.alteacultural.com\/es\/wp-json\/wp\/v2\/posts"}],"about":[{"href":"https:\/\/www.alteacultural.com\/es\/wp-json\/wp\/v2\/types\/post"}],"author":[{"embeddable":true,"href":"https:\/\/www.alteacultural.com\/es\/wp-json\/wp\/v2\/users\/1"}],"replies":[{"embeddable":true,"href":"https:\/\/www.alteacultural.com\/es\/wp-json\/wp\/v2\/comments?post=30255"}],"version-history":[{"count":2,"href":"https:\/\/www.alteacultural.com\/es\/wp-json\/wp\/v2\/posts\/30255\/revisions"}],"predecessor-version":[{"id":30266,"href":"https:\/\/www.alteacultural.com\/es\/wp-json\/wp\/v2\/posts\/30255\/revisions\/30266"}],"wp:featuredmedia":[{"embeddable":true,"href":"https:\/\/www.alteacultural.com\/es\/wp-json\/wp\/v2\/media\/24582"}],"wp:attachment":[{"href":"https:\/\/www.alteacultural.com\/es\/wp-json\/wp\/v2\/media?parent=30255"}],"curies":[{"name":"wp","href":"https:\/\/api.w.org\/{rel}","templated":true}]}}