{"id":30370,"date":"2024-04-08T08:40:29","date_gmt":"2024-04-08T06:40:29","guid":{"rendered":"https:\/\/www.alteacultural.com\/2024\/04\/08\/cultura-i-aktes-teatre-presenten-la-21-edicio-dencontes\/"},"modified":"2024-04-12T17:38:08","modified_gmt":"2024-04-12T15:38:08","slug":"cultura-i-aktes-teatre-presenten-la-21-edicio-dencontes","status":"publish","type":"post","link":"https:\/\/www.alteacultural.com\/es\/2024\/04\/08\/cultura-i-aktes-teatre-presenten-la-21-edicio-dencontes\/","title":{"rendered":"Cultura y Aktes Teatre presentan la 21 edici\u00f3n de Encontes"},"content":{"rendered":"\n<figure class=\"wp-block-image\"><img decoding=\"async\" data-src=\"https:\/\/alteadigital.es\/wp-content\/uploads\/2024\/04\/presentacion-Encontes-web.jpg\" alt=\"Cultura i Aktes Teatre presenten la 21 edici\u00f3 d\u2019Encontes\" src=\"data:image\/gif;base64,R0lGODlhAQABAAAAACH5BAEKAAEALAAAAAABAAEAAAICTAEAOw==\" class=\"lazyload\" \/><\/figure>\n\n\n\n<p><strong>El festival de narraci\u00f3n oral tendr\u00e1 lugar del 20 al 26 de mayo.<\/strong><\/p>\n\n\n\n<p>En la ma\u00f1ana de hoy, la concejala de Cultura, Pepa Victoria P\u00e9rez y Blai Senabre, coordinador de Encontes y responsable de Aktes teatre han presentado el que es el cartel de la vig\u00e9simo primera edici\u00f3n del festival de narraci\u00f3n oral, Encontes y la programaci\u00f3n que se llevar\u00e1 a cabo en el marco de dicha actividad en el municipio entre los d\u00edas 20 y 26 de mayo.<\/p>\n\n\n\n<p>Cuentos, leyendas, historias y fabulas llenar\u00e1n las calles y plazas de Altea en una nueva edici\u00f3n de Encontes, que como indica la edil de Cultura, \u201cse trata de un proyecto de la concejal\u00eda de Cultura y de la Biblioteca de Altea que est\u00e1 m\u00e1s que consolidado, que ning\u00fan a\u00f1o ha dejado de celebrarse, destinado a todas las edades y que, adem\u00e1s del \u00e9xito de p\u00fablico que obtiene, cada a\u00f1o nos presenta una novedad\u201d.<\/p>\n\n\n\n<p>\u201cCreo que todo el mundo de Altea conoce este festival , que est\u00e1 capitaneado por Blai Senabre y Aktes Teatre y que nunca nos deja indiferentes\u201d; ha a\u00f1adido P\u00e9rez, quien ha apuntado que \u201cpienso que es un proyecto muy enriquecedor, destinado a todas las edades. Hay programadas actividades para todo tipo de p\u00fablicos, en los colegios, en la residencia Les Boqueres, diferentes emplazamientos del municipio, etc\u201d.<\/p>\n\n\n\n<p>En palabras de la edil, \u201ces muy gratificante que las historias vayan transmiti\u00e9ndose de unas generaciones a otras y tenemos muchas ganas de que llegue la semana del 20 al 26 de mayo para poder disfrutar de estas actividades\u201d.<\/p>\n\n\n\n<p>Del programa de actos ha hablado el impulsor de la iniciativa, Blai Senabre, quien&nbsp; en primer lugar ha desvelado que el cartel de la presente edici\u00f3n ha sido realizado por Patricia Ramos, una estudiante de dise\u00f1o en pr\u00e1cticas procedente de Portugal que \u201cle da una visi\u00f3n externa del festival al cartell y que ha resultado sorprendente con una mezcla de estilos como el collage, fotograf\u00eda y dise\u00f1o\u201d.<\/p>\n\n\n\n<div class=\"wp-block-image\"><figure class=\"aligncenter\"><img decoding=\"async\" data-src=\"https:\/\/alteadigital.es\/wp-content\/uploads\/2024\/04\/cartell-encontes-web.jpg\" alt=\"\" class=\"wp-image-116675 lazyload\" src=\"data:image\/gif;base64,R0lGODlhAQABAAAAACH5BAEKAAEALAAAAAABAAEAAAICTAEAOw==\" \/><\/figure><\/div>\n\n\n\n<p>De la programaci\u00f3n en cuesti\u00f3n, Senabre ha adelantado que seguir\u00e1n llev\u00e1ndose los cuentos a los diferentes centros educativos del municipio, siendo el 90% de las actividades al aire libre. Haremos los \u201cvermuts de contes\u201d, que tambi\u00e9n son una actividad familiar en la que se disfruta de las historias en terrazas de algunos locales de restauraci\u00f3n de Altea y este a\u00f1o como novedad celebraremos la 1\u00aa fiesta de pijamas de mu\u00f1ecas y peluches en las bibliotecas de Altea. Esta actividad consiste en que cada ni\u00f1o, ni\u00f1a o persona mayor lleve a la biblioteca su mu\u00f1eca o \u201cmascota\u201d de peluche para que este pase la noche en la biblioteca. Al d\u00eda siguiente cuando sus due\u00f1os los recojan, ver\u00e1n que estos van acompa\u00f1ados de un libro en pr\u00e9stamo. \u201cEsta puede ser una forma de ayudar a peque\u00f1os y mayores a separarse por una noche de su acompa\u00f1ante, que vea que no pasa nada\u201d; ha apuntado Blai Senabre.<\/p>\n\n\n\n<p>Se mantendr\u00e1 el mercado de intercambio de cuentos que se hace todos los a\u00f1os, en el que se llevan alimentos no perecederos y se reciben libros. Los alimentos reunidos ser\u00e1n donados a una ONG, como es habitual.<\/p>\n\n\n\n<p>Se mantienen los cuentos en la residencia Les Boqueres. \u201cEs un momento muy entra\u00f1able y los residentes est\u00e1n cada a\u00f1o esper\u00e1ndonos con ilusi\u00f3n\u201d; ha expresado Senabre, quien ha desvelado que se mantienen las sesiones de cuentos en El Poador y las diferentes sesiones llenar\u00e1n la programaci\u00f3n semanal.<\/p>\n\n\n\n<p>En cuanto a las sesiones escolares, en Altea estas tendr\u00e1n lugar en la Plaza posterior a la Biblioteca; en Altea la Vella, en la Plaza de la Iglesia y en el caso del CP de la Olla, las representaciones tendr\u00e1n lugar en Villa Gadea, \u201cpor lo que habr\u00e1 mucho movimiento de ni\u00f1os y ni\u00f1as por las calles\u201d. Ha apostillado el coordinador de Encontes, quien ha concluido desvelando el nombre de los 7 narradores y narradoras que participar\u00e1n en esta 21 edici\u00f3n de Encontes; Paula Carbonell, procedente de Castell\u00f3n; Enma Lobo, de Elche; Charo Jaular de Zamora; Nelson Calder\u00f3n de Colombia; Ch\u00fambala de La Vila, Juanvi Mart\u00edn Devesa con una ruta y Elisa Matall\u00edn de Valencia.|ALTEADIGITAL.ES<\/p>\n","protected":false},"excerpt":{"rendered":"<p>El festival de narraci\u00f3n oral tendr\u00e1 lugar del 20 al 26 de mayo. En la ma\u00f1ana de hoy, la [&hellip;]<\/p>\n","protected":false},"author":1,"featured_media":0,"comment_status":"open","ping_status":"open","sticky":false,"template":"","format":"standard","meta":{"_expiration-date-status":"","_expiration-date":0,"_expiration-date-type":"","_expiration-date-categories":[],"_expiration-date-options":[],"footnotes":""},"yoast_head":"<!-- This site is optimized with the Yoast SEO plugin v22.8 - https:\/\/yoast.com\/wordpress\/plugins\/seo\/ -->\n<title>Cultura y Aktes Teatre presentan la 21 edici\u00f3n de Encontes - Altea Cultural<\/title>\n<meta name=\"robots\" content=\"index, follow, max-snippet:-1, max-image-preview:large, max-video-preview:-1\" \/>\n<link rel=\"canonical\" href=\"https:\/\/www.alteacultural.com\/es\/2024\/04\/08\/cultura-i-aktes-teatre-presenten-la-21-edicio-dencontes\/\" \/>\n<meta property=\"og:locale\" content=\"es_ES\" \/>\n<meta property=\"og:type\" content=\"article\" \/>\n<meta property=\"og:title\" content=\"Cultura y Aktes Teatre presentan la 21 edici\u00f3n de Encontes - Altea Cultural\" \/>\n<meta property=\"og:description\" content=\"El festival de narraci\u00f3n oral tendr\u00e1 lugar del 20 al 26 de mayo. En la ma\u00f1ana de hoy, la [&hellip;]\" \/>\n<meta property=\"og:url\" content=\"https:\/\/www.alteacultural.com\/es\/2024\/04\/08\/cultura-i-aktes-teatre-presenten-la-21-edicio-dencontes\/\" \/>\n<meta property=\"og:site_name\" content=\"Altea Cultural\" \/>\n<meta property=\"article:published_time\" content=\"2024-04-08T06:40:29+00:00\" \/>\n<meta property=\"article:modified_time\" content=\"2024-04-12T15:38:08+00:00\" \/>\n<meta property=\"og:image\" content=\"https:\/\/alteadigital.es\/wp-content\/uploads\/2024\/04\/presentacion-Encontes-web.jpg\" \/>\n<meta name=\"author\" content=\"sfaltea.com-admin\" \/>\n<meta name=\"twitter:card\" content=\"summary_large_image\" \/>\n<meta name=\"twitter:label1\" content=\"Escrito por\" \/>\n\t<meta name=\"twitter:data1\" content=\"sfaltea.com-admin\" \/>\n\t<meta name=\"twitter:label2\" content=\"Tiempo de lectura\" \/>\n\t<meta name=\"twitter:data2\" content=\"4 minutos\" \/>\n<script type=\"application\/ld+json\" class=\"yoast-schema-graph\">{\"@context\":\"https:\/\/schema.org\",\"@graph\":[{\"@type\":\"WebPage\",\"@id\":\"https:\/\/www.alteacultural.com\/es\/2024\/04\/08\/cultura-i-aktes-teatre-presenten-la-21-edicio-dencontes\/\",\"url\":\"https:\/\/www.alteacultural.com\/es\/2024\/04\/08\/cultura-i-aktes-teatre-presenten-la-21-edicio-dencontes\/\",\"name\":\"Cultura y Aktes Teatre presentan la 21 edici\u00f3n de Encontes - Altea Cultural\",\"isPartOf\":{\"@id\":\"https:\/\/www.alteacultural.com\/es\/#website\"},\"primaryImageOfPage\":{\"@id\":\"https:\/\/www.alteacultural.com\/es\/2024\/04\/08\/cultura-i-aktes-teatre-presenten-la-21-edicio-dencontes\/#primaryimage\"},\"image\":{\"@id\":\"https:\/\/www.alteacultural.com\/es\/2024\/04\/08\/cultura-i-aktes-teatre-presenten-la-21-edicio-dencontes\/#primaryimage\"},\"thumbnailUrl\":\"https:\/\/alteadigital.es\/wp-content\/uploads\/2024\/04\/presentacion-Encontes-web.jpg\",\"datePublished\":\"2024-04-08T06:40:29+00:00\",\"dateModified\":\"2024-04-12T15:38:08+00:00\",\"author\":{\"@id\":\"https:\/\/www.alteacultural.com\/es\/#\/schema\/person\/c4e137537f1af546d214a315255e5172\"},\"breadcrumb\":{\"@id\":\"https:\/\/www.alteacultural.com\/es\/2024\/04\/08\/cultura-i-aktes-teatre-presenten-la-21-edicio-dencontes\/#breadcrumb\"},\"inLanguage\":\"es\",\"potentialAction\":[{\"@type\":\"ReadAction\",\"target\":[\"https:\/\/www.alteacultural.com\/es\/2024\/04\/08\/cultura-i-aktes-teatre-presenten-la-21-edicio-dencontes\/\"]}]},{\"@type\":\"ImageObject\",\"inLanguage\":\"es\",\"@id\":\"https:\/\/www.alteacultural.com\/es\/2024\/04\/08\/cultura-i-aktes-teatre-presenten-la-21-edicio-dencontes\/#primaryimage\",\"url\":\"https:\/\/alteadigital.es\/wp-content\/uploads\/2024\/04\/presentacion-Encontes-web.jpg\",\"contentUrl\":\"https:\/\/alteadigital.es\/wp-content\/uploads\/2024\/04\/presentacion-Encontes-web.jpg\"},{\"@type\":\"BreadcrumbList\",\"@id\":\"https:\/\/www.alteacultural.com\/es\/2024\/04\/08\/cultura-i-aktes-teatre-presenten-la-21-edicio-dencontes\/#breadcrumb\",\"itemListElement\":[{\"@type\":\"ListItem\",\"position\":1,\"name\":\"Inici\",\"item\":\"https:\/\/www.alteacultural.com\/es\/\"},{\"@type\":\"ListItem\",\"position\":2,\"name\":\"Cultura y Aktes Teatre presentan la 21 edici\u00f3n de Encontes\"}]},{\"@type\":\"WebSite\",\"@id\":\"https:\/\/www.alteacultural.com\/es\/#website\",\"url\":\"https:\/\/www.alteacultural.com\/es\/\",\"name\":\"Altea Cultural\",\"description\":\"Regidoria de Cultura de l&#039;Ajuntament d&#039;Altea\",\"potentialAction\":[{\"@type\":\"SearchAction\",\"target\":{\"@type\":\"EntryPoint\",\"urlTemplate\":\"https:\/\/www.alteacultural.com\/es\/?s={search_term_string}\"},\"query-input\":\"required name=search_term_string\"}],\"inLanguage\":\"es\"},{\"@type\":\"Person\",\"@id\":\"https:\/\/www.alteacultural.com\/es\/#\/schema\/person\/c4e137537f1af546d214a315255e5172\",\"name\":\"sfaltea.com-admin\",\"image\":{\"@type\":\"ImageObject\",\"inLanguage\":\"es\",\"@id\":\"https:\/\/www.alteacultural.com\/es\/#\/schema\/person\/image\/\",\"url\":\"https:\/\/secure.gravatar.com\/avatar\/f7473fa2fbd351270ccfd469de536202?s=96&d=mm&r=g\",\"contentUrl\":\"https:\/\/secure.gravatar.com\/avatar\/f7473fa2fbd351270ccfd469de536202?s=96&d=mm&r=g\",\"caption\":\"sfaltea.com-admin\"},\"url\":\"https:\/\/www.alteacultural.com\/es\/author\/sfaltea-com-admin\/\"}]}<\/script>\n<!-- \/ Yoast SEO plugin. -->","yoast_head_json":{"title":"Cultura y Aktes Teatre presentan la 21 edici\u00f3n de Encontes - Altea Cultural","robots":{"index":"index","follow":"follow","max-snippet":"max-snippet:-1","max-image-preview":"max-image-preview:large","max-video-preview":"max-video-preview:-1"},"canonical":"https:\/\/www.alteacultural.com\/es\/2024\/04\/08\/cultura-i-aktes-teatre-presenten-la-21-edicio-dencontes\/","og_locale":"es_ES","og_type":"article","og_title":"Cultura y Aktes Teatre presentan la 21 edici\u00f3n de Encontes - Altea Cultural","og_description":"El festival de narraci\u00f3n oral tendr\u00e1 lugar del 20 al 26 de mayo. En la ma\u00f1ana de hoy, la [&hellip;]","og_url":"https:\/\/www.alteacultural.com\/es\/2024\/04\/08\/cultura-i-aktes-teatre-presenten-la-21-edicio-dencontes\/","og_site_name":"Altea Cultural","article_published_time":"2024-04-08T06:40:29+00:00","article_modified_time":"2024-04-12T15:38:08+00:00","og_image":[{"url":"https:\/\/alteadigital.es\/wp-content\/uploads\/2024\/04\/presentacion-Encontes-web.jpg"}],"author":"sfaltea.com-admin","twitter_card":"summary_large_image","twitter_misc":{"Escrito por":"sfaltea.com-admin","Tiempo de lectura":"4 minutos"},"schema":{"@context":"https:\/\/schema.org","@graph":[{"@type":"WebPage","@id":"https:\/\/www.alteacultural.com\/es\/2024\/04\/08\/cultura-i-aktes-teatre-presenten-la-21-edicio-dencontes\/","url":"https:\/\/www.alteacultural.com\/es\/2024\/04\/08\/cultura-i-aktes-teatre-presenten-la-21-edicio-dencontes\/","name":"Cultura y Aktes Teatre presentan la 21 edici\u00f3n de Encontes - Altea Cultural","isPartOf":{"@id":"https:\/\/www.alteacultural.com\/es\/#website"},"primaryImageOfPage":{"@id":"https:\/\/www.alteacultural.com\/es\/2024\/04\/08\/cultura-i-aktes-teatre-presenten-la-21-edicio-dencontes\/#primaryimage"},"image":{"@id":"https:\/\/www.alteacultural.com\/es\/2024\/04\/08\/cultura-i-aktes-teatre-presenten-la-21-edicio-dencontes\/#primaryimage"},"thumbnailUrl":"https:\/\/alteadigital.es\/wp-content\/uploads\/2024\/04\/presentacion-Encontes-web.jpg","datePublished":"2024-04-08T06:40:29+00:00","dateModified":"2024-04-12T15:38:08+00:00","author":{"@id":"https:\/\/www.alteacultural.com\/es\/#\/schema\/person\/c4e137537f1af546d214a315255e5172"},"breadcrumb":{"@id":"https:\/\/www.alteacultural.com\/es\/2024\/04\/08\/cultura-i-aktes-teatre-presenten-la-21-edicio-dencontes\/#breadcrumb"},"inLanguage":"es","potentialAction":[{"@type":"ReadAction","target":["https:\/\/www.alteacultural.com\/es\/2024\/04\/08\/cultura-i-aktes-teatre-presenten-la-21-edicio-dencontes\/"]}]},{"@type":"ImageObject","inLanguage":"es","@id":"https:\/\/www.alteacultural.com\/es\/2024\/04\/08\/cultura-i-aktes-teatre-presenten-la-21-edicio-dencontes\/#primaryimage","url":"https:\/\/alteadigital.es\/wp-content\/uploads\/2024\/04\/presentacion-Encontes-web.jpg","contentUrl":"https:\/\/alteadigital.es\/wp-content\/uploads\/2024\/04\/presentacion-Encontes-web.jpg"},{"@type":"BreadcrumbList","@id":"https:\/\/www.alteacultural.com\/es\/2024\/04\/08\/cultura-i-aktes-teatre-presenten-la-21-edicio-dencontes\/#breadcrumb","itemListElement":[{"@type":"ListItem","position":1,"name":"Inici","item":"https:\/\/www.alteacultural.com\/es\/"},{"@type":"ListItem","position":2,"name":"Cultura y Aktes Teatre presentan la 21 edici\u00f3n de Encontes"}]},{"@type":"WebSite","@id":"https:\/\/www.alteacultural.com\/es\/#website","url":"https:\/\/www.alteacultural.com\/es\/","name":"Altea Cultural","description":"Regidoria de Cultura de l&#039;Ajuntament d&#039;Altea","potentialAction":[{"@type":"SearchAction","target":{"@type":"EntryPoint","urlTemplate":"https:\/\/www.alteacultural.com\/es\/?s={search_term_string}"},"query-input":"required name=search_term_string"}],"inLanguage":"es"},{"@type":"Person","@id":"https:\/\/www.alteacultural.com\/es\/#\/schema\/person\/c4e137537f1af546d214a315255e5172","name":"sfaltea.com-admin","image":{"@type":"ImageObject","inLanguage":"es","@id":"https:\/\/www.alteacultural.com\/es\/#\/schema\/person\/image\/","url":"https:\/\/secure.gravatar.com\/avatar\/f7473fa2fbd351270ccfd469de536202?s=96&d=mm&r=g","contentUrl":"https:\/\/secure.gravatar.com\/avatar\/f7473fa2fbd351270ccfd469de536202?s=96&d=mm&r=g","caption":"sfaltea.com-admin"},"url":"https:\/\/www.alteacultural.com\/es\/author\/sfaltea-com-admin\/"}]}},"_links":{"self":[{"href":"https:\/\/www.alteacultural.com\/es\/wp-json\/wp\/v2\/posts\/30370"}],"collection":[{"href":"https:\/\/www.alteacultural.com\/es\/wp-json\/wp\/v2\/posts"}],"about":[{"href":"https:\/\/www.alteacultural.com\/es\/wp-json\/wp\/v2\/types\/post"}],"author":[{"embeddable":true,"href":"https:\/\/www.alteacultural.com\/es\/wp-json\/wp\/v2\/users\/1"}],"replies":[{"embeddable":true,"href":"https:\/\/www.alteacultural.com\/es\/wp-json\/wp\/v2\/comments?post=30370"}],"version-history":[{"count":1,"href":"https:\/\/www.alteacultural.com\/es\/wp-json\/wp\/v2\/posts\/30370\/revisions"}],"predecessor-version":[{"id":30371,"href":"https:\/\/www.alteacultural.com\/es\/wp-json\/wp\/v2\/posts\/30370\/revisions\/30371"}],"wp:attachment":[{"href":"https:\/\/www.alteacultural.com\/es\/wp-json\/wp\/v2\/media?parent=30370"}],"curies":[{"name":"wp","href":"https:\/\/api.w.org\/{rel}","templated":true}]}}