{"id":30384,"date":"2024-04-12T10:24:12","date_gmt":"2024-04-12T08:24:12","guid":{"rendered":"https:\/\/www.alteacultural.com\/2024\/04\/12\/els-xics-i-xiques-del-tapis-es-diverteixen-amb-el-teatre-interactiu-que-cultura-els-ha-organitzat\/"},"modified":"2024-04-13T15:22:03","modified_gmt":"2024-04-13T13:22:03","slug":"els-xics-i-xiques-del-tapis-es-diverteixen-amb-el-teatre-interactiu-que-cultura-els-ha-organitzat","status":"publish","type":"post","link":"https:\/\/www.alteacultural.com\/es\/2024\/04\/12\/els-xics-i-xiques-del-tapis-es-diverteixen-amb-el-teatre-interactiu-que-cultura-els-ha-organitzat\/","title":{"rendered":"Los chicos y chicas del TAPIS se divierten con el teatro interactivo que Cultura les ha organizado"},"content":{"rendered":"\n<figure class=\"wp-block-image\"><img decoding=\"async\" data-src=\"https:\/\/alteadigital.es\/wp-content\/uploads\/2024\/04\/teatro-2-web.jpg\" alt=\"Els xics i xiques del TAPIS es diverteixen amb el teatre interactiu que Cultura els ha organitzat\" src=\"data:image\/gif;base64,R0lGODlhAQABAAAAACH5BAEKAAEALAAAAAABAAEAAAICTAEAOw==\" class=\"lazyload\" \/><\/figure>\n\n\n\n<p><strong>Las ediles de Cultura y Bienestar Social se unen a la actividad.<\/strong><\/p>\n\n\n\n<p>En la ma\u00f1ana de ayer el alumnado del TAPIS&nbsp; participaba en la representaci\u00f3n del cuento \u201cEl llop i els \u00e0necs\u201d de la compa\u00f1\u00eda \u201cDe Bat a Bat\u201d, procedente de Albaida. La actividad ten\u00eda lugar en la Casa de Cultura y forma parte de la agenda que la concejal\u00eda de Cultura pone a disposici\u00f3n del TAPIS mensualmente, como indica la edil de \u00e1rea, Pepa Victoria P\u00e9rez.<\/p>\n\n\n\n<p>Con una gran carga interactiva, los ocho j\u00f3venes que forman parte del TAPIS en estos momentos, se divert\u00edan con las ocurrencias de este cuento que, de forma ir\u00f3nica, quiere reflexionar de c\u00f3mo los lobos, en los cuentos tradicionales, se presentan como un personaje malo.<\/p>\n\n\n\n<p>La historia est\u00e1 protagonizada por Ximo que es un pato que tiene dos amenazas en el bosque en el que vive. Una es un cazador y la otra es un lobo. El que pasa en un momento dado es que Ximo se encuentra con el lobo encerrado en una jaula y a partir de ah\u00ed se presenta un di\u00e1logo entre ambos en el que se recordar\u00e1 todo el que ha pasado en muchos otros cuentos.<\/p>\n\n\n\n<p>Son Jordi Pla Porta, escritor del texto, y Mario Roig Vila, compositor de la m\u00fasica del espect\u00e1culo los encargados de la dramatizaci\u00f3n y puesta en escena del cuento \u201cEl llop i els \u00e0necs\u201d.|ALTEADIGITAL.ES<\/p>\n\n\n\n<div class=\"wp-block-image\"><figure class=\"aligncenter\"><img decoding=\"async\" data-src=\"https:\/\/alteadigital.es\/wp-content\/uploads\/2024\/04\/1-web.jpg\" alt=\"\" class=\"wp-image-116773 lazyload\" src=\"data:image\/gif;base64,R0lGODlhAQABAAAAACH5BAEKAAEALAAAAAABAAEAAAICTAEAOw==\" \/><\/figure><\/div>\n","protected":false},"excerpt":{"rendered":"<p>Las ediles de Cultura y Bienestar Social se unen a la actividad. En la ma\u00f1ana de ayer el alumnado [&hellip;]<\/p>\n","protected":false},"author":1,"featured_media":30382,"comment_status":"open","ping_status":"open","sticky":false,"template":"","format":"standard","meta":{"_expiration-date-status":"","_expiration-date":0,"_expiration-date-type":"","_expiration-date-categories":[],"_expiration-date-options":[],"footnotes":""},"yoast_head":"<!-- This site is optimized with the Yoast SEO plugin v22.8 - https:\/\/yoast.com\/wordpress\/plugins\/seo\/ -->\n<title>Los chicos y chicas del TAPIS se divierten con el teatro interactivo que Cultura les ha organizado - Altea Cultural<\/title>\n<meta name=\"robots\" content=\"index, follow, max-snippet:-1, max-image-preview:large, max-video-preview:-1\" \/>\n<link rel=\"canonical\" href=\"https:\/\/www.alteacultural.com\/es\/2024\/04\/12\/els-xics-i-xiques-del-tapis-es-diverteixen-amb-el-teatre-interactiu-que-cultura-els-ha-organitzat\/\" \/>\n<meta property=\"og:locale\" content=\"es_ES\" \/>\n<meta property=\"og:type\" content=\"article\" \/>\n<meta property=\"og:title\" content=\"Los chicos y chicas del TAPIS se divierten con el teatro interactivo que Cultura les ha organizado - Altea Cultural\" \/>\n<meta property=\"og:description\" content=\"Las ediles de Cultura y Bienestar Social se unen a la actividad. En la ma\u00f1ana de ayer el alumnado [&hellip;]\" \/>\n<meta property=\"og:url\" content=\"https:\/\/www.alteacultural.com\/es\/2024\/04\/12\/els-xics-i-xiques-del-tapis-es-diverteixen-amb-el-teatre-interactiu-que-cultura-els-ha-organitzat\/\" \/>\n<meta property=\"og:site_name\" content=\"Altea Cultural\" \/>\n<meta property=\"article:published_time\" content=\"2024-04-12T08:24:12+00:00\" \/>\n<meta property=\"article:modified_time\" content=\"2024-04-13T13:22:03+00:00\" \/>\n<meta property=\"og:image\" content=\"https:\/\/www.alteacultural.com\/wp-content\/uploads\/2024\/04\/teatro-2-web.jpg\" \/>\n\t<meta property=\"og:image:width\" content=\"1028\" \/>\n\t<meta property=\"og:image:height\" content=\"700\" \/>\n\t<meta property=\"og:image:type\" content=\"image\/jpeg\" \/>\n<meta name=\"author\" content=\"sfaltea.com-admin\" \/>\n<meta name=\"twitter:card\" content=\"summary_large_image\" \/>\n<meta name=\"twitter:label1\" content=\"Escrito por\" \/>\n\t<meta name=\"twitter:data1\" content=\"sfaltea.com-admin\" \/>\n\t<meta name=\"twitter:label2\" content=\"Tiempo de lectura\" \/>\n\t<meta name=\"twitter:data2\" content=\"2 minutos\" \/>\n<script type=\"application\/ld+json\" class=\"yoast-schema-graph\">{\"@context\":\"https:\/\/schema.org\",\"@graph\":[{\"@type\":\"WebPage\",\"@id\":\"https:\/\/www.alteacultural.com\/es\/2024\/04\/12\/els-xics-i-xiques-del-tapis-es-diverteixen-amb-el-teatre-interactiu-que-cultura-els-ha-organitzat\/\",\"url\":\"https:\/\/www.alteacultural.com\/es\/2024\/04\/12\/els-xics-i-xiques-del-tapis-es-diverteixen-amb-el-teatre-interactiu-que-cultura-els-ha-organitzat\/\",\"name\":\"Los chicos y chicas del TAPIS se divierten con el teatro interactivo que Cultura les ha organizado - Altea Cultural\",\"isPartOf\":{\"@id\":\"https:\/\/www.alteacultural.com\/es\/#website\"},\"primaryImageOfPage\":{\"@id\":\"https:\/\/www.alteacultural.com\/es\/2024\/04\/12\/els-xics-i-xiques-del-tapis-es-diverteixen-amb-el-teatre-interactiu-que-cultura-els-ha-organitzat\/#primaryimage\"},\"image\":{\"@id\":\"https:\/\/www.alteacultural.com\/es\/2024\/04\/12\/els-xics-i-xiques-del-tapis-es-diverteixen-amb-el-teatre-interactiu-que-cultura-els-ha-organitzat\/#primaryimage\"},\"thumbnailUrl\":\"https:\/\/www.alteacultural.com\/wp-content\/uploads\/2024\/04\/teatro-2-web.jpg\",\"datePublished\":\"2024-04-12T08:24:12+00:00\",\"dateModified\":\"2024-04-13T13:22:03+00:00\",\"author\":{\"@id\":\"https:\/\/www.alteacultural.com\/es\/#\/schema\/person\/c4e137537f1af546d214a315255e5172\"},\"breadcrumb\":{\"@id\":\"https:\/\/www.alteacultural.com\/es\/2024\/04\/12\/els-xics-i-xiques-del-tapis-es-diverteixen-amb-el-teatre-interactiu-que-cultura-els-ha-organitzat\/#breadcrumb\"},\"inLanguage\":\"es\",\"potentialAction\":[{\"@type\":\"ReadAction\",\"target\":[\"https:\/\/www.alteacultural.com\/es\/2024\/04\/12\/els-xics-i-xiques-del-tapis-es-diverteixen-amb-el-teatre-interactiu-que-cultura-els-ha-organitzat\/\"]}]},{\"@type\":\"ImageObject\",\"inLanguage\":\"es\",\"@id\":\"https:\/\/www.alteacultural.com\/es\/2024\/04\/12\/els-xics-i-xiques-del-tapis-es-diverteixen-amb-el-teatre-interactiu-que-cultura-els-ha-organitzat\/#primaryimage\",\"url\":\"https:\/\/www.alteacultural.com\/wp-content\/uploads\/2024\/04\/teatro-2-web.jpg\",\"contentUrl\":\"https:\/\/www.alteacultural.com\/wp-content\/uploads\/2024\/04\/teatro-2-web.jpg\",\"width\":1028,\"height\":700},{\"@type\":\"BreadcrumbList\",\"@id\":\"https:\/\/www.alteacultural.com\/es\/2024\/04\/12\/els-xics-i-xiques-del-tapis-es-diverteixen-amb-el-teatre-interactiu-que-cultura-els-ha-organitzat\/#breadcrumb\",\"itemListElement\":[{\"@type\":\"ListItem\",\"position\":1,\"name\":\"Inici\",\"item\":\"https:\/\/www.alteacultural.com\/es\/\"},{\"@type\":\"ListItem\",\"position\":2,\"name\":\"Los chicos y chicas del TAPIS se divierten con el teatro interactivo que Cultura les ha organizado\"}]},{\"@type\":\"WebSite\",\"@id\":\"https:\/\/www.alteacultural.com\/es\/#website\",\"url\":\"https:\/\/www.alteacultural.com\/es\/\",\"name\":\"Altea Cultural\",\"description\":\"Regidoria de Cultura de l&#039;Ajuntament d&#039;Altea\",\"potentialAction\":[{\"@type\":\"SearchAction\",\"target\":{\"@type\":\"EntryPoint\",\"urlTemplate\":\"https:\/\/www.alteacultural.com\/es\/?s={search_term_string}\"},\"query-input\":\"required name=search_term_string\"}],\"inLanguage\":\"es\"},{\"@type\":\"Person\",\"@id\":\"https:\/\/www.alteacultural.com\/es\/#\/schema\/person\/c4e137537f1af546d214a315255e5172\",\"name\":\"sfaltea.com-admin\",\"image\":{\"@type\":\"ImageObject\",\"inLanguage\":\"es\",\"@id\":\"https:\/\/www.alteacultural.com\/es\/#\/schema\/person\/image\/\",\"url\":\"https:\/\/secure.gravatar.com\/avatar\/f7473fa2fbd351270ccfd469de536202?s=96&d=mm&r=g\",\"contentUrl\":\"https:\/\/secure.gravatar.com\/avatar\/f7473fa2fbd351270ccfd469de536202?s=96&d=mm&r=g\",\"caption\":\"sfaltea.com-admin\"},\"url\":\"https:\/\/www.alteacultural.com\/es\/author\/sfaltea-com-admin\/\"}]}<\/script>\n<!-- \/ Yoast SEO plugin. -->","yoast_head_json":{"title":"Los chicos y chicas del TAPIS se divierten con el teatro interactivo que Cultura les ha organizado - Altea Cultural","robots":{"index":"index","follow":"follow","max-snippet":"max-snippet:-1","max-image-preview":"max-image-preview:large","max-video-preview":"max-video-preview:-1"},"canonical":"https:\/\/www.alteacultural.com\/es\/2024\/04\/12\/els-xics-i-xiques-del-tapis-es-diverteixen-amb-el-teatre-interactiu-que-cultura-els-ha-organitzat\/","og_locale":"es_ES","og_type":"article","og_title":"Los chicos y chicas del TAPIS se divierten con el teatro interactivo que Cultura les ha organizado - Altea Cultural","og_description":"Las ediles de Cultura y Bienestar Social se unen a la actividad. En la ma\u00f1ana de ayer el alumnado [&hellip;]","og_url":"https:\/\/www.alteacultural.com\/es\/2024\/04\/12\/els-xics-i-xiques-del-tapis-es-diverteixen-amb-el-teatre-interactiu-que-cultura-els-ha-organitzat\/","og_site_name":"Altea Cultural","article_published_time":"2024-04-12T08:24:12+00:00","article_modified_time":"2024-04-13T13:22:03+00:00","og_image":[{"width":1028,"height":700,"url":"https:\/\/www.alteacultural.com\/wp-content\/uploads\/2024\/04\/teatro-2-web.jpg","type":"image\/jpeg"}],"author":"sfaltea.com-admin","twitter_card":"summary_large_image","twitter_misc":{"Escrito por":"sfaltea.com-admin","Tiempo de lectura":"2 minutos"},"schema":{"@context":"https:\/\/schema.org","@graph":[{"@type":"WebPage","@id":"https:\/\/www.alteacultural.com\/es\/2024\/04\/12\/els-xics-i-xiques-del-tapis-es-diverteixen-amb-el-teatre-interactiu-que-cultura-els-ha-organitzat\/","url":"https:\/\/www.alteacultural.com\/es\/2024\/04\/12\/els-xics-i-xiques-del-tapis-es-diverteixen-amb-el-teatre-interactiu-que-cultura-els-ha-organitzat\/","name":"Los chicos y chicas del TAPIS se divierten con el teatro interactivo que Cultura les ha organizado - Altea Cultural","isPartOf":{"@id":"https:\/\/www.alteacultural.com\/es\/#website"},"primaryImageOfPage":{"@id":"https:\/\/www.alteacultural.com\/es\/2024\/04\/12\/els-xics-i-xiques-del-tapis-es-diverteixen-amb-el-teatre-interactiu-que-cultura-els-ha-organitzat\/#primaryimage"},"image":{"@id":"https:\/\/www.alteacultural.com\/es\/2024\/04\/12\/els-xics-i-xiques-del-tapis-es-diverteixen-amb-el-teatre-interactiu-que-cultura-els-ha-organitzat\/#primaryimage"},"thumbnailUrl":"https:\/\/www.alteacultural.com\/wp-content\/uploads\/2024\/04\/teatro-2-web.jpg","datePublished":"2024-04-12T08:24:12+00:00","dateModified":"2024-04-13T13:22:03+00:00","author":{"@id":"https:\/\/www.alteacultural.com\/es\/#\/schema\/person\/c4e137537f1af546d214a315255e5172"},"breadcrumb":{"@id":"https:\/\/www.alteacultural.com\/es\/2024\/04\/12\/els-xics-i-xiques-del-tapis-es-diverteixen-amb-el-teatre-interactiu-que-cultura-els-ha-organitzat\/#breadcrumb"},"inLanguage":"es","potentialAction":[{"@type":"ReadAction","target":["https:\/\/www.alteacultural.com\/es\/2024\/04\/12\/els-xics-i-xiques-del-tapis-es-diverteixen-amb-el-teatre-interactiu-que-cultura-els-ha-organitzat\/"]}]},{"@type":"ImageObject","inLanguage":"es","@id":"https:\/\/www.alteacultural.com\/es\/2024\/04\/12\/els-xics-i-xiques-del-tapis-es-diverteixen-amb-el-teatre-interactiu-que-cultura-els-ha-organitzat\/#primaryimage","url":"https:\/\/www.alteacultural.com\/wp-content\/uploads\/2024\/04\/teatro-2-web.jpg","contentUrl":"https:\/\/www.alteacultural.com\/wp-content\/uploads\/2024\/04\/teatro-2-web.jpg","width":1028,"height":700},{"@type":"BreadcrumbList","@id":"https:\/\/www.alteacultural.com\/es\/2024\/04\/12\/els-xics-i-xiques-del-tapis-es-diverteixen-amb-el-teatre-interactiu-que-cultura-els-ha-organitzat\/#breadcrumb","itemListElement":[{"@type":"ListItem","position":1,"name":"Inici","item":"https:\/\/www.alteacultural.com\/es\/"},{"@type":"ListItem","position":2,"name":"Los chicos y chicas del TAPIS se divierten con el teatro interactivo que Cultura les ha organizado"}]},{"@type":"WebSite","@id":"https:\/\/www.alteacultural.com\/es\/#website","url":"https:\/\/www.alteacultural.com\/es\/","name":"Altea Cultural","description":"Regidoria de Cultura de l&#039;Ajuntament d&#039;Altea","potentialAction":[{"@type":"SearchAction","target":{"@type":"EntryPoint","urlTemplate":"https:\/\/www.alteacultural.com\/es\/?s={search_term_string}"},"query-input":"required name=search_term_string"}],"inLanguage":"es"},{"@type":"Person","@id":"https:\/\/www.alteacultural.com\/es\/#\/schema\/person\/c4e137537f1af546d214a315255e5172","name":"sfaltea.com-admin","image":{"@type":"ImageObject","inLanguage":"es","@id":"https:\/\/www.alteacultural.com\/es\/#\/schema\/person\/image\/","url":"https:\/\/secure.gravatar.com\/avatar\/f7473fa2fbd351270ccfd469de536202?s=96&d=mm&r=g","contentUrl":"https:\/\/secure.gravatar.com\/avatar\/f7473fa2fbd351270ccfd469de536202?s=96&d=mm&r=g","caption":"sfaltea.com-admin"},"url":"https:\/\/www.alteacultural.com\/es\/author\/sfaltea-com-admin\/"}]}},"_links":{"self":[{"href":"https:\/\/www.alteacultural.com\/es\/wp-json\/wp\/v2\/posts\/30384"}],"collection":[{"href":"https:\/\/www.alteacultural.com\/es\/wp-json\/wp\/v2\/posts"}],"about":[{"href":"https:\/\/www.alteacultural.com\/es\/wp-json\/wp\/v2\/types\/post"}],"author":[{"embeddable":true,"href":"https:\/\/www.alteacultural.com\/es\/wp-json\/wp\/v2\/users\/1"}],"replies":[{"embeddable":true,"href":"https:\/\/www.alteacultural.com\/es\/wp-json\/wp\/v2\/comments?post=30384"}],"version-history":[{"count":1,"href":"https:\/\/www.alteacultural.com\/es\/wp-json\/wp\/v2\/posts\/30384\/revisions"}],"predecessor-version":[{"id":30385,"href":"https:\/\/www.alteacultural.com\/es\/wp-json\/wp\/v2\/posts\/30384\/revisions\/30385"}],"wp:featuredmedia":[{"embeddable":true,"href":"https:\/\/www.alteacultural.com\/es\/wp-json\/wp\/v2\/media\/30382"}],"wp:attachment":[{"href":"https:\/\/www.alteacultural.com\/es\/wp-json\/wp\/v2\/media?parent=30384"}],"curies":[{"name":"wp","href":"https:\/\/api.w.org\/{rel}","templated":true}]}}