{"id":30446,"date":"2024-04-19T09:52:16","date_gmt":"2024-04-19T07:52:16","guid":{"rendered":"https:\/\/www.alteacultural.com\/2024\/04\/19\/el-consistori-vos-convida-a-coneixer-la-historia-daltea-la-vella-a-traves-duna-ruta-literaria\/"},"modified":"2024-04-21T09:00:05","modified_gmt":"2024-04-21T07:00:05","slug":"el-consistori-vos-convida-a-coneixer-la-historia-daltea-la-vella-a-traves-duna-ruta-literaria","status":"publish","type":"post","link":"https:\/\/www.alteacultural.com\/es\/2024\/04\/19\/el-consistori-vos-convida-a-coneixer-la-historia-daltea-la-vella-a-traves-duna-ruta-literaria\/","title":{"rendered":"El consistorio te invita a conocer la historia de Altea la Vella a trav\u00e9s de una ruta literaria"},"content":{"rendered":"\n<p><strong>Domingo 21 de abril a partir de las 11:00h.<\/strong><\/p>\n\n\n\n<p>Las concejal\u00edas de Altea la Vella y Cultura, dirigidas por Pepa Victoria P\u00e9rez, han preparado&nbsp; una Ruta Literaria por el n\u00facleo hist\u00f3rico de Altea la Vella con motivo del D\u00eda del Libro. La actividad estar\u00e1 guiada por el historiador local Juanvi Mart\u00edn y&nbsp; tendr\u00e1 lugar el domingo 21 de abril con salida en Caixaltea a las 11:00h.<\/p>\n\n\n\n<p>\u201cEn el trascurso del paseo, que durar\u00e1 entre hora y cuarto y hora y media, har\u00e9 un repaso de la historia de Altea la Vella a trav\u00e9s de documentos y libros en los que aparece. Desde la Edad Medieval&nbsp; hasta el d\u00eda de hoy\u201d; explica Juanvi Mart\u00edn, quien ha desvelado algunos datos desconocidos, como que la &nbsp;primera Carta Puebla de Altea la Vella data de 1279 y da la coincidencia que fue otorgada el 22 de abril, por lo que el lunes pr\u00f3ximo Altea la Vella cumple 745 a\u00f1os.<\/p>\n\n\n\n<p>Adem\u00e1s, entre la documentaci\u00f3n estudiada por Mart\u00edn Devesa, se encuentra un documento sobre las murallas de Altea la Vella y el pago de los vecinos para su construcci\u00f3n.<\/p>\n\n\n\n<p>Estos y otros muchos datos hist\u00f3ricos son los que Juanvi Mart\u00edn compartir\u00e1 con los participantes en la Ruta Literaria de Altea la Vella el pr\u00f3ximo domingo 21 de abril.<\/p>\n\n\n\n<p>Como responsable municipal de Altea la Vella, Pepa Victoria P\u00e9rez invita a los vecinos y vecinas de Altea la Vella, Altea y visitantes a disfrutar de este paseo por el n\u00facleo hist\u00f3rico de Altea la Vella, que seguro no dejar\u00e1 indiferente a nadie; adem\u00e1s de ser un plan perfecto para despu\u00e9s disfrutar de la buena gastronom\u00eda que la zona ofrece.|ALTEADIGITAL.ES<\/p>\n","protected":false},"excerpt":{"rendered":"<p>Domingo 21 de abril a partir de las 11:00h. Las concejal\u00edas de Altea la Vella y Cultura, dirigidas por [&hellip;]<\/p>\n","protected":false},"author":1,"featured_media":30390,"comment_status":"open","ping_status":"open","sticky":false,"template":"","format":"standard","meta":{"_expiration-date-status":"","_expiration-date":0,"_expiration-date-type":"","_expiration-date-categories":[],"_expiration-date-options":[],"footnotes":""},"yoast_head":"<!-- This site is optimized with the Yoast SEO plugin v22.8 - https:\/\/yoast.com\/wordpress\/plugins\/seo\/ -->\n<title>El consistorio te invita a conocer la historia de Altea la Vella a trav\u00e9s de una ruta literaria - Altea Cultural<\/title>\n<meta name=\"robots\" content=\"index, follow, max-snippet:-1, max-image-preview:large, max-video-preview:-1\" \/>\n<link rel=\"canonical\" href=\"https:\/\/www.alteacultural.com\/es\/2024\/04\/19\/el-consistori-vos-convida-a-coneixer-la-historia-daltea-la-vella-a-traves-duna-ruta-literaria\/\" \/>\n<meta property=\"og:locale\" content=\"es_ES\" \/>\n<meta property=\"og:type\" content=\"article\" \/>\n<meta property=\"og:title\" content=\"El consistorio te invita a conocer la historia de Altea la Vella a trav\u00e9s de una ruta literaria - Altea Cultural\" \/>\n<meta property=\"og:description\" content=\"Domingo 21 de abril a partir de las 11:00h. Las concejal\u00edas de Altea la Vella y Cultura, dirigidas por [&hellip;]\" \/>\n<meta property=\"og:url\" content=\"https:\/\/www.alteacultural.com\/es\/2024\/04\/19\/el-consistori-vos-convida-a-coneixer-la-historia-daltea-la-vella-a-traves-duna-ruta-literaria\/\" \/>\n<meta property=\"og:site_name\" content=\"Altea Cultural\" \/>\n<meta property=\"article:published_time\" content=\"2024-04-19T07:52:16+00:00\" \/>\n<meta property=\"article:modified_time\" content=\"2024-04-21T07:00:05+00:00\" \/>\n<meta property=\"og:image\" content=\"https:\/\/www.alteacultural.com\/wp-content\/uploads\/2024\/04\/RutaLiterariaAlteaLaVella_Cartell-01.jpg\" \/>\n\t<meta property=\"og:image:width\" content=\"2480\" \/>\n\t<meta property=\"og:image:height\" content=\"1754\" \/>\n\t<meta property=\"og:image:type\" content=\"image\/jpeg\" \/>\n<meta name=\"author\" content=\"sfaltea.com-admin\" \/>\n<meta name=\"twitter:card\" content=\"summary_large_image\" \/>\n<meta name=\"twitter:label1\" content=\"Escrito por\" \/>\n\t<meta name=\"twitter:data1\" content=\"sfaltea.com-admin\" \/>\n\t<meta name=\"twitter:label2\" content=\"Tiempo de lectura\" \/>\n\t<meta name=\"twitter:data2\" content=\"2 minutos\" \/>\n<script type=\"application\/ld+json\" class=\"yoast-schema-graph\">{\"@context\":\"https:\/\/schema.org\",\"@graph\":[{\"@type\":\"WebPage\",\"@id\":\"https:\/\/www.alteacultural.com\/es\/2024\/04\/19\/el-consistori-vos-convida-a-coneixer-la-historia-daltea-la-vella-a-traves-duna-ruta-literaria\/\",\"url\":\"https:\/\/www.alteacultural.com\/es\/2024\/04\/19\/el-consistori-vos-convida-a-coneixer-la-historia-daltea-la-vella-a-traves-duna-ruta-literaria\/\",\"name\":\"El consistorio te invita a conocer la historia de Altea la Vella a trav\u00e9s de una ruta literaria - Altea Cultural\",\"isPartOf\":{\"@id\":\"https:\/\/www.alteacultural.com\/es\/#website\"},\"primaryImageOfPage\":{\"@id\":\"https:\/\/www.alteacultural.com\/es\/2024\/04\/19\/el-consistori-vos-convida-a-coneixer-la-historia-daltea-la-vella-a-traves-duna-ruta-literaria\/#primaryimage\"},\"image\":{\"@id\":\"https:\/\/www.alteacultural.com\/es\/2024\/04\/19\/el-consistori-vos-convida-a-coneixer-la-historia-daltea-la-vella-a-traves-duna-ruta-literaria\/#primaryimage\"},\"thumbnailUrl\":\"https:\/\/www.alteacultural.com\/wp-content\/uploads\/2024\/04\/RutaLiterariaAlteaLaVella_Cartell-01.jpg\",\"datePublished\":\"2024-04-19T07:52:16+00:00\",\"dateModified\":\"2024-04-21T07:00:05+00:00\",\"author\":{\"@id\":\"https:\/\/www.alteacultural.com\/es\/#\/schema\/person\/c4e137537f1af546d214a315255e5172\"},\"breadcrumb\":{\"@id\":\"https:\/\/www.alteacultural.com\/es\/2024\/04\/19\/el-consistori-vos-convida-a-coneixer-la-historia-daltea-la-vella-a-traves-duna-ruta-literaria\/#breadcrumb\"},\"inLanguage\":\"es\",\"potentialAction\":[{\"@type\":\"ReadAction\",\"target\":[\"https:\/\/www.alteacultural.com\/es\/2024\/04\/19\/el-consistori-vos-convida-a-coneixer-la-historia-daltea-la-vella-a-traves-duna-ruta-literaria\/\"]}]},{\"@type\":\"ImageObject\",\"inLanguage\":\"es\",\"@id\":\"https:\/\/www.alteacultural.com\/es\/2024\/04\/19\/el-consistori-vos-convida-a-coneixer-la-historia-daltea-la-vella-a-traves-duna-ruta-literaria\/#primaryimage\",\"url\":\"https:\/\/www.alteacultural.com\/wp-content\/uploads\/2024\/04\/RutaLiterariaAlteaLaVella_Cartell-01.jpg\",\"contentUrl\":\"https:\/\/www.alteacultural.com\/wp-content\/uploads\/2024\/04\/RutaLiterariaAlteaLaVella_Cartell-01.jpg\",\"width\":2480,\"height\":1754},{\"@type\":\"BreadcrumbList\",\"@id\":\"https:\/\/www.alteacultural.com\/es\/2024\/04\/19\/el-consistori-vos-convida-a-coneixer-la-historia-daltea-la-vella-a-traves-duna-ruta-literaria\/#breadcrumb\",\"itemListElement\":[{\"@type\":\"ListItem\",\"position\":1,\"name\":\"Inici\",\"item\":\"https:\/\/www.alteacultural.com\/es\/\"},{\"@type\":\"ListItem\",\"position\":2,\"name\":\"El consistorio te invita a conocer la historia de Altea la Vella a trav\u00e9s de una ruta literaria\"}]},{\"@type\":\"WebSite\",\"@id\":\"https:\/\/www.alteacultural.com\/es\/#website\",\"url\":\"https:\/\/www.alteacultural.com\/es\/\",\"name\":\"Altea Cultural\",\"description\":\"Regidoria de Cultura de l&#039;Ajuntament d&#039;Altea\",\"potentialAction\":[{\"@type\":\"SearchAction\",\"target\":{\"@type\":\"EntryPoint\",\"urlTemplate\":\"https:\/\/www.alteacultural.com\/es\/?s={search_term_string}\"},\"query-input\":\"required name=search_term_string\"}],\"inLanguage\":\"es\"},{\"@type\":\"Person\",\"@id\":\"https:\/\/www.alteacultural.com\/es\/#\/schema\/person\/c4e137537f1af546d214a315255e5172\",\"name\":\"sfaltea.com-admin\",\"image\":{\"@type\":\"ImageObject\",\"inLanguage\":\"es\",\"@id\":\"https:\/\/www.alteacultural.com\/es\/#\/schema\/person\/image\/\",\"url\":\"https:\/\/secure.gravatar.com\/avatar\/f7473fa2fbd351270ccfd469de536202?s=96&d=mm&r=g\",\"contentUrl\":\"https:\/\/secure.gravatar.com\/avatar\/f7473fa2fbd351270ccfd469de536202?s=96&d=mm&r=g\",\"caption\":\"sfaltea.com-admin\"},\"url\":\"https:\/\/www.alteacultural.com\/es\/author\/sfaltea-com-admin\/\"}]}<\/script>\n<!-- \/ Yoast SEO plugin. -->","yoast_head_json":{"title":"El consistorio te invita a conocer la historia de Altea la Vella a trav\u00e9s de una ruta literaria - Altea Cultural","robots":{"index":"index","follow":"follow","max-snippet":"max-snippet:-1","max-image-preview":"max-image-preview:large","max-video-preview":"max-video-preview:-1"},"canonical":"https:\/\/www.alteacultural.com\/es\/2024\/04\/19\/el-consistori-vos-convida-a-coneixer-la-historia-daltea-la-vella-a-traves-duna-ruta-literaria\/","og_locale":"es_ES","og_type":"article","og_title":"El consistorio te invita a conocer la historia de Altea la Vella a trav\u00e9s de una ruta literaria - Altea Cultural","og_description":"Domingo 21 de abril a partir de las 11:00h. Las concejal\u00edas de Altea la Vella y Cultura, dirigidas por [&hellip;]","og_url":"https:\/\/www.alteacultural.com\/es\/2024\/04\/19\/el-consistori-vos-convida-a-coneixer-la-historia-daltea-la-vella-a-traves-duna-ruta-literaria\/","og_site_name":"Altea Cultural","article_published_time":"2024-04-19T07:52:16+00:00","article_modified_time":"2024-04-21T07:00:05+00:00","og_image":[{"width":2480,"height":1754,"url":"https:\/\/www.alteacultural.com\/wp-content\/uploads\/2024\/04\/RutaLiterariaAlteaLaVella_Cartell-01.jpg","type":"image\/jpeg"}],"author":"sfaltea.com-admin","twitter_card":"summary_large_image","twitter_misc":{"Escrito por":"sfaltea.com-admin","Tiempo de lectura":"2 minutos"},"schema":{"@context":"https:\/\/schema.org","@graph":[{"@type":"WebPage","@id":"https:\/\/www.alteacultural.com\/es\/2024\/04\/19\/el-consistori-vos-convida-a-coneixer-la-historia-daltea-la-vella-a-traves-duna-ruta-literaria\/","url":"https:\/\/www.alteacultural.com\/es\/2024\/04\/19\/el-consistori-vos-convida-a-coneixer-la-historia-daltea-la-vella-a-traves-duna-ruta-literaria\/","name":"El consistorio te invita a conocer la historia de Altea la Vella a trav\u00e9s de una ruta literaria - Altea Cultural","isPartOf":{"@id":"https:\/\/www.alteacultural.com\/es\/#website"},"primaryImageOfPage":{"@id":"https:\/\/www.alteacultural.com\/es\/2024\/04\/19\/el-consistori-vos-convida-a-coneixer-la-historia-daltea-la-vella-a-traves-duna-ruta-literaria\/#primaryimage"},"image":{"@id":"https:\/\/www.alteacultural.com\/es\/2024\/04\/19\/el-consistori-vos-convida-a-coneixer-la-historia-daltea-la-vella-a-traves-duna-ruta-literaria\/#primaryimage"},"thumbnailUrl":"https:\/\/www.alteacultural.com\/wp-content\/uploads\/2024\/04\/RutaLiterariaAlteaLaVella_Cartell-01.jpg","datePublished":"2024-04-19T07:52:16+00:00","dateModified":"2024-04-21T07:00:05+00:00","author":{"@id":"https:\/\/www.alteacultural.com\/es\/#\/schema\/person\/c4e137537f1af546d214a315255e5172"},"breadcrumb":{"@id":"https:\/\/www.alteacultural.com\/es\/2024\/04\/19\/el-consistori-vos-convida-a-coneixer-la-historia-daltea-la-vella-a-traves-duna-ruta-literaria\/#breadcrumb"},"inLanguage":"es","potentialAction":[{"@type":"ReadAction","target":["https:\/\/www.alteacultural.com\/es\/2024\/04\/19\/el-consistori-vos-convida-a-coneixer-la-historia-daltea-la-vella-a-traves-duna-ruta-literaria\/"]}]},{"@type":"ImageObject","inLanguage":"es","@id":"https:\/\/www.alteacultural.com\/es\/2024\/04\/19\/el-consistori-vos-convida-a-coneixer-la-historia-daltea-la-vella-a-traves-duna-ruta-literaria\/#primaryimage","url":"https:\/\/www.alteacultural.com\/wp-content\/uploads\/2024\/04\/RutaLiterariaAlteaLaVella_Cartell-01.jpg","contentUrl":"https:\/\/www.alteacultural.com\/wp-content\/uploads\/2024\/04\/RutaLiterariaAlteaLaVella_Cartell-01.jpg","width":2480,"height":1754},{"@type":"BreadcrumbList","@id":"https:\/\/www.alteacultural.com\/es\/2024\/04\/19\/el-consistori-vos-convida-a-coneixer-la-historia-daltea-la-vella-a-traves-duna-ruta-literaria\/#breadcrumb","itemListElement":[{"@type":"ListItem","position":1,"name":"Inici","item":"https:\/\/www.alteacultural.com\/es\/"},{"@type":"ListItem","position":2,"name":"El consistorio te invita a conocer la historia de Altea la Vella a trav\u00e9s de una ruta literaria"}]},{"@type":"WebSite","@id":"https:\/\/www.alteacultural.com\/es\/#website","url":"https:\/\/www.alteacultural.com\/es\/","name":"Altea Cultural","description":"Regidoria de Cultura de l&#039;Ajuntament d&#039;Altea","potentialAction":[{"@type":"SearchAction","target":{"@type":"EntryPoint","urlTemplate":"https:\/\/www.alteacultural.com\/es\/?s={search_term_string}"},"query-input":"required name=search_term_string"}],"inLanguage":"es"},{"@type":"Person","@id":"https:\/\/www.alteacultural.com\/es\/#\/schema\/person\/c4e137537f1af546d214a315255e5172","name":"sfaltea.com-admin","image":{"@type":"ImageObject","inLanguage":"es","@id":"https:\/\/www.alteacultural.com\/es\/#\/schema\/person\/image\/","url":"https:\/\/secure.gravatar.com\/avatar\/f7473fa2fbd351270ccfd469de536202?s=96&d=mm&r=g","contentUrl":"https:\/\/secure.gravatar.com\/avatar\/f7473fa2fbd351270ccfd469de536202?s=96&d=mm&r=g","caption":"sfaltea.com-admin"},"url":"https:\/\/www.alteacultural.com\/es\/author\/sfaltea-com-admin\/"}]}},"_links":{"self":[{"href":"https:\/\/www.alteacultural.com\/es\/wp-json\/wp\/v2\/posts\/30446"}],"collection":[{"href":"https:\/\/www.alteacultural.com\/es\/wp-json\/wp\/v2\/posts"}],"about":[{"href":"https:\/\/www.alteacultural.com\/es\/wp-json\/wp\/v2\/types\/post"}],"author":[{"embeddable":true,"href":"https:\/\/www.alteacultural.com\/es\/wp-json\/wp\/v2\/users\/1"}],"replies":[{"embeddable":true,"href":"https:\/\/www.alteacultural.com\/es\/wp-json\/wp\/v2\/comments?post=30446"}],"version-history":[{"count":1,"href":"https:\/\/www.alteacultural.com\/es\/wp-json\/wp\/v2\/posts\/30446\/revisions"}],"predecessor-version":[{"id":30447,"href":"https:\/\/www.alteacultural.com\/es\/wp-json\/wp\/v2\/posts\/30446\/revisions\/30447"}],"wp:featuredmedia":[{"embeddable":true,"href":"https:\/\/www.alteacultural.com\/es\/wp-json\/wp\/v2\/media\/30390"}],"wp:attachment":[{"href":"https:\/\/www.alteacultural.com\/es\/wp-json\/wp\/v2\/media?parent=30446"}],"curies":[{"name":"wp","href":"https:\/\/api.w.org\/{rel}","templated":true}]}}