{"id":30511,"date":"2024-04-26T07:50:43","date_gmt":"2024-04-26T05:50:43","guid":{"rendered":"https:\/\/www.alteacultural.com\/2024\/04\/26\/la-presentacio-en-societat-del-projecte-el-polp-i-lestrela-de-mar-ompli-lauditori-del-centre-social\/"},"modified":"2024-04-26T07:52:43","modified_gmt":"2024-04-26T05:52:43","slug":"la-presentacio-en-societat-del-projecte-el-polp-i-lestrela-de-mar-ompli-lauditori-del-centre-social","status":"publish","type":"post","link":"https:\/\/www.alteacultural.com\/es\/2024\/04\/26\/la-presentacio-en-societat-del-projecte-el-polp-i-lestrela-de-mar-ompli-lauditori-del-centre-social\/","title":{"rendered":"La presentaci\u00f3n en sociedad del proyecto \u201cEl Polp i l\u2019Estrela de Mar\u201d llena el auditorio del Centro Social"},"content":{"rendered":"\n<figure class=\"wp-block-image\"><img decoding=\"async\" data-src=\"https:\/\/alteadigital.es\/wp-content\/uploads\/2024\/04\/foto-de-grupo-web.jpg\" alt=\"La presentaci\u00f3 en societat del projecte \u201cEl Polp i l\u2019Estrela de Mar\u201d ompli l\u2019auditori del Centre Social\" src=\"data:image\/gif;base64,R0lGODlhAQABAAAAACH5BAEKAAEALAAAAAABAAEAAAICTAEAOw==\" class=\"lazyload\" \/><\/figure>\n\n\n\n<p><strong>Batiste el Xocolater, Ximo Rom\u00e1 y Jos\u00e9 Lanuza, art\u00edfices de la iniciativa, ponen todo su entusiasmo para mostrar a las m\u00e1s de 200 personas presentes el resultado de una \u201cilusi\u00f3n de jubilados\u201d.<\/strong><\/p>\n\n\n\n<p>En la tarde de ayer, a partir de las 18:30h, era presentado en el auditorio del Centro Social de Altea el cuento y proyecto did\u00e1ctico \u201cEl Polp i l\u2019Estrela de Mar\u201d. Una iniciativa en la que trabajan desde hace m\u00e1s de un a\u00f1o, Batiste el Xocolater, autor de la canci\u00f3n inspiradora del proyecto; Ximo Rom\u00e1, redactor del cuento y Jos\u00e9 Lanuza, coordinador y editor, con el soporte de Caixaltea y el Ayuntamiento de Altea, a trav\u00e9s de las concejal\u00edas de Normalizaci\u00f3n Ling\u00fc\u00edstica y Cultura.<\/p>\n\n\n\n<p>Muchos han sido los implicados en el desarrollo de la iniciativa, 29 en total, desvelaban los autores durante su presentaci\u00f3n; entre los que ha destacado la participaci\u00f3n activa de Serafina Bu\u00edgues, ilustradora del cuento; Juan Mart\u00ed Ronda, creador de la web del proyecto; Miguel de la Hoz, responsable de la parte did\u00e1ctica del Cuento; Xelo Gonz\u00e1lez y Ester Morales edil i t\u00e9cnica de Normalizaci\u00f3n Ling\u00fc\u00edstica; Pepa Victoria P\u00e9rez, edil de Cultura; Sergio Olivares, presidente de Caixaltea; los m\u00fasicos &nbsp;Jos\u00e9 Miguel Lavi\u00f3s y Mari Cruz S\u00e1nchez i el narrador del cuento Paco Cano; dem\u00e1s de profesorado y alumnado del CP Blanquinal.<\/p>\n\n\n\n<div class=\"wp-block-image\"><figure class=\"aligncenter\"><img decoding=\"async\" data-src=\"https:\/\/alteadigital.es\/wp-content\/uploads\/2024\/04\/regidora-cultura-web.jpg\" alt=\"\" class=\"wp-image-117026 lazyload\" src=\"data:image\/gif;base64,R0lGODlhAQABAAAAACH5BAEKAAEALAAAAAABAAEAAAICTAEAOw==\" \/><\/figure><\/div>\n\n\n\n<p>El acto, que daba inicio con la intervenci\u00f3n de los responsables primeros del proyecto, contaba con la interpretaci\u00f3n de la canci\u00f3n \u201cEl Polp i l\u2019Estrela de Mar\u201d del disco \u201cSentiments\u201d de Batiste Mart\u00ednez, el Xocolater; la explicaci\u00f3n de los autores acerca del nacimiento y desarrollo del proyecto;\u00a0 la intervenci\u00f3n de Pepa Victoria P\u00e9rez, responsable municipal de Cultura y Sergio Olivares Presidente de Caixaltea, y la edil de Normalizaci\u00f3n Ling\u00fc\u00edstica, que lo hizo a trav\u00e9s de un video por no poder estar presente. Los responsables de la iniciativa tuvieron palabras de agradecimiento por todas las colaboraciones recibidas y desde la parte institucional se lanzaron numerosas alabanzas al proyecto.<\/p>\n\n\n\n<div class=\"wp-block-image\"><figure class=\"aligncenter\"><img decoding=\"async\" data-src=\"https:\/\/alteadigital.es\/wp-content\/uploads\/2024\/04\/actuacio-musical-web.jpg\" alt=\"\" class=\"wp-image-117018 lazyload\" src=\"data:image\/gif;base64,R0lGODlhAQABAAAAACH5BAEKAAEALAAAAAABAAEAAAICTAEAOw==\" \/><\/figure><\/div>\n\n\n\n<p>El punto y final a este emotivo acto de presentaci\u00f3n en sociedad de \u201cEl Polp i l\u2019Estrela de Mar\u201d, lo pusieron los alumnos de 6\u00ba de Primaria del CP Blanquinal con una singular representaci\u00f3n y narraci\u00f3n de esta bonita historia en la que el fondo de la Bah\u00eda de Altea y\u00a0 lo que la rodea son los verdaderos protagonistas de un cuento en el que est\u00e1 presente la preservaci\u00f3n del medio ambiente.<\/p>\n\n\n\n<div class=\"wp-block-image\"><figure class=\"aligncenter\"><img decoding=\"async\" data-src=\"https:\/\/alteadigital.es\/wp-content\/uploads\/2024\/04\/representacio-web.jpg\" alt=\"\" class=\"wp-image-117020 lazyload\" src=\"data:image\/gif;base64,R0lGODlhAQABAAAAACH5BAEKAAEALAAAAAABAAEAAAICTAEAOw==\" \/><\/figure><\/div>\n\n\n\n<p>Los m\u00e1s de 200 asistentes al acto, entre ellos varios de los ediles de la Corporaci\u00f3n Municipal, con el alcalde Diego Zaragoz\u00ed a la cabeza, que no quisieron perderse esta cita, salieron del mismo entusiasmados con la iniciativa y adem\u00e1s con un libro entre sus manos\u2026 |ALTEADIGITAL.ES<\/p>\n\n\n\n<div class=\"wp-block-image\"><figure class=\"aligncenter\"><img decoding=\"async\" data-src=\"https:\/\/alteadigital.es\/wp-content\/uploads\/2024\/04\/auditorio-web.jpg\" alt=\"\" class=\"wp-image-117022 lazyload\" src=\"data:image\/gif;base64,R0lGODlhAQABAAAAACH5BAEKAAEALAAAAAABAAEAAAICTAEAOw==\" \/><\/figure><\/div>\n\n\n\n<p><\/p>\n","protected":false},"excerpt":{"rendered":"<p>Batiste el Xocolater, Ximo Rom\u00e1 y Jos\u00e9 Lanuza, art\u00edfices de la iniciativa, ponen todo su entusiasmo para mostrar a [&hellip;]<\/p>\n","protected":false},"author":1,"featured_media":30375,"comment_status":"open","ping_status":"open","sticky":false,"template":"","format":"standard","meta":{"_expiration-date-status":"","_expiration-date":0,"_expiration-date-type":"","_expiration-date-categories":[],"_expiration-date-options":[],"footnotes":""},"yoast_head":"<!-- This site is optimized with the Yoast SEO plugin v22.8 - https:\/\/yoast.com\/wordpress\/plugins\/seo\/ -->\n<title>La presentaci\u00f3n en sociedad del proyecto \u201cEl Polp i l\u2019Estrela de Mar\u201d llena el auditorio del Centro Social - Altea Cultural<\/title>\n<meta name=\"robots\" content=\"index, follow, max-snippet:-1, max-image-preview:large, max-video-preview:-1\" \/>\n<link rel=\"canonical\" href=\"https:\/\/www.alteacultural.com\/es\/2024\/04\/26\/la-presentacio-en-societat-del-projecte-el-polp-i-lestrela-de-mar-ompli-lauditori-del-centre-social\/\" \/>\n<meta property=\"og:locale\" content=\"es_ES\" \/>\n<meta property=\"og:type\" content=\"article\" \/>\n<meta property=\"og:title\" content=\"La presentaci\u00f3n en sociedad del proyecto \u201cEl Polp i l\u2019Estrela de Mar\u201d llena el auditorio del Centro Social - Altea Cultural\" \/>\n<meta property=\"og:description\" content=\"Batiste el Xocolater, Ximo Rom\u00e1 y Jos\u00e9 Lanuza, art\u00edfices de la iniciativa, ponen todo su entusiasmo para mostrar a [&hellip;]\" \/>\n<meta property=\"og:url\" content=\"https:\/\/www.alteacultural.com\/es\/2024\/04\/26\/la-presentacio-en-societat-del-projecte-el-polp-i-lestrela-de-mar-ompli-lauditori-del-centre-social\/\" \/>\n<meta property=\"og:site_name\" content=\"Altea Cultural\" \/>\n<meta property=\"article:published_time\" content=\"2024-04-26T05:50:43+00:00\" \/>\n<meta property=\"article:modified_time\" content=\"2024-04-26T05:52:43+00:00\" \/>\n<meta property=\"og:image\" content=\"https:\/\/www.alteacultural.com\/wp-content\/uploads\/2024\/04\/PHOTO-2024-04-06-10-09-59.jpg\" \/>\n\t<meta property=\"og:image:width\" content=\"1131\" \/>\n\t<meta property=\"og:image:height\" content=\"1600\" \/>\n\t<meta property=\"og:image:type\" content=\"image\/jpeg\" \/>\n<meta name=\"author\" content=\"sfaltea.com-admin\" \/>\n<meta name=\"twitter:card\" content=\"summary_large_image\" \/>\n<meta name=\"twitter:label1\" content=\"Escrito por\" \/>\n\t<meta name=\"twitter:data1\" content=\"sfaltea.com-admin\" \/>\n\t<meta name=\"twitter:label2\" content=\"Tiempo de lectura\" \/>\n\t<meta name=\"twitter:data2\" content=\"3 minutos\" \/>\n<script type=\"application\/ld+json\" class=\"yoast-schema-graph\">{\"@context\":\"https:\/\/schema.org\",\"@graph\":[{\"@type\":\"WebPage\",\"@id\":\"https:\/\/www.alteacultural.com\/es\/2024\/04\/26\/la-presentacio-en-societat-del-projecte-el-polp-i-lestrela-de-mar-ompli-lauditori-del-centre-social\/\",\"url\":\"https:\/\/www.alteacultural.com\/es\/2024\/04\/26\/la-presentacio-en-societat-del-projecte-el-polp-i-lestrela-de-mar-ompli-lauditori-del-centre-social\/\",\"name\":\"La presentaci\u00f3n en sociedad del proyecto \u201cEl Polp i l\u2019Estrela de Mar\u201d llena el auditorio del Centro Social - Altea Cultural\",\"isPartOf\":{\"@id\":\"https:\/\/www.alteacultural.com\/es\/#website\"},\"primaryImageOfPage\":{\"@id\":\"https:\/\/www.alteacultural.com\/es\/2024\/04\/26\/la-presentacio-en-societat-del-projecte-el-polp-i-lestrela-de-mar-ompli-lauditori-del-centre-social\/#primaryimage\"},\"image\":{\"@id\":\"https:\/\/www.alteacultural.com\/es\/2024\/04\/26\/la-presentacio-en-societat-del-projecte-el-polp-i-lestrela-de-mar-ompli-lauditori-del-centre-social\/#primaryimage\"},\"thumbnailUrl\":\"https:\/\/www.alteacultural.com\/wp-content\/uploads\/2024\/04\/PHOTO-2024-04-06-10-09-59.jpg\",\"datePublished\":\"2024-04-26T05:50:43+00:00\",\"dateModified\":\"2024-04-26T05:52:43+00:00\",\"author\":{\"@id\":\"https:\/\/www.alteacultural.com\/es\/#\/schema\/person\/c4e137537f1af546d214a315255e5172\"},\"breadcrumb\":{\"@id\":\"https:\/\/www.alteacultural.com\/es\/2024\/04\/26\/la-presentacio-en-societat-del-projecte-el-polp-i-lestrela-de-mar-ompli-lauditori-del-centre-social\/#breadcrumb\"},\"inLanguage\":\"es\",\"potentialAction\":[{\"@type\":\"ReadAction\",\"target\":[\"https:\/\/www.alteacultural.com\/es\/2024\/04\/26\/la-presentacio-en-societat-del-projecte-el-polp-i-lestrela-de-mar-ompli-lauditori-del-centre-social\/\"]}]},{\"@type\":\"ImageObject\",\"inLanguage\":\"es\",\"@id\":\"https:\/\/www.alteacultural.com\/es\/2024\/04\/26\/la-presentacio-en-societat-del-projecte-el-polp-i-lestrela-de-mar-ompli-lauditori-del-centre-social\/#primaryimage\",\"url\":\"https:\/\/www.alteacultural.com\/wp-content\/uploads\/2024\/04\/PHOTO-2024-04-06-10-09-59.jpg\",\"contentUrl\":\"https:\/\/www.alteacultural.com\/wp-content\/uploads\/2024\/04\/PHOTO-2024-04-06-10-09-59.jpg\",\"width\":1131,\"height\":1600},{\"@type\":\"BreadcrumbList\",\"@id\":\"https:\/\/www.alteacultural.com\/es\/2024\/04\/26\/la-presentacio-en-societat-del-projecte-el-polp-i-lestrela-de-mar-ompli-lauditori-del-centre-social\/#breadcrumb\",\"itemListElement\":[{\"@type\":\"ListItem\",\"position\":1,\"name\":\"Inici\",\"item\":\"https:\/\/www.alteacultural.com\/es\/\"},{\"@type\":\"ListItem\",\"position\":2,\"name\":\"La presentaci\u00f3n en sociedad del proyecto \u201cEl Polp i l\u2019Estrela de Mar\u201d llena el auditorio del Centro Social\"}]},{\"@type\":\"WebSite\",\"@id\":\"https:\/\/www.alteacultural.com\/es\/#website\",\"url\":\"https:\/\/www.alteacultural.com\/es\/\",\"name\":\"Altea Cultural\",\"description\":\"Regidoria de Cultura de l&#039;Ajuntament d&#039;Altea\",\"potentialAction\":[{\"@type\":\"SearchAction\",\"target\":{\"@type\":\"EntryPoint\",\"urlTemplate\":\"https:\/\/www.alteacultural.com\/es\/?s={search_term_string}\"},\"query-input\":\"required name=search_term_string\"}],\"inLanguage\":\"es\"},{\"@type\":\"Person\",\"@id\":\"https:\/\/www.alteacultural.com\/es\/#\/schema\/person\/c4e137537f1af546d214a315255e5172\",\"name\":\"sfaltea.com-admin\",\"image\":{\"@type\":\"ImageObject\",\"inLanguage\":\"es\",\"@id\":\"https:\/\/www.alteacultural.com\/es\/#\/schema\/person\/image\/\",\"url\":\"https:\/\/secure.gravatar.com\/avatar\/f7473fa2fbd351270ccfd469de536202?s=96&d=mm&r=g\",\"contentUrl\":\"https:\/\/secure.gravatar.com\/avatar\/f7473fa2fbd351270ccfd469de536202?s=96&d=mm&r=g\",\"caption\":\"sfaltea.com-admin\"},\"url\":\"https:\/\/www.alteacultural.com\/es\/author\/sfaltea-com-admin\/\"}]}<\/script>\n<!-- \/ Yoast SEO plugin. -->","yoast_head_json":{"title":"La presentaci\u00f3n en sociedad del proyecto \u201cEl Polp i l\u2019Estrela de Mar\u201d llena el auditorio del Centro Social - Altea Cultural","robots":{"index":"index","follow":"follow","max-snippet":"max-snippet:-1","max-image-preview":"max-image-preview:large","max-video-preview":"max-video-preview:-1"},"canonical":"https:\/\/www.alteacultural.com\/es\/2024\/04\/26\/la-presentacio-en-societat-del-projecte-el-polp-i-lestrela-de-mar-ompli-lauditori-del-centre-social\/","og_locale":"es_ES","og_type":"article","og_title":"La presentaci\u00f3n en sociedad del proyecto \u201cEl Polp i l\u2019Estrela de Mar\u201d llena el auditorio del Centro Social - Altea Cultural","og_description":"Batiste el Xocolater, Ximo Rom\u00e1 y Jos\u00e9 Lanuza, art\u00edfices de la iniciativa, ponen todo su entusiasmo para mostrar a [&hellip;]","og_url":"https:\/\/www.alteacultural.com\/es\/2024\/04\/26\/la-presentacio-en-societat-del-projecte-el-polp-i-lestrela-de-mar-ompli-lauditori-del-centre-social\/","og_site_name":"Altea Cultural","article_published_time":"2024-04-26T05:50:43+00:00","article_modified_time":"2024-04-26T05:52:43+00:00","og_image":[{"width":1131,"height":1600,"url":"https:\/\/www.alteacultural.com\/wp-content\/uploads\/2024\/04\/PHOTO-2024-04-06-10-09-59.jpg","type":"image\/jpeg"}],"author":"sfaltea.com-admin","twitter_card":"summary_large_image","twitter_misc":{"Escrito por":"sfaltea.com-admin","Tiempo de lectura":"3 minutos"},"schema":{"@context":"https:\/\/schema.org","@graph":[{"@type":"WebPage","@id":"https:\/\/www.alteacultural.com\/es\/2024\/04\/26\/la-presentacio-en-societat-del-projecte-el-polp-i-lestrela-de-mar-ompli-lauditori-del-centre-social\/","url":"https:\/\/www.alteacultural.com\/es\/2024\/04\/26\/la-presentacio-en-societat-del-projecte-el-polp-i-lestrela-de-mar-ompli-lauditori-del-centre-social\/","name":"La presentaci\u00f3n en sociedad del proyecto \u201cEl Polp i l\u2019Estrela de Mar\u201d llena el auditorio del Centro Social - Altea Cultural","isPartOf":{"@id":"https:\/\/www.alteacultural.com\/es\/#website"},"primaryImageOfPage":{"@id":"https:\/\/www.alteacultural.com\/es\/2024\/04\/26\/la-presentacio-en-societat-del-projecte-el-polp-i-lestrela-de-mar-ompli-lauditori-del-centre-social\/#primaryimage"},"image":{"@id":"https:\/\/www.alteacultural.com\/es\/2024\/04\/26\/la-presentacio-en-societat-del-projecte-el-polp-i-lestrela-de-mar-ompli-lauditori-del-centre-social\/#primaryimage"},"thumbnailUrl":"https:\/\/www.alteacultural.com\/wp-content\/uploads\/2024\/04\/PHOTO-2024-04-06-10-09-59.jpg","datePublished":"2024-04-26T05:50:43+00:00","dateModified":"2024-04-26T05:52:43+00:00","author":{"@id":"https:\/\/www.alteacultural.com\/es\/#\/schema\/person\/c4e137537f1af546d214a315255e5172"},"breadcrumb":{"@id":"https:\/\/www.alteacultural.com\/es\/2024\/04\/26\/la-presentacio-en-societat-del-projecte-el-polp-i-lestrela-de-mar-ompli-lauditori-del-centre-social\/#breadcrumb"},"inLanguage":"es","potentialAction":[{"@type":"ReadAction","target":["https:\/\/www.alteacultural.com\/es\/2024\/04\/26\/la-presentacio-en-societat-del-projecte-el-polp-i-lestrela-de-mar-ompli-lauditori-del-centre-social\/"]}]},{"@type":"ImageObject","inLanguage":"es","@id":"https:\/\/www.alteacultural.com\/es\/2024\/04\/26\/la-presentacio-en-societat-del-projecte-el-polp-i-lestrela-de-mar-ompli-lauditori-del-centre-social\/#primaryimage","url":"https:\/\/www.alteacultural.com\/wp-content\/uploads\/2024\/04\/PHOTO-2024-04-06-10-09-59.jpg","contentUrl":"https:\/\/www.alteacultural.com\/wp-content\/uploads\/2024\/04\/PHOTO-2024-04-06-10-09-59.jpg","width":1131,"height":1600},{"@type":"BreadcrumbList","@id":"https:\/\/www.alteacultural.com\/es\/2024\/04\/26\/la-presentacio-en-societat-del-projecte-el-polp-i-lestrela-de-mar-ompli-lauditori-del-centre-social\/#breadcrumb","itemListElement":[{"@type":"ListItem","position":1,"name":"Inici","item":"https:\/\/www.alteacultural.com\/es\/"},{"@type":"ListItem","position":2,"name":"La presentaci\u00f3n en sociedad del proyecto \u201cEl Polp i l\u2019Estrela de Mar\u201d llena el auditorio del Centro Social"}]},{"@type":"WebSite","@id":"https:\/\/www.alteacultural.com\/es\/#website","url":"https:\/\/www.alteacultural.com\/es\/","name":"Altea Cultural","description":"Regidoria de Cultura de l&#039;Ajuntament d&#039;Altea","potentialAction":[{"@type":"SearchAction","target":{"@type":"EntryPoint","urlTemplate":"https:\/\/www.alteacultural.com\/es\/?s={search_term_string}"},"query-input":"required name=search_term_string"}],"inLanguage":"es"},{"@type":"Person","@id":"https:\/\/www.alteacultural.com\/es\/#\/schema\/person\/c4e137537f1af546d214a315255e5172","name":"sfaltea.com-admin","image":{"@type":"ImageObject","inLanguage":"es","@id":"https:\/\/www.alteacultural.com\/es\/#\/schema\/person\/image\/","url":"https:\/\/secure.gravatar.com\/avatar\/f7473fa2fbd351270ccfd469de536202?s=96&d=mm&r=g","contentUrl":"https:\/\/secure.gravatar.com\/avatar\/f7473fa2fbd351270ccfd469de536202?s=96&d=mm&r=g","caption":"sfaltea.com-admin"},"url":"https:\/\/www.alteacultural.com\/es\/author\/sfaltea-com-admin\/"}]}},"_links":{"self":[{"href":"https:\/\/www.alteacultural.com\/es\/wp-json\/wp\/v2\/posts\/30511"}],"collection":[{"href":"https:\/\/www.alteacultural.com\/es\/wp-json\/wp\/v2\/posts"}],"about":[{"href":"https:\/\/www.alteacultural.com\/es\/wp-json\/wp\/v2\/types\/post"}],"author":[{"embeddable":true,"href":"https:\/\/www.alteacultural.com\/es\/wp-json\/wp\/v2\/users\/1"}],"replies":[{"embeddable":true,"href":"https:\/\/www.alteacultural.com\/es\/wp-json\/wp\/v2\/comments?post=30511"}],"version-history":[{"count":1,"href":"https:\/\/www.alteacultural.com\/es\/wp-json\/wp\/v2\/posts\/30511\/revisions"}],"predecessor-version":[{"id":30512,"href":"https:\/\/www.alteacultural.com\/es\/wp-json\/wp\/v2\/posts\/30511\/revisions\/30512"}],"wp:featuredmedia":[{"embeddable":true,"href":"https:\/\/www.alteacultural.com\/es\/wp-json\/wp\/v2\/media\/30375"}],"wp:attachment":[{"href":"https:\/\/www.alteacultural.com\/es\/wp-json\/wp\/v2\/media?parent=30511"}],"curies":[{"name":"wp","href":"https:\/\/api.w.org\/{rel}","templated":true}]}}