{"id":30558,"date":"2024-05-03T09:52:54","date_gmt":"2024-05-03T07:52:54","guid":{"rendered":"https:\/\/www.alteacultural.com\/2024\/05\/03\/cultura-presenta-la-setena-edicio-del-ral-li-fotografic-vila-daltea\/"},"modified":"2024-05-10T20:00:03","modified_gmt":"2024-05-10T18:00:03","slug":"cultura-presenta-la-setena-edicio-del-ral-li-fotografic-vila-daltea","status":"publish","type":"post","link":"https:\/\/www.alteacultural.com\/es\/2024\/05\/03\/cultura-presenta-la-setena-edicio-del-ral-li-fotografic-vila-daltea\/","title":{"rendered":"Cultura presenta la s\u00e9ptima edici\u00f3n del \u201cRal\u00b7li Fotogr\u00e0fic Vila d\u2019Altea\u201d"},"content":{"rendered":"\n<figure class=\"wp-block-image\"><img decoding=\"async\" data-src=\"https:\/\/alteadigital.es\/wp-content\/uploads\/2024\/04\/RP-Ral.li-web.jpg\" alt=\"Cultura presenta la setena edici\u00f3 del \u201cRal.li Fotogr\u00e0fic Vila d\u2019Altea\u201d\" src=\"data:image\/gif;base64,R0lGODlhAQABAAAAACH5BAEKAAEALAAAAAABAAEAAAICTAEAOw==\" class=\"lazyload\" \/><\/figure>\n\n\n\n<p><strong>Tendr\u00e1 lugar los d\u00edas 10 y 11 de mayo.<\/strong><\/p>\n\n\n\n<p>La concejala de Cultura, Pepa Victoria P\u00e9rez y el coordinador de la iniciativa, Vicent Llorens \u201cEl Xic\u00f3n\u201d, presentaban a \u00faltima hora de la ma\u00f1ana de ayer una nueva edici\u00f3n del que ya es un consolidado \u201cRal.li Fotogr\u00e0fic Vila d\u2019Altea\u201d. Desde la organizaci\u00f3n se dan a conocer las bases de esta s\u00e9ptima convocatoria a la que a partir de hoy se podr\u00e1n inscribir los interesados en participar.<\/p>\n\n\n\n<p>\u201cUn a\u00f1o m\u00e1s anunciamos la puesta en marcha de s\u00e9ptima edici\u00f3n del Ral.li Fotogr\u00e0fic Vila d\u2019Altea y este a\u00f1o las fechas elegidas para su celebraci\u00f3n son el 10 y 11 de mayo. A partir de ya est\u00e1n habilitadas las bases de la convocatoria y las inscripciones en&nbsp;<a href=\"http:\/\/www.alteacultural.com\/\">www.alteacultural.com<\/a>&nbsp;o en la propia Casa de Cultura y ya se puede inscribir la gente\u201d; explicaba la edil de Cultura, quien recordaba que no hay l\u00edmite de edad para participar, simplemente estar provisto de un DNI o NIE.<\/p>\n\n\n\n<p>Seg\u00fan los datos aportados por P\u00e9rez, hasta el 5 de mayo la tasa de inscripci\u00f3n ser\u00e1 de 10\u20ac y entre los d\u00edas 6 y 8 el precio ascender\u00e1 a 12\u20ac.<\/p>\n\n\n\n<p>En cuanto a la agenda de la convocatoria, \u00e9sta dar\u00e1 inicio el viernes 10 de mayo a las 20:00h en la Casa de Cultura, con la entrega de los objetivos del concurso y el acto de bienvenida a los participantes. El d\u00eda siguiente, s\u00e1bado, entre las 11:00 y las 13:00h se proceder\u00e1 a la entrega de fotos y el d\u00eda 25 de mayo se proyectar\u00e1 un audiovisual del Ral.li y se proceder\u00e1 a la entrega de Premios. Unos premios, que como la edil ha desvelado, han subido su cuant\u00eda y en total se repartir\u00e1n 1.100\u20ac en premios, que van desde los 500 al primer premio a la colecci\u00f3n; el 2\u00ba premio 300\u20ac; el tercero, 200\u20ac y la mejor imagen del Ral.li estar\u00e1 premiada con 100\u20ac.<\/p>\n\n\n\n<p>Pepa Victiria P\u00e9rez ha agradecido el trabajo de coordinaci\u00f3n de la iniciativa&nbsp; a Vicent Llorens, a quien ha calificado como el \u201calma m\u00e1ter\u201d del \u201cRal.li Fotogr\u00e0fic\u201d; al tiempo que tambi\u00e9n ha dado las gracias a Kite Optics y Kenko porque un a\u00f1o m\u00e1s, y desde su inicio, &nbsp;colaboran con la iniciativa.<\/p>\n\n\n\n<p>Por su parte, Vicent Llorens ha pormenorizado que \u201cse trata de un concurso fotogr\u00e1fico cuyas fotos han de ser directas de c\u00e1mara, sin retoques. Se utilizan c\u00e1maras digitales y las fotos han de estar disparadas en formato JPG. Cualquier foto editada queda descalificada\u201d.<\/p>\n\n\n\n<p>Llorens ha agradecido la colaboraci\u00f3n municipal y ha animado a la participaci\u00f3n. Para Vicent Llorens, Altea ofrece muchas posibilidades y ha recalcado que, \u201cla gente viene a Altea muy contenta a participar en este concurso porque la luz, las calles, los paseos, la playa, los paseos por el Casco Antiguo, entre otras posibilidades, hace que algunos participantes decidan pasar el fin de semana en el municipio\u201d.<\/p>\n\n\n\n<p>\u201cIntento que sea un Ral.li f\u00e1cil y que pr\u00e1cticamente sin coger el coche se pueda hacer el concurso\u201d; ha concluido Vicent Llorens, quien se ha mostrado satisfecho porque la actividad cumpla ya siete a\u00f1os y con cada vez m\u00e1s participantes. | ALTEADIGITAL.ES<\/p>\n\n\n\n<div class=\"wp-block-image\"><figure class=\"aligncenter\"><img decoding=\"async\" data-src=\"https:\/\/alteadigital.es\/wp-content\/uploads\/2024\/04\/cartell-Ral.li-Fotografic-web.jpg\" alt=\"\" class=\"wp-image-117139 lazyload\" src=\"data:image\/gif;base64,R0lGODlhAQABAAAAACH5BAEKAAEALAAAAAABAAEAAAICTAEAOw==\" \/><\/figure><\/div>\n","protected":false},"excerpt":{"rendered":"<p>Tendr\u00e1 lugar los d\u00edas 10 y 11 de mayo. La concejala de Cultura, Pepa Victoria P\u00e9rez y el coordinador [&hellip;]<\/p>\n","protected":false},"author":1,"featured_media":30533,"comment_status":"open","ping_status":"open","sticky":false,"template":"","format":"standard","meta":{"_expiration-date-status":"","_expiration-date":0,"_expiration-date-type":"","_expiration-date-categories":[],"_expiration-date-options":[],"footnotes":""},"yoast_head":"<!-- This site is optimized with the Yoast SEO plugin v22.8 - https:\/\/yoast.com\/wordpress\/plugins\/seo\/ -->\n<title>Cultura presenta la s\u00e9ptima edici\u00f3n del \u201cRal\u00b7li Fotogr\u00e0fic Vila d\u2019Altea\u201d - Altea Cultural<\/title>\n<meta name=\"robots\" content=\"index, follow, max-snippet:-1, max-image-preview:large, max-video-preview:-1\" \/>\n<link rel=\"canonical\" href=\"https:\/\/www.alteacultural.com\/es\/2024\/05\/03\/cultura-presenta-la-setena-edicio-del-ral-li-fotografic-vila-daltea\/\" \/>\n<meta property=\"og:locale\" content=\"es_ES\" \/>\n<meta property=\"og:type\" content=\"article\" \/>\n<meta property=\"og:title\" content=\"Cultura presenta la s\u00e9ptima edici\u00f3n del \u201cRal\u00b7li Fotogr\u00e0fic Vila d\u2019Altea\u201d - Altea Cultural\" \/>\n<meta property=\"og:description\" content=\"Tendr\u00e1 lugar los d\u00edas 10 y 11 de mayo. La concejala de Cultura, Pepa Victoria P\u00e9rez y el coordinador [&hellip;]\" \/>\n<meta property=\"og:url\" content=\"https:\/\/www.alteacultural.com\/es\/2024\/05\/03\/cultura-presenta-la-setena-edicio-del-ral-li-fotografic-vila-daltea\/\" \/>\n<meta property=\"og:site_name\" content=\"Altea Cultural\" \/>\n<meta property=\"article:published_time\" content=\"2024-05-03T07:52:54+00:00\" \/>\n<meta property=\"article:modified_time\" content=\"2024-05-10T18:00:03+00:00\" \/>\n<meta property=\"og:image\" content=\"https:\/\/www.alteacultural.com\/wp-content\/uploads\/2024\/04\/RalliFotograficAltea24_Cartell-01.jpg\" \/>\n\t<meta property=\"og:image:width\" content=\"1754\" \/>\n\t<meta property=\"og:image:height\" content=\"2480\" \/>\n\t<meta property=\"og:image:type\" content=\"image\/jpeg\" \/>\n<meta name=\"author\" content=\"sfaltea.com-admin\" \/>\n<meta name=\"twitter:card\" content=\"summary_large_image\" \/>\n<meta name=\"twitter:label1\" content=\"Escrito por\" \/>\n\t<meta name=\"twitter:data1\" content=\"sfaltea.com-admin\" \/>\n\t<meta name=\"twitter:label2\" content=\"Tiempo de lectura\" \/>\n\t<meta name=\"twitter:data2\" content=\"3 minutos\" \/>\n<script type=\"application\/ld+json\" class=\"yoast-schema-graph\">{\"@context\":\"https:\/\/schema.org\",\"@graph\":[{\"@type\":\"WebPage\",\"@id\":\"https:\/\/www.alteacultural.com\/es\/2024\/05\/03\/cultura-presenta-la-setena-edicio-del-ral-li-fotografic-vila-daltea\/\",\"url\":\"https:\/\/www.alteacultural.com\/es\/2024\/05\/03\/cultura-presenta-la-setena-edicio-del-ral-li-fotografic-vila-daltea\/\",\"name\":\"Cultura presenta la s\u00e9ptima edici\u00f3n del \u201cRal\u00b7li Fotogr\u00e0fic Vila d\u2019Altea\u201d - Altea Cultural\",\"isPartOf\":{\"@id\":\"https:\/\/www.alteacultural.com\/es\/#website\"},\"primaryImageOfPage\":{\"@id\":\"https:\/\/www.alteacultural.com\/es\/2024\/05\/03\/cultura-presenta-la-setena-edicio-del-ral-li-fotografic-vila-daltea\/#primaryimage\"},\"image\":{\"@id\":\"https:\/\/www.alteacultural.com\/es\/2024\/05\/03\/cultura-presenta-la-setena-edicio-del-ral-li-fotografic-vila-daltea\/#primaryimage\"},\"thumbnailUrl\":\"https:\/\/www.alteacultural.com\/wp-content\/uploads\/2024\/04\/RalliFotograficAltea24_Cartell-01.jpg\",\"datePublished\":\"2024-05-03T07:52:54+00:00\",\"dateModified\":\"2024-05-10T18:00:03+00:00\",\"author\":{\"@id\":\"https:\/\/www.alteacultural.com\/es\/#\/schema\/person\/c4e137537f1af546d214a315255e5172\"},\"breadcrumb\":{\"@id\":\"https:\/\/www.alteacultural.com\/es\/2024\/05\/03\/cultura-presenta-la-setena-edicio-del-ral-li-fotografic-vila-daltea\/#breadcrumb\"},\"inLanguage\":\"es\",\"potentialAction\":[{\"@type\":\"ReadAction\",\"target\":[\"https:\/\/www.alteacultural.com\/es\/2024\/05\/03\/cultura-presenta-la-setena-edicio-del-ral-li-fotografic-vila-daltea\/\"]}]},{\"@type\":\"ImageObject\",\"inLanguage\":\"es\",\"@id\":\"https:\/\/www.alteacultural.com\/es\/2024\/05\/03\/cultura-presenta-la-setena-edicio-del-ral-li-fotografic-vila-daltea\/#primaryimage\",\"url\":\"https:\/\/www.alteacultural.com\/wp-content\/uploads\/2024\/04\/RalliFotograficAltea24_Cartell-01.jpg\",\"contentUrl\":\"https:\/\/www.alteacultural.com\/wp-content\/uploads\/2024\/04\/RalliFotograficAltea24_Cartell-01.jpg\",\"width\":1754,\"height\":2480},{\"@type\":\"BreadcrumbList\",\"@id\":\"https:\/\/www.alteacultural.com\/es\/2024\/05\/03\/cultura-presenta-la-setena-edicio-del-ral-li-fotografic-vila-daltea\/#breadcrumb\",\"itemListElement\":[{\"@type\":\"ListItem\",\"position\":1,\"name\":\"Inici\",\"item\":\"https:\/\/www.alteacultural.com\/es\/\"},{\"@type\":\"ListItem\",\"position\":2,\"name\":\"Cultura presenta la s\u00e9ptima edici\u00f3n del \u201cRal\u00b7li Fotogr\u00e0fic Vila d\u2019Altea\u201d\"}]},{\"@type\":\"WebSite\",\"@id\":\"https:\/\/www.alteacultural.com\/es\/#website\",\"url\":\"https:\/\/www.alteacultural.com\/es\/\",\"name\":\"Altea Cultural\",\"description\":\"Regidoria de Cultura de l&#039;Ajuntament d&#039;Altea\",\"potentialAction\":[{\"@type\":\"SearchAction\",\"target\":{\"@type\":\"EntryPoint\",\"urlTemplate\":\"https:\/\/www.alteacultural.com\/es\/?s={search_term_string}\"},\"query-input\":\"required name=search_term_string\"}],\"inLanguage\":\"es\"},{\"@type\":\"Person\",\"@id\":\"https:\/\/www.alteacultural.com\/es\/#\/schema\/person\/c4e137537f1af546d214a315255e5172\",\"name\":\"sfaltea.com-admin\",\"image\":{\"@type\":\"ImageObject\",\"inLanguage\":\"es\",\"@id\":\"https:\/\/www.alteacultural.com\/es\/#\/schema\/person\/image\/\",\"url\":\"https:\/\/secure.gravatar.com\/avatar\/f7473fa2fbd351270ccfd469de536202?s=96&d=mm&r=g\",\"contentUrl\":\"https:\/\/secure.gravatar.com\/avatar\/f7473fa2fbd351270ccfd469de536202?s=96&d=mm&r=g\",\"caption\":\"sfaltea.com-admin\"},\"url\":\"https:\/\/www.alteacultural.com\/es\/author\/sfaltea-com-admin\/\"}]}<\/script>\n<!-- \/ Yoast SEO plugin. -->","yoast_head_json":{"title":"Cultura presenta la s\u00e9ptima edici\u00f3n del \u201cRal\u00b7li Fotogr\u00e0fic Vila d\u2019Altea\u201d - Altea Cultural","robots":{"index":"index","follow":"follow","max-snippet":"max-snippet:-1","max-image-preview":"max-image-preview:large","max-video-preview":"max-video-preview:-1"},"canonical":"https:\/\/www.alteacultural.com\/es\/2024\/05\/03\/cultura-presenta-la-setena-edicio-del-ral-li-fotografic-vila-daltea\/","og_locale":"es_ES","og_type":"article","og_title":"Cultura presenta la s\u00e9ptima edici\u00f3n del \u201cRal\u00b7li Fotogr\u00e0fic Vila d\u2019Altea\u201d - Altea Cultural","og_description":"Tendr\u00e1 lugar los d\u00edas 10 y 11 de mayo. La concejala de Cultura, Pepa Victoria P\u00e9rez y el coordinador [&hellip;]","og_url":"https:\/\/www.alteacultural.com\/es\/2024\/05\/03\/cultura-presenta-la-setena-edicio-del-ral-li-fotografic-vila-daltea\/","og_site_name":"Altea Cultural","article_published_time":"2024-05-03T07:52:54+00:00","article_modified_time":"2024-05-10T18:00:03+00:00","og_image":[{"width":1754,"height":2480,"url":"https:\/\/www.alteacultural.com\/wp-content\/uploads\/2024\/04\/RalliFotograficAltea24_Cartell-01.jpg","type":"image\/jpeg"}],"author":"sfaltea.com-admin","twitter_card":"summary_large_image","twitter_misc":{"Escrito por":"sfaltea.com-admin","Tiempo de lectura":"3 minutos"},"schema":{"@context":"https:\/\/schema.org","@graph":[{"@type":"WebPage","@id":"https:\/\/www.alteacultural.com\/es\/2024\/05\/03\/cultura-presenta-la-setena-edicio-del-ral-li-fotografic-vila-daltea\/","url":"https:\/\/www.alteacultural.com\/es\/2024\/05\/03\/cultura-presenta-la-setena-edicio-del-ral-li-fotografic-vila-daltea\/","name":"Cultura presenta la s\u00e9ptima edici\u00f3n del \u201cRal\u00b7li Fotogr\u00e0fic Vila d\u2019Altea\u201d - Altea Cultural","isPartOf":{"@id":"https:\/\/www.alteacultural.com\/es\/#website"},"primaryImageOfPage":{"@id":"https:\/\/www.alteacultural.com\/es\/2024\/05\/03\/cultura-presenta-la-setena-edicio-del-ral-li-fotografic-vila-daltea\/#primaryimage"},"image":{"@id":"https:\/\/www.alteacultural.com\/es\/2024\/05\/03\/cultura-presenta-la-setena-edicio-del-ral-li-fotografic-vila-daltea\/#primaryimage"},"thumbnailUrl":"https:\/\/www.alteacultural.com\/wp-content\/uploads\/2024\/04\/RalliFotograficAltea24_Cartell-01.jpg","datePublished":"2024-05-03T07:52:54+00:00","dateModified":"2024-05-10T18:00:03+00:00","author":{"@id":"https:\/\/www.alteacultural.com\/es\/#\/schema\/person\/c4e137537f1af546d214a315255e5172"},"breadcrumb":{"@id":"https:\/\/www.alteacultural.com\/es\/2024\/05\/03\/cultura-presenta-la-setena-edicio-del-ral-li-fotografic-vila-daltea\/#breadcrumb"},"inLanguage":"es","potentialAction":[{"@type":"ReadAction","target":["https:\/\/www.alteacultural.com\/es\/2024\/05\/03\/cultura-presenta-la-setena-edicio-del-ral-li-fotografic-vila-daltea\/"]}]},{"@type":"ImageObject","inLanguage":"es","@id":"https:\/\/www.alteacultural.com\/es\/2024\/05\/03\/cultura-presenta-la-setena-edicio-del-ral-li-fotografic-vila-daltea\/#primaryimage","url":"https:\/\/www.alteacultural.com\/wp-content\/uploads\/2024\/04\/RalliFotograficAltea24_Cartell-01.jpg","contentUrl":"https:\/\/www.alteacultural.com\/wp-content\/uploads\/2024\/04\/RalliFotograficAltea24_Cartell-01.jpg","width":1754,"height":2480},{"@type":"BreadcrumbList","@id":"https:\/\/www.alteacultural.com\/es\/2024\/05\/03\/cultura-presenta-la-setena-edicio-del-ral-li-fotografic-vila-daltea\/#breadcrumb","itemListElement":[{"@type":"ListItem","position":1,"name":"Inici","item":"https:\/\/www.alteacultural.com\/es\/"},{"@type":"ListItem","position":2,"name":"Cultura presenta la s\u00e9ptima edici\u00f3n del \u201cRal\u00b7li Fotogr\u00e0fic Vila d\u2019Altea\u201d"}]},{"@type":"WebSite","@id":"https:\/\/www.alteacultural.com\/es\/#website","url":"https:\/\/www.alteacultural.com\/es\/","name":"Altea Cultural","description":"Regidoria de Cultura de l&#039;Ajuntament d&#039;Altea","potentialAction":[{"@type":"SearchAction","target":{"@type":"EntryPoint","urlTemplate":"https:\/\/www.alteacultural.com\/es\/?s={search_term_string}"},"query-input":"required name=search_term_string"}],"inLanguage":"es"},{"@type":"Person","@id":"https:\/\/www.alteacultural.com\/es\/#\/schema\/person\/c4e137537f1af546d214a315255e5172","name":"sfaltea.com-admin","image":{"@type":"ImageObject","inLanguage":"es","@id":"https:\/\/www.alteacultural.com\/es\/#\/schema\/person\/image\/","url":"https:\/\/secure.gravatar.com\/avatar\/f7473fa2fbd351270ccfd469de536202?s=96&d=mm&r=g","contentUrl":"https:\/\/secure.gravatar.com\/avatar\/f7473fa2fbd351270ccfd469de536202?s=96&d=mm&r=g","caption":"sfaltea.com-admin"},"url":"https:\/\/www.alteacultural.com\/es\/author\/sfaltea-com-admin\/"}]}},"_links":{"self":[{"href":"https:\/\/www.alteacultural.com\/es\/wp-json\/wp\/v2\/posts\/30558"}],"collection":[{"href":"https:\/\/www.alteacultural.com\/es\/wp-json\/wp\/v2\/posts"}],"about":[{"href":"https:\/\/www.alteacultural.com\/es\/wp-json\/wp\/v2\/types\/post"}],"author":[{"embeddable":true,"href":"https:\/\/www.alteacultural.com\/es\/wp-json\/wp\/v2\/users\/1"}],"replies":[{"embeddable":true,"href":"https:\/\/www.alteacultural.com\/es\/wp-json\/wp\/v2\/comments?post=30558"}],"version-history":[{"count":2,"href":"https:\/\/www.alteacultural.com\/es\/wp-json\/wp\/v2\/posts\/30558\/revisions"}],"predecessor-version":[{"id":30561,"href":"https:\/\/www.alteacultural.com\/es\/wp-json\/wp\/v2\/posts\/30558\/revisions\/30561"}],"wp:featuredmedia":[{"embeddable":true,"href":"https:\/\/www.alteacultural.com\/es\/wp-json\/wp\/v2\/media\/30533"}],"wp:attachment":[{"href":"https:\/\/www.alteacultural.com\/es\/wp-json\/wp\/v2\/media?parent=30558"}],"curies":[{"name":"wp","href":"https:\/\/api.w.org\/{rel}","templated":true}]}}