{"id":30752,"date":"2024-05-16T09:17:50","date_gmt":"2024-05-16T07:17:50","guid":{"rendered":"https:\/\/www.alteacultural.com\/2024\/05\/16\/cultura-organitza-les-visites-guiades-mirada-a-la-colleccio-navarro-ramon-altea\/"},"modified":"2024-05-17T12:00:27","modified_gmt":"2024-05-17T10:00:27","slug":"cultura-organitza-les-visites-guiades-mirada-a-la-colleccio-navarro-ramon-altea","status":"publish","type":"post","link":"https:\/\/www.alteacultural.com\/es\/2024\/05\/16\/cultura-organitza-les-visites-guiades-mirada-a-la-colleccio-navarro-ramon-altea\/","title":{"rendered":"Cultura organiza las visitas guiadas \u201cMirada a la colecci\u00f3n Navarro Ram\u00f3n Altea\u201d"},"content":{"rendered":"\n<p>May 15, 2024<img fetchpriority=\"high\" decoding=\"async\" src=\"https:\/\/alteadigital.es\/wp-content\/uploads\/2024\/05\/cartell-visites-guiades-Navarro-Ramon-web.jpg\" alt=\"Cultura organiza las visitas guiadas \u201cMirada a la colecci\u00f3n Navarro Ram\u00f3n Altea\u201d\" class=\"\" width=\"1080\" height=\"675\" srcset=\"https:\/\/alteadigital.es\/wp-content\/uploads\/2024\/05\/cartell-visites-guiades-Navarro-Ramon-web.jpg 1080w, https:\/\/alteadigital.es\/wp-content\/uploads\/2024\/05\/cartell-visites-guiades-Navarro-Ramon-web-480x679.jpg 480w\"><\/p>\n\n\n\n<p><strong>17 de mayo en el Paseo El Bol<\/strong><\/p>\n\n\n\n<p>La concejal\u00eda de Cultura ha organizado tres visitas guiadas por la exposici\u00f3n de t\u00f3tems, \u201cMirada a la colecci\u00f3n Navarro Ram\u00f3n Altea\u201d. Las visitas tendr\u00e1n lugar el 17 de mayo, son gratuitas y se ofrecer\u00e1n en tres idiomas; as\u00ed lo anuncia la concejala de \u00e1rea, Pepa Victoria P\u00e9rez.<\/p>\n\n\n\n<p>La salida de cada una de las visitas ser\u00e1 en la Casa de Cultura a las 10, para la visita en castellano; a las 11 la visita guiada en valenciano y a las 12h la visita en ingl\u00e9s y para participar en la misma en necesaria la inscripci\u00f3n previa en la Casa de Cultura o en&nbsp;<a href=\"https:\/\/form.jotform.com\/241316335754051\">https:\/\/form.jotform.com\/241316335754051<\/a><\/p>\n\n\n\n<p>Como responsable municipal de Cultura, P\u00e9rez anima a participar en estas rutas \u201cpara conocer la obra de uno de los pintores alteanos m\u00e1s internacionales\u201d; al a\u00f1o siguiente de la conmemoraci\u00f3n del 120 aniversario del nacimiento de Navarro Ram\u00f3n y en el que se llevaron a cabo diferentes acciones encaminadas al conocimiento y difusi\u00f3n de la personalidad y obra del artista.<\/p>\n\n\n\n<p>Para m\u00e1s informaci\u00f3n consultar&nbsp;<a href=\"https:\/\/www.alteacultural.com\/es\/events\/visita-guiada-a-lexpo-j-navarro-ramon-mirada-a-la-colleccio\/\">https:\/\/www.alteacultural.com\/es\/events\/visita-guiada-a-lexpo-j-navarro-ramon-mirada-a-la-colleccio\/<\/a><\/p>\n\n\n\n<p>|ALTEADIGITAL.ES<\/p>\n","protected":false},"excerpt":{"rendered":"<p>May 15, 2024 17 de mayo en el Paseo El Bol La concejal\u00eda de Cultura ha organizado tres visitas [&hellip;]<\/p>\n","protected":false},"author":1,"featured_media":30750,"comment_status":"open","ping_status":"open","sticky":false,"template":"","format":"standard","meta":{"_expiration-date-status":"","_expiration-date":0,"_expiration-date-type":"","_expiration-date-categories":[],"_expiration-date-options":[],"footnotes":""},"yoast_head":"<!-- This site is optimized with the Yoast SEO plugin v22.8 - https:\/\/yoast.com\/wordpress\/plugins\/seo\/ -->\n<title>Cultura organiza las visitas guiadas \u201cMirada a la colecci\u00f3n Navarro Ram\u00f3n Altea\u201d - Altea Cultural<\/title>\n<meta name=\"robots\" content=\"index, follow, max-snippet:-1, max-image-preview:large, max-video-preview:-1\" \/>\n<link rel=\"canonical\" href=\"https:\/\/www.alteacultural.com\/es\/2024\/05\/16\/cultura-organitza-les-visites-guiades-mirada-a-la-colleccio-navarro-ramon-altea\/\" \/>\n<meta property=\"og:locale\" content=\"es_ES\" \/>\n<meta property=\"og:type\" content=\"article\" \/>\n<meta property=\"og:title\" content=\"Cultura organiza las visitas guiadas \u201cMirada a la colecci\u00f3n Navarro Ram\u00f3n Altea\u201d - Altea Cultural\" \/>\n<meta property=\"og:description\" content=\"May 15, 2024 17 de mayo en el Paseo El Bol La concejal\u00eda de Cultura ha organizado tres visitas [&hellip;]\" \/>\n<meta property=\"og:url\" content=\"https:\/\/www.alteacultural.com\/es\/2024\/05\/16\/cultura-organitza-les-visites-guiades-mirada-a-la-colleccio-navarro-ramon-altea\/\" \/>\n<meta property=\"og:site_name\" content=\"Altea Cultural\" \/>\n<meta property=\"article:published_time\" content=\"2024-05-16T07:17:50+00:00\" \/>\n<meta property=\"article:modified_time\" content=\"2024-05-17T10:00:27+00:00\" \/>\n<meta property=\"og:image\" content=\"https:\/\/www.alteacultural.com\/wp-content\/uploads\/2024\/05\/VisitaGuiadaExpo_JuanNavarroRamon_17may2024_banner-01-1.jpg\" \/>\n\t<meta property=\"og:image:width\" content=\"1754\" \/>\n\t<meta property=\"og:image:height\" content=\"592\" \/>\n\t<meta property=\"og:image:type\" content=\"image\/jpeg\" \/>\n<meta name=\"author\" content=\"sfaltea.com-admin\" \/>\n<meta name=\"twitter:card\" content=\"summary_large_image\" \/>\n<meta name=\"twitter:label1\" content=\"Escrito por\" \/>\n\t<meta name=\"twitter:data1\" content=\"sfaltea.com-admin\" \/>\n\t<meta name=\"twitter:label2\" content=\"Tiempo de lectura\" \/>\n\t<meta name=\"twitter:data2\" content=\"1 minuto\" \/>\n<script type=\"application\/ld+json\" class=\"yoast-schema-graph\">{\"@context\":\"https:\/\/schema.org\",\"@graph\":[{\"@type\":\"WebPage\",\"@id\":\"https:\/\/www.alteacultural.com\/es\/2024\/05\/16\/cultura-organitza-les-visites-guiades-mirada-a-la-colleccio-navarro-ramon-altea\/\",\"url\":\"https:\/\/www.alteacultural.com\/es\/2024\/05\/16\/cultura-organitza-les-visites-guiades-mirada-a-la-colleccio-navarro-ramon-altea\/\",\"name\":\"Cultura organiza las visitas guiadas \u201cMirada a la colecci\u00f3n Navarro Ram\u00f3n Altea\u201d - Altea Cultural\",\"isPartOf\":{\"@id\":\"https:\/\/www.alteacultural.com\/es\/#website\"},\"primaryImageOfPage\":{\"@id\":\"https:\/\/www.alteacultural.com\/es\/2024\/05\/16\/cultura-organitza-les-visites-guiades-mirada-a-la-colleccio-navarro-ramon-altea\/#primaryimage\"},\"image\":{\"@id\":\"https:\/\/www.alteacultural.com\/es\/2024\/05\/16\/cultura-organitza-les-visites-guiades-mirada-a-la-colleccio-navarro-ramon-altea\/#primaryimage\"},\"thumbnailUrl\":\"https:\/\/www.alteacultural.com\/wp-content\/uploads\/2024\/05\/VisitaGuiadaExpo_JuanNavarroRamon_17may2024_banner-01-1.jpg\",\"datePublished\":\"2024-05-16T07:17:50+00:00\",\"dateModified\":\"2024-05-17T10:00:27+00:00\",\"author\":{\"@id\":\"https:\/\/www.alteacultural.com\/es\/#\/schema\/person\/c4e137537f1af546d214a315255e5172\"},\"breadcrumb\":{\"@id\":\"https:\/\/www.alteacultural.com\/es\/2024\/05\/16\/cultura-organitza-les-visites-guiades-mirada-a-la-colleccio-navarro-ramon-altea\/#breadcrumb\"},\"inLanguage\":\"es\",\"potentialAction\":[{\"@type\":\"ReadAction\",\"target\":[\"https:\/\/www.alteacultural.com\/es\/2024\/05\/16\/cultura-organitza-les-visites-guiades-mirada-a-la-colleccio-navarro-ramon-altea\/\"]}]},{\"@type\":\"ImageObject\",\"inLanguage\":\"es\",\"@id\":\"https:\/\/www.alteacultural.com\/es\/2024\/05\/16\/cultura-organitza-les-visites-guiades-mirada-a-la-colleccio-navarro-ramon-altea\/#primaryimage\",\"url\":\"https:\/\/www.alteacultural.com\/wp-content\/uploads\/2024\/05\/VisitaGuiadaExpo_JuanNavarroRamon_17may2024_banner-01-1.jpg\",\"contentUrl\":\"https:\/\/www.alteacultural.com\/wp-content\/uploads\/2024\/05\/VisitaGuiadaExpo_JuanNavarroRamon_17may2024_banner-01-1.jpg\",\"width\":1754,\"height\":592},{\"@type\":\"BreadcrumbList\",\"@id\":\"https:\/\/www.alteacultural.com\/es\/2024\/05\/16\/cultura-organitza-les-visites-guiades-mirada-a-la-colleccio-navarro-ramon-altea\/#breadcrumb\",\"itemListElement\":[{\"@type\":\"ListItem\",\"position\":1,\"name\":\"Inici\",\"item\":\"https:\/\/www.alteacultural.com\/es\/\"},{\"@type\":\"ListItem\",\"position\":2,\"name\":\"Cultura organiza las visitas guiadas \u201cMirada a la colecci\u00f3n Navarro Ram\u00f3n Altea\u201d\"}]},{\"@type\":\"WebSite\",\"@id\":\"https:\/\/www.alteacultural.com\/es\/#website\",\"url\":\"https:\/\/www.alteacultural.com\/es\/\",\"name\":\"Altea Cultural\",\"description\":\"Regidoria de Cultura de l&#039;Ajuntament d&#039;Altea\",\"potentialAction\":[{\"@type\":\"SearchAction\",\"target\":{\"@type\":\"EntryPoint\",\"urlTemplate\":\"https:\/\/www.alteacultural.com\/es\/?s={search_term_string}\"},\"query-input\":\"required name=search_term_string\"}],\"inLanguage\":\"es\"},{\"@type\":\"Person\",\"@id\":\"https:\/\/www.alteacultural.com\/es\/#\/schema\/person\/c4e137537f1af546d214a315255e5172\",\"name\":\"sfaltea.com-admin\",\"image\":{\"@type\":\"ImageObject\",\"inLanguage\":\"es\",\"@id\":\"https:\/\/www.alteacultural.com\/es\/#\/schema\/person\/image\/\",\"url\":\"https:\/\/secure.gravatar.com\/avatar\/f7473fa2fbd351270ccfd469de536202?s=96&d=mm&r=g\",\"contentUrl\":\"https:\/\/secure.gravatar.com\/avatar\/f7473fa2fbd351270ccfd469de536202?s=96&d=mm&r=g\",\"caption\":\"sfaltea.com-admin\"},\"url\":\"https:\/\/www.alteacultural.com\/es\/author\/sfaltea-com-admin\/\"}]}<\/script>\n<!-- \/ Yoast SEO plugin. -->","yoast_head_json":{"title":"Cultura organiza las visitas guiadas \u201cMirada a la colecci\u00f3n Navarro Ram\u00f3n Altea\u201d - Altea Cultural","robots":{"index":"index","follow":"follow","max-snippet":"max-snippet:-1","max-image-preview":"max-image-preview:large","max-video-preview":"max-video-preview:-1"},"canonical":"https:\/\/www.alteacultural.com\/es\/2024\/05\/16\/cultura-organitza-les-visites-guiades-mirada-a-la-colleccio-navarro-ramon-altea\/","og_locale":"es_ES","og_type":"article","og_title":"Cultura organiza las visitas guiadas \u201cMirada a la colecci\u00f3n Navarro Ram\u00f3n Altea\u201d - Altea Cultural","og_description":"May 15, 2024 17 de mayo en el Paseo El Bol La concejal\u00eda de Cultura ha organizado tres visitas [&hellip;]","og_url":"https:\/\/www.alteacultural.com\/es\/2024\/05\/16\/cultura-organitza-les-visites-guiades-mirada-a-la-colleccio-navarro-ramon-altea\/","og_site_name":"Altea Cultural","article_published_time":"2024-05-16T07:17:50+00:00","article_modified_time":"2024-05-17T10:00:27+00:00","og_image":[{"width":1754,"height":592,"url":"https:\/\/www.alteacultural.com\/wp-content\/uploads\/2024\/05\/VisitaGuiadaExpo_JuanNavarroRamon_17may2024_banner-01-1.jpg","type":"image\/jpeg"}],"author":"sfaltea.com-admin","twitter_card":"summary_large_image","twitter_misc":{"Escrito por":"sfaltea.com-admin","Tiempo de lectura":"1 minuto"},"schema":{"@context":"https:\/\/schema.org","@graph":[{"@type":"WebPage","@id":"https:\/\/www.alteacultural.com\/es\/2024\/05\/16\/cultura-organitza-les-visites-guiades-mirada-a-la-colleccio-navarro-ramon-altea\/","url":"https:\/\/www.alteacultural.com\/es\/2024\/05\/16\/cultura-organitza-les-visites-guiades-mirada-a-la-colleccio-navarro-ramon-altea\/","name":"Cultura organiza las visitas guiadas \u201cMirada a la colecci\u00f3n Navarro Ram\u00f3n Altea\u201d - Altea Cultural","isPartOf":{"@id":"https:\/\/www.alteacultural.com\/es\/#website"},"primaryImageOfPage":{"@id":"https:\/\/www.alteacultural.com\/es\/2024\/05\/16\/cultura-organitza-les-visites-guiades-mirada-a-la-colleccio-navarro-ramon-altea\/#primaryimage"},"image":{"@id":"https:\/\/www.alteacultural.com\/es\/2024\/05\/16\/cultura-organitza-les-visites-guiades-mirada-a-la-colleccio-navarro-ramon-altea\/#primaryimage"},"thumbnailUrl":"https:\/\/www.alteacultural.com\/wp-content\/uploads\/2024\/05\/VisitaGuiadaExpo_JuanNavarroRamon_17may2024_banner-01-1.jpg","datePublished":"2024-05-16T07:17:50+00:00","dateModified":"2024-05-17T10:00:27+00:00","author":{"@id":"https:\/\/www.alteacultural.com\/es\/#\/schema\/person\/c4e137537f1af546d214a315255e5172"},"breadcrumb":{"@id":"https:\/\/www.alteacultural.com\/es\/2024\/05\/16\/cultura-organitza-les-visites-guiades-mirada-a-la-colleccio-navarro-ramon-altea\/#breadcrumb"},"inLanguage":"es","potentialAction":[{"@type":"ReadAction","target":["https:\/\/www.alteacultural.com\/es\/2024\/05\/16\/cultura-organitza-les-visites-guiades-mirada-a-la-colleccio-navarro-ramon-altea\/"]}]},{"@type":"ImageObject","inLanguage":"es","@id":"https:\/\/www.alteacultural.com\/es\/2024\/05\/16\/cultura-organitza-les-visites-guiades-mirada-a-la-colleccio-navarro-ramon-altea\/#primaryimage","url":"https:\/\/www.alteacultural.com\/wp-content\/uploads\/2024\/05\/VisitaGuiadaExpo_JuanNavarroRamon_17may2024_banner-01-1.jpg","contentUrl":"https:\/\/www.alteacultural.com\/wp-content\/uploads\/2024\/05\/VisitaGuiadaExpo_JuanNavarroRamon_17may2024_banner-01-1.jpg","width":1754,"height":592},{"@type":"BreadcrumbList","@id":"https:\/\/www.alteacultural.com\/es\/2024\/05\/16\/cultura-organitza-les-visites-guiades-mirada-a-la-colleccio-navarro-ramon-altea\/#breadcrumb","itemListElement":[{"@type":"ListItem","position":1,"name":"Inici","item":"https:\/\/www.alteacultural.com\/es\/"},{"@type":"ListItem","position":2,"name":"Cultura organiza las visitas guiadas \u201cMirada a la colecci\u00f3n Navarro Ram\u00f3n Altea\u201d"}]},{"@type":"WebSite","@id":"https:\/\/www.alteacultural.com\/es\/#website","url":"https:\/\/www.alteacultural.com\/es\/","name":"Altea Cultural","description":"Regidoria de Cultura de l&#039;Ajuntament d&#039;Altea","potentialAction":[{"@type":"SearchAction","target":{"@type":"EntryPoint","urlTemplate":"https:\/\/www.alteacultural.com\/es\/?s={search_term_string}"},"query-input":"required name=search_term_string"}],"inLanguage":"es"},{"@type":"Person","@id":"https:\/\/www.alteacultural.com\/es\/#\/schema\/person\/c4e137537f1af546d214a315255e5172","name":"sfaltea.com-admin","image":{"@type":"ImageObject","inLanguage":"es","@id":"https:\/\/www.alteacultural.com\/es\/#\/schema\/person\/image\/","url":"https:\/\/secure.gravatar.com\/avatar\/f7473fa2fbd351270ccfd469de536202?s=96&d=mm&r=g","contentUrl":"https:\/\/secure.gravatar.com\/avatar\/f7473fa2fbd351270ccfd469de536202?s=96&d=mm&r=g","caption":"sfaltea.com-admin"},"url":"https:\/\/www.alteacultural.com\/es\/author\/sfaltea-com-admin\/"}]}},"_links":{"self":[{"href":"https:\/\/www.alteacultural.com\/es\/wp-json\/wp\/v2\/posts\/30752"}],"collection":[{"href":"https:\/\/www.alteacultural.com\/es\/wp-json\/wp\/v2\/posts"}],"about":[{"href":"https:\/\/www.alteacultural.com\/es\/wp-json\/wp\/v2\/types\/post"}],"author":[{"embeddable":true,"href":"https:\/\/www.alteacultural.com\/es\/wp-json\/wp\/v2\/users\/1"}],"replies":[{"embeddable":true,"href":"https:\/\/www.alteacultural.com\/es\/wp-json\/wp\/v2\/comments?post=30752"}],"version-history":[{"count":1,"href":"https:\/\/www.alteacultural.com\/es\/wp-json\/wp\/v2\/posts\/30752\/revisions"}],"predecessor-version":[{"id":30753,"href":"https:\/\/www.alteacultural.com\/es\/wp-json\/wp\/v2\/posts\/30752\/revisions\/30753"}],"wp:featuredmedia":[{"embeddable":true,"href":"https:\/\/www.alteacultural.com\/es\/wp-json\/wp\/v2\/media\/30750"}],"wp:attachment":[{"href":"https:\/\/www.alteacultural.com\/es\/wp-json\/wp\/v2\/media?parent=30752"}],"curies":[{"name":"wp","href":"https:\/\/api.w.org\/{rel}","templated":true}]}}