{"id":30813,"date":"2024-05-20T10:57:24","date_gmt":"2024-05-20T08:57:24","guid":{"rendered":"https:\/\/www.alteacultural.com\/2024\/05\/20\/encontes-anuncia-la-programacio-de-la-seua-vint-i-unena-edicio\/"},"modified":"2024-05-26T20:00:06","modified_gmt":"2024-05-26T18:00:06","slug":"encontes-anuncia-la-programacio-de-la-seua-vint-i-unena-edicio","status":"publish","type":"post","link":"https:\/\/www.alteacultural.com\/es\/2024\/05\/20\/encontes-anuncia-la-programacio-de-la-seua-vint-i-unena-edicio\/","title":{"rendered":"\u201cEncontes\u201d anuncia la programaci\u00f3n de su vig\u00e9simo primera edici\u00f3n"},"content":{"rendered":"\n<p>May 16, 2024<img fetchpriority=\"high\" decoding=\"async\" src=\"https:\/\/alteadigital.es\/wp-content\/uploads\/2024\/04\/cartell-encontes-web.jpg\" alt=\"\u201cEncontes\u201d anuncia la programaci\u00f3n de su vig\u00e9simo primera  edici\u00f3n\" class=\"\" width=\"1080\" height=\"675\" srcset=\"https:\/\/alteadigital.es\/wp-content\/uploads\/2024\/04\/cartell-encontes-web.jpg 1080w, https:\/\/alteadigital.es\/wp-content\/uploads\/2024\/04\/cartell-encontes-web-480x679.jpg 480w\"><\/p>\n\n\n\n<p><strong>La cita tendr\u00e1 lugar del 20 al 26 de mayo en Altea.<\/strong><\/p>\n\n\n\n<p>Si hace unas semanas la concejal\u00eda de Cultura y Aktes Teatre anunciaban una nueva edici\u00f3n del festival de narraci\u00f3n Oral \u201cEncontes\u201d para la semana del 20 al 26 de mayo, ahora unos d\u00edas antes de su inicio, es la programaci\u00f3n al completo del ciclo la que centra la atenci\u00f3n.<\/p>\n\n\n\n<p>Como explican Pepa Victoria P\u00e9rez, concejala de Cultura y Blai Senabre, impulsor y coordinador de la iniciativa, la agenda de actos da inicio hoy mi\u00e9rcoles 16 de mayo con el Mercado de Intercambio de Libros de Cuentos. Bajo el lema \u201cCuentos que alimentan\u201d se procede al intercambio de cuentos por alimentos. Aportas un kg de alimentos no perecederos y te llevas un cuento. El lugar de recepci\u00f3n es la Casa de Cultura.<\/p>\n\n\n\n<p>A partir del lunes 20 de mayo dan inicio las narraciones y estas comenzar\u00e1n a las 9:30h con \u201cTempestes invisibles\u201d y a las 11:00h \u201cContes rebels per a criatures terrestres\u201d, ambas destinadas al alumnado del colegio Blanquinal. A las 12:30h, una nueva sesi\u00f3n de \u201cTempestes invisibles\u201d, en este caso para el disfrute dl alumnado del CP Garganes. Estas sesiones correr\u00e1n a cargo de Emma Lobo y se llevar\u00e1n a cabo en la Pl\u00e7a Mestre la M\u00fasica.<\/p>\n\n\n\n<p>El martes 21 de mayo, se repetir\u00e1n las sesiones del d\u00eda anterior, pero destinadas a un alumnado diferente procedente del Cp Les Rotes, Cp Blanquinal y Cp Garganes.&nbsp; Este mismo d\u00eda, pero en horario de noche se llevar\u00e1 a cabo la 1\u00aa Fiesta de Mu\u00f1ecos y Peluches en las bibliotecas de Altea y Altea la Vella. Durante todo el dina se pueden llevar los mu\u00f1ecos y los peluches preferidos a las bibliotecas para que se queden a pasar la noche. Se ha preparado una Fiesta del Pijama muy divertida para ellos y al d\u00eda siguiente se podr\u00e1n recoger llev\u00e1ndose, en pr\u00e9stamo, el libro que habr\u00e1n elegido para vosotros.<\/p>\n\n\n\n<p>El mi\u00e9rcoles 22, a las 9:30 y a las 12:00h en la Plaza de la Iglesia de Altea la Vella, los alumnos del CP Altea la Vella podr\u00e1n disfrutar de \u201cTempestes Invisibles\u201d a cargo de Emma lobo. Ya por la tarde, a las 18:00h, la narraci\u00f3n se traslada a la Pla\u00e7a de l\u2019Aigua en Altea y ser\u00e1 \u201cGlup, glup\u201d de Paula Bernab\u00e9 la que unos nuevos habitantes llegan al mar. Una clase de pez que \u201cPeix\u201d, \u201cPexot\u201d y \u201cMeduseta\u201d no hab\u00edan visto nunca. Y a las 21:00h tendr\u00e1 lugar el \u201cCorrecontes, La mort a les dents\u201d. Un paseo para conocer las historias oscuras de Altea de la mano de Juanvi Mart\u00edn Devesa. El punto de encuentro es la Estaci\u00f3n del Tren.<\/p>\n\n\n\n<p>En la ma\u00f1ana del jueves, 23 de mayo, las sesiones de cuentos, est\u00e1n destinadas al alumnado del CP Altea la Vella y el CP l\u2019Olla. La primera de ella en la Plaza de la Iglesia de Altea la Vella a las 9:30 y la segunda a las 12:30 en Villa Gadea, ambas con Emma Lobo y sus \u201cContes rebels per a criatures terrestres\u201d. A las 18:00h llega a la Pla\u00e7a de l\u2019Aigua \u201cEl Porqu\u00e9 de los seres y cosas\u201d con Nelson Calder\u00f3n. Una sesi\u00f3n destinada a p\u00fablico familiar. Y a las 21:00h Charo Jaular, contar\u00e1 historias de mujeres astutas y bellas, curiosas y honestas, enamoradas y libres, con \u201cPalabra de mujer\u201d. Sesi\u00f3n que tendr\u00e1 lugar en la Pla\u00e7a de l\u2019Aigua y est\u00e1 destinada a p\u00fablico joven y adulto.<\/p>\n\n\n\n<p>El viernes 24 la sesi\u00f3n de narraci\u00f3n de la ma\u00f1ana, a las 11:00h, tendr\u00e1 lugar en la Residencia Les Boqueres bajo el t\u00edtulo \u201cContes per a la gent gran\u201d y correr\u00e1 a cargo de varios de los narradores participantes en esta vig\u00e9simo primera edici\u00f3n de \u201cEncontes\u201d.<\/p>\n\n\n\n<p>Por la tarde, a las 18:00h \u201cLos sonidos del bosque\u201d en la Pla\u00e7a de l\u2019Aigua a cargo de Charo Jaular, para p\u00fablico familiar. Y a las 21:00h \u201cAl Aleph pasandopor Macondo\u201d a cargo de Nelson Calder\u00f3n&nbsp; para p\u00fablico joven y adulto en la Pla\u00e7a de l\u2019Aigua.<\/p>\n\n\n\n<p>El s\u00e1bado 25 a las 12:00h se desarrollar\u00e1 el \u201cVermut de contes\u201d en el Restaurante Ca Toni de Altea la Vella. Narraciones en valenciano y castellano a cargo de varios participantes. A las 18:00h \u201cLa Rateta\u201d a cargo de Elisa Matall\u00edn en la Pla\u00e7a de l\u2019Aigua. Una narraci\u00f3n destinada a p\u00fablico familiar. Y a las 21:00h en el Poador del Pontet, Emma Lobo parlar\u00e1 de un joc perillos, la rutina, las fantas\u00edas inalcanzables, eso que no pudo ser, eso que podr\u00eda ser, aquello que no habr\u00eda de ser\u2026 en \u201cAmor. \u00c9s que potser l\u2019amor no cap en una caixa?<\/p>\n\n\n\n<p>Y el domingo 26 de mayo, \u00faltimo d\u00eda de \u201cEncontes 2024\u201d la cita da inicio con el \u201cVermut de Contes\u201d a las 12:00h en el restaurante Ca Pere. A las 18:00h se llevar\u00e1 a cabo el marat\u00f3n de cuentos a cargo de gente de Altea en \u201cHist\u00f2ries del meu poble. Marat\u00f3 de Contes\u201d. Tendr\u00e1 lugar en la Pla\u00e7a de l\u2019Aigua. En ese mismo lugar a las 19:00 se&nbsp; proceder\u00e1 a la clausura de esta nueva edici\u00f3n de \u201cEncontes\u201d con \u201cAt\u00fambala\u201d. M\u00fasica, cuentos con olor de mar, baile de palabras y canciones con un pellizco de sal a cargo de Ax\u00fambala. Una narraci\u00f3n en valenciano para p\u00fablico familiar.<\/p>\n\n\n\n<p>La entrada a las sesiones es libre y gratuita&nbsp; y desde la concejal\u00eda de Cultura y Aktes Teatre se invita a la poblaci\u00f3n de Altea y municipios vecinos a disfrutar de esta iniciativa cargada de imaginaci\u00f3n, sonrisas, suspense, e ilusi\u00f3n que ponen sobre el escenario narradores y narradoras en forma de cuento, historia o espect\u00e1culo. N\u00f3mbrese como &nbsp;cada uno lo sienta\u2026<\/p>\n\n\n\n<p>|ALTEA DIGITAL.ES<\/p>\n","protected":false},"excerpt":{"rendered":"<p>May 16, 2024 La cita tendr\u00e1 lugar del 20 al 26 de mayo en Altea. Si hace unas semanas [&hellip;]<\/p>\n","protected":false},"author":1,"featured_media":30811,"comment_status":"open","ping_status":"open","sticky":false,"template":"","format":"standard","meta":{"_expiration-date-status":"","_expiration-date":0,"_expiration-date-type":"","_expiration-date-categories":[],"_expiration-date-options":[],"footnotes":""},"yoast_head":"<!-- This site is optimized with the Yoast SEO plugin v22.8 - https:\/\/yoast.com\/wordpress\/plugins\/seo\/ -->\n<title>\u201cEncontes\u201d anuncia la programaci\u00f3n de su vig\u00e9simo primera edici\u00f3n - Altea Cultural<\/title>\n<meta name=\"robots\" content=\"index, follow, max-snippet:-1, max-image-preview:large, max-video-preview:-1\" \/>\n<link rel=\"canonical\" href=\"https:\/\/www.alteacultural.com\/es\/2024\/05\/20\/encontes-anuncia-la-programacio-de-la-seua-vint-i-unena-edicio\/\" \/>\n<meta property=\"og:locale\" content=\"es_ES\" \/>\n<meta property=\"og:type\" content=\"article\" \/>\n<meta property=\"og:title\" content=\"\u201cEncontes\u201d anuncia la programaci\u00f3n de su vig\u00e9simo primera edici\u00f3n - Altea Cultural\" \/>\n<meta property=\"og:description\" content=\"May 16, 2024 La cita tendr\u00e1 lugar del 20 al 26 de mayo en Altea. Si hace unas semanas [&hellip;]\" \/>\n<meta property=\"og:url\" content=\"https:\/\/www.alteacultural.com\/es\/2024\/05\/20\/encontes-anuncia-la-programacio-de-la-seua-vint-i-unena-edicio\/\" \/>\n<meta property=\"og:site_name\" content=\"Altea Cultural\" \/>\n<meta property=\"article:published_time\" content=\"2024-05-20T08:57:24+00:00\" \/>\n<meta property=\"article:modified_time\" content=\"2024-05-26T18:00:06+00:00\" \/>\n<meta property=\"og:image\" content=\"https:\/\/www.alteacultural.com\/wp-content\/uploads\/2024\/05\/2024_05_encontes2024_banner.jpg\" \/>\n\t<meta property=\"og:image:width\" content=\"1238\" \/>\n\t<meta property=\"og:image:height\" content=\"607\" \/>\n\t<meta property=\"og:image:type\" content=\"image\/jpeg\" \/>\n<meta name=\"author\" content=\"sfaltea.com-admin\" \/>\n<meta name=\"twitter:card\" content=\"summary_large_image\" \/>\n<meta name=\"twitter:label1\" content=\"Escrito por\" \/>\n\t<meta name=\"twitter:data1\" content=\"sfaltea.com-admin\" \/>\n\t<meta name=\"twitter:label2\" content=\"Tiempo de lectura\" \/>\n\t<meta name=\"twitter:data2\" content=\"5 minutos\" \/>\n<script type=\"application\/ld+json\" class=\"yoast-schema-graph\">{\"@context\":\"https:\/\/schema.org\",\"@graph\":[{\"@type\":\"WebPage\",\"@id\":\"https:\/\/www.alteacultural.com\/es\/2024\/05\/20\/encontes-anuncia-la-programacio-de-la-seua-vint-i-unena-edicio\/\",\"url\":\"https:\/\/www.alteacultural.com\/es\/2024\/05\/20\/encontes-anuncia-la-programacio-de-la-seua-vint-i-unena-edicio\/\",\"name\":\"\u201cEncontes\u201d anuncia la programaci\u00f3n de su vig\u00e9simo primera edici\u00f3n - Altea Cultural\",\"isPartOf\":{\"@id\":\"https:\/\/www.alteacultural.com\/es\/#website\"},\"primaryImageOfPage\":{\"@id\":\"https:\/\/www.alteacultural.com\/es\/2024\/05\/20\/encontes-anuncia-la-programacio-de-la-seua-vint-i-unena-edicio\/#primaryimage\"},\"image\":{\"@id\":\"https:\/\/www.alteacultural.com\/es\/2024\/05\/20\/encontes-anuncia-la-programacio-de-la-seua-vint-i-unena-edicio\/#primaryimage\"},\"thumbnailUrl\":\"https:\/\/www.alteacultural.com\/wp-content\/uploads\/2024\/05\/2024_05_encontes2024_banner.jpg\",\"datePublished\":\"2024-05-20T08:57:24+00:00\",\"dateModified\":\"2024-05-26T18:00:06+00:00\",\"author\":{\"@id\":\"https:\/\/www.alteacultural.com\/es\/#\/schema\/person\/c4e137537f1af546d214a315255e5172\"},\"breadcrumb\":{\"@id\":\"https:\/\/www.alteacultural.com\/es\/2024\/05\/20\/encontes-anuncia-la-programacio-de-la-seua-vint-i-unena-edicio\/#breadcrumb\"},\"inLanguage\":\"es\",\"potentialAction\":[{\"@type\":\"ReadAction\",\"target\":[\"https:\/\/www.alteacultural.com\/es\/2024\/05\/20\/encontes-anuncia-la-programacio-de-la-seua-vint-i-unena-edicio\/\"]}]},{\"@type\":\"ImageObject\",\"inLanguage\":\"es\",\"@id\":\"https:\/\/www.alteacultural.com\/es\/2024\/05\/20\/encontes-anuncia-la-programacio-de-la-seua-vint-i-unena-edicio\/#primaryimage\",\"url\":\"https:\/\/www.alteacultural.com\/wp-content\/uploads\/2024\/05\/2024_05_encontes2024_banner.jpg\",\"contentUrl\":\"https:\/\/www.alteacultural.com\/wp-content\/uploads\/2024\/05\/2024_05_encontes2024_banner.jpg\",\"width\":1238,\"height\":607},{\"@type\":\"BreadcrumbList\",\"@id\":\"https:\/\/www.alteacultural.com\/es\/2024\/05\/20\/encontes-anuncia-la-programacio-de-la-seua-vint-i-unena-edicio\/#breadcrumb\",\"itemListElement\":[{\"@type\":\"ListItem\",\"position\":1,\"name\":\"Inici\",\"item\":\"https:\/\/www.alteacultural.com\/es\/\"},{\"@type\":\"ListItem\",\"position\":2,\"name\":\"\u201cEncontes\u201d anuncia la programaci\u00f3n de su vig\u00e9simo primera edici\u00f3n\"}]},{\"@type\":\"WebSite\",\"@id\":\"https:\/\/www.alteacultural.com\/es\/#website\",\"url\":\"https:\/\/www.alteacultural.com\/es\/\",\"name\":\"Altea Cultural\",\"description\":\"Regidoria de Cultura de l&#039;Ajuntament d&#039;Altea\",\"potentialAction\":[{\"@type\":\"SearchAction\",\"target\":{\"@type\":\"EntryPoint\",\"urlTemplate\":\"https:\/\/www.alteacultural.com\/es\/?s={search_term_string}\"},\"query-input\":\"required name=search_term_string\"}],\"inLanguage\":\"es\"},{\"@type\":\"Person\",\"@id\":\"https:\/\/www.alteacultural.com\/es\/#\/schema\/person\/c4e137537f1af546d214a315255e5172\",\"name\":\"sfaltea.com-admin\",\"image\":{\"@type\":\"ImageObject\",\"inLanguage\":\"es\",\"@id\":\"https:\/\/www.alteacultural.com\/es\/#\/schema\/person\/image\/\",\"url\":\"https:\/\/secure.gravatar.com\/avatar\/f7473fa2fbd351270ccfd469de536202?s=96&d=mm&r=g\",\"contentUrl\":\"https:\/\/secure.gravatar.com\/avatar\/f7473fa2fbd351270ccfd469de536202?s=96&d=mm&r=g\",\"caption\":\"sfaltea.com-admin\"},\"url\":\"https:\/\/www.alteacultural.com\/es\/author\/sfaltea-com-admin\/\"}]}<\/script>\n<!-- \/ Yoast SEO plugin. -->","yoast_head_json":{"title":"\u201cEncontes\u201d anuncia la programaci\u00f3n de su vig\u00e9simo primera edici\u00f3n - Altea Cultural","robots":{"index":"index","follow":"follow","max-snippet":"max-snippet:-1","max-image-preview":"max-image-preview:large","max-video-preview":"max-video-preview:-1"},"canonical":"https:\/\/www.alteacultural.com\/es\/2024\/05\/20\/encontes-anuncia-la-programacio-de-la-seua-vint-i-unena-edicio\/","og_locale":"es_ES","og_type":"article","og_title":"\u201cEncontes\u201d anuncia la programaci\u00f3n de su vig\u00e9simo primera edici\u00f3n - Altea Cultural","og_description":"May 16, 2024 La cita tendr\u00e1 lugar del 20 al 26 de mayo en Altea. Si hace unas semanas [&hellip;]","og_url":"https:\/\/www.alteacultural.com\/es\/2024\/05\/20\/encontes-anuncia-la-programacio-de-la-seua-vint-i-unena-edicio\/","og_site_name":"Altea Cultural","article_published_time":"2024-05-20T08:57:24+00:00","article_modified_time":"2024-05-26T18:00:06+00:00","og_image":[{"width":1238,"height":607,"url":"https:\/\/www.alteacultural.com\/wp-content\/uploads\/2024\/05\/2024_05_encontes2024_banner.jpg","type":"image\/jpeg"}],"author":"sfaltea.com-admin","twitter_card":"summary_large_image","twitter_misc":{"Escrito por":"sfaltea.com-admin","Tiempo de lectura":"5 minutos"},"schema":{"@context":"https:\/\/schema.org","@graph":[{"@type":"WebPage","@id":"https:\/\/www.alteacultural.com\/es\/2024\/05\/20\/encontes-anuncia-la-programacio-de-la-seua-vint-i-unena-edicio\/","url":"https:\/\/www.alteacultural.com\/es\/2024\/05\/20\/encontes-anuncia-la-programacio-de-la-seua-vint-i-unena-edicio\/","name":"\u201cEncontes\u201d anuncia la programaci\u00f3n de su vig\u00e9simo primera edici\u00f3n - Altea Cultural","isPartOf":{"@id":"https:\/\/www.alteacultural.com\/es\/#website"},"primaryImageOfPage":{"@id":"https:\/\/www.alteacultural.com\/es\/2024\/05\/20\/encontes-anuncia-la-programacio-de-la-seua-vint-i-unena-edicio\/#primaryimage"},"image":{"@id":"https:\/\/www.alteacultural.com\/es\/2024\/05\/20\/encontes-anuncia-la-programacio-de-la-seua-vint-i-unena-edicio\/#primaryimage"},"thumbnailUrl":"https:\/\/www.alteacultural.com\/wp-content\/uploads\/2024\/05\/2024_05_encontes2024_banner.jpg","datePublished":"2024-05-20T08:57:24+00:00","dateModified":"2024-05-26T18:00:06+00:00","author":{"@id":"https:\/\/www.alteacultural.com\/es\/#\/schema\/person\/c4e137537f1af546d214a315255e5172"},"breadcrumb":{"@id":"https:\/\/www.alteacultural.com\/es\/2024\/05\/20\/encontes-anuncia-la-programacio-de-la-seua-vint-i-unena-edicio\/#breadcrumb"},"inLanguage":"es","potentialAction":[{"@type":"ReadAction","target":["https:\/\/www.alteacultural.com\/es\/2024\/05\/20\/encontes-anuncia-la-programacio-de-la-seua-vint-i-unena-edicio\/"]}]},{"@type":"ImageObject","inLanguage":"es","@id":"https:\/\/www.alteacultural.com\/es\/2024\/05\/20\/encontes-anuncia-la-programacio-de-la-seua-vint-i-unena-edicio\/#primaryimage","url":"https:\/\/www.alteacultural.com\/wp-content\/uploads\/2024\/05\/2024_05_encontes2024_banner.jpg","contentUrl":"https:\/\/www.alteacultural.com\/wp-content\/uploads\/2024\/05\/2024_05_encontes2024_banner.jpg","width":1238,"height":607},{"@type":"BreadcrumbList","@id":"https:\/\/www.alteacultural.com\/es\/2024\/05\/20\/encontes-anuncia-la-programacio-de-la-seua-vint-i-unena-edicio\/#breadcrumb","itemListElement":[{"@type":"ListItem","position":1,"name":"Inici","item":"https:\/\/www.alteacultural.com\/es\/"},{"@type":"ListItem","position":2,"name":"\u201cEncontes\u201d anuncia la programaci\u00f3n de su vig\u00e9simo primera edici\u00f3n"}]},{"@type":"WebSite","@id":"https:\/\/www.alteacultural.com\/es\/#website","url":"https:\/\/www.alteacultural.com\/es\/","name":"Altea Cultural","description":"Regidoria de Cultura de l&#039;Ajuntament d&#039;Altea","potentialAction":[{"@type":"SearchAction","target":{"@type":"EntryPoint","urlTemplate":"https:\/\/www.alteacultural.com\/es\/?s={search_term_string}"},"query-input":"required name=search_term_string"}],"inLanguage":"es"},{"@type":"Person","@id":"https:\/\/www.alteacultural.com\/es\/#\/schema\/person\/c4e137537f1af546d214a315255e5172","name":"sfaltea.com-admin","image":{"@type":"ImageObject","inLanguage":"es","@id":"https:\/\/www.alteacultural.com\/es\/#\/schema\/person\/image\/","url":"https:\/\/secure.gravatar.com\/avatar\/f7473fa2fbd351270ccfd469de536202?s=96&d=mm&r=g","contentUrl":"https:\/\/secure.gravatar.com\/avatar\/f7473fa2fbd351270ccfd469de536202?s=96&d=mm&r=g","caption":"sfaltea.com-admin"},"url":"https:\/\/www.alteacultural.com\/es\/author\/sfaltea-com-admin\/"}]}},"_links":{"self":[{"href":"https:\/\/www.alteacultural.com\/es\/wp-json\/wp\/v2\/posts\/30813"}],"collection":[{"href":"https:\/\/www.alteacultural.com\/es\/wp-json\/wp\/v2\/posts"}],"about":[{"href":"https:\/\/www.alteacultural.com\/es\/wp-json\/wp\/v2\/types\/post"}],"author":[{"embeddable":true,"href":"https:\/\/www.alteacultural.com\/es\/wp-json\/wp\/v2\/users\/1"}],"replies":[{"embeddable":true,"href":"https:\/\/www.alteacultural.com\/es\/wp-json\/wp\/v2\/comments?post=30813"}],"version-history":[{"count":1,"href":"https:\/\/www.alteacultural.com\/es\/wp-json\/wp\/v2\/posts\/30813\/revisions"}],"predecessor-version":[{"id":30814,"href":"https:\/\/www.alteacultural.com\/es\/wp-json\/wp\/v2\/posts\/30813\/revisions\/30814"}],"wp:featuredmedia":[{"embeddable":true,"href":"https:\/\/www.alteacultural.com\/es\/wp-json\/wp\/v2\/media\/30811"}],"wp:attachment":[{"href":"https:\/\/www.alteacultural.com\/es\/wp-json\/wp\/v2\/media?parent=30813"}],"curies":[{"name":"wp","href":"https:\/\/api.w.org\/{rel}","templated":true}]}}