{"id":32471,"date":"2024-09-03T12:22:33","date_gmt":"2024-09-03T10:22:33","guid":{"rendered":"https:\/\/www.alteacultural.com\/2024\/09\/03\/cultura-i-confraria-convoquen-el-concurs-de-fotografia-castell-de-lolla-2024\/"},"modified":"2024-09-03T12:25:23","modified_gmt":"2024-09-03T10:25:23","slug":"cultura-i-confraria-convoquen-el-concurs-de-fotografia-castell-de-lolla-2024","status":"publish","type":"post","link":"https:\/\/www.alteacultural.com\/es\/2024\/09\/03\/cultura-i-confraria-convoquen-el-concurs-de-fotografia-castell-de-lolla-2024\/","title":{"rendered":"Cultura y Cofrad\u00eda convocan el concurso de fotograf\u00eda Castell de l\u2019Olla 2024"},"content":{"rendered":"\n<p>Aug 5, 2024<img fetchpriority=\"high\" decoding=\"async\" src=\"https:\/\/alteadigital.es\/wp-content\/uploads\/2024\/08\/cartel-concurs-fotografia-Castell.jpg\" alt=\"Cultura i Confraria convoquen el concurs de fotografia Castell de l\u2019Olla 2024\" class=\"\" width=\"1080\" height=\"675\" srcset=\"https:\/\/alteadigital.es\/wp-content\/uploads\/2024\/08\/cartel-concurs-fotografia-Castell.jpg 1080w, https:\/\/alteadigital.es\/wp-content\/uploads\/2024\/08\/cartel-concurs-fotografia-Castell-480x678.jpg 480w\"><\/p>\n\n\n\n<p><strong>El plazo de presentaci\u00f3n de las im\u00e1genes permanecer\u00e1 abierto del 10 al 18 de agosto.<\/strong><\/p>\n\n\n\n<p>La concejal\u00eda de Cultura, en colaboraci\u00f3n con la Cofrad\u00eda del Castell de l\u2019Olla, convoca un a\u00f1o m\u00e1s el Concurso de Fotograf\u00eda Castell de l\u2019Olla, que tiene por objeto dar a conocer una visi\u00f3n personal de la celebraci\u00f3n de este gran espect\u00e1culo pirot\u00e9cnico.<\/p>\n\n\n\n<p>Como indica la edil de \u00e1rea, Pepa Victoria P\u00e9rez, pueden participar en el concurso todas las personas que lo deseen, provistas de DNI o NIE y s\u00f3lo se podr\u00e1 hacer con c\u00e1mara digital. Cada participante podr\u00e1 presentar hasta tres fotograf\u00eda diferentes realizadas por el o ella mismo y tienen que ser in\u00e9ditas.<\/p>\n\n\n\n<p>El formato de las fotograf\u00edas ser\u00e1 JPG y como m\u00e1ximo tendr\u00e1 10MB. Se admite retoque fotogr\u00e1fico con el objetivo de mejorar o corregir valores de brillo, color, etc. En ning\u00fan caso se aceptan alteraciones de la realidad.<\/p>\n\n\n\n<p>Las im\u00e1genes se remitir\u00e1n a&nbsp;<a href=\"http:\/\/www.alteacultural.com\/fotocastell\">www.alteacultural.com\/fotocastell<\/a>&nbsp;mediante el formulario habilitado para ello en dicha direcci\u00f3n.<\/p>\n\n\n\n<p>El plazo de presentaci\u00f3n de las im\u00e1genes ser\u00e1 del 10 de agosto a las 23:59h del 18 de agosto.<\/p>\n\n\n\n<p>Los premios a las mejores fotograf\u00edas son de 500\u20ac el primero; 300\u20ac el segundo y 200\u20ac el tercero. Cuant\u00edas financiadas por la Cofrad\u00eda del Castell de l\u2019Olla y para cuyo cobro se habr\u00e1 de facilitar los datos a trav\u00e9s de&nbsp;<a href=\"http:\/\/www.alteacultural.com\/premiats\">www.alteacultural.com\/premiats<\/a><\/p>\n\n\n\n<p>Los participantes s\u00f3lo podr\u00e1n obtener un premio. La resoluci\u00f3n del Jurado se har\u00e1 p\u00fablica el 30 de agosto en acto p\u00fablico a las 20:00h en la Casa de Cultura. El Jurado estar\u00e1 compuesto por una selecci\u00f3n realizada por la Cofrad\u00eda del Castell y la concejal\u00eda de Cultura.<\/p>\n\n\n\n<p>Las fotograf\u00edas participantes ser\u00e1n publicadas en la web y redes del Ayuntamiento y la Cofrad\u00eda con indicaci\u00f3n del nombre de su autor o autora. Asimismo, en septiembre se llevar\u00e1 a cabo una exposici\u00f3n en la Casa de Cultura.<\/p>\n\n\n\n<p>Con las bases en la mano del \u201cConcurso de Fotograf\u00eda Castell de l\u2019Olla\u201d, la edil de Cultura, Pepa Victoria P\u00e9rez, anima a los amantes de la fotograf\u00eda a participar en este concurso que tiene por protagonista uno de los castillos de fuegos artificiales m\u00e1s grandiosos que se pueden disfrutar a nivel nacional; adem\u00e1s de que reparte suculentos premios.<\/p>\n\n\n\n<p>| ALTEADIGITAL.ES<\/p>\n","protected":false},"excerpt":{"rendered":"<p>Aug 5, 2024 El plazo de presentaci\u00f3n de las im\u00e1genes permanecer\u00e1 abierto del 10 al 18 de agosto. La [&hellip;]<\/p>\n","protected":false},"author":1,"featured_media":32469,"comment_status":"open","ping_status":"open","sticky":false,"template":"","format":"standard","meta":{"_expiration-date-status":"","_expiration-date":0,"_expiration-date-type":"","_expiration-date-categories":[],"_expiration-date-options":[],"footnotes":""},"yoast_head":"<!-- This site is optimized with the Yoast SEO plugin v22.8 - https:\/\/yoast.com\/wordpress\/plugins\/seo\/ -->\n<title>Cultura y Cofrad\u00eda convocan el concurso de fotograf\u00eda Castell de l\u2019Olla 2024 - Altea Cultural<\/title>\n<meta name=\"robots\" content=\"index, follow, max-snippet:-1, max-image-preview:large, max-video-preview:-1\" \/>\n<link rel=\"canonical\" href=\"https:\/\/www.alteacultural.com\/es\/2024\/09\/03\/cultura-i-confraria-convoquen-el-concurs-de-fotografia-castell-de-lolla-2024\/\" \/>\n<meta property=\"og:locale\" content=\"es_ES\" \/>\n<meta property=\"og:type\" content=\"article\" \/>\n<meta property=\"og:title\" content=\"Cultura y Cofrad\u00eda convocan el concurso de fotograf\u00eda Castell de l\u2019Olla 2024 - Altea Cultural\" \/>\n<meta property=\"og:description\" content=\"Aug 5, 2024 El plazo de presentaci\u00f3n de las im\u00e1genes permanecer\u00e1 abierto del 10 al 18 de agosto. La [&hellip;]\" \/>\n<meta property=\"og:url\" content=\"https:\/\/www.alteacultural.com\/es\/2024\/09\/03\/cultura-i-confraria-convoquen-el-concurs-de-fotografia-castell-de-lolla-2024\/\" \/>\n<meta property=\"og:site_name\" content=\"Altea Cultural\" \/>\n<meta property=\"article:published_time\" content=\"2024-09-03T10:22:33+00:00\" \/>\n<meta property=\"article:modified_time\" content=\"2024-09-03T10:25:23+00:00\" \/>\n<meta property=\"og:image\" content=\"https:\/\/www.alteacultural.com\/wp-content\/uploads\/2024\/09\/EntregapremisCastellOllaban-2048x828-1.webp\" \/>\n\t<meta property=\"og:image:width\" content=\"1600\" \/>\n\t<meta property=\"og:image:height\" content=\"647\" \/>\n\t<meta property=\"og:image:type\" content=\"image\/webp\" \/>\n<meta name=\"author\" content=\"sfaltea.com-admin\" \/>\n<meta name=\"twitter:card\" content=\"summary_large_image\" \/>\n<meta name=\"twitter:label1\" content=\"Escrito por\" \/>\n\t<meta name=\"twitter:data1\" content=\"sfaltea.com-admin\" \/>\n\t<meta name=\"twitter:label2\" content=\"Tiempo de lectura\" \/>\n\t<meta name=\"twitter:data2\" content=\"3 minutos\" \/>\n<script type=\"application\/ld+json\" class=\"yoast-schema-graph\">{\"@context\":\"https:\/\/schema.org\",\"@graph\":[{\"@type\":\"WebPage\",\"@id\":\"https:\/\/www.alteacultural.com\/es\/2024\/09\/03\/cultura-i-confraria-convoquen-el-concurs-de-fotografia-castell-de-lolla-2024\/\",\"url\":\"https:\/\/www.alteacultural.com\/es\/2024\/09\/03\/cultura-i-confraria-convoquen-el-concurs-de-fotografia-castell-de-lolla-2024\/\",\"name\":\"Cultura y Cofrad\u00eda convocan el concurso de fotograf\u00eda Castell de l\u2019Olla 2024 - Altea Cultural\",\"isPartOf\":{\"@id\":\"https:\/\/www.alteacultural.com\/es\/#website\"},\"primaryImageOfPage\":{\"@id\":\"https:\/\/www.alteacultural.com\/es\/2024\/09\/03\/cultura-i-confraria-convoquen-el-concurs-de-fotografia-castell-de-lolla-2024\/#primaryimage\"},\"image\":{\"@id\":\"https:\/\/www.alteacultural.com\/es\/2024\/09\/03\/cultura-i-confraria-convoquen-el-concurs-de-fotografia-castell-de-lolla-2024\/#primaryimage\"},\"thumbnailUrl\":\"https:\/\/www.alteacultural.com\/wp-content\/uploads\/2024\/09\/EntregapremisCastellOllaban-2048x828-1.webp\",\"datePublished\":\"2024-09-03T10:22:33+00:00\",\"dateModified\":\"2024-09-03T10:25:23+00:00\",\"author\":{\"@id\":\"https:\/\/www.alteacultural.com\/es\/#\/schema\/person\/c4e137537f1af546d214a315255e5172\"},\"breadcrumb\":{\"@id\":\"https:\/\/www.alteacultural.com\/es\/2024\/09\/03\/cultura-i-confraria-convoquen-el-concurs-de-fotografia-castell-de-lolla-2024\/#breadcrumb\"},\"inLanguage\":\"es\",\"potentialAction\":[{\"@type\":\"ReadAction\",\"target\":[\"https:\/\/www.alteacultural.com\/es\/2024\/09\/03\/cultura-i-confraria-convoquen-el-concurs-de-fotografia-castell-de-lolla-2024\/\"]}]},{\"@type\":\"ImageObject\",\"inLanguage\":\"es\",\"@id\":\"https:\/\/www.alteacultural.com\/es\/2024\/09\/03\/cultura-i-confraria-convoquen-el-concurs-de-fotografia-castell-de-lolla-2024\/#primaryimage\",\"url\":\"https:\/\/www.alteacultural.com\/wp-content\/uploads\/2024\/09\/EntregapremisCastellOllaban-2048x828-1.webp\",\"contentUrl\":\"https:\/\/www.alteacultural.com\/wp-content\/uploads\/2024\/09\/EntregapremisCastellOllaban-2048x828-1.webp\",\"width\":1600,\"height\":647},{\"@type\":\"BreadcrumbList\",\"@id\":\"https:\/\/www.alteacultural.com\/es\/2024\/09\/03\/cultura-i-confraria-convoquen-el-concurs-de-fotografia-castell-de-lolla-2024\/#breadcrumb\",\"itemListElement\":[{\"@type\":\"ListItem\",\"position\":1,\"name\":\"Inici\",\"item\":\"https:\/\/www.alteacultural.com\/es\/\"},{\"@type\":\"ListItem\",\"position\":2,\"name\":\"Cultura y Cofrad\u00eda convocan el concurso de fotograf\u00eda Castell de l\u2019Olla 2024\"}]},{\"@type\":\"WebSite\",\"@id\":\"https:\/\/www.alteacultural.com\/es\/#website\",\"url\":\"https:\/\/www.alteacultural.com\/es\/\",\"name\":\"Altea Cultural\",\"description\":\"Regidoria de Cultura de l&#039;Ajuntament d&#039;Altea\",\"potentialAction\":[{\"@type\":\"SearchAction\",\"target\":{\"@type\":\"EntryPoint\",\"urlTemplate\":\"https:\/\/www.alteacultural.com\/es\/?s={search_term_string}\"},\"query-input\":\"required name=search_term_string\"}],\"inLanguage\":\"es\"},{\"@type\":\"Person\",\"@id\":\"https:\/\/www.alteacultural.com\/es\/#\/schema\/person\/c4e137537f1af546d214a315255e5172\",\"name\":\"sfaltea.com-admin\",\"image\":{\"@type\":\"ImageObject\",\"inLanguage\":\"es\",\"@id\":\"https:\/\/www.alteacultural.com\/es\/#\/schema\/person\/image\/\",\"url\":\"https:\/\/secure.gravatar.com\/avatar\/f7473fa2fbd351270ccfd469de536202?s=96&d=mm&r=g\",\"contentUrl\":\"https:\/\/secure.gravatar.com\/avatar\/f7473fa2fbd351270ccfd469de536202?s=96&d=mm&r=g\",\"caption\":\"sfaltea.com-admin\"},\"url\":\"https:\/\/www.alteacultural.com\/es\/author\/sfaltea-com-admin\/\"}]}<\/script>\n<!-- \/ Yoast SEO plugin. -->","yoast_head_json":{"title":"Cultura y Cofrad\u00eda convocan el concurso de fotograf\u00eda Castell de l\u2019Olla 2024 - Altea Cultural","robots":{"index":"index","follow":"follow","max-snippet":"max-snippet:-1","max-image-preview":"max-image-preview:large","max-video-preview":"max-video-preview:-1"},"canonical":"https:\/\/www.alteacultural.com\/es\/2024\/09\/03\/cultura-i-confraria-convoquen-el-concurs-de-fotografia-castell-de-lolla-2024\/","og_locale":"es_ES","og_type":"article","og_title":"Cultura y Cofrad\u00eda convocan el concurso de fotograf\u00eda Castell de l\u2019Olla 2024 - Altea Cultural","og_description":"Aug 5, 2024 El plazo de presentaci\u00f3n de las im\u00e1genes permanecer\u00e1 abierto del 10 al 18 de agosto. La [&hellip;]","og_url":"https:\/\/www.alteacultural.com\/es\/2024\/09\/03\/cultura-i-confraria-convoquen-el-concurs-de-fotografia-castell-de-lolla-2024\/","og_site_name":"Altea Cultural","article_published_time":"2024-09-03T10:22:33+00:00","article_modified_time":"2024-09-03T10:25:23+00:00","og_image":[{"width":1600,"height":647,"url":"https:\/\/www.alteacultural.com\/wp-content\/uploads\/2024\/09\/EntregapremisCastellOllaban-2048x828-1.webp","type":"image\/webp"}],"author":"sfaltea.com-admin","twitter_card":"summary_large_image","twitter_misc":{"Escrito por":"sfaltea.com-admin","Tiempo de lectura":"3 minutos"},"schema":{"@context":"https:\/\/schema.org","@graph":[{"@type":"WebPage","@id":"https:\/\/www.alteacultural.com\/es\/2024\/09\/03\/cultura-i-confraria-convoquen-el-concurs-de-fotografia-castell-de-lolla-2024\/","url":"https:\/\/www.alteacultural.com\/es\/2024\/09\/03\/cultura-i-confraria-convoquen-el-concurs-de-fotografia-castell-de-lolla-2024\/","name":"Cultura y Cofrad\u00eda convocan el concurso de fotograf\u00eda Castell de l\u2019Olla 2024 - Altea Cultural","isPartOf":{"@id":"https:\/\/www.alteacultural.com\/es\/#website"},"primaryImageOfPage":{"@id":"https:\/\/www.alteacultural.com\/es\/2024\/09\/03\/cultura-i-confraria-convoquen-el-concurs-de-fotografia-castell-de-lolla-2024\/#primaryimage"},"image":{"@id":"https:\/\/www.alteacultural.com\/es\/2024\/09\/03\/cultura-i-confraria-convoquen-el-concurs-de-fotografia-castell-de-lolla-2024\/#primaryimage"},"thumbnailUrl":"https:\/\/www.alteacultural.com\/wp-content\/uploads\/2024\/09\/EntregapremisCastellOllaban-2048x828-1.webp","datePublished":"2024-09-03T10:22:33+00:00","dateModified":"2024-09-03T10:25:23+00:00","author":{"@id":"https:\/\/www.alteacultural.com\/es\/#\/schema\/person\/c4e137537f1af546d214a315255e5172"},"breadcrumb":{"@id":"https:\/\/www.alteacultural.com\/es\/2024\/09\/03\/cultura-i-confraria-convoquen-el-concurs-de-fotografia-castell-de-lolla-2024\/#breadcrumb"},"inLanguage":"es","potentialAction":[{"@type":"ReadAction","target":["https:\/\/www.alteacultural.com\/es\/2024\/09\/03\/cultura-i-confraria-convoquen-el-concurs-de-fotografia-castell-de-lolla-2024\/"]}]},{"@type":"ImageObject","inLanguage":"es","@id":"https:\/\/www.alteacultural.com\/es\/2024\/09\/03\/cultura-i-confraria-convoquen-el-concurs-de-fotografia-castell-de-lolla-2024\/#primaryimage","url":"https:\/\/www.alteacultural.com\/wp-content\/uploads\/2024\/09\/EntregapremisCastellOllaban-2048x828-1.webp","contentUrl":"https:\/\/www.alteacultural.com\/wp-content\/uploads\/2024\/09\/EntregapremisCastellOllaban-2048x828-1.webp","width":1600,"height":647},{"@type":"BreadcrumbList","@id":"https:\/\/www.alteacultural.com\/es\/2024\/09\/03\/cultura-i-confraria-convoquen-el-concurs-de-fotografia-castell-de-lolla-2024\/#breadcrumb","itemListElement":[{"@type":"ListItem","position":1,"name":"Inici","item":"https:\/\/www.alteacultural.com\/es\/"},{"@type":"ListItem","position":2,"name":"Cultura y Cofrad\u00eda convocan el concurso de fotograf\u00eda Castell de l\u2019Olla 2024"}]},{"@type":"WebSite","@id":"https:\/\/www.alteacultural.com\/es\/#website","url":"https:\/\/www.alteacultural.com\/es\/","name":"Altea Cultural","description":"Regidoria de Cultura de l&#039;Ajuntament d&#039;Altea","potentialAction":[{"@type":"SearchAction","target":{"@type":"EntryPoint","urlTemplate":"https:\/\/www.alteacultural.com\/es\/?s={search_term_string}"},"query-input":"required name=search_term_string"}],"inLanguage":"es"},{"@type":"Person","@id":"https:\/\/www.alteacultural.com\/es\/#\/schema\/person\/c4e137537f1af546d214a315255e5172","name":"sfaltea.com-admin","image":{"@type":"ImageObject","inLanguage":"es","@id":"https:\/\/www.alteacultural.com\/es\/#\/schema\/person\/image\/","url":"https:\/\/secure.gravatar.com\/avatar\/f7473fa2fbd351270ccfd469de536202?s=96&d=mm&r=g","contentUrl":"https:\/\/secure.gravatar.com\/avatar\/f7473fa2fbd351270ccfd469de536202?s=96&d=mm&r=g","caption":"sfaltea.com-admin"},"url":"https:\/\/www.alteacultural.com\/es\/author\/sfaltea-com-admin\/"}]}},"_links":{"self":[{"href":"https:\/\/www.alteacultural.com\/es\/wp-json\/wp\/v2\/posts\/32471"}],"collection":[{"href":"https:\/\/www.alteacultural.com\/es\/wp-json\/wp\/v2\/posts"}],"about":[{"href":"https:\/\/www.alteacultural.com\/es\/wp-json\/wp\/v2\/types\/post"}],"author":[{"embeddable":true,"href":"https:\/\/www.alteacultural.com\/es\/wp-json\/wp\/v2\/users\/1"}],"replies":[{"embeddable":true,"href":"https:\/\/www.alteacultural.com\/es\/wp-json\/wp\/v2\/comments?post=32471"}],"version-history":[{"count":1,"href":"https:\/\/www.alteacultural.com\/es\/wp-json\/wp\/v2\/posts\/32471\/revisions"}],"predecessor-version":[{"id":32473,"href":"https:\/\/www.alteacultural.com\/es\/wp-json\/wp\/v2\/posts\/32471\/revisions\/32473"}],"wp:featuredmedia":[{"embeddable":true,"href":"https:\/\/www.alteacultural.com\/es\/wp-json\/wp\/v2\/media\/32469"}],"wp:attachment":[{"href":"https:\/\/www.alteacultural.com\/es\/wp-json\/wp\/v2\/media?parent=32471"}],"curies":[{"name":"wp","href":"https:\/\/api.w.org\/{rel}","templated":true}]}}