{"id":32477,"date":"2024-09-03T12:30:27","date_gmt":"2024-09-03T10:30:27","guid":{"rendered":"https:\/\/www.alteacultural.com\/2024\/09\/03\/impactant-es-el-qualificatiu-mes-repetit-entre-les-valoracions-del-castell-de-lolla\/"},"modified":"2024-09-03T12:36:42","modified_gmt":"2024-09-03T10:36:42","slug":"impactant-es-el-qualificatiu-mes-repetit-entre-les-valoracions-del-castell-de-lolla","status":"publish","type":"post","link":"https:\/\/www.alteacultural.com\/es\/2024\/09\/03\/impactant-es-el-qualificatiu-mes-repetit-entre-les-valoracions-del-castell-de-lolla\/","title":{"rendered":"\u201cImpactante\u201d es el calificativo m\u00e1s repetido entre las valoraciones del Castell de l\u2019Olla"},"content":{"rendered":"\n<p>Aug 12, 2024<img fetchpriority=\"high\" decoding=\"async\" src=\"https:\/\/alteadigital.es\/wp-content\/uploads\/2024\/08\/focs-6-web.jpg\" alt=\"\u201cImpactant\u201d \u00e9s el qualificatiu m\u00e9s repetit entre les valoracions del Castell de l\u2019Olla\" class=\"\" width=\"1080\" height=\"675\" srcset=\"https:\/\/alteadigital.es\/wp-content\/uploads\/2024\/08\/focs-6-web.jpg 1080w, https:\/\/alteadigital.es\/wp-content\/uploads\/2024\/08\/focs-6-web-980x441.jpg 980w, https:\/\/alteadigital.es\/wp-content\/uploads\/2024\/08\/focs-6-web-480x216.jpg 480w\"><\/p>\n\n\n\n<p><strong>Sin incidencias que lamentar y seg\u00fan lo previsto transcurr\u00eda la 36 edici\u00f3n del Castell de l\u2019Olla con asistencia de unas 80.000 personas.<\/strong><\/p>\n\n\n\n<p>De total \u00e9xito se puede calificar la reci\u00e9n concluida 36 edici\u00f3n del Castell de l\u2019Olla, que ten\u00eda lugar en pasado s\u00e1bado, con la presencia de numerosas autoridades de distintos \u00e1mbitos de la sociedad; entre los que se encontraba el presidente de la Generalitat, Carlos Maz\u00f3n. El acto previo a la fiesta de la luz, el color y un atronador final, ten\u00eda por anfitriones al presidente de la Cofrad\u00eda del Castell de l\u2019Olla, Jos\u00e9 P\u00e9rez Gorgoll y el alcalde de Altea, Diego Zaragoz\u00ed.<\/p>\n\n\n<div class=\"wp-block-image\">\n<figure class=\"aligncenter\"><img decoding=\"async\" data-src=\"https:\/\/alteadigital.es\/wp-content\/uploads\/2024\/08\/Llegada-Mazon-web.jpg\" alt=\"\" class=\"wp-image-118731 lazyload\" src=\"data:image\/gif;base64,R0lGODlhAQABAAAAACH5BAEKAAEALAAAAAABAAEAAAICTAEAOw==\" \/><\/figure><\/div>\n\n\n<p>Entre los asistentes al evento, la consellera de Innovaci\u00f3n, Industria, Comercio y Turismo, Nuria Montes; el conseller de Educaci\u00f3n, Cultura, Universidades y Empleo, Jos\u00e9 Antonio Rovira; la vicepresidenta de la Diputaci\u00f3n Provincial de Alicante, M\u00aa del Mar S\u00e1ez; varios de los ediles de la Corporaci\u00f3n Municipal de Altea, entre los que se encontraba la edil de Turismo, Xelo Gonz\u00e1lez; el concejal de Tr\u00e1fico y Seguridad Ciudadana, Deo S\u00e1nchez y los portavoces de los diferentes grupos municipales. Asimismo, estuvo presente la concejala de Bienestar Social e Igualdad, Anna Lanuza, responsable municipal de los tres puntos informativos ubicados en las inmediaciones de Villa Gadea; el Punto Violeta, el Punto Arco Iris&nbsp; y el Punto de la UPCCA, Unidad de Prevenci\u00f3n de Conductas Adictivas.<\/p>\n\n\n\n<p>Adem\u00e1s no pod\u00edan faltar los artistas procedentes del mundo de la cultura y art\u00edfices del texto del preg\u00f3n, el m\u00fasico y compositor Josep Vicent y el pintor Miguel Soro, autor del cartel del Castell 2024.<\/p>\n\n\n<div class=\"wp-block-image\">\n<figure class=\"aligncenter\"><img decoding=\"async\" data-src=\"https:\/\/alteadigital.es\/wp-content\/uploads\/2024\/08\/photocall-web.jpg\" alt=\"\" class=\"wp-image-118733 lazyload\" src=\"data:image\/gif;base64,R0lGODlhAQABAAAAACH5BAEKAAEALAAAAAABAAEAAAICTAEAOw==\" \/><\/figure><\/div>\n\n\n<p>A su llegada a los jardines de la Casa Villa Gadea, el Presidente del Consell calificaba a este gran evento piro acu\u00e1tico como \u201cuna de las grandes banderas de Mediterr\u00e1neo\u201d. \u201cEs la primera vez que vengo a ver el Castell como presidente de la Generalitat, pero como alicantino, como alteano de cari\u00f1o y de coraz\u00f3n he venido much\u00edsimas veces a verlo y quiero decir que es uno de los rincones m\u00e1s bonitos de todo el Mediterr\u00e1neo\u201d: Sentenciaba Carlos Maz\u00f3n, quien se deshizo en halagos hacia el Castell de l\u2019Olla; tanto antes de su disparo, como despu\u00e9s, al que valoraba con estas palabras: \u201clos que lo hemos visto muchas veces, tenemos una gran suerte y es que pensamos que no se puede mejorar y va y ocurre que si que se puede mejorar. Pero hoy mi valoraci\u00f3n es para aquellas personas que han venido a verlo por primera vez y ver su cara, su expresi\u00f3n y gesto de lo que Vulcano ha hecho por segunda vez, explica por si s\u00f3lo lo que ha sido el Castell\u201d<\/p>\n\n\n<div class=\"wp-block-image\">\n<figure class=\"aligncenter\"><img decoding=\"async\" data-src=\"https:\/\/alteadigital.es\/wp-content\/uploads\/2024\/08\/bienvenida-web.jpg\" alt=\"\" class=\"wp-image-118735 lazyload\" src=\"data:image\/gif;base64,R0lGODlhAQABAAAAACH5BAEKAAEALAAAAAABAAEAAAICTAEAOw==\" \/><\/figure><\/div>\n\n\n<p>\u201cEl Castell de l\u2019Olla es una manera de sentir todos los elementos juntos, nuestro Mediterr\u00e1neo, nuestra Altea, nuestro mar, nuestro fuego, todo junto de manera que no acaba nunca y que cada a\u00f1o es superior a lo anterior. Esto es la Comunitat Valenciana\u201d, declaraba Maz\u00f3n, minutos despu\u00e9s del disparo de los fuegos artificiales.<\/p>\n\n\n\n<p>Por su parte, el presidente de la Cofrad\u00eda del Castell, organizadora del evento, tildaba como \u201cimpresionante\u201d la edici\u00f3n y la calificaba el Castell de l\u2019Olla como \u201cposiblemente el mejor\u201d. \u201cHa sido impresionante y el final que hemos tenido no se hab\u00eda visto nunca en un castillo como este. Se han visto nuevos coloridos, unas carcasas preciosas con el c\u00edrculo totalmente redondo y creo que este pirot\u00e9cnico \u2013refiri\u00e9ndose a Vulcano- lo apuesta todo por el Castell de l\u2019Olla y nosotros estamos muy contentos<\/p>\n\n\n<div class=\"wp-block-image\">\n<figure class=\"aligncenter\"><img decoding=\"async\" data-src=\"https:\/\/alteadigital.es\/wp-content\/uploads\/2024\/08\/bienvenida-presi-cofradia-web.jpg\" alt=\"\" class=\"wp-image-118737 lazyload\" src=\"data:image\/gif;base64,R0lGODlhAQABAAAAACH5BAEKAAEALAAAAAABAAEAAAICTAEAOw==\" \/><\/figure><\/div>\n\n\n<p>El Castell de l\u2019Olla se ha ejecutado \u00edntegramente desde el mar, sobre 5 plataformas, ubicadas a 250 m de la costa y tres pantalanes flotantes. Todo ello con el objetivo de que el espectador vea una fachada de fuegos a tres niveles de explosi\u00f3n: acu\u00e1ticos, media altura y m\u00e1xima altura. Este a\u00f1o se han utilizado tres elementos novedosos como carcasas de gran calibre; un novedoso conjunto de efecto rel\u00e1mpago en escal\u00f3n y la apoteosis final con un bombardeo de trueno que ha hecho vibrar a toda la bah\u00eda.<\/p>\n\n\n\n<p>Por su parte, el propietario de Vulcano, Jos\u00e9 Lu\u00eds Gim\u00e9nez, manifestaba, \u201cha sido un honor participar de nuevo en esta 36 edici\u00f3n de la fiesta de la p\u00f3lvora de Altea, que es el castillo de fuegos de artificio ejecutado \u00edntegramente desde el mar y \u00fanico en Espa\u00f1a\u201d.<\/p>\n\n\n<div class=\"wp-block-image\">\n<figure class=\"aligncenter\"><img decoding=\"async\" data-src=\"https:\/\/alteadigital.es\/wp-content\/uploads\/2024\/08\/focs-1-web.jpg\" alt=\"\" class=\"wp-image-118741 lazyload\" src=\"data:image\/gif;base64,R0lGODlhAQABAAAAACH5BAEKAAEALAAAAAABAAEAAAICTAEAOw==\" \/><\/figure><\/div>\n\n\n<p>Finalmente, el alcalde de Altea, Diego Zaragoz\u00ed, agradec\u00eda a la Cofrad\u00eda del Castell de l\u2019Olla todo el trabajo que realiza a lo largo del a\u00f1o y que se intensifica en las \u00faltimas semanas para que el Castell de l\u2019Olla brille, desde hace 36 a\u00f1os, en el cielo de la Bah\u00eda de Altea y miles de personas puedan disfrutar del evento.<\/p>\n\n\n<div class=\"wp-block-image\">\n<figure class=\"aligncenter\"><img decoding=\"async\" data-src=\"https:\/\/alteadigital.es\/wp-content\/uploads\/2024\/08\/bienvenida-alcalde.jpg\" alt=\"\" class=\"wp-image-118739 lazyload\" src=\"data:image\/gif;base64,R0lGODlhAQABAAAAACH5BAEKAAEALAAAAAABAAEAAAICTAEAOw==\" \/><\/figure><\/div>\n\n\n<p>\u201cCreo que ha sido una edici\u00f3n impactante que me ha vuelto a impresionar, pero lo m\u00e1s destacable es ver a personas que lo han visto por primera vez c\u00f3mo se quedan y lo que dicen. Esto te hace darte cuenta del nivel y del espect\u00e1culo que se ofrece aqu\u00ed en Altea\u201d. Comentaba el primer edil alteano.<\/p>\n\n\n\n<p>Sobre el trabajo para una nueva edici\u00f3n que comienza en cuanto acaba la presente, Diego Zaragoz\u00ed ha apuntado, \u201cel Ayuntamiento hace mucho trabajo para que est\u00e9 todo a punto para el Castell y hace una importante aportaci\u00f3n, pero en realidad es la Cofrad\u00eda del Castell la que trabaja en su organizaci\u00f3n todo el a\u00f1o y me consta que desde esta misma noche se pone a trabajar en la edici\u00f3n del a\u00f1o que viene.<\/p>\n\n\n<div class=\"wp-block-image\">\n<figure class=\"aligncenter\"><img decoding=\"async\" data-src=\"https:\/\/alteadigital.es\/wp-content\/uploads\/2024\/08\/focs-2-web.jpg\" alt=\"\" class=\"wp-image-118743 lazyload\" src=\"data:image\/gif;base64,R0lGODlhAQABAAAAACH5BAEKAAEALAAAAAABAAEAAAICTAEAOw==\" \/><\/figure><\/div>\n\n\n<p>Adem\u00e1s, este a\u00f1o, el Castell de l\u2019Olla ha contado con un plus de visualizaciones, ya que, adem\u00e1s de los aproximadamente 80.000 espectadores que se congregaron en el litoral alteano para ver el Castell en persona, \u00e9ste era retransmitido por \u00c0 Punt en un especial de tres horas y media de duraci\u00f3n, lo que ha permitido a los valencianos disfrutar del evento desde sus casas.<\/p>\n\n\n<div class=\"wp-block-image\">\n<figure class=\"aligncenter\"><img decoding=\"async\" data-src=\"https:\/\/alteadigital.es\/wp-content\/uploads\/2024\/08\/focs-3-web.jpg\" alt=\"\" class=\"wp-image-118745 lazyload\" src=\"data:image\/gif;base64,R0lGODlhAQABAAAAACH5BAEKAAEALAAAAAABAAEAAAICTAEAOw==\" \/><\/figure><\/div>\n\n\n<p><strong>Tr\u00e1fico y Seguridad en el Castell de l\u2019Olla<\/strong><\/p>\n\n\n\n<p>En cuanto al Tr\u00e1fico y Seguridad Ciudadana de un evento de esta magnitud, con miles de desplazamientos hacia una misma zona, hoy lunes, el edil de Tr\u00e1fico y Seguridad Ciudadana, Deo S\u00e1nchez ha comunicado que \u201clas medidas de seguridad previstas han sido efectivas y esto nos permiti\u00f3 que el evento pirot\u00e9cnico se desarrollara con total normalidad en un ambiente seguro para los 80.000 asistentes que se dieron cita la noche del s\u00e1bado. Celebramos que la jornada concluyera con \u00e9xito y sin incidentes de relevancia salvo los habituales de regulaci\u00f3n del tr\u00e1fico de esa tarde-noche. Todo esto gracias a las rigurosas medidas de regulaci\u00f3n del tr\u00e1fico implementadas. Es cierto que a consecuencia del incendio acontecido en Benidorm el tr\u00e1nsito de la A7 se vio alterado, pero se mantuvo contacto permanente con el fin de garantizar la presencia de bomberos para contar con su presencia en el disparo del castillo\u201d.<\/p>\n\n\n<div class=\"wp-block-image\">\n<figure class=\"aligncenter\"><img decoding=\"async\" data-src=\"https:\/\/alteadigital.es\/wp-content\/uploads\/2024\/08\/focs-4-web.jpg\" alt=\"\" class=\"wp-image-118747 lazyload\" src=\"data:image\/gif;base64,R0lGODlhAQABAAAAACH5BAEKAAEALAAAAAABAAEAAAICTAEAOw==\" \/><\/figure><\/div>\n\n\n<p>\u201cQuiero expresar mi m\u00e1s sincero agradecimiento a todos los asistentes que respetaron las indicaciones de seguridad y tr\u00e1fico y especialmente a nuestra Polic\u00eda Local de Altea, as\u00ed como al resto de los integrantes del dispositivo de seguridad del Castell de l\u2019Olla que lo hicieron realidad\u201d. Ha a\u00f1adido el responsable municipal de Tr\u00e1fico y Seguridad Ciudadana.<\/p>\n\n\n\n<p>\u201cEl \u00e9xito del Castell de l\u2019Olla no hubiera sido posible sin la cooperaci\u00f3n de todos los sistemas p\u00fablicos de emergencias, lo que da muestra de nuestro compromiso con la organizaci\u00f3n de eventos seguros para nuestro pueblo\u201d. Ha concluido Deo S\u00e1nchez.<\/p>\n\n\n\n<p><strong>Puntos Violeta, Arco Iris y UPCCA<\/strong><\/p>\n\n\n<div class=\"wp-block-image\">\n<figure class=\"aligncenter\"><img decoding=\"async\" data-src=\"https:\/\/alteadigital.es\/wp-content\/uploads\/2024\/08\/punt-violeta-web.jpg\" alt=\"\" class=\"wp-image-118749 lazyload\" src=\"data:image\/gif;base64,R0lGODlhAQABAAAAACH5BAEKAAEALAAAAAABAAEAAAICTAEAOw==\" \/><\/figure><\/div>\n\n\n<p>Por segundo a\u00f1o consecutivo, en las inmediaciones del Castell de l\u2019Olla, han estado presentes puntos informativos y de prevenci\u00f3n contra la violencia y conductas adictivas. Un Punto Violeta, otro Arco Iris contra la violencia y por la integraci\u00f3n LGTBIQ+ y la Unidad Comunitaria de Prevenci\u00f3n de Conductas adictivas atendieron a m\u00e1s de 500 personas demandantes de informaci\u00f3n. Adem\u00e1s, estos puntos repartieron merchandising personalizado y con informaci\u00f3n de inter\u00e9s, como por ejemplo los tel\u00e9fonos de asistencia.<\/p>\n\n\n\n<p>Como ha recordado la edil de Bienestar Social, Igualdad y Sanidad, Anna Lanuza, \u201cla presencia de estos Puntos en el Castell de l\u2019Olla tiene por objeto prevenir o en su caso atender a v\u00edctimas de agresiones sexuales e informar&nbsp; y sensibilizar, para que la gente del colectivo LGTBIQ+ se pueda sentir protegida en un evento en el que se congregan miles de personas\u201d.<\/p>\n\n\n<div class=\"wp-block-image\">\n<figure class=\"aligncenter\"><img decoding=\"async\" data-src=\"https:\/\/alteadigital.es\/wp-content\/uploads\/2024\/08\/punt-Arc-Iris-web.jpg\" alt=\"\" class=\"wp-image-118751 lazyload\" src=\"data:image\/gif;base64,R0lGODlhAQABAAAAACH5BAEKAAEALAAAAAABAAEAAAICTAEAOw==\" \/><\/figure><\/div>\n\n\n<p>Anna Lanuza ha realizado un balance positivo de la actividad de estos puntos durante la noche del s\u00e1bado y ha destacado que \u201clos usuarios de estos puntos fueron gente joven principalmente y se interesaron especialmente por los alcohol\u00edmetros y las gafas de visi\u00f3n borrosa que simulan los efectos del alcohol.<\/p>\n\n\n<div class=\"wp-block-image\">\n<figure class=\"aligncenter\"><img decoding=\"async\" data-src=\"https:\/\/alteadigital.es\/wp-content\/uploads\/2024\/08\/focs-7-web.jpg\" alt=\"\" class=\"wp-image-118753 lazyload\" src=\"data:image\/gif;base64,R0lGODlhAQABAAAAACH5BAEKAAEALAAAAAABAAEAAAICTAEAOw==\" \/><\/figure><\/div>\n\n\n<p>| ALTEADIGITAL.ES<\/p>\n","protected":false},"excerpt":{"rendered":"<p>Aug 12, 2024 Sin incidencias que lamentar y seg\u00fan lo previsto transcurr\u00eda la 36 edici\u00f3n del Castell de l\u2019Olla [&hellip;]<\/p>\n","protected":false},"author":1,"featured_media":32483,"comment_status":"open","ping_status":"open","sticky":false,"template":"","format":"standard","meta":{"_expiration-date-status":"","_expiration-date":0,"_expiration-date-type":"","_expiration-date-categories":[],"_expiration-date-options":[],"footnotes":""},"yoast_head":"<!-- This site is optimized with the Yoast SEO plugin v22.8 - https:\/\/yoast.com\/wordpress\/plugins\/seo\/ -->\n<title>\u201cImpactante\u201d es el calificativo m\u00e1s repetido entre las valoraciones del Castell de l\u2019Olla - Altea Cultural<\/title>\n<meta name=\"robots\" content=\"index, follow, max-snippet:-1, max-image-preview:large, max-video-preview:-1\" \/>\n<link rel=\"canonical\" href=\"https:\/\/www.alteacultural.com\/es\/2024\/09\/03\/impactant-es-el-qualificatiu-mes-repetit-entre-les-valoracions-del-castell-de-lolla\/\" \/>\n<meta property=\"og:locale\" content=\"es_ES\" \/>\n<meta property=\"og:type\" content=\"article\" \/>\n<meta property=\"og:title\" content=\"\u201cImpactante\u201d es el calificativo m\u00e1s repetido entre las valoraciones del Castell de l\u2019Olla - Altea Cultural\" \/>\n<meta property=\"og:description\" content=\"Aug 12, 2024 Sin incidencias que lamentar y seg\u00fan lo previsto transcurr\u00eda la 36 edici\u00f3n del Castell de l\u2019Olla [&hellip;]\" \/>\n<meta property=\"og:url\" content=\"https:\/\/www.alteacultural.com\/es\/2024\/09\/03\/impactant-es-el-qualificatiu-mes-repetit-entre-les-valoracions-del-castell-de-lolla\/\" \/>\n<meta property=\"og:site_name\" content=\"Altea Cultural\" \/>\n<meta property=\"article:published_time\" content=\"2024-09-03T10:30:27+00:00\" \/>\n<meta property=\"article:modified_time\" content=\"2024-09-03T10:36:42+00:00\" \/>\n<meta property=\"og:image\" content=\"https:\/\/www.alteacultural.com\/wp-content\/uploads\/2024\/09\/focs-6-web.jpg\" \/>\n\t<meta property=\"og:image:width\" content=\"1028\" \/>\n\t<meta property=\"og:image:height\" content=\"463\" \/>\n\t<meta property=\"og:image:type\" content=\"image\/jpeg\" \/>\n<meta name=\"author\" content=\"sfaltea.com-admin\" \/>\n<meta name=\"twitter:card\" content=\"summary_large_image\" \/>\n<meta name=\"twitter:label1\" content=\"Escrito por\" \/>\n\t<meta name=\"twitter:data1\" content=\"sfaltea.com-admin\" \/>\n\t<meta name=\"twitter:label2\" content=\"Tiempo de lectura\" \/>\n\t<meta name=\"twitter:data2\" content=\"11 minutos\" \/>\n<script type=\"application\/ld+json\" class=\"yoast-schema-graph\">{\"@context\":\"https:\/\/schema.org\",\"@graph\":[{\"@type\":\"WebPage\",\"@id\":\"https:\/\/www.alteacultural.com\/es\/2024\/09\/03\/impactant-es-el-qualificatiu-mes-repetit-entre-les-valoracions-del-castell-de-lolla\/\",\"url\":\"https:\/\/www.alteacultural.com\/es\/2024\/09\/03\/impactant-es-el-qualificatiu-mes-repetit-entre-les-valoracions-del-castell-de-lolla\/\",\"name\":\"\u201cImpactante\u201d es el calificativo m\u00e1s repetido entre las valoraciones del Castell de l\u2019Olla - Altea Cultural\",\"isPartOf\":{\"@id\":\"https:\/\/www.alteacultural.com\/es\/#website\"},\"primaryImageOfPage\":{\"@id\":\"https:\/\/www.alteacultural.com\/es\/2024\/09\/03\/impactant-es-el-qualificatiu-mes-repetit-entre-les-valoracions-del-castell-de-lolla\/#primaryimage\"},\"image\":{\"@id\":\"https:\/\/www.alteacultural.com\/es\/2024\/09\/03\/impactant-es-el-qualificatiu-mes-repetit-entre-les-valoracions-del-castell-de-lolla\/#primaryimage\"},\"thumbnailUrl\":\"https:\/\/www.alteacultural.com\/wp-content\/uploads\/2024\/09\/focs-6-web.jpg\",\"datePublished\":\"2024-09-03T10:30:27+00:00\",\"dateModified\":\"2024-09-03T10:36:42+00:00\",\"author\":{\"@id\":\"https:\/\/www.alteacultural.com\/es\/#\/schema\/person\/c4e137537f1af546d214a315255e5172\"},\"breadcrumb\":{\"@id\":\"https:\/\/www.alteacultural.com\/es\/2024\/09\/03\/impactant-es-el-qualificatiu-mes-repetit-entre-les-valoracions-del-castell-de-lolla\/#breadcrumb\"},\"inLanguage\":\"es\",\"potentialAction\":[{\"@type\":\"ReadAction\",\"target\":[\"https:\/\/www.alteacultural.com\/es\/2024\/09\/03\/impactant-es-el-qualificatiu-mes-repetit-entre-les-valoracions-del-castell-de-lolla\/\"]}]},{\"@type\":\"ImageObject\",\"inLanguage\":\"es\",\"@id\":\"https:\/\/www.alteacultural.com\/es\/2024\/09\/03\/impactant-es-el-qualificatiu-mes-repetit-entre-les-valoracions-del-castell-de-lolla\/#primaryimage\",\"url\":\"https:\/\/www.alteacultural.com\/wp-content\/uploads\/2024\/09\/focs-6-web.jpg\",\"contentUrl\":\"https:\/\/www.alteacultural.com\/wp-content\/uploads\/2024\/09\/focs-6-web.jpg\",\"width\":1028,\"height\":463},{\"@type\":\"BreadcrumbList\",\"@id\":\"https:\/\/www.alteacultural.com\/es\/2024\/09\/03\/impactant-es-el-qualificatiu-mes-repetit-entre-les-valoracions-del-castell-de-lolla\/#breadcrumb\",\"itemListElement\":[{\"@type\":\"ListItem\",\"position\":1,\"name\":\"Inici\",\"item\":\"https:\/\/www.alteacultural.com\/es\/\"},{\"@type\":\"ListItem\",\"position\":2,\"name\":\"\u201cImpactante\u201d es el calificativo m\u00e1s repetido entre las valoraciones del Castell de l\u2019Olla\"}]},{\"@type\":\"WebSite\",\"@id\":\"https:\/\/www.alteacultural.com\/es\/#website\",\"url\":\"https:\/\/www.alteacultural.com\/es\/\",\"name\":\"Altea Cultural\",\"description\":\"Regidoria de Cultura de l&#039;Ajuntament d&#039;Altea\",\"potentialAction\":[{\"@type\":\"SearchAction\",\"target\":{\"@type\":\"EntryPoint\",\"urlTemplate\":\"https:\/\/www.alteacultural.com\/es\/?s={search_term_string}\"},\"query-input\":\"required name=search_term_string\"}],\"inLanguage\":\"es\"},{\"@type\":\"Person\",\"@id\":\"https:\/\/www.alteacultural.com\/es\/#\/schema\/person\/c4e137537f1af546d214a315255e5172\",\"name\":\"sfaltea.com-admin\",\"image\":{\"@type\":\"ImageObject\",\"inLanguage\":\"es\",\"@id\":\"https:\/\/www.alteacultural.com\/es\/#\/schema\/person\/image\/\",\"url\":\"https:\/\/secure.gravatar.com\/avatar\/f7473fa2fbd351270ccfd469de536202?s=96&d=mm&r=g\",\"contentUrl\":\"https:\/\/secure.gravatar.com\/avatar\/f7473fa2fbd351270ccfd469de536202?s=96&d=mm&r=g\",\"caption\":\"sfaltea.com-admin\"},\"url\":\"https:\/\/www.alteacultural.com\/es\/author\/sfaltea-com-admin\/\"}]}<\/script>\n<!-- \/ Yoast SEO plugin. -->","yoast_head_json":{"title":"\u201cImpactante\u201d es el calificativo m\u00e1s repetido entre las valoraciones del Castell de l\u2019Olla - Altea Cultural","robots":{"index":"index","follow":"follow","max-snippet":"max-snippet:-1","max-image-preview":"max-image-preview:large","max-video-preview":"max-video-preview:-1"},"canonical":"https:\/\/www.alteacultural.com\/es\/2024\/09\/03\/impactant-es-el-qualificatiu-mes-repetit-entre-les-valoracions-del-castell-de-lolla\/","og_locale":"es_ES","og_type":"article","og_title":"\u201cImpactante\u201d es el calificativo m\u00e1s repetido entre las valoraciones del Castell de l\u2019Olla - Altea Cultural","og_description":"Aug 12, 2024 Sin incidencias que lamentar y seg\u00fan lo previsto transcurr\u00eda la 36 edici\u00f3n del Castell de l\u2019Olla [&hellip;]","og_url":"https:\/\/www.alteacultural.com\/es\/2024\/09\/03\/impactant-es-el-qualificatiu-mes-repetit-entre-les-valoracions-del-castell-de-lolla\/","og_site_name":"Altea Cultural","article_published_time":"2024-09-03T10:30:27+00:00","article_modified_time":"2024-09-03T10:36:42+00:00","og_image":[{"width":1028,"height":463,"url":"https:\/\/www.alteacultural.com\/wp-content\/uploads\/2024\/09\/focs-6-web.jpg","type":"image\/jpeg"}],"author":"sfaltea.com-admin","twitter_card":"summary_large_image","twitter_misc":{"Escrito por":"sfaltea.com-admin","Tiempo de lectura":"11 minutos"},"schema":{"@context":"https:\/\/schema.org","@graph":[{"@type":"WebPage","@id":"https:\/\/www.alteacultural.com\/es\/2024\/09\/03\/impactant-es-el-qualificatiu-mes-repetit-entre-les-valoracions-del-castell-de-lolla\/","url":"https:\/\/www.alteacultural.com\/es\/2024\/09\/03\/impactant-es-el-qualificatiu-mes-repetit-entre-les-valoracions-del-castell-de-lolla\/","name":"\u201cImpactante\u201d es el calificativo m\u00e1s repetido entre las valoraciones del Castell de l\u2019Olla - Altea Cultural","isPartOf":{"@id":"https:\/\/www.alteacultural.com\/es\/#website"},"primaryImageOfPage":{"@id":"https:\/\/www.alteacultural.com\/es\/2024\/09\/03\/impactant-es-el-qualificatiu-mes-repetit-entre-les-valoracions-del-castell-de-lolla\/#primaryimage"},"image":{"@id":"https:\/\/www.alteacultural.com\/es\/2024\/09\/03\/impactant-es-el-qualificatiu-mes-repetit-entre-les-valoracions-del-castell-de-lolla\/#primaryimage"},"thumbnailUrl":"https:\/\/www.alteacultural.com\/wp-content\/uploads\/2024\/09\/focs-6-web.jpg","datePublished":"2024-09-03T10:30:27+00:00","dateModified":"2024-09-03T10:36:42+00:00","author":{"@id":"https:\/\/www.alteacultural.com\/es\/#\/schema\/person\/c4e137537f1af546d214a315255e5172"},"breadcrumb":{"@id":"https:\/\/www.alteacultural.com\/es\/2024\/09\/03\/impactant-es-el-qualificatiu-mes-repetit-entre-les-valoracions-del-castell-de-lolla\/#breadcrumb"},"inLanguage":"es","potentialAction":[{"@type":"ReadAction","target":["https:\/\/www.alteacultural.com\/es\/2024\/09\/03\/impactant-es-el-qualificatiu-mes-repetit-entre-les-valoracions-del-castell-de-lolla\/"]}]},{"@type":"ImageObject","inLanguage":"es","@id":"https:\/\/www.alteacultural.com\/es\/2024\/09\/03\/impactant-es-el-qualificatiu-mes-repetit-entre-les-valoracions-del-castell-de-lolla\/#primaryimage","url":"https:\/\/www.alteacultural.com\/wp-content\/uploads\/2024\/09\/focs-6-web.jpg","contentUrl":"https:\/\/www.alteacultural.com\/wp-content\/uploads\/2024\/09\/focs-6-web.jpg","width":1028,"height":463},{"@type":"BreadcrumbList","@id":"https:\/\/www.alteacultural.com\/es\/2024\/09\/03\/impactant-es-el-qualificatiu-mes-repetit-entre-les-valoracions-del-castell-de-lolla\/#breadcrumb","itemListElement":[{"@type":"ListItem","position":1,"name":"Inici","item":"https:\/\/www.alteacultural.com\/es\/"},{"@type":"ListItem","position":2,"name":"\u201cImpactante\u201d es el calificativo m\u00e1s repetido entre las valoraciones del Castell de l\u2019Olla"}]},{"@type":"WebSite","@id":"https:\/\/www.alteacultural.com\/es\/#website","url":"https:\/\/www.alteacultural.com\/es\/","name":"Altea Cultural","description":"Regidoria de Cultura de l&#039;Ajuntament d&#039;Altea","potentialAction":[{"@type":"SearchAction","target":{"@type":"EntryPoint","urlTemplate":"https:\/\/www.alteacultural.com\/es\/?s={search_term_string}"},"query-input":"required name=search_term_string"}],"inLanguage":"es"},{"@type":"Person","@id":"https:\/\/www.alteacultural.com\/es\/#\/schema\/person\/c4e137537f1af546d214a315255e5172","name":"sfaltea.com-admin","image":{"@type":"ImageObject","inLanguage":"es","@id":"https:\/\/www.alteacultural.com\/es\/#\/schema\/person\/image\/","url":"https:\/\/secure.gravatar.com\/avatar\/f7473fa2fbd351270ccfd469de536202?s=96&d=mm&r=g","contentUrl":"https:\/\/secure.gravatar.com\/avatar\/f7473fa2fbd351270ccfd469de536202?s=96&d=mm&r=g","caption":"sfaltea.com-admin"},"url":"https:\/\/www.alteacultural.com\/es\/author\/sfaltea-com-admin\/"}]}},"_links":{"self":[{"href":"https:\/\/www.alteacultural.com\/es\/wp-json\/wp\/v2\/posts\/32477"}],"collection":[{"href":"https:\/\/www.alteacultural.com\/es\/wp-json\/wp\/v2\/posts"}],"about":[{"href":"https:\/\/www.alteacultural.com\/es\/wp-json\/wp\/v2\/types\/post"}],"author":[{"embeddable":true,"href":"https:\/\/www.alteacultural.com\/es\/wp-json\/wp\/v2\/users\/1"}],"replies":[{"embeddable":true,"href":"https:\/\/www.alteacultural.com\/es\/wp-json\/wp\/v2\/comments?post=32477"}],"version-history":[{"count":1,"href":"https:\/\/www.alteacultural.com\/es\/wp-json\/wp\/v2\/posts\/32477\/revisions"}],"predecessor-version":[{"id":32479,"href":"https:\/\/www.alteacultural.com\/es\/wp-json\/wp\/v2\/posts\/32477\/revisions\/32479"}],"wp:featuredmedia":[{"embeddable":true,"href":"https:\/\/www.alteacultural.com\/es\/wp-json\/wp\/v2\/media\/32483"}],"wp:attachment":[{"href":"https:\/\/www.alteacultural.com\/es\/wp-json\/wp\/v2\/media?parent=32477"}],"curies":[{"name":"wp","href":"https:\/\/api.w.org\/{rel}","templated":true}]}}