{"id":32487,"date":"2024-09-03T12:43:28","date_gmt":"2024-09-03T10:43:28","guid":{"rendered":"https:\/\/www.alteacultural.com\/2024\/09\/03\/la-sinfonietta-altea-organitza-una-trobada-de-musics-entre-estudiants-daltea-i-alemanya\/"},"modified":"2024-09-03T12:45:13","modified_gmt":"2024-09-03T10:45:13","slug":"la-sinfonietta-altea-organitza-una-trobada-de-musics-entre-estudiants-daltea-i-alemanya","status":"publish","type":"post","link":"https:\/\/www.alteacultural.com\/es\/2024\/09\/03\/la-sinfonietta-altea-organitza-una-trobada-de-musics-entre-estudiants-daltea-i-alemanya\/","title":{"rendered":"La Sinfonietta Altea organiza un encuentro de m\u00fasicos entre estudiantes de Altea y Alemania"},"content":{"rendered":"\n<p>Aug 20, 2024<img fetchpriority=\"high\" decoding=\"async\" src=\"https:\/\/alteadigital.es\/wp-content\/uploads\/2024\/08\/cartell-concerts-Sinfonietta-Altea-web.jpg\" alt=\"La Sinfonietta Altea organitza una trobada de m\u00fasics entre estudiants d\u2019Altea i Alemanya\" class=\"\" width=\"1080\" height=\"675\" srcset=\"https:\/\/alteadigital.es\/wp-content\/uploads\/2024\/08\/cartell-concerts-Sinfonietta-Altea-web.jpg 1080w, https:\/\/alteadigital.es\/wp-content\/uploads\/2024\/08\/cartell-concerts-Sinfonietta-Altea-web-480x679.jpg 480w\"><\/p>\n\n\n\n<p>Esta agrupaci\u00f3n de 10 m\u00fasicos realizar\u00e1 dos conciertos en Altea los d\u00edas 23 y 25 de agosto.<\/p>\n\n\n\n<p>Del 20 al 25 de agosto, la Sinfonietta Altea realizar\u00e1 un encuentro con una agrupaci\u00f3n de 10 m\u00fasicos; 6 estudiantes de Altea y 4 estudiantes de Alemania, miembros de la SMO, Sinfonischen Musikschulorchesters Sachsen-Anhalt. Esta agrupaci\u00f3n estar\u00e1 &nbsp;formada por instrumentos de cuerda y viento.<\/p>\n\n\n\n<p>Entre los datos aportados por la organizaci\u00f3n del encuentro, durante la semana se realizar\u00e1n ensayos y varias actividades; entre ellas 3 conciertos, uno en Calpe el jueves 22 de agosto y dos en Altea, el viernes 23 en el Club N\u00e1utico de Altea y el domingo 25 en la Casa de Cultura de Altea, que servir\u00e1 como clausura del encuentro.<\/p>\n\n\n\n<p>La entrada a los conciertos es libre y gratuita hasta completar el aforo.<\/p>\n\n\n\n<p>La principal filosof\u00eda de la Sinfonietta Altea es la de transmitir su pasi\u00f3n por la m\u00fasica al p\u00fablico, a trav\u00e9s de la realizaci\u00f3n de conciertos con diversas formaciones musicales, cursos de perfeccionamiento musical para j\u00f3venes y proyectos internacionales &nbsp;de intercambios m\u00fasico-culturales entre diferentes pa\u00edses. Explica Marcos Ivorra, responsable de la Sinfonietta.<\/p>\n\n\n\n<p>A principios de 2024 el Club N\u00e1utico de Altea pon\u00eda en marcha su Centro de Cultura N\u00e1utica, un proyecto para la investigaci\u00f3n y la divulgaci\u00f3n del patrimonio material e inmaterial relacionado con el mar y la navegaci\u00f3n. El Club N\u00e1utico de Altea lleva ya a\u00f1os desarrollando actividades de difusi\u00f3n cultural, como los diferentes eventos gastron\u00f3micos en su restaurante que ponen en valor la cocina marinera tradicional; las jornadas medioambientales, con conferencias y rutas por la Bah\u00eda que explican la historia marinera de Altea o la publicaci\u00f3n de la revista Altea N\u00e1utica, que a trav\u00e9s de sus diferentes secciones aborda muchos de los aspectos de la cultura n\u00e1utica. Con la creaci\u00f3n del Centro de Cultura N\u00e1utica se pretende continuar y ampliar este proyecto cultural tan necesario. En este 2024 se ha iniciado el Club de Lectura N\u00e1utico que ya va por su tercer encuentro y se ha editado el libro \u201cLa barca abandonada y m\u00e1s cosas de nuestra mar\u201d; una recopilaci\u00f3n de narraciones marineras de F. Mart\u00ednez i Mart\u00ednez y V. Blasco Ib\u00e1\u00f1ez. As\u00ed lo ha recordado el gerente del CN Altea, Joaquim Such.<\/p>\n\n\n\n<p>Como concejala de Cultura del Ayuntamiento de Altea, Pepa Victoria P\u00e9rez, ha agradecido a la Sinfonietta Altea su trabajo y el impulso que da a proyectos educativos como el que se presenta. Asimismo, la edil de Cultura ha dado las gracias al Club N\u00e1utico por su implicaci\u00f3n y la puesta en marcha del Centro de Cultura N\u00e1utica; un hecho que redundar\u00e1 en beneficio de la cultura alteana.<\/p>\n\n\n\n<p>Del mismo modo, Sinfonietta Altea,&nbsp; ha agradecido a la concejal\u00eda de Cultura y al Club N\u00e1utico Altea su inestimable colaboraci\u00f3n en este encuentro y ha invitado a los amantes de la m\u00fasica a asistir a estos conciertos cuya entrada es libre y gratuita, limitada al aforo de los espacios elegidos.<\/p>\n\n\n<div class=\"wp-block-image\">\n<figure class=\"aligncenter\"><img decoding=\"async\" data-src=\"https:\/\/alteadigital.es\/wp-content\/uploads\/2024\/08\/concerts-Sinfonietta-Altea-web.jpg\" alt=\"\" class=\"wp-image-118793 lazyload\" src=\"data:image\/gif;base64,R0lGODlhAQABAAAAACH5BAEKAAEALAAAAAABAAEAAAICTAEAOw==\" \/><\/figure><\/div>\n\n\n<p>| ALTEADIGITAL.ES<\/p>\n","protected":false},"excerpt":{"rendered":"<p>Aug 20, 2024 Esta agrupaci\u00f3n de 10 m\u00fasicos realizar\u00e1 dos conciertos en Altea los d\u00edas 23 y 25 de [&hellip;]<\/p>\n","protected":false},"author":1,"featured_media":32485,"comment_status":"open","ping_status":"open","sticky":false,"template":"","format":"standard","meta":{"_expiration-date-status":"","_expiration-date":0,"_expiration-date-type":"","_expiration-date-categories":[],"_expiration-date-options":[],"footnotes":""},"yoast_head":"<!-- This site is optimized with the Yoast SEO plugin v22.8 - https:\/\/yoast.com\/wordpress\/plugins\/seo\/ -->\n<title>La Sinfonietta Altea organiza un encuentro de m\u00fasicos entre estudiantes de Altea y Alemania - Altea Cultural<\/title>\n<meta name=\"robots\" content=\"index, follow, max-snippet:-1, max-image-preview:large, max-video-preview:-1\" \/>\n<link rel=\"canonical\" href=\"https:\/\/www.alteacultural.com\/es\/2024\/09\/03\/la-sinfonietta-altea-organitza-una-trobada-de-musics-entre-estudiants-daltea-i-alemanya\/\" \/>\n<meta property=\"og:locale\" content=\"es_ES\" \/>\n<meta property=\"og:type\" content=\"article\" \/>\n<meta property=\"og:title\" content=\"La Sinfonietta Altea organiza un encuentro de m\u00fasicos entre estudiantes de Altea y Alemania - Altea Cultural\" \/>\n<meta property=\"og:description\" content=\"Aug 20, 2024 Esta agrupaci\u00f3n de 10 m\u00fasicos realizar\u00e1 dos conciertos en Altea los d\u00edas 23 y 25 de [&hellip;]\" \/>\n<meta property=\"og:url\" content=\"https:\/\/www.alteacultural.com\/es\/2024\/09\/03\/la-sinfonietta-altea-organitza-una-trobada-de-musics-entre-estudiants-daltea-i-alemanya\/\" \/>\n<meta property=\"og:site_name\" content=\"Altea Cultural\" \/>\n<meta property=\"article:published_time\" content=\"2024-09-03T10:43:28+00:00\" \/>\n<meta property=\"article:modified_time\" content=\"2024-09-03T10:45:13+00:00\" \/>\n<meta property=\"og:image\" content=\"https:\/\/www.alteacultural.com\/wp-content\/uploads\/2024\/09\/2024-08-25-Sinfonietta-Altea-cartel-stage-2024-banner-2048x731-1.webp\" \/>\n\t<meta property=\"og:image:width\" content=\"1600\" \/>\n\t<meta property=\"og:image:height\" content=\"571\" \/>\n\t<meta property=\"og:image:type\" content=\"image\/webp\" \/>\n<meta name=\"author\" content=\"sfaltea.com-admin\" \/>\n<meta name=\"twitter:card\" content=\"summary_large_image\" \/>\n<meta name=\"twitter:label1\" content=\"Escrito por\" \/>\n\t<meta name=\"twitter:data1\" content=\"sfaltea.com-admin\" \/>\n\t<meta name=\"twitter:label2\" content=\"Tiempo de lectura\" \/>\n\t<meta name=\"twitter:data2\" content=\"4 minutos\" \/>\n<script type=\"application\/ld+json\" class=\"yoast-schema-graph\">{\"@context\":\"https:\/\/schema.org\",\"@graph\":[{\"@type\":\"WebPage\",\"@id\":\"https:\/\/www.alteacultural.com\/es\/2024\/09\/03\/la-sinfonietta-altea-organitza-una-trobada-de-musics-entre-estudiants-daltea-i-alemanya\/\",\"url\":\"https:\/\/www.alteacultural.com\/es\/2024\/09\/03\/la-sinfonietta-altea-organitza-una-trobada-de-musics-entre-estudiants-daltea-i-alemanya\/\",\"name\":\"La Sinfonietta Altea organiza un encuentro de m\u00fasicos entre estudiantes de Altea y Alemania - Altea Cultural\",\"isPartOf\":{\"@id\":\"https:\/\/www.alteacultural.com\/es\/#website\"},\"primaryImageOfPage\":{\"@id\":\"https:\/\/www.alteacultural.com\/es\/2024\/09\/03\/la-sinfonietta-altea-organitza-una-trobada-de-musics-entre-estudiants-daltea-i-alemanya\/#primaryimage\"},\"image\":{\"@id\":\"https:\/\/www.alteacultural.com\/es\/2024\/09\/03\/la-sinfonietta-altea-organitza-una-trobada-de-musics-entre-estudiants-daltea-i-alemanya\/#primaryimage\"},\"thumbnailUrl\":\"https:\/\/www.alteacultural.com\/wp-content\/uploads\/2024\/09\/2024-08-25-Sinfonietta-Altea-cartel-stage-2024-banner-2048x731-1.webp\",\"datePublished\":\"2024-09-03T10:43:28+00:00\",\"dateModified\":\"2024-09-03T10:45:13+00:00\",\"author\":{\"@id\":\"https:\/\/www.alteacultural.com\/es\/#\/schema\/person\/c4e137537f1af546d214a315255e5172\"},\"breadcrumb\":{\"@id\":\"https:\/\/www.alteacultural.com\/es\/2024\/09\/03\/la-sinfonietta-altea-organitza-una-trobada-de-musics-entre-estudiants-daltea-i-alemanya\/#breadcrumb\"},\"inLanguage\":\"es\",\"potentialAction\":[{\"@type\":\"ReadAction\",\"target\":[\"https:\/\/www.alteacultural.com\/es\/2024\/09\/03\/la-sinfonietta-altea-organitza-una-trobada-de-musics-entre-estudiants-daltea-i-alemanya\/\"]}]},{\"@type\":\"ImageObject\",\"inLanguage\":\"es\",\"@id\":\"https:\/\/www.alteacultural.com\/es\/2024\/09\/03\/la-sinfonietta-altea-organitza-una-trobada-de-musics-entre-estudiants-daltea-i-alemanya\/#primaryimage\",\"url\":\"https:\/\/www.alteacultural.com\/wp-content\/uploads\/2024\/09\/2024-08-25-Sinfonietta-Altea-cartel-stage-2024-banner-2048x731-1.webp\",\"contentUrl\":\"https:\/\/www.alteacultural.com\/wp-content\/uploads\/2024\/09\/2024-08-25-Sinfonietta-Altea-cartel-stage-2024-banner-2048x731-1.webp\",\"width\":1600,\"height\":571},{\"@type\":\"BreadcrumbList\",\"@id\":\"https:\/\/www.alteacultural.com\/es\/2024\/09\/03\/la-sinfonietta-altea-organitza-una-trobada-de-musics-entre-estudiants-daltea-i-alemanya\/#breadcrumb\",\"itemListElement\":[{\"@type\":\"ListItem\",\"position\":1,\"name\":\"Inici\",\"item\":\"https:\/\/www.alteacultural.com\/es\/\"},{\"@type\":\"ListItem\",\"position\":2,\"name\":\"La Sinfonietta Altea organiza un encuentro de m\u00fasicos entre estudiantes de Altea y Alemania\"}]},{\"@type\":\"WebSite\",\"@id\":\"https:\/\/www.alteacultural.com\/es\/#website\",\"url\":\"https:\/\/www.alteacultural.com\/es\/\",\"name\":\"Altea Cultural\",\"description\":\"Regidoria de Cultura de l&#039;Ajuntament d&#039;Altea\",\"potentialAction\":[{\"@type\":\"SearchAction\",\"target\":{\"@type\":\"EntryPoint\",\"urlTemplate\":\"https:\/\/www.alteacultural.com\/es\/?s={search_term_string}\"},\"query-input\":\"required name=search_term_string\"}],\"inLanguage\":\"es\"},{\"@type\":\"Person\",\"@id\":\"https:\/\/www.alteacultural.com\/es\/#\/schema\/person\/c4e137537f1af546d214a315255e5172\",\"name\":\"sfaltea.com-admin\",\"image\":{\"@type\":\"ImageObject\",\"inLanguage\":\"es\",\"@id\":\"https:\/\/www.alteacultural.com\/es\/#\/schema\/person\/image\/\",\"url\":\"https:\/\/secure.gravatar.com\/avatar\/f7473fa2fbd351270ccfd469de536202?s=96&d=mm&r=g\",\"contentUrl\":\"https:\/\/secure.gravatar.com\/avatar\/f7473fa2fbd351270ccfd469de536202?s=96&d=mm&r=g\",\"caption\":\"sfaltea.com-admin\"},\"url\":\"https:\/\/www.alteacultural.com\/es\/author\/sfaltea-com-admin\/\"}]}<\/script>\n<!-- \/ Yoast SEO plugin. -->","yoast_head_json":{"title":"La Sinfonietta Altea organiza un encuentro de m\u00fasicos entre estudiantes de Altea y Alemania - Altea Cultural","robots":{"index":"index","follow":"follow","max-snippet":"max-snippet:-1","max-image-preview":"max-image-preview:large","max-video-preview":"max-video-preview:-1"},"canonical":"https:\/\/www.alteacultural.com\/es\/2024\/09\/03\/la-sinfonietta-altea-organitza-una-trobada-de-musics-entre-estudiants-daltea-i-alemanya\/","og_locale":"es_ES","og_type":"article","og_title":"La Sinfonietta Altea organiza un encuentro de m\u00fasicos entre estudiantes de Altea y Alemania - Altea Cultural","og_description":"Aug 20, 2024 Esta agrupaci\u00f3n de 10 m\u00fasicos realizar\u00e1 dos conciertos en Altea los d\u00edas 23 y 25 de [&hellip;]","og_url":"https:\/\/www.alteacultural.com\/es\/2024\/09\/03\/la-sinfonietta-altea-organitza-una-trobada-de-musics-entre-estudiants-daltea-i-alemanya\/","og_site_name":"Altea Cultural","article_published_time":"2024-09-03T10:43:28+00:00","article_modified_time":"2024-09-03T10:45:13+00:00","og_image":[{"width":1600,"height":571,"url":"https:\/\/www.alteacultural.com\/wp-content\/uploads\/2024\/09\/2024-08-25-Sinfonietta-Altea-cartel-stage-2024-banner-2048x731-1.webp","type":"image\/webp"}],"author":"sfaltea.com-admin","twitter_card":"summary_large_image","twitter_misc":{"Escrito por":"sfaltea.com-admin","Tiempo de lectura":"4 minutos"},"schema":{"@context":"https:\/\/schema.org","@graph":[{"@type":"WebPage","@id":"https:\/\/www.alteacultural.com\/es\/2024\/09\/03\/la-sinfonietta-altea-organitza-una-trobada-de-musics-entre-estudiants-daltea-i-alemanya\/","url":"https:\/\/www.alteacultural.com\/es\/2024\/09\/03\/la-sinfonietta-altea-organitza-una-trobada-de-musics-entre-estudiants-daltea-i-alemanya\/","name":"La Sinfonietta Altea organiza un encuentro de m\u00fasicos entre estudiantes de Altea y Alemania - Altea Cultural","isPartOf":{"@id":"https:\/\/www.alteacultural.com\/es\/#website"},"primaryImageOfPage":{"@id":"https:\/\/www.alteacultural.com\/es\/2024\/09\/03\/la-sinfonietta-altea-organitza-una-trobada-de-musics-entre-estudiants-daltea-i-alemanya\/#primaryimage"},"image":{"@id":"https:\/\/www.alteacultural.com\/es\/2024\/09\/03\/la-sinfonietta-altea-organitza-una-trobada-de-musics-entre-estudiants-daltea-i-alemanya\/#primaryimage"},"thumbnailUrl":"https:\/\/www.alteacultural.com\/wp-content\/uploads\/2024\/09\/2024-08-25-Sinfonietta-Altea-cartel-stage-2024-banner-2048x731-1.webp","datePublished":"2024-09-03T10:43:28+00:00","dateModified":"2024-09-03T10:45:13+00:00","author":{"@id":"https:\/\/www.alteacultural.com\/es\/#\/schema\/person\/c4e137537f1af546d214a315255e5172"},"breadcrumb":{"@id":"https:\/\/www.alteacultural.com\/es\/2024\/09\/03\/la-sinfonietta-altea-organitza-una-trobada-de-musics-entre-estudiants-daltea-i-alemanya\/#breadcrumb"},"inLanguage":"es","potentialAction":[{"@type":"ReadAction","target":["https:\/\/www.alteacultural.com\/es\/2024\/09\/03\/la-sinfonietta-altea-organitza-una-trobada-de-musics-entre-estudiants-daltea-i-alemanya\/"]}]},{"@type":"ImageObject","inLanguage":"es","@id":"https:\/\/www.alteacultural.com\/es\/2024\/09\/03\/la-sinfonietta-altea-organitza-una-trobada-de-musics-entre-estudiants-daltea-i-alemanya\/#primaryimage","url":"https:\/\/www.alteacultural.com\/wp-content\/uploads\/2024\/09\/2024-08-25-Sinfonietta-Altea-cartel-stage-2024-banner-2048x731-1.webp","contentUrl":"https:\/\/www.alteacultural.com\/wp-content\/uploads\/2024\/09\/2024-08-25-Sinfonietta-Altea-cartel-stage-2024-banner-2048x731-1.webp","width":1600,"height":571},{"@type":"BreadcrumbList","@id":"https:\/\/www.alteacultural.com\/es\/2024\/09\/03\/la-sinfonietta-altea-organitza-una-trobada-de-musics-entre-estudiants-daltea-i-alemanya\/#breadcrumb","itemListElement":[{"@type":"ListItem","position":1,"name":"Inici","item":"https:\/\/www.alteacultural.com\/es\/"},{"@type":"ListItem","position":2,"name":"La Sinfonietta Altea organiza un encuentro de m\u00fasicos entre estudiantes de Altea y Alemania"}]},{"@type":"WebSite","@id":"https:\/\/www.alteacultural.com\/es\/#website","url":"https:\/\/www.alteacultural.com\/es\/","name":"Altea Cultural","description":"Regidoria de Cultura de l&#039;Ajuntament d&#039;Altea","potentialAction":[{"@type":"SearchAction","target":{"@type":"EntryPoint","urlTemplate":"https:\/\/www.alteacultural.com\/es\/?s={search_term_string}"},"query-input":"required name=search_term_string"}],"inLanguage":"es"},{"@type":"Person","@id":"https:\/\/www.alteacultural.com\/es\/#\/schema\/person\/c4e137537f1af546d214a315255e5172","name":"sfaltea.com-admin","image":{"@type":"ImageObject","inLanguage":"es","@id":"https:\/\/www.alteacultural.com\/es\/#\/schema\/person\/image\/","url":"https:\/\/secure.gravatar.com\/avatar\/f7473fa2fbd351270ccfd469de536202?s=96&d=mm&r=g","contentUrl":"https:\/\/secure.gravatar.com\/avatar\/f7473fa2fbd351270ccfd469de536202?s=96&d=mm&r=g","caption":"sfaltea.com-admin"},"url":"https:\/\/www.alteacultural.com\/es\/author\/sfaltea-com-admin\/"}]}},"_links":{"self":[{"href":"https:\/\/www.alteacultural.com\/es\/wp-json\/wp\/v2\/posts\/32487"}],"collection":[{"href":"https:\/\/www.alteacultural.com\/es\/wp-json\/wp\/v2\/posts"}],"about":[{"href":"https:\/\/www.alteacultural.com\/es\/wp-json\/wp\/v2\/types\/post"}],"author":[{"embeddable":true,"href":"https:\/\/www.alteacultural.com\/es\/wp-json\/wp\/v2\/users\/1"}],"replies":[{"embeddable":true,"href":"https:\/\/www.alteacultural.com\/es\/wp-json\/wp\/v2\/comments?post=32487"}],"version-history":[{"count":1,"href":"https:\/\/www.alteacultural.com\/es\/wp-json\/wp\/v2\/posts\/32487\/revisions"}],"predecessor-version":[{"id":32489,"href":"https:\/\/www.alteacultural.com\/es\/wp-json\/wp\/v2\/posts\/32487\/revisions\/32489"}],"wp:featuredmedia":[{"embeddable":true,"href":"https:\/\/www.alteacultural.com\/es\/wp-json\/wp\/v2\/media\/32485"}],"wp:attachment":[{"href":"https:\/\/www.alteacultural.com\/es\/wp-json\/wp\/v2\/media?parent=32487"}],"curies":[{"name":"wp","href":"https:\/\/api.w.org\/{rel}","templated":true}]}}