{"id":32495,"date":"2024-09-03T13:18:38","date_gmt":"2024-09-03T11:18:38","guid":{"rendered":"https:\/\/www.alteacultural.com\/2024\/09\/03\/integra-marina-baixa-sera-la-beneficiaria-dun-concert-internacional-del-projecte-europeu-a-linge-calleg-swing\/"},"modified":"2024-09-05T21:00:01","modified_gmt":"2024-09-05T19:00:01","slug":"integra-marina-baixa-sera-la-beneficiaria-dun-concert-internacional-del-projecte-europeu-a-linge-calleg-swing","status":"publish","type":"post","link":"https:\/\/www.alteacultural.com\/es\/2024\/09\/03\/integra-marina-baixa-sera-la-beneficiaria-dun-concert-internacional-del-projecte-europeu-a-linge-calleg-swing\/","title":{"rendered":"Integra Marina Baixa ser\u00e1 la beneficiaria de un concierto internacional del proyecto europeo \u201cA Linge Calleg Swing\u201d"},"content":{"rendered":"\n<p>Aug 27, 2024<img fetchpriority=\"high\" decoding=\"async\" src=\"https:\/\/alteadigital.es\/wp-content\/uploads\/2024\/08\/Rp-concert-Integra-web.jpg\" alt=\"Integra Marina Baixa ser\u00e0 la benefici\u00e0ria d\u00b4un concert internacional del projecte europeu \u201cA Linge Calleg Swing\u201d\" class=\"\" width=\"1080\" height=\"675\" srcset=\"https:\/\/alteadigital.es\/wp-content\/uploads\/2024\/08\/Rp-concert-Integra-web.jpg 1080w, https:\/\/alteadigital.es\/wp-content\/uploads\/2024\/08\/Rp-concert-Integra-web-980x512.jpg 980w, https:\/\/alteadigital.es\/wp-content\/uploads\/2024\/08\/Rp-concert-Integra-web-480x251.jpg 480w\"><\/p>\n\n\n\n<p>El pr\u00f3ximo jueves, 5 de septiembre, a las 20:00 horas, la Pla\u00e7a del Aigua de Altea se convertir\u00e1 en el escenario de un concierto singular concierto a beneficio de la Asociaci\u00f3n Integra Marina Baixa. Un evento que forma parte del proyecto europeo\u00a0 \u00abA Flinge Called Swing\u00bb, del que el Ayuntamiento de Altea es socio. Financiado por la Comisi\u00f3n Europea dentro del Programa VTHPA, Volunteering Teams High Priority Areas, est\u00e1 organizado por el Ayuntamiento de Altea en colaboraci\u00f3n con la asociaci\u00f3n De Amicitia.<\/p>\n\n\n\n<p>La presentaci\u00f3n de este concierto en Altea ha contado con la participaci\u00f3n del edil de Proyectos Europeos, Germ\u00e1n Manj\u00f3n; la concejala de Cultura, Pepa Victoria P\u00e9rez; Ignacio Gonz\u00e1lez, director de DeAmicitia y Toni Lled\u00f3, miembro de la Junta Directiva de Integra, quienes han ofrecido los detalles del proyecto y del concierto en Altea.<\/p>\n\n\n\n<p>Como ha explicado el responsable municipal de Proyectos Europeos, \u201cA Flinge Called Swing es un proyecto europeo promovido por la asociaci\u00f3n DeAmicitia que nac\u00eda en 2021 y buscaba paliar los efectos negativos derivados de la soledad en la pandemia de la COVID, sobre todo en la gente mayor, teniendo como hilo conductor el Swing\u201d.<\/p>\n\n\n\n<p>El concierto en Altea de este proyecto supondr\u00e1 la clausura de la iniciativa y se llevar\u00e1 a cabo a beneficio de Integra Marina Baixa \u201cporque pensamos que esta asociaci\u00f3n est\u00e1 formada por un colectivo que fue muy vulnerable en la pandemia, formado por personas con diversidad funcional, especialmente autistas, y queremos con este concierto colaborar con ellos\u201d. Explica Pepa Victoria P\u00e9rez, concejala de Cultura.<\/p>\n\n\n\n<p>El acto contar\u00e1 con la participaci\u00f3n de un grupo de m\u00fasicos internacionales que actuaran y el p\u00fablico asistente disfrutar\u00e1 del baile, adem\u00e1s de colaborar con la asociaci\u00f3n Integra.<\/p>\n\n\n\n<p>Las entradas se pueden adquirir en la Casa de Cultura, en&nbsp;<a href=\"http:\/\/www.alteacultural.com\/\">www.alteacultural.com<\/a>&nbsp; y una hora antes del concierto en el punto de venta que se habilitar\u00e1 en la Pla\u00e7a de l\u2019Aigua.<\/p>\n\n\n\n<p>\u201cNos lo vamos a pasar muy bien en este concierto de m\u00fasicos voluntarios internacionales, que hace 4 d\u00edas que se conocen y est\u00e1n preparando el concierto que se va a ofrecer tambi\u00e9n a centros de mayores, para paliar esa habitual soledad\u201d, ha apuntado Ignacio Gonz\u00e1lez, responsable de la ONG DeAmicitia.<\/p>\n\n\n\n<p>Seg\u00fan los datos ofrecidos por el director de DeAmicitia, es la 16 edici\u00f3n del proyecto y la banda n\u00ba 16. \u201cDesde mi punto de vista ha sido todo un \u00e9xito, sobre todo por esa interrelaci\u00f3n generacional entre j\u00f3venes y mayores, que ha generado v\u00ednculos y enormes capas de complicidad que espero hayan servido para modificar ideas y generar un buen clima\u201d. Ha desvelado Ignacio Gonz\u00e1lez.<\/p>\n\n\n\n<p>Por su parte y en nombre de Integra Marina Baixa, Toni Lled\u00f3 ha agradecido el que se haya elegido la entidad que representa como beneficiaria de este concierto y anima a alteanos y alteanas a disfrutar del concierto. \u201cDamos las gracias por contar con nosotros, estar presentes y poder visibilizar nuestra asociaci\u00f3n e informar a las personas interesadas en la misma\u201d; ha declarado Lled\u00f3, quien ha asegurado que \u201cseguro que nos lo pasamos bien en el concierto, por lo que animo a todos a venir\u201d.<\/p>\n\n\n\n<p><strong>Un proyecto para la comunidad y la salud mental<\/strong><\/p>\n\n\n\n<p>Con un presupuesto de 240.000 euros y siendo uno de los dos \u00fanicos proyectos aprobados en Espa\u00f1a en la edici\u00f3n de 2021, \u00abA Flinge Called Swing\u00bb ha movilizado a j\u00f3venes de toda Europa durante tres a\u00f1os para formar una banda de swing que ha ofrecido conciertos en residencias de ancianos, asociaciones y municipios. Esta iniciativa ha tenido como objetivo principal paliar los efectos negativos en la salud mental de nuestros mayores, especialmente a ra\u00edz del aislamiento severo causado por la pandemia del COVID-19.<\/p>\n\n\n\n<p><strong>Un evento para recordar<\/strong><\/p>\n\n\n\n<p>El concierto del 5 de septiembre contar\u00e1 con la participaci\u00f3n de 16 j\u00f3venes m\u00fasicos internacionales, quienes interpretar\u00e1n 12 temas de swing. Los Lindy Hoppers de la asociaci\u00f3n local Swing Peaks se unir\u00e1n al evento, ofreciendo un espect\u00e1culo de baile que promete ser inolvidable. Adem\u00e1s, despu\u00e9s del concierto, se pinchar\u00e1n canciones de swing hasta las 22:00 horas, creando un ambiente festivo y acogedor.<\/p>\n\n\n\n<p>Este evento se enmarca dentro de la \u00faltima campa\u00f1a de \u00abA Flinge Called Swing\u00bb, enfocada en invertir en el tejido asociativo cultural de La Marina, dando visibilidad a las entidades locales y reforzando el impacto del proyecto.<\/p>\n\n\n\n<p>Para m\u00e1s informaci\u00f3n sobre el proyecto, pueden visitar la web oficial en&nbsp;<a href=\"http:\/\/www.aflicans.eu\/\">www.aflicans.eu<\/a>&nbsp;&nbsp;o ver el video promocional en&nbsp;<a href=\"https:\/\/www.youtube.com\/watch?v=V1EDBZDvEyU\">https:\/\/www.youtube.com\/watch?v=V1EDBZDvEyU<\/a><\/p>\n\n\n<div class=\"wp-block-image\">\n<figure class=\"aligncenter is-resized\"><img decoding=\"async\" data-src=\"https:\/\/alteadigital.es\/wp-content\/uploads\/2024\/08\/cartell-concert-Swing.jpg\" alt=\"\" class=\"wp-image-118868 lazyload\" style=\"width:800px;height:auto\" src=\"data:image\/gif;base64,R0lGODlhAQABAAAAACH5BAEKAAEALAAAAAABAAEAAAICTAEAOw==\" \/><\/figure><\/div>\n\n\n<p>|ALTEADIGITAL.ES<\/p>\n","protected":false},"excerpt":{"rendered":"<p>Aug 27, 2024 El pr\u00f3ximo jueves, 5 de septiembre, a las 20:00 horas, la Pla\u00e7a del Aigua de Altea [&hellip;]<\/p>\n","protected":false},"author":1,"featured_media":32493,"comment_status":"open","ping_status":"open","sticky":false,"template":"","format":"standard","meta":{"_expiration-date-status":"","_expiration-date":0,"_expiration-date-type":"","_expiration-date-categories":[],"_expiration-date-options":[],"footnotes":""},"yoast_head":"<!-- This site is optimized with the Yoast SEO plugin v22.8 - https:\/\/yoast.com\/wordpress\/plugins\/seo\/ -->\n<title>Integra Marina Baixa ser\u00e1 la beneficiaria de un concierto internacional del proyecto europeo \u201cA Linge Calleg Swing\u201d - Altea Cultural<\/title>\n<meta name=\"robots\" content=\"index, follow, max-snippet:-1, max-image-preview:large, max-video-preview:-1\" \/>\n<link rel=\"canonical\" href=\"https:\/\/www.alteacultural.com\/es\/2024\/09\/03\/integra-marina-baixa-sera-la-beneficiaria-dun-concert-internacional-del-projecte-europeu-a-linge-calleg-swing\/\" \/>\n<meta property=\"og:locale\" content=\"es_ES\" \/>\n<meta property=\"og:type\" content=\"article\" \/>\n<meta property=\"og:title\" content=\"Integra Marina Baixa ser\u00e1 la beneficiaria de un concierto internacional del proyecto europeo \u201cA Linge Calleg Swing\u201d - Altea Cultural\" \/>\n<meta property=\"og:description\" content=\"Aug 27, 2024 El pr\u00f3ximo jueves, 5 de septiembre, a las 20:00 horas, la Pla\u00e7a del Aigua de Altea [&hellip;]\" \/>\n<meta property=\"og:url\" content=\"https:\/\/www.alteacultural.com\/es\/2024\/09\/03\/integra-marina-baixa-sera-la-beneficiaria-dun-concert-internacional-del-projecte-europeu-a-linge-calleg-swing\/\" \/>\n<meta property=\"og:site_name\" content=\"Altea Cultural\" \/>\n<meta property=\"article:published_time\" content=\"2024-09-03T11:18:38+00:00\" \/>\n<meta property=\"article:modified_time\" content=\"2024-09-05T19:00:01+00:00\" \/>\n<meta property=\"og:image\" content=\"https:\/\/www.alteacultural.com\/wp-content\/uploads\/2024\/09\/20240905-Swing-Altea-banner.webp\" \/>\n\t<meta property=\"og:image:width\" content=\"1078\" \/>\n\t<meta property=\"og:image:height\" content=\"477\" \/>\n\t<meta property=\"og:image:type\" content=\"image\/webp\" \/>\n<meta name=\"author\" content=\"sfaltea.com-admin\" \/>\n<meta name=\"twitter:card\" content=\"summary_large_image\" \/>\n<meta name=\"twitter:label1\" content=\"Escrito por\" \/>\n\t<meta name=\"twitter:data1\" content=\"sfaltea.com-admin\" \/>\n\t<meta name=\"twitter:label2\" content=\"Tiempo de lectura\" \/>\n\t<meta name=\"twitter:data2\" content=\"5 minutos\" \/>\n<script type=\"application\/ld+json\" class=\"yoast-schema-graph\">{\"@context\":\"https:\/\/schema.org\",\"@graph\":[{\"@type\":\"WebPage\",\"@id\":\"https:\/\/www.alteacultural.com\/es\/2024\/09\/03\/integra-marina-baixa-sera-la-beneficiaria-dun-concert-internacional-del-projecte-europeu-a-linge-calleg-swing\/\",\"url\":\"https:\/\/www.alteacultural.com\/es\/2024\/09\/03\/integra-marina-baixa-sera-la-beneficiaria-dun-concert-internacional-del-projecte-europeu-a-linge-calleg-swing\/\",\"name\":\"Integra Marina Baixa ser\u00e1 la beneficiaria de un concierto internacional del proyecto europeo \u201cA Linge Calleg Swing\u201d - Altea Cultural\",\"isPartOf\":{\"@id\":\"https:\/\/www.alteacultural.com\/es\/#website\"},\"primaryImageOfPage\":{\"@id\":\"https:\/\/www.alteacultural.com\/es\/2024\/09\/03\/integra-marina-baixa-sera-la-beneficiaria-dun-concert-internacional-del-projecte-europeu-a-linge-calleg-swing\/#primaryimage\"},\"image\":{\"@id\":\"https:\/\/www.alteacultural.com\/es\/2024\/09\/03\/integra-marina-baixa-sera-la-beneficiaria-dun-concert-internacional-del-projecte-europeu-a-linge-calleg-swing\/#primaryimage\"},\"thumbnailUrl\":\"https:\/\/www.alteacultural.com\/wp-content\/uploads\/2024\/09\/20240905-Swing-Altea-banner.webp\",\"datePublished\":\"2024-09-03T11:18:38+00:00\",\"dateModified\":\"2024-09-05T19:00:01+00:00\",\"author\":{\"@id\":\"https:\/\/www.alteacultural.com\/es\/#\/schema\/person\/c4e137537f1af546d214a315255e5172\"},\"breadcrumb\":{\"@id\":\"https:\/\/www.alteacultural.com\/es\/2024\/09\/03\/integra-marina-baixa-sera-la-beneficiaria-dun-concert-internacional-del-projecte-europeu-a-linge-calleg-swing\/#breadcrumb\"},\"inLanguage\":\"es\",\"potentialAction\":[{\"@type\":\"ReadAction\",\"target\":[\"https:\/\/www.alteacultural.com\/es\/2024\/09\/03\/integra-marina-baixa-sera-la-beneficiaria-dun-concert-internacional-del-projecte-europeu-a-linge-calleg-swing\/\"]}]},{\"@type\":\"ImageObject\",\"inLanguage\":\"es\",\"@id\":\"https:\/\/www.alteacultural.com\/es\/2024\/09\/03\/integra-marina-baixa-sera-la-beneficiaria-dun-concert-internacional-del-projecte-europeu-a-linge-calleg-swing\/#primaryimage\",\"url\":\"https:\/\/www.alteacultural.com\/wp-content\/uploads\/2024\/09\/20240905-Swing-Altea-banner.webp\",\"contentUrl\":\"https:\/\/www.alteacultural.com\/wp-content\/uploads\/2024\/09\/20240905-Swing-Altea-banner.webp\",\"width\":1078,\"height\":477},{\"@type\":\"BreadcrumbList\",\"@id\":\"https:\/\/www.alteacultural.com\/es\/2024\/09\/03\/integra-marina-baixa-sera-la-beneficiaria-dun-concert-internacional-del-projecte-europeu-a-linge-calleg-swing\/#breadcrumb\",\"itemListElement\":[{\"@type\":\"ListItem\",\"position\":1,\"name\":\"Inici\",\"item\":\"https:\/\/www.alteacultural.com\/es\/\"},{\"@type\":\"ListItem\",\"position\":2,\"name\":\"Integra Marina Baixa ser\u00e1 la beneficiaria de un concierto internacional del proyecto europeo \u201cA Linge Calleg Swing\u201d\"}]},{\"@type\":\"WebSite\",\"@id\":\"https:\/\/www.alteacultural.com\/es\/#website\",\"url\":\"https:\/\/www.alteacultural.com\/es\/\",\"name\":\"Altea Cultural\",\"description\":\"Regidoria de Cultura de l&#039;Ajuntament d&#039;Altea\",\"potentialAction\":[{\"@type\":\"SearchAction\",\"target\":{\"@type\":\"EntryPoint\",\"urlTemplate\":\"https:\/\/www.alteacultural.com\/es\/?s={search_term_string}\"},\"query-input\":\"required name=search_term_string\"}],\"inLanguage\":\"es\"},{\"@type\":\"Person\",\"@id\":\"https:\/\/www.alteacultural.com\/es\/#\/schema\/person\/c4e137537f1af546d214a315255e5172\",\"name\":\"sfaltea.com-admin\",\"image\":{\"@type\":\"ImageObject\",\"inLanguage\":\"es\",\"@id\":\"https:\/\/www.alteacultural.com\/es\/#\/schema\/person\/image\/\",\"url\":\"https:\/\/secure.gravatar.com\/avatar\/f7473fa2fbd351270ccfd469de536202?s=96&d=mm&r=g\",\"contentUrl\":\"https:\/\/secure.gravatar.com\/avatar\/f7473fa2fbd351270ccfd469de536202?s=96&d=mm&r=g\",\"caption\":\"sfaltea.com-admin\"},\"url\":\"https:\/\/www.alteacultural.com\/es\/author\/sfaltea-com-admin\/\"}]}<\/script>\n<!-- \/ Yoast SEO plugin. -->","yoast_head_json":{"title":"Integra Marina Baixa ser\u00e1 la beneficiaria de un concierto internacional del proyecto europeo \u201cA Linge Calleg Swing\u201d - Altea Cultural","robots":{"index":"index","follow":"follow","max-snippet":"max-snippet:-1","max-image-preview":"max-image-preview:large","max-video-preview":"max-video-preview:-1"},"canonical":"https:\/\/www.alteacultural.com\/es\/2024\/09\/03\/integra-marina-baixa-sera-la-beneficiaria-dun-concert-internacional-del-projecte-europeu-a-linge-calleg-swing\/","og_locale":"es_ES","og_type":"article","og_title":"Integra Marina Baixa ser\u00e1 la beneficiaria de un concierto internacional del proyecto europeo \u201cA Linge Calleg Swing\u201d - Altea Cultural","og_description":"Aug 27, 2024 El pr\u00f3ximo jueves, 5 de septiembre, a las 20:00 horas, la Pla\u00e7a del Aigua de Altea [&hellip;]","og_url":"https:\/\/www.alteacultural.com\/es\/2024\/09\/03\/integra-marina-baixa-sera-la-beneficiaria-dun-concert-internacional-del-projecte-europeu-a-linge-calleg-swing\/","og_site_name":"Altea Cultural","article_published_time":"2024-09-03T11:18:38+00:00","article_modified_time":"2024-09-05T19:00:01+00:00","og_image":[{"width":1078,"height":477,"url":"https:\/\/www.alteacultural.com\/wp-content\/uploads\/2024\/09\/20240905-Swing-Altea-banner.webp","type":"image\/webp"}],"author":"sfaltea.com-admin","twitter_card":"summary_large_image","twitter_misc":{"Escrito por":"sfaltea.com-admin","Tiempo de lectura":"5 minutos"},"schema":{"@context":"https:\/\/schema.org","@graph":[{"@type":"WebPage","@id":"https:\/\/www.alteacultural.com\/es\/2024\/09\/03\/integra-marina-baixa-sera-la-beneficiaria-dun-concert-internacional-del-projecte-europeu-a-linge-calleg-swing\/","url":"https:\/\/www.alteacultural.com\/es\/2024\/09\/03\/integra-marina-baixa-sera-la-beneficiaria-dun-concert-internacional-del-projecte-europeu-a-linge-calleg-swing\/","name":"Integra Marina Baixa ser\u00e1 la beneficiaria de un concierto internacional del proyecto europeo \u201cA Linge Calleg Swing\u201d - Altea Cultural","isPartOf":{"@id":"https:\/\/www.alteacultural.com\/es\/#website"},"primaryImageOfPage":{"@id":"https:\/\/www.alteacultural.com\/es\/2024\/09\/03\/integra-marina-baixa-sera-la-beneficiaria-dun-concert-internacional-del-projecte-europeu-a-linge-calleg-swing\/#primaryimage"},"image":{"@id":"https:\/\/www.alteacultural.com\/es\/2024\/09\/03\/integra-marina-baixa-sera-la-beneficiaria-dun-concert-internacional-del-projecte-europeu-a-linge-calleg-swing\/#primaryimage"},"thumbnailUrl":"https:\/\/www.alteacultural.com\/wp-content\/uploads\/2024\/09\/20240905-Swing-Altea-banner.webp","datePublished":"2024-09-03T11:18:38+00:00","dateModified":"2024-09-05T19:00:01+00:00","author":{"@id":"https:\/\/www.alteacultural.com\/es\/#\/schema\/person\/c4e137537f1af546d214a315255e5172"},"breadcrumb":{"@id":"https:\/\/www.alteacultural.com\/es\/2024\/09\/03\/integra-marina-baixa-sera-la-beneficiaria-dun-concert-internacional-del-projecte-europeu-a-linge-calleg-swing\/#breadcrumb"},"inLanguage":"es","potentialAction":[{"@type":"ReadAction","target":["https:\/\/www.alteacultural.com\/es\/2024\/09\/03\/integra-marina-baixa-sera-la-beneficiaria-dun-concert-internacional-del-projecte-europeu-a-linge-calleg-swing\/"]}]},{"@type":"ImageObject","inLanguage":"es","@id":"https:\/\/www.alteacultural.com\/es\/2024\/09\/03\/integra-marina-baixa-sera-la-beneficiaria-dun-concert-internacional-del-projecte-europeu-a-linge-calleg-swing\/#primaryimage","url":"https:\/\/www.alteacultural.com\/wp-content\/uploads\/2024\/09\/20240905-Swing-Altea-banner.webp","contentUrl":"https:\/\/www.alteacultural.com\/wp-content\/uploads\/2024\/09\/20240905-Swing-Altea-banner.webp","width":1078,"height":477},{"@type":"BreadcrumbList","@id":"https:\/\/www.alteacultural.com\/es\/2024\/09\/03\/integra-marina-baixa-sera-la-beneficiaria-dun-concert-internacional-del-projecte-europeu-a-linge-calleg-swing\/#breadcrumb","itemListElement":[{"@type":"ListItem","position":1,"name":"Inici","item":"https:\/\/www.alteacultural.com\/es\/"},{"@type":"ListItem","position":2,"name":"Integra Marina Baixa ser\u00e1 la beneficiaria de un concierto internacional del proyecto europeo \u201cA Linge Calleg Swing\u201d"}]},{"@type":"WebSite","@id":"https:\/\/www.alteacultural.com\/es\/#website","url":"https:\/\/www.alteacultural.com\/es\/","name":"Altea Cultural","description":"Regidoria de Cultura de l&#039;Ajuntament d&#039;Altea","potentialAction":[{"@type":"SearchAction","target":{"@type":"EntryPoint","urlTemplate":"https:\/\/www.alteacultural.com\/es\/?s={search_term_string}"},"query-input":"required name=search_term_string"}],"inLanguage":"es"},{"@type":"Person","@id":"https:\/\/www.alteacultural.com\/es\/#\/schema\/person\/c4e137537f1af546d214a315255e5172","name":"sfaltea.com-admin","image":{"@type":"ImageObject","inLanguage":"es","@id":"https:\/\/www.alteacultural.com\/es\/#\/schema\/person\/image\/","url":"https:\/\/secure.gravatar.com\/avatar\/f7473fa2fbd351270ccfd469de536202?s=96&d=mm&r=g","contentUrl":"https:\/\/secure.gravatar.com\/avatar\/f7473fa2fbd351270ccfd469de536202?s=96&d=mm&r=g","caption":"sfaltea.com-admin"},"url":"https:\/\/www.alteacultural.com\/es\/author\/sfaltea-com-admin\/"}]}},"_links":{"self":[{"href":"https:\/\/www.alteacultural.com\/es\/wp-json\/wp\/v2\/posts\/32495"}],"collection":[{"href":"https:\/\/www.alteacultural.com\/es\/wp-json\/wp\/v2\/posts"}],"about":[{"href":"https:\/\/www.alteacultural.com\/es\/wp-json\/wp\/v2\/types\/post"}],"author":[{"embeddable":true,"href":"https:\/\/www.alteacultural.com\/es\/wp-json\/wp\/v2\/users\/1"}],"replies":[{"embeddable":true,"href":"https:\/\/www.alteacultural.com\/es\/wp-json\/wp\/v2\/comments?post=32495"}],"version-history":[{"count":1,"href":"https:\/\/www.alteacultural.com\/es\/wp-json\/wp\/v2\/posts\/32495\/revisions"}],"predecessor-version":[{"id":32497,"href":"https:\/\/www.alteacultural.com\/es\/wp-json\/wp\/v2\/posts\/32495\/revisions\/32497"}],"wp:featuredmedia":[{"embeddable":true,"href":"https:\/\/www.alteacultural.com\/es\/wp-json\/wp\/v2\/media\/32493"}],"wp:attachment":[{"href":"https:\/\/www.alteacultural.com\/es\/wp-json\/wp\/v2\/media?parent=32495"}],"curies":[{"name":"wp","href":"https:\/\/api.w.org\/{rel}","templated":true}]}}