{"id":32501,"date":"2024-09-03T13:25:35","date_gmt":"2024-09-03T11:25:35","guid":{"rendered":"https:\/\/www.alteacultural.com\/2024\/09\/03\/felix-mallorquin-francisco-haro-i-jose-j-gonzalez-guanyen-el-concurs-de-fotografia-castell-de-lolla-2024\/"},"modified":"2024-09-07T13:23:19","modified_gmt":"2024-09-07T11:23:19","slug":"felix-mallorquin-francisco-haro-i-jose-j-gonzalez-guanyen-el-concurs-de-fotografia-castell-de-lolla-2024","status":"publish","type":"post","link":"https:\/\/www.alteacultural.com\/es\/2024\/09\/03\/felix-mallorquin-francisco-haro-i-jose-j-gonzalez-guanyen-el-concurs-de-fotografia-castell-de-lolla-2024\/","title":{"rendered":"F\u00e9lix Mallorqu\u00edn, Francisco Haro y Jos\u00e9 J. Gonz\u00e1lez ganan el Concurso de Fotograf\u00eda Castell de l\u2019Olla 2024"},"content":{"rendered":"\n<p>Sep 2, 2024<img fetchpriority=\"high\" decoding=\"async\" src=\"https:\/\/alteadigital.es\/wp-content\/uploads\/2024\/09\/foto-de-Felix-Mallorquin-web.jpg\" alt=\"F\u00e9lix Mallorqu\u00edn, Francisco Haro i Jos\u00e9 J. Gonz\u00e1lez guanyen el Concurs de Fotografia Castell de l\u2019Olla 2024\" class=\"\" width=\"1080\" height=\"675\" srcset=\"https:\/\/alteadigital.es\/wp-content\/uploads\/2024\/09\/foto-de-Felix-Mallorquin-web.jpg 1080w, https:\/\/alteadigital.es\/wp-content\/uploads\/2024\/09\/foto-de-Felix-Mallorquin-web-980x653.jpg 980w, https:\/\/alteadigital.es\/wp-content\/uploads\/2024\/09\/foto-de-Felix-Mallorquin-web-480x320.jpg 480w\"><\/p>\n\n\n\n<p><strong>La entrega de premios ten\u00eda lugar el pasado viernes por la tarde en la Casa de Cultura<\/strong><\/p>\n\n\n\n<p>El pasado viernes por la tarde-noche, en la Casa de Cultura de Altea, ten\u00eda lugar la entrega de premios del Concurso de Fotograf\u00eda Castell de l\u2019Olla de la presente edici\u00f3n. El acto, presidido por la edil de Cultura, Pepa Victoria P\u00e9rez, cont\u00f3 con la participaci\u00f3n activa de la Cofrad\u00eda del&nbsp; Castell representada por su presidente, Jos\u00e9 P\u00e9rez Gorgoll y el vocal Jose Llopis, amante de la fotograf\u00eda y coordinador del concurso.<\/p>\n\n\n\n<p>El acto era inaugurado por la edil de Cultura, quien agradec\u00eda a la Cofrad\u00eda del Castell de l\u2019Olla el trabajo que durante todo el a\u00f1o lleva a cabo para que el Castell de l\u2019Olla sea una realidad, edici\u00f3n tras edici\u00f3n. \u201cHay que poner en valor de todas las maneras que podamos un gran evento como este y creo que este a\u00f1o el Castell de l\u2019Olla ha dado un paso adelante con esa retransmisi\u00f3n en directo que se ha conseguido en \u00c0 Punt\u201d; ha declarado Pepa Victoria P\u00e9rez.<\/p>\n\n\n<div class=\"wp-block-image\">\n<figure class=\"aligncenter\"><img decoding=\"async\" data-src=\"https:\/\/alteadigital.es\/wp-content\/uploads\/2024\/09\/presidencia-web.jpg\" alt=\"\" class=\"wp-image-118908 lazyload\" src=\"data:image\/gif;base64,R0lGODlhAQABAAAAACH5BAEKAAEALAAAAAABAAEAAAICTAEAOw==\" \/><\/figure><\/div>\n\n\n<p>La responsable municipal de Cultura ha hablado del Concurso de Fotograf\u00eda y la exposici\u00f3n con las mejores obras, que permanecer\u00e1 en la Casa de Cultura hasta finales de septiembre, como un modo m\u00e1s de dar a conocer el Castell de l\u2019Olla fuera de Altea y un ejemplo de ello es que dos de los ganadores del concurso no son de Altea. \u201cEl nivel de las fotos creo que ha superado al del a\u00f1o pasado y la Cofrad\u00eda tiene suerte de contar con Jose Llopis, con quien es muy f\u00e1cil trabajar\u201d. Ha concluido Pepa Victoria P\u00e9rez.<\/p>\n\n\n\n<p>\u201cLo que las fotos plasman es lo que se dispar\u00f3, luego tenemos un Castell de l\u2019Olla 2024 que ha merecido la pena el esfuerzo que hacemos toda la Cofrad\u00eda y por supuesto todas las personas y administraciones p\u00fablicas que nos ayudan y cuyas subvenciones nos permiten hacer el Castell\u201d; comenzaba diciendo el presidente del la Cofrad\u00eda Castell de l\u2019Olla, Jos\u00e9 P\u00e9rez Gorgoll.<\/p>\n\n\n\n<p>Tras la visualizaci\u00f3n de las m\u00e1s de 100 fotograf\u00edas participantes en el concurso y las 15 elegidas por la organizaci\u00f3n como las mejores, se desvelaban los ganadores y se les hac\u00eda entrega de los premios, valorados en 500, 300 y 200\u20ac respectivamente. El primer premio reca\u00eda en el alteano F\u00e9lix Mallorqu\u00edn con una foto que refleja a la perfecci\u00f3n la grandiosidad de los fuegos, el paraje que los acoge y la expectaci\u00f3n que despiertan. El segundo de los premios era para Francisco Haro, procedente de Elda y el tercer galard\u00f3n lo consegu\u00eda Jos\u00e9 J. G\u00f3mez de Santa Pola.<\/p>\n\n\n<div class=\"wp-block-image\">\n<figure class=\"aligncenter\"><img decoding=\"async\" data-src=\"https:\/\/alteadigital.es\/wp-content\/uploads\/2024\/09\/premiados-web.jpg\" alt=\"\" class=\"wp-image-118912 lazyload\" src=\"data:image\/gif;base64,R0lGODlhAQABAAAAACH5BAEKAAEALAAAAAABAAEAAAICTAEAOw==\" \/><\/figure><\/div>\n\n\n<p>El acto cont\u00f3 con numeroso p\u00fablico que no quiso perderse esta \u00faltima cita con el Castell de l\u2019Olla 2024, porque como indicaba P\u00e9rez Gorgoll, \u201ccon este acto y la exposici\u00f3n de las 15 mejores fotograf\u00edas, se cierra la edici\u00f3n 2024 del Castell de l\u2019Olla y nos ponemos a trabajar en el desarrollo de la del a\u00f1o que viene\u201d.<\/p>\n\n\n\n<p>El Presidente de la Cofrad\u00eda hablaba de la trayectoria del Castell, de las dos \u00faltimas ediciones, disparadas por Vulcano y tambi\u00e9n de las figuras del pregonero que realiza un texto literario y que este a\u00f1o realizaba el m\u00fasico alteano, internacionalmente conocido, Josep Vicent. En cuanto al cartel, este ha sido realizado por el pintor Miguel Soro y como dec\u00eda P\u00e9rez Gorgoll, \u201cun cartel que expresa claramente qu\u00e9 es el Castell, en el se ve el fuego, las plataformas y la gente mir\u00e1ndolo; es decir un cartel que anuncia\u201d.<\/p>\n\n\n\n<p>\u201cDespu\u00e9s llegamos al montaje del castillo, el sufrimiento de todos los que participan a una\u201d; comenta el presidente de la Cofrad\u00eda, un duro trabajo que este a\u00f1o se ha visto dificultado por una serie de circunstancias como el hundimiento de una de las plataformas o el desamarre de otra a las 20:00h.<\/p>\n\n\n<div class=\"wp-block-image\">\n<figure class=\"aligncenter\"><img decoding=\"async\" data-src=\"https:\/\/alteadigital.es\/wp-content\/uploads\/2024\/09\/Foto-Francisco-Haro-web.jpg\" alt=\"\" class=\"wp-image-118914 lazyload\" src=\"data:image\/gif;base64,R0lGODlhAQABAAAAACH5BAEKAAEALAAAAAABAAEAAAICTAEAOw==\" \/><\/figure><\/div>\n\n\n<p>Finalmente tomaba la palabra Jose Llopis quien, como miembro del jurado del concurso de fotograf\u00eda, reconoc\u00eda la dif\u00edcil tarea que este a\u00f1o ha tenido el Jurado. \u201cHa sido dif\u00edcil emitir un veredicto porque el nivel de las fotos este a\u00f1o ha sido bastante alto y hemos fundamentado nuestra decisi\u00f3n en tres ejes: el que se vea el colorido de la p\u00f3lvora; el que se vea lo que es la Illeta y que se vea el reflejo de la p\u00f3lvora en el mar\u201d.<\/p>\n\n\n\n<p>Llopis ha recordado que se han descartado las fotos realizadas con dispositivos m\u00f3viles porque as\u00ed lo indicaban las bases del concurso. Asimismo, Jose Llopis ha indicado que al finalizar la exposici\u00f3n de las 15 mejores fotograf\u00edas del Castell de l\u2019Olla 2024, a finales de septiembre, los autores de las mismas podr\u00e1n recogerlas en la misma Casa de Cultura.<\/p>\n\n\n<div class=\"wp-block-image\">\n<figure class=\"aligncenter\"><img decoding=\"async\" data-src=\"https:\/\/alteadigital.es\/wp-content\/uploads\/2024\/09\/foto-Jose-J-Gonzalez-web.jpg\" alt=\"\" class=\"wp-image-118916 lazyload\" src=\"data:image\/gif;base64,R0lGODlhAQABAAAAACH5BAEKAAEALAAAAAABAAEAAAICTAEAOw==\" \/><\/figure><\/div>\n\n\n<p>Antes de desvelar los ganadores, tuvo lugar una proyecci\u00f3n resumen de c\u00f3mo se monta el Castell y el resultado. Un v\u00eddeo en el que aparec\u00eda, el \u00faltimo \u201ccoeter d\u2019Altea\u201d, Mat\u00edas Aznar Ripoll, quien fallec\u00eda apenas una semana despu\u00e9s del evento y cuyas im\u00e1genes despertaron los aplausos de los presentes en el acto.<\/p>\n\n\n<div class=\"wp-block-image\">\n<figure class=\"aligncenter\"><img decoding=\"async\" data-src=\"https:\/\/alteadigital.es\/wp-content\/uploads\/2024\/09\/grupo-web.jpg\" alt=\"\" class=\"wp-image-118918 lazyload\" src=\"data:image\/gif;base64,R0lGODlhAQABAAAAACH5BAEKAAEALAAAAAABAAEAAAICTAEAOw==\" \/><\/figure><\/div>\n\n\n<p>|ALTEADIGITAL.ES<\/p>\n","protected":false},"excerpt":{"rendered":"<p>Sep 2, 2024 La entrega de premios ten\u00eda lugar el pasado viernes por la tarde en la Casa de [&hellip;]<\/p>\n","protected":false},"author":1,"featured_media":32469,"comment_status":"open","ping_status":"open","sticky":false,"template":"","format":"standard","meta":{"_expiration-date-status":"","_expiration-date":0,"_expiration-date-type":"","_expiration-date-categories":[],"_expiration-date-options":[],"footnotes":""},"yoast_head":"<!-- This site is optimized with the Yoast SEO plugin v22.8 - https:\/\/yoast.com\/wordpress\/plugins\/seo\/ -->\n<title>F\u00e9lix Mallorqu\u00edn, Francisco Haro y Jos\u00e9 J. Gonz\u00e1lez ganan el Concurso de Fotograf\u00eda Castell de l\u2019Olla 2024 - Altea Cultural<\/title>\n<meta name=\"robots\" content=\"index, follow, max-snippet:-1, max-image-preview:large, max-video-preview:-1\" \/>\n<link rel=\"canonical\" href=\"https:\/\/www.alteacultural.com\/es\/2024\/09\/03\/felix-mallorquin-francisco-haro-i-jose-j-gonzalez-guanyen-el-concurs-de-fotografia-castell-de-lolla-2024\/\" \/>\n<meta property=\"og:locale\" content=\"es_ES\" \/>\n<meta property=\"og:type\" content=\"article\" \/>\n<meta property=\"og:title\" content=\"F\u00e9lix Mallorqu\u00edn, Francisco Haro y Jos\u00e9 J. Gonz\u00e1lez ganan el Concurso de Fotograf\u00eda Castell de l\u2019Olla 2024 - Altea Cultural\" \/>\n<meta property=\"og:description\" content=\"Sep 2, 2024 La entrega de premios ten\u00eda lugar el pasado viernes por la tarde en la Casa de [&hellip;]\" \/>\n<meta property=\"og:url\" content=\"https:\/\/www.alteacultural.com\/es\/2024\/09\/03\/felix-mallorquin-francisco-haro-i-jose-j-gonzalez-guanyen-el-concurs-de-fotografia-castell-de-lolla-2024\/\" \/>\n<meta property=\"og:site_name\" content=\"Altea Cultural\" \/>\n<meta property=\"article:published_time\" content=\"2024-09-03T11:25:35+00:00\" \/>\n<meta property=\"article:modified_time\" content=\"2024-09-07T11:23:19+00:00\" \/>\n<meta property=\"og:image\" content=\"https:\/\/www.alteacultural.com\/wp-content\/uploads\/2024\/09\/EntregapremisCastellOllaban-2048x828-1.webp\" \/>\n\t<meta property=\"og:image:width\" content=\"1600\" \/>\n\t<meta property=\"og:image:height\" content=\"647\" \/>\n\t<meta property=\"og:image:type\" content=\"image\/webp\" \/>\n<meta name=\"author\" content=\"sfaltea.com-admin\" \/>\n<meta name=\"twitter:card\" content=\"summary_large_image\" \/>\n<meta name=\"twitter:label1\" content=\"Escrito por\" \/>\n\t<meta name=\"twitter:data1\" content=\"sfaltea.com-admin\" \/>\n\t<meta name=\"twitter:label2\" content=\"Tiempo de lectura\" \/>\n\t<meta name=\"twitter:data2\" content=\"6 minutos\" \/>\n<script type=\"application\/ld+json\" class=\"yoast-schema-graph\">{\"@context\":\"https:\/\/schema.org\",\"@graph\":[{\"@type\":\"WebPage\",\"@id\":\"https:\/\/www.alteacultural.com\/es\/2024\/09\/03\/felix-mallorquin-francisco-haro-i-jose-j-gonzalez-guanyen-el-concurs-de-fotografia-castell-de-lolla-2024\/\",\"url\":\"https:\/\/www.alteacultural.com\/es\/2024\/09\/03\/felix-mallorquin-francisco-haro-i-jose-j-gonzalez-guanyen-el-concurs-de-fotografia-castell-de-lolla-2024\/\",\"name\":\"F\u00e9lix Mallorqu\u00edn, Francisco Haro y Jos\u00e9 J. Gonz\u00e1lez ganan el Concurso de Fotograf\u00eda Castell de l\u2019Olla 2024 - Altea Cultural\",\"isPartOf\":{\"@id\":\"https:\/\/www.alteacultural.com\/es\/#website\"},\"primaryImageOfPage\":{\"@id\":\"https:\/\/www.alteacultural.com\/es\/2024\/09\/03\/felix-mallorquin-francisco-haro-i-jose-j-gonzalez-guanyen-el-concurs-de-fotografia-castell-de-lolla-2024\/#primaryimage\"},\"image\":{\"@id\":\"https:\/\/www.alteacultural.com\/es\/2024\/09\/03\/felix-mallorquin-francisco-haro-i-jose-j-gonzalez-guanyen-el-concurs-de-fotografia-castell-de-lolla-2024\/#primaryimage\"},\"thumbnailUrl\":\"https:\/\/www.alteacultural.com\/wp-content\/uploads\/2024\/09\/EntregapremisCastellOllaban-2048x828-1.webp\",\"datePublished\":\"2024-09-03T11:25:35+00:00\",\"dateModified\":\"2024-09-07T11:23:19+00:00\",\"author\":{\"@id\":\"https:\/\/www.alteacultural.com\/es\/#\/schema\/person\/c4e137537f1af546d214a315255e5172\"},\"breadcrumb\":{\"@id\":\"https:\/\/www.alteacultural.com\/es\/2024\/09\/03\/felix-mallorquin-francisco-haro-i-jose-j-gonzalez-guanyen-el-concurs-de-fotografia-castell-de-lolla-2024\/#breadcrumb\"},\"inLanguage\":\"es\",\"potentialAction\":[{\"@type\":\"ReadAction\",\"target\":[\"https:\/\/www.alteacultural.com\/es\/2024\/09\/03\/felix-mallorquin-francisco-haro-i-jose-j-gonzalez-guanyen-el-concurs-de-fotografia-castell-de-lolla-2024\/\"]}]},{\"@type\":\"ImageObject\",\"inLanguage\":\"es\",\"@id\":\"https:\/\/www.alteacultural.com\/es\/2024\/09\/03\/felix-mallorquin-francisco-haro-i-jose-j-gonzalez-guanyen-el-concurs-de-fotografia-castell-de-lolla-2024\/#primaryimage\",\"url\":\"https:\/\/www.alteacultural.com\/wp-content\/uploads\/2024\/09\/EntregapremisCastellOllaban-2048x828-1.webp\",\"contentUrl\":\"https:\/\/www.alteacultural.com\/wp-content\/uploads\/2024\/09\/EntregapremisCastellOllaban-2048x828-1.webp\",\"width\":1600,\"height\":647},{\"@type\":\"BreadcrumbList\",\"@id\":\"https:\/\/www.alteacultural.com\/es\/2024\/09\/03\/felix-mallorquin-francisco-haro-i-jose-j-gonzalez-guanyen-el-concurs-de-fotografia-castell-de-lolla-2024\/#breadcrumb\",\"itemListElement\":[{\"@type\":\"ListItem\",\"position\":1,\"name\":\"Inici\",\"item\":\"https:\/\/www.alteacultural.com\/es\/\"},{\"@type\":\"ListItem\",\"position\":2,\"name\":\"F\u00e9lix Mallorqu\u00edn, Francisco Haro y Jos\u00e9 J. Gonz\u00e1lez ganan el Concurso de Fotograf\u00eda Castell de l\u2019Olla 2024\"}]},{\"@type\":\"WebSite\",\"@id\":\"https:\/\/www.alteacultural.com\/es\/#website\",\"url\":\"https:\/\/www.alteacultural.com\/es\/\",\"name\":\"Altea Cultural\",\"description\":\"Regidoria de Cultura de l&#039;Ajuntament d&#039;Altea\",\"potentialAction\":[{\"@type\":\"SearchAction\",\"target\":{\"@type\":\"EntryPoint\",\"urlTemplate\":\"https:\/\/www.alteacultural.com\/es\/?s={search_term_string}\"},\"query-input\":\"required name=search_term_string\"}],\"inLanguage\":\"es\"},{\"@type\":\"Person\",\"@id\":\"https:\/\/www.alteacultural.com\/es\/#\/schema\/person\/c4e137537f1af546d214a315255e5172\",\"name\":\"sfaltea.com-admin\",\"image\":{\"@type\":\"ImageObject\",\"inLanguage\":\"es\",\"@id\":\"https:\/\/www.alteacultural.com\/es\/#\/schema\/person\/image\/\",\"url\":\"https:\/\/secure.gravatar.com\/avatar\/f7473fa2fbd351270ccfd469de536202?s=96&d=mm&r=g\",\"contentUrl\":\"https:\/\/secure.gravatar.com\/avatar\/f7473fa2fbd351270ccfd469de536202?s=96&d=mm&r=g\",\"caption\":\"sfaltea.com-admin\"},\"url\":\"https:\/\/www.alteacultural.com\/es\/author\/sfaltea-com-admin\/\"}]}<\/script>\n<!-- \/ Yoast SEO plugin. -->","yoast_head_json":{"title":"F\u00e9lix Mallorqu\u00edn, Francisco Haro y Jos\u00e9 J. Gonz\u00e1lez ganan el Concurso de Fotograf\u00eda Castell de l\u2019Olla 2024 - Altea Cultural","robots":{"index":"index","follow":"follow","max-snippet":"max-snippet:-1","max-image-preview":"max-image-preview:large","max-video-preview":"max-video-preview:-1"},"canonical":"https:\/\/www.alteacultural.com\/es\/2024\/09\/03\/felix-mallorquin-francisco-haro-i-jose-j-gonzalez-guanyen-el-concurs-de-fotografia-castell-de-lolla-2024\/","og_locale":"es_ES","og_type":"article","og_title":"F\u00e9lix Mallorqu\u00edn, Francisco Haro y Jos\u00e9 J. Gonz\u00e1lez ganan el Concurso de Fotograf\u00eda Castell de l\u2019Olla 2024 - Altea Cultural","og_description":"Sep 2, 2024 La entrega de premios ten\u00eda lugar el pasado viernes por la tarde en la Casa de [&hellip;]","og_url":"https:\/\/www.alteacultural.com\/es\/2024\/09\/03\/felix-mallorquin-francisco-haro-i-jose-j-gonzalez-guanyen-el-concurs-de-fotografia-castell-de-lolla-2024\/","og_site_name":"Altea Cultural","article_published_time":"2024-09-03T11:25:35+00:00","article_modified_time":"2024-09-07T11:23:19+00:00","og_image":[{"width":1600,"height":647,"url":"https:\/\/www.alteacultural.com\/wp-content\/uploads\/2024\/09\/EntregapremisCastellOllaban-2048x828-1.webp","type":"image\/webp"}],"author":"sfaltea.com-admin","twitter_card":"summary_large_image","twitter_misc":{"Escrito por":"sfaltea.com-admin","Tiempo de lectura":"6 minutos"},"schema":{"@context":"https:\/\/schema.org","@graph":[{"@type":"WebPage","@id":"https:\/\/www.alteacultural.com\/es\/2024\/09\/03\/felix-mallorquin-francisco-haro-i-jose-j-gonzalez-guanyen-el-concurs-de-fotografia-castell-de-lolla-2024\/","url":"https:\/\/www.alteacultural.com\/es\/2024\/09\/03\/felix-mallorquin-francisco-haro-i-jose-j-gonzalez-guanyen-el-concurs-de-fotografia-castell-de-lolla-2024\/","name":"F\u00e9lix Mallorqu\u00edn, Francisco Haro y Jos\u00e9 J. Gonz\u00e1lez ganan el Concurso de Fotograf\u00eda Castell de l\u2019Olla 2024 - Altea Cultural","isPartOf":{"@id":"https:\/\/www.alteacultural.com\/es\/#website"},"primaryImageOfPage":{"@id":"https:\/\/www.alteacultural.com\/es\/2024\/09\/03\/felix-mallorquin-francisco-haro-i-jose-j-gonzalez-guanyen-el-concurs-de-fotografia-castell-de-lolla-2024\/#primaryimage"},"image":{"@id":"https:\/\/www.alteacultural.com\/es\/2024\/09\/03\/felix-mallorquin-francisco-haro-i-jose-j-gonzalez-guanyen-el-concurs-de-fotografia-castell-de-lolla-2024\/#primaryimage"},"thumbnailUrl":"https:\/\/www.alteacultural.com\/wp-content\/uploads\/2024\/09\/EntregapremisCastellOllaban-2048x828-1.webp","datePublished":"2024-09-03T11:25:35+00:00","dateModified":"2024-09-07T11:23:19+00:00","author":{"@id":"https:\/\/www.alteacultural.com\/es\/#\/schema\/person\/c4e137537f1af546d214a315255e5172"},"breadcrumb":{"@id":"https:\/\/www.alteacultural.com\/es\/2024\/09\/03\/felix-mallorquin-francisco-haro-i-jose-j-gonzalez-guanyen-el-concurs-de-fotografia-castell-de-lolla-2024\/#breadcrumb"},"inLanguage":"es","potentialAction":[{"@type":"ReadAction","target":["https:\/\/www.alteacultural.com\/es\/2024\/09\/03\/felix-mallorquin-francisco-haro-i-jose-j-gonzalez-guanyen-el-concurs-de-fotografia-castell-de-lolla-2024\/"]}]},{"@type":"ImageObject","inLanguage":"es","@id":"https:\/\/www.alteacultural.com\/es\/2024\/09\/03\/felix-mallorquin-francisco-haro-i-jose-j-gonzalez-guanyen-el-concurs-de-fotografia-castell-de-lolla-2024\/#primaryimage","url":"https:\/\/www.alteacultural.com\/wp-content\/uploads\/2024\/09\/EntregapremisCastellOllaban-2048x828-1.webp","contentUrl":"https:\/\/www.alteacultural.com\/wp-content\/uploads\/2024\/09\/EntregapremisCastellOllaban-2048x828-1.webp","width":1600,"height":647},{"@type":"BreadcrumbList","@id":"https:\/\/www.alteacultural.com\/es\/2024\/09\/03\/felix-mallorquin-francisco-haro-i-jose-j-gonzalez-guanyen-el-concurs-de-fotografia-castell-de-lolla-2024\/#breadcrumb","itemListElement":[{"@type":"ListItem","position":1,"name":"Inici","item":"https:\/\/www.alteacultural.com\/es\/"},{"@type":"ListItem","position":2,"name":"F\u00e9lix Mallorqu\u00edn, Francisco Haro y Jos\u00e9 J. Gonz\u00e1lez ganan el Concurso de Fotograf\u00eda Castell de l\u2019Olla 2024"}]},{"@type":"WebSite","@id":"https:\/\/www.alteacultural.com\/es\/#website","url":"https:\/\/www.alteacultural.com\/es\/","name":"Altea Cultural","description":"Regidoria de Cultura de l&#039;Ajuntament d&#039;Altea","potentialAction":[{"@type":"SearchAction","target":{"@type":"EntryPoint","urlTemplate":"https:\/\/www.alteacultural.com\/es\/?s={search_term_string}"},"query-input":"required name=search_term_string"}],"inLanguage":"es"},{"@type":"Person","@id":"https:\/\/www.alteacultural.com\/es\/#\/schema\/person\/c4e137537f1af546d214a315255e5172","name":"sfaltea.com-admin","image":{"@type":"ImageObject","inLanguage":"es","@id":"https:\/\/www.alteacultural.com\/es\/#\/schema\/person\/image\/","url":"https:\/\/secure.gravatar.com\/avatar\/f7473fa2fbd351270ccfd469de536202?s=96&d=mm&r=g","contentUrl":"https:\/\/secure.gravatar.com\/avatar\/f7473fa2fbd351270ccfd469de536202?s=96&d=mm&r=g","caption":"sfaltea.com-admin"},"url":"https:\/\/www.alteacultural.com\/es\/author\/sfaltea-com-admin\/"}]}},"_links":{"self":[{"href":"https:\/\/www.alteacultural.com\/es\/wp-json\/wp\/v2\/posts\/32501"}],"collection":[{"href":"https:\/\/www.alteacultural.com\/es\/wp-json\/wp\/v2\/posts"}],"about":[{"href":"https:\/\/www.alteacultural.com\/es\/wp-json\/wp\/v2\/types\/post"}],"author":[{"embeddable":true,"href":"https:\/\/www.alteacultural.com\/es\/wp-json\/wp\/v2\/users\/1"}],"replies":[{"embeddable":true,"href":"https:\/\/www.alteacultural.com\/es\/wp-json\/wp\/v2\/comments?post=32501"}],"version-history":[{"count":1,"href":"https:\/\/www.alteacultural.com\/es\/wp-json\/wp\/v2\/posts\/32501\/revisions"}],"predecessor-version":[{"id":32503,"href":"https:\/\/www.alteacultural.com\/es\/wp-json\/wp\/v2\/posts\/32501\/revisions\/32503"}],"wp:featuredmedia":[{"embeddable":true,"href":"https:\/\/www.alteacultural.com\/es\/wp-json\/wp\/v2\/media\/32469"}],"wp:attachment":[{"href":"https:\/\/www.alteacultural.com\/es\/wp-json\/wp\/v2\/media?parent=32501"}],"curies":[{"name":"wp","href":"https:\/\/api.w.org\/{rel}","templated":true}]}}