{"id":32855,"date":"2024-09-19T11:58:16","date_gmt":"2024-09-19T09:58:16","guid":{"rendered":"https:\/\/www.alteacultural.com\/2024\/09\/19\/la-universitat-de-lexperiencia-obre-termini-de-matricula\/"},"modified":"2024-09-24T11:54:47","modified_gmt":"2024-09-24T09:54:47","slug":"la-universitat-de-lexperiencia-obre-termini-de-matricula","status":"publish","type":"post","link":"https:\/\/www.alteacultural.com\/es\/2024\/09\/19\/la-universitat-de-lexperiencia-obre-termini-de-matricula\/","title":{"rendered":"La Universidad de la Experiencia abre plazo de matr\u00edcula"},"content":{"rendered":"\n<p>Sep 18, 2024<img fetchpriority=\"high\" decoding=\"async\" src=\"https:\/\/alteadigital.es\/wp-content\/uploads\/2023\/11\/AUNEX-2-web.jpg\" alt=\"La Universitat de l\u2019Experi\u00e8ncia obre termini de matr\u00edcula\" class=\"\" width=\"1080\" height=\"675\" srcset=\"https:\/\/alteadigital.es\/wp-content\/uploads\/2023\/11\/AUNEX-2-web.jpg 1080w, https:\/\/alteadigital.es\/wp-content\/uploads\/2023\/11\/AUNEX-2-web-980x545.jpg 980w, https:\/\/alteadigital.es\/wp-content\/uploads\/2023\/11\/AUNEX-2-web-480x267.jpg 480w\"><\/p>\n\n\n\n<p><strong>Hoy mi\u00e9rcoles ha dado inicio el plazo de&nbsp; matriculaci\u00f3n de las AUNEX de Altea.<\/strong><\/p>\n\n\n\n<p>En la ma\u00f1ana de hoy se ha abierto el plazo de matriculaci\u00f3n para asistir al nuevo curso de las Aulas de La Universidad de la Experiencia en Altea. As\u00ed lo informa la edil de Cultura, Pepa Victoria P\u00e9rez.<\/p>\n\n\n\n<p>Como ha explicado P\u00e9rez, las Aulas de la Experiencia est\u00e1n destinadas a mayores de 55 a\u00f1os y para ingresar en ellas no es requisito necesario el tener estudios previos.<\/p>\n\n\n\n<p>El periodo de matriculaci\u00f3n ha dado inicio hoy y permanecer\u00e1 abierto hasta el d\u00eda 10 de octubre o hasta cubrir las 75 plazas disponibles.<\/p>\n\n\n\n<p>Pepa Victoria P\u00e9rez recuerda que Altea fue pionera en su d\u00eda al instaurar este servicio de la Universidad Miguel Hern\u00e1ndez en Altea hace 24 a\u00f1os y es una iniciativa muy demandada, \u201cpor lo que animo a los y las interesadas en asistir a las Aulas de la Experiencia a que se inscriban lo antes posible porque habitualmente las plazas disponibles se cubren r\u00e1pidamente\u201d; ha matizado la responsable municipal de Cultura.<\/p>\n\n\n\n<p>Durante el curso AUNEX 2024\/25 se impartir\u00e1n asignaturas como habilidades de autorregulaci\u00f3n e inteligencia emocional; literatura; la UE \u00bfQu\u00e9 es y c\u00f3mo funciona?; bot\u00e1nica; el periodismo hoy: redes sociales y fake news; arte y fisiolog\u00eda humana.<\/p>\n\n\n\n<p>La automatr\u00edcula es ONLINE y se ha de realizar en&nbsp;<a href=\"https:\/\/sabiex.umh.es\/sede-altea\/\">https:\/\/sabiex.umh.es\/sede-altea\/<\/a>&nbsp;y la tasa de matriculaci\u00f3n es de 110\u20ac<\/p>\n\n\n\n<p>Finalmente, Pepa Victoria P\u00e9rez ha explicado que si alguna persona necesita ayuda en la automatr\u00edcula en la Casa de Cultura Altease le prestar\u00e1 con cita previa haciendo&nbsp;<strong>clic&nbsp;<\/strong>aqu\u00ed &nbsp;<a href=\"https:\/\/bit.ly\/cita-aunex\">https:\/\/bit.ly\/cita-aunex<\/a>. Si se acude sin cita previa no se puede garantizarla atenci\u00f3n.<\/p>\n\n\n\n<p>Las personas que tengan dificultades a la hora de rellenar la matr\u00edcula pueden llamar al 965 222547, desde donde se les dar\u00e1 las indicaciones necesarias.<\/p>\n\n\n\n<p>|ALTEADIGITAL.ES<\/p>\n","protected":false},"excerpt":{"rendered":"<p>Sep 18, 2024 Hoy mi\u00e9rcoles ha dado inicio el plazo de&nbsp; matriculaci\u00f3n de las AUNEX de Altea. En la [&hellip;]<\/p>\n","protected":false},"author":1,"featured_media":32853,"comment_status":"open","ping_status":"open","sticky":false,"template":"","format":"standard","meta":{"_expiration-date-status":"","_expiration-date":0,"_expiration-date-type":"","_expiration-date-categories":[],"_expiration-date-options":[],"footnotes":""},"yoast_head":"<!-- This site is optimized with the Yoast SEO plugin v22.8 - https:\/\/yoast.com\/wordpress\/plugins\/seo\/ -->\n<title>La Universidad de la Experiencia abre plazo de matr\u00edcula - Altea Cultural<\/title>\n<meta name=\"robots\" content=\"index, follow, max-snippet:-1, max-image-preview:large, max-video-preview:-1\" \/>\n<link rel=\"canonical\" href=\"https:\/\/www.alteacultural.com\/es\/2024\/09\/19\/la-universitat-de-lexperiencia-obre-termini-de-matricula\/\" \/>\n<meta property=\"og:locale\" content=\"es_ES\" \/>\n<meta property=\"og:type\" content=\"article\" \/>\n<meta property=\"og:title\" content=\"La Universidad de la Experiencia abre plazo de matr\u00edcula - Altea Cultural\" \/>\n<meta property=\"og:description\" content=\"Sep 18, 2024 Hoy mi\u00e9rcoles ha dado inicio el plazo de&nbsp; matriculaci\u00f3n de las AUNEX de Altea. En la [&hellip;]\" \/>\n<meta property=\"og:url\" content=\"https:\/\/www.alteacultural.com\/es\/2024\/09\/19\/la-universitat-de-lexperiencia-obre-termini-de-matricula\/\" \/>\n<meta property=\"og:site_name\" content=\"Altea Cultural\" \/>\n<meta property=\"article:published_time\" content=\"2024-09-19T09:58:16+00:00\" \/>\n<meta property=\"article:modified_time\" content=\"2024-09-24T09:54:47+00:00\" \/>\n<meta property=\"og:image\" content=\"https:\/\/www.alteacultural.com\/wp-content\/uploads\/2024\/09\/AUNEX-2-web.jpg\" \/>\n\t<meta property=\"og:image:width\" content=\"1028\" \/>\n\t<meta property=\"og:image:height\" content=\"572\" \/>\n\t<meta property=\"og:image:type\" content=\"image\/jpeg\" \/>\n<meta name=\"author\" content=\"sfaltea.com-admin\" \/>\n<meta name=\"twitter:card\" content=\"summary_large_image\" \/>\n<meta name=\"twitter:label1\" content=\"Escrito por\" \/>\n\t<meta name=\"twitter:data1\" content=\"sfaltea.com-admin\" \/>\n\t<meta name=\"twitter:label2\" content=\"Tiempo de lectura\" \/>\n\t<meta name=\"twitter:data2\" content=\"3 minutos\" \/>\n<script type=\"application\/ld+json\" class=\"yoast-schema-graph\">{\"@context\":\"https:\/\/schema.org\",\"@graph\":[{\"@type\":\"WebPage\",\"@id\":\"https:\/\/www.alteacultural.com\/es\/2024\/09\/19\/la-universitat-de-lexperiencia-obre-termini-de-matricula\/\",\"url\":\"https:\/\/www.alteacultural.com\/es\/2024\/09\/19\/la-universitat-de-lexperiencia-obre-termini-de-matricula\/\",\"name\":\"La Universidad de la Experiencia abre plazo de matr\u00edcula - Altea Cultural\",\"isPartOf\":{\"@id\":\"https:\/\/www.alteacultural.com\/es\/#website\"},\"primaryImageOfPage\":{\"@id\":\"https:\/\/www.alteacultural.com\/es\/2024\/09\/19\/la-universitat-de-lexperiencia-obre-termini-de-matricula\/#primaryimage\"},\"image\":{\"@id\":\"https:\/\/www.alteacultural.com\/es\/2024\/09\/19\/la-universitat-de-lexperiencia-obre-termini-de-matricula\/#primaryimage\"},\"thumbnailUrl\":\"https:\/\/www.alteacultural.com\/wp-content\/uploads\/2024\/09\/AUNEX-2-web.jpg\",\"datePublished\":\"2024-09-19T09:58:16+00:00\",\"dateModified\":\"2024-09-24T09:54:47+00:00\",\"author\":{\"@id\":\"https:\/\/www.alteacultural.com\/es\/#\/schema\/person\/c4e137537f1af546d214a315255e5172\"},\"breadcrumb\":{\"@id\":\"https:\/\/www.alteacultural.com\/es\/2024\/09\/19\/la-universitat-de-lexperiencia-obre-termini-de-matricula\/#breadcrumb\"},\"inLanguage\":\"es\",\"potentialAction\":[{\"@type\":\"ReadAction\",\"target\":[\"https:\/\/www.alteacultural.com\/es\/2024\/09\/19\/la-universitat-de-lexperiencia-obre-termini-de-matricula\/\"]}]},{\"@type\":\"ImageObject\",\"inLanguage\":\"es\",\"@id\":\"https:\/\/www.alteacultural.com\/es\/2024\/09\/19\/la-universitat-de-lexperiencia-obre-termini-de-matricula\/#primaryimage\",\"url\":\"https:\/\/www.alteacultural.com\/wp-content\/uploads\/2024\/09\/AUNEX-2-web.jpg\",\"contentUrl\":\"https:\/\/www.alteacultural.com\/wp-content\/uploads\/2024\/09\/AUNEX-2-web.jpg\",\"width\":1028,\"height\":572},{\"@type\":\"BreadcrumbList\",\"@id\":\"https:\/\/www.alteacultural.com\/es\/2024\/09\/19\/la-universitat-de-lexperiencia-obre-termini-de-matricula\/#breadcrumb\",\"itemListElement\":[{\"@type\":\"ListItem\",\"position\":1,\"name\":\"Inici\",\"item\":\"https:\/\/www.alteacultural.com\/es\/\"},{\"@type\":\"ListItem\",\"position\":2,\"name\":\"La Universidad de la Experiencia abre plazo de matr\u00edcula\"}]},{\"@type\":\"WebSite\",\"@id\":\"https:\/\/www.alteacultural.com\/es\/#website\",\"url\":\"https:\/\/www.alteacultural.com\/es\/\",\"name\":\"Altea Cultural\",\"description\":\"Regidoria de Cultura de l&#039;Ajuntament d&#039;Altea\",\"potentialAction\":[{\"@type\":\"SearchAction\",\"target\":{\"@type\":\"EntryPoint\",\"urlTemplate\":\"https:\/\/www.alteacultural.com\/es\/?s={search_term_string}\"},\"query-input\":\"required name=search_term_string\"}],\"inLanguage\":\"es\"},{\"@type\":\"Person\",\"@id\":\"https:\/\/www.alteacultural.com\/es\/#\/schema\/person\/c4e137537f1af546d214a315255e5172\",\"name\":\"sfaltea.com-admin\",\"image\":{\"@type\":\"ImageObject\",\"inLanguage\":\"es\",\"@id\":\"https:\/\/www.alteacultural.com\/es\/#\/schema\/person\/image\/\",\"url\":\"https:\/\/secure.gravatar.com\/avatar\/f7473fa2fbd351270ccfd469de536202?s=96&d=mm&r=g\",\"contentUrl\":\"https:\/\/secure.gravatar.com\/avatar\/f7473fa2fbd351270ccfd469de536202?s=96&d=mm&r=g\",\"caption\":\"sfaltea.com-admin\"},\"url\":\"https:\/\/www.alteacultural.com\/es\/author\/sfaltea-com-admin\/\"}]}<\/script>\n<!-- \/ Yoast SEO plugin. -->","yoast_head_json":{"title":"La Universidad de la Experiencia abre plazo de matr\u00edcula - Altea Cultural","robots":{"index":"index","follow":"follow","max-snippet":"max-snippet:-1","max-image-preview":"max-image-preview:large","max-video-preview":"max-video-preview:-1"},"canonical":"https:\/\/www.alteacultural.com\/es\/2024\/09\/19\/la-universitat-de-lexperiencia-obre-termini-de-matricula\/","og_locale":"es_ES","og_type":"article","og_title":"La Universidad de la Experiencia abre plazo de matr\u00edcula - Altea Cultural","og_description":"Sep 18, 2024 Hoy mi\u00e9rcoles ha dado inicio el plazo de&nbsp; matriculaci\u00f3n de las AUNEX de Altea. En la [&hellip;]","og_url":"https:\/\/www.alteacultural.com\/es\/2024\/09\/19\/la-universitat-de-lexperiencia-obre-termini-de-matricula\/","og_site_name":"Altea Cultural","article_published_time":"2024-09-19T09:58:16+00:00","article_modified_time":"2024-09-24T09:54:47+00:00","og_image":[{"width":1028,"height":572,"url":"https:\/\/www.alteacultural.com\/wp-content\/uploads\/2024\/09\/AUNEX-2-web.jpg","type":"image\/jpeg"}],"author":"sfaltea.com-admin","twitter_card":"summary_large_image","twitter_misc":{"Escrito por":"sfaltea.com-admin","Tiempo de lectura":"3 minutos"},"schema":{"@context":"https:\/\/schema.org","@graph":[{"@type":"WebPage","@id":"https:\/\/www.alteacultural.com\/es\/2024\/09\/19\/la-universitat-de-lexperiencia-obre-termini-de-matricula\/","url":"https:\/\/www.alteacultural.com\/es\/2024\/09\/19\/la-universitat-de-lexperiencia-obre-termini-de-matricula\/","name":"La Universidad de la Experiencia abre plazo de matr\u00edcula - Altea Cultural","isPartOf":{"@id":"https:\/\/www.alteacultural.com\/es\/#website"},"primaryImageOfPage":{"@id":"https:\/\/www.alteacultural.com\/es\/2024\/09\/19\/la-universitat-de-lexperiencia-obre-termini-de-matricula\/#primaryimage"},"image":{"@id":"https:\/\/www.alteacultural.com\/es\/2024\/09\/19\/la-universitat-de-lexperiencia-obre-termini-de-matricula\/#primaryimage"},"thumbnailUrl":"https:\/\/www.alteacultural.com\/wp-content\/uploads\/2024\/09\/AUNEX-2-web.jpg","datePublished":"2024-09-19T09:58:16+00:00","dateModified":"2024-09-24T09:54:47+00:00","author":{"@id":"https:\/\/www.alteacultural.com\/es\/#\/schema\/person\/c4e137537f1af546d214a315255e5172"},"breadcrumb":{"@id":"https:\/\/www.alteacultural.com\/es\/2024\/09\/19\/la-universitat-de-lexperiencia-obre-termini-de-matricula\/#breadcrumb"},"inLanguage":"es","potentialAction":[{"@type":"ReadAction","target":["https:\/\/www.alteacultural.com\/es\/2024\/09\/19\/la-universitat-de-lexperiencia-obre-termini-de-matricula\/"]}]},{"@type":"ImageObject","inLanguage":"es","@id":"https:\/\/www.alteacultural.com\/es\/2024\/09\/19\/la-universitat-de-lexperiencia-obre-termini-de-matricula\/#primaryimage","url":"https:\/\/www.alteacultural.com\/wp-content\/uploads\/2024\/09\/AUNEX-2-web.jpg","contentUrl":"https:\/\/www.alteacultural.com\/wp-content\/uploads\/2024\/09\/AUNEX-2-web.jpg","width":1028,"height":572},{"@type":"BreadcrumbList","@id":"https:\/\/www.alteacultural.com\/es\/2024\/09\/19\/la-universitat-de-lexperiencia-obre-termini-de-matricula\/#breadcrumb","itemListElement":[{"@type":"ListItem","position":1,"name":"Inici","item":"https:\/\/www.alteacultural.com\/es\/"},{"@type":"ListItem","position":2,"name":"La Universidad de la Experiencia abre plazo de matr\u00edcula"}]},{"@type":"WebSite","@id":"https:\/\/www.alteacultural.com\/es\/#website","url":"https:\/\/www.alteacultural.com\/es\/","name":"Altea Cultural","description":"Regidoria de Cultura de l&#039;Ajuntament d&#039;Altea","potentialAction":[{"@type":"SearchAction","target":{"@type":"EntryPoint","urlTemplate":"https:\/\/www.alteacultural.com\/es\/?s={search_term_string}"},"query-input":"required name=search_term_string"}],"inLanguage":"es"},{"@type":"Person","@id":"https:\/\/www.alteacultural.com\/es\/#\/schema\/person\/c4e137537f1af546d214a315255e5172","name":"sfaltea.com-admin","image":{"@type":"ImageObject","inLanguage":"es","@id":"https:\/\/www.alteacultural.com\/es\/#\/schema\/person\/image\/","url":"https:\/\/secure.gravatar.com\/avatar\/f7473fa2fbd351270ccfd469de536202?s=96&d=mm&r=g","contentUrl":"https:\/\/secure.gravatar.com\/avatar\/f7473fa2fbd351270ccfd469de536202?s=96&d=mm&r=g","caption":"sfaltea.com-admin"},"url":"https:\/\/www.alteacultural.com\/es\/author\/sfaltea-com-admin\/"}]}},"_links":{"self":[{"href":"https:\/\/www.alteacultural.com\/es\/wp-json\/wp\/v2\/posts\/32855"}],"collection":[{"href":"https:\/\/www.alteacultural.com\/es\/wp-json\/wp\/v2\/posts"}],"about":[{"href":"https:\/\/www.alteacultural.com\/es\/wp-json\/wp\/v2\/types\/post"}],"author":[{"embeddable":true,"href":"https:\/\/www.alteacultural.com\/es\/wp-json\/wp\/v2\/users\/1"}],"replies":[{"embeddable":true,"href":"https:\/\/www.alteacultural.com\/es\/wp-json\/wp\/v2\/comments?post=32855"}],"version-history":[{"count":1,"href":"https:\/\/www.alteacultural.com\/es\/wp-json\/wp\/v2\/posts\/32855\/revisions"}],"predecessor-version":[{"id":32857,"href":"https:\/\/www.alteacultural.com\/es\/wp-json\/wp\/v2\/posts\/32855\/revisions\/32857"}],"wp:featuredmedia":[{"embeddable":true,"href":"https:\/\/www.alteacultural.com\/es\/wp-json\/wp\/v2\/media\/32853"}],"wp:attachment":[{"href":"https:\/\/www.alteacultural.com\/es\/wp-json\/wp\/v2\/media?parent=32855"}],"curies":[{"name":"wp","href":"https:\/\/api.w.org\/{rel}","templated":true}]}}