{"id":32967,"date":"2024-08-21T12:29:58","date_gmt":"2024-08-21T10:29:58","guid":{"rendered":"https:\/\/www.alteacultural.com\/2024\/08\/21\/ajuda-rebuda-de-la-diputacio-dalacant-per-a-la-realitzacio-dactivitats-culturals-despecial-relleu\/"},"modified":"2024-09-27T19:04:33","modified_gmt":"2024-09-27T17:04:33","slug":"ajuda-rebuda-de-la-diputacio-dalacant-per-a-la-realitzacio-dactivitats-culturals-despecial-relleu","status":"publish","type":"post","link":"https:\/\/www.alteacultural.com\/es\/2024\/08\/21\/ajuda-rebuda-de-la-diputacio-dalacant-per-a-la-realitzacio-dactivitats-culturals-despecial-relleu\/","title":{"rendered":"Ayuda recibida de la Diputaci\u00f3n de Alicante para la realizaci\u00f3n de actividades culturales de especial relieve."},"content":{"rendered":"\n<div style=\"height:39px\" aria-hidden=\"true\" class=\"wp-block-spacer\"><\/div>\n\n\n\n<div class=\"wp-block-media-text has-media-on-the-right is-stacked-on-mobile\" style=\"grid-template-columns:auto 28%\"><div class=\"wp-block-media-text__content\">\n<p>El Ayuntamiento de Altea ha recibido una subvenci\u00f3n por importe de 6.910,00 euros para la realizaci\u00f3n del proyecto &#8216;M\u00fasica a Boqueta Nit 2024&#8217;, dentro de la \u00abConvocatoria de subvenciones a ayuntamientos de la Provincia de Alicante, para la realizaci\u00f3n de actividades culturales de especial relieve, anualidad 2024\u00bb.<\/p>\n\n\n\n<p><a href=\"https:\/\/www.dip-alicante.es\/bop2\/pdftotal\/2024\/08\/20_159\/2024_006695.pdf\">Ver resoluci\u00f3n<\/a><\/p>\n<\/div><figure class=\"wp-block-media-text__media\"><img fetchpriority=\"high\" decoding=\"async\" width=\"785\" height=\"917\" src=\"https:\/\/www.alteacultural.com\/wp-content\/uploads\/2024\/09\/logo-diputacion-azul-rec.jpg\" alt=\"\" class=\"wp-image-32543 size-full\" srcset=\"https:\/\/www.alteacultural.com\/wp-content\/uploads\/2024\/09\/logo-diputacion-azul-rec.jpg 785w, https:\/\/www.alteacultural.com\/wp-content\/uploads\/2024\/09\/logo-diputacion-azul-rec-768x897.jpg 768w\" sizes=\"(max-width: 785px) 100vw, 785px\" \/><\/figure><\/div>\n","protected":false},"excerpt":{"rendered":"<p>El Ayuntamiento de Altea ha recibido una subvenci\u00f3n por importe de 6.910,00 euros para la realizaci\u00f3n del proyecto &#8216;M\u00fasica [&hellip;]<\/p>\n","protected":false},"author":1,"featured_media":32970,"comment_status":"open","ping_status":"open","sticky":false,"template":"","format":"standard","meta":{"_expiration-date-status":"","_expiration-date":1727456650,"_expiration-date-type":"draft","_expiration-date-categories":[],"_expiration-date-options":[],"footnotes":""},"yoast_head":"<!-- This site is optimized with the Yoast SEO plugin v22.8 - https:\/\/yoast.com\/wordpress\/plugins\/seo\/ -->\n<title>Ayuda recibida de la Diputaci\u00f3n de Alicante para la realizaci\u00f3n de actividades culturales de especial relieve. - Altea Cultural<\/title>\n<meta name=\"robots\" content=\"index, follow, max-snippet:-1, max-image-preview:large, max-video-preview:-1\" \/>\n<link rel=\"canonical\" href=\"https:\/\/www.alteacultural.com\/es\/2024\/08\/21\/ajuda-rebuda-de-la-diputacio-dalacant-per-a-la-realitzacio-dactivitats-culturals-despecial-relleu\/\" \/>\n<meta property=\"og:locale\" content=\"es_ES\" \/>\n<meta property=\"og:type\" content=\"article\" \/>\n<meta property=\"og:title\" content=\"Ayuda recibida de la Diputaci\u00f3n de Alicante para la realizaci\u00f3n de actividades culturales de especial relieve. - Altea Cultural\" \/>\n<meta property=\"og:description\" content=\"El Ayuntamiento de Altea ha recibido una subvenci\u00f3n por importe de 6.910,00 euros para la realizaci\u00f3n del proyecto &#8216;M\u00fasica [&hellip;]\" \/>\n<meta property=\"og:url\" content=\"https:\/\/www.alteacultural.com\/es\/2024\/08\/21\/ajuda-rebuda-de-la-diputacio-dalacant-per-a-la-realitzacio-dactivitats-culturals-despecial-relleu\/\" \/>\n<meta property=\"og:site_name\" content=\"Altea Cultural\" \/>\n<meta property=\"article:published_time\" content=\"2024-08-21T10:29:58+00:00\" \/>\n<meta property=\"article:modified_time\" content=\"2024-09-27T17:04:33+00:00\" \/>\n<meta property=\"og:image\" content=\"https:\/\/www.alteacultural.com\/wp-content\/uploads\/2024\/08\/diputacion_alicante_banner.webp\" \/>\n\t<meta property=\"og:image:width\" content=\"784\" \/>\n\t<meta property=\"og:image:height\" content=\"450\" \/>\n\t<meta property=\"og:image:type\" content=\"image\/webp\" \/>\n<meta name=\"author\" content=\"sfaltea.com-admin\" \/>\n<meta name=\"twitter:card\" content=\"summary_large_image\" \/>\n<meta name=\"twitter:label1\" content=\"Escrito por\" \/>\n\t<meta name=\"twitter:data1\" content=\"sfaltea.com-admin\" \/>\n\t<meta name=\"twitter:label2\" content=\"Tiempo de lectura\" \/>\n\t<meta name=\"twitter:data2\" content=\"1 minuto\" \/>\n<script type=\"application\/ld+json\" class=\"yoast-schema-graph\">{\"@context\":\"https:\/\/schema.org\",\"@graph\":[{\"@type\":\"WebPage\",\"@id\":\"https:\/\/www.alteacultural.com\/es\/2024\/08\/21\/ajuda-rebuda-de-la-diputacio-dalacant-per-a-la-realitzacio-dactivitats-culturals-despecial-relleu\/\",\"url\":\"https:\/\/www.alteacultural.com\/es\/2024\/08\/21\/ajuda-rebuda-de-la-diputacio-dalacant-per-a-la-realitzacio-dactivitats-culturals-despecial-relleu\/\",\"name\":\"Ayuda recibida de la Diputaci\u00f3n de Alicante para la realizaci\u00f3n de actividades culturales de especial relieve. - Altea Cultural\",\"isPartOf\":{\"@id\":\"https:\/\/www.alteacultural.com\/es\/#website\"},\"primaryImageOfPage\":{\"@id\":\"https:\/\/www.alteacultural.com\/es\/2024\/08\/21\/ajuda-rebuda-de-la-diputacio-dalacant-per-a-la-realitzacio-dactivitats-culturals-despecial-relleu\/#primaryimage\"},\"image\":{\"@id\":\"https:\/\/www.alteacultural.com\/es\/2024\/08\/21\/ajuda-rebuda-de-la-diputacio-dalacant-per-a-la-realitzacio-dactivitats-culturals-despecial-relleu\/#primaryimage\"},\"thumbnailUrl\":\"https:\/\/www.alteacultural.com\/wp-content\/uploads\/2024\/08\/diputacion_alicante_banner.webp\",\"datePublished\":\"2024-08-21T10:29:58+00:00\",\"dateModified\":\"2024-09-27T17:04:33+00:00\",\"author\":{\"@id\":\"https:\/\/www.alteacultural.com\/es\/#\/schema\/person\/c4e137537f1af546d214a315255e5172\"},\"breadcrumb\":{\"@id\":\"https:\/\/www.alteacultural.com\/es\/2024\/08\/21\/ajuda-rebuda-de-la-diputacio-dalacant-per-a-la-realitzacio-dactivitats-culturals-despecial-relleu\/#breadcrumb\"},\"inLanguage\":\"es\",\"potentialAction\":[{\"@type\":\"ReadAction\",\"target\":[\"https:\/\/www.alteacultural.com\/es\/2024\/08\/21\/ajuda-rebuda-de-la-diputacio-dalacant-per-a-la-realitzacio-dactivitats-culturals-despecial-relleu\/\"]}]},{\"@type\":\"ImageObject\",\"inLanguage\":\"es\",\"@id\":\"https:\/\/www.alteacultural.com\/es\/2024\/08\/21\/ajuda-rebuda-de-la-diputacio-dalacant-per-a-la-realitzacio-dactivitats-culturals-despecial-relleu\/#primaryimage\",\"url\":\"https:\/\/www.alteacultural.com\/wp-content\/uploads\/2024\/08\/diputacion_alicante_banner.webp\",\"contentUrl\":\"https:\/\/www.alteacultural.com\/wp-content\/uploads\/2024\/08\/diputacion_alicante_banner.webp\",\"width\":784,\"height\":450},{\"@type\":\"BreadcrumbList\",\"@id\":\"https:\/\/www.alteacultural.com\/es\/2024\/08\/21\/ajuda-rebuda-de-la-diputacio-dalacant-per-a-la-realitzacio-dactivitats-culturals-despecial-relleu\/#breadcrumb\",\"itemListElement\":[{\"@type\":\"ListItem\",\"position\":1,\"name\":\"Inici\",\"item\":\"https:\/\/www.alteacultural.com\/es\/\"},{\"@type\":\"ListItem\",\"position\":2,\"name\":\"Ayuda recibida de la Diputaci\u00f3n de Alicante para la realizaci\u00f3n de actividades culturales de especial relieve.\"}]},{\"@type\":\"WebSite\",\"@id\":\"https:\/\/www.alteacultural.com\/es\/#website\",\"url\":\"https:\/\/www.alteacultural.com\/es\/\",\"name\":\"Altea Cultural\",\"description\":\"Regidoria de Cultura de l&#039;Ajuntament d&#039;Altea\",\"potentialAction\":[{\"@type\":\"SearchAction\",\"target\":{\"@type\":\"EntryPoint\",\"urlTemplate\":\"https:\/\/www.alteacultural.com\/es\/?s={search_term_string}\"},\"query-input\":\"required name=search_term_string\"}],\"inLanguage\":\"es\"},{\"@type\":\"Person\",\"@id\":\"https:\/\/www.alteacultural.com\/es\/#\/schema\/person\/c4e137537f1af546d214a315255e5172\",\"name\":\"sfaltea.com-admin\",\"image\":{\"@type\":\"ImageObject\",\"inLanguage\":\"es\",\"@id\":\"https:\/\/www.alteacultural.com\/es\/#\/schema\/person\/image\/\",\"url\":\"https:\/\/secure.gravatar.com\/avatar\/f7473fa2fbd351270ccfd469de536202?s=96&d=mm&r=g\",\"contentUrl\":\"https:\/\/secure.gravatar.com\/avatar\/f7473fa2fbd351270ccfd469de536202?s=96&d=mm&r=g\",\"caption\":\"sfaltea.com-admin\"},\"url\":\"https:\/\/www.alteacultural.com\/es\/author\/sfaltea-com-admin\/\"}]}<\/script>\n<!-- \/ Yoast SEO plugin. -->","yoast_head_json":{"title":"Ayuda recibida de la Diputaci\u00f3n de Alicante para la realizaci\u00f3n de actividades culturales de especial relieve. - Altea Cultural","robots":{"index":"index","follow":"follow","max-snippet":"max-snippet:-1","max-image-preview":"max-image-preview:large","max-video-preview":"max-video-preview:-1"},"canonical":"https:\/\/www.alteacultural.com\/es\/2024\/08\/21\/ajuda-rebuda-de-la-diputacio-dalacant-per-a-la-realitzacio-dactivitats-culturals-despecial-relleu\/","og_locale":"es_ES","og_type":"article","og_title":"Ayuda recibida de la Diputaci\u00f3n de Alicante para la realizaci\u00f3n de actividades culturales de especial relieve. - Altea Cultural","og_description":"El Ayuntamiento de Altea ha recibido una subvenci\u00f3n por importe de 6.910,00 euros para la realizaci\u00f3n del proyecto &#8216;M\u00fasica [&hellip;]","og_url":"https:\/\/www.alteacultural.com\/es\/2024\/08\/21\/ajuda-rebuda-de-la-diputacio-dalacant-per-a-la-realitzacio-dactivitats-culturals-despecial-relleu\/","og_site_name":"Altea Cultural","article_published_time":"2024-08-21T10:29:58+00:00","article_modified_time":"2024-09-27T17:04:33+00:00","og_image":[{"width":784,"height":450,"url":"https:\/\/www.alteacultural.com\/wp-content\/uploads\/2024\/08\/diputacion_alicante_banner.webp","type":"image\/webp"}],"author":"sfaltea.com-admin","twitter_card":"summary_large_image","twitter_misc":{"Escrito por":"sfaltea.com-admin","Tiempo de lectura":"1 minuto"},"schema":{"@context":"https:\/\/schema.org","@graph":[{"@type":"WebPage","@id":"https:\/\/www.alteacultural.com\/es\/2024\/08\/21\/ajuda-rebuda-de-la-diputacio-dalacant-per-a-la-realitzacio-dactivitats-culturals-despecial-relleu\/","url":"https:\/\/www.alteacultural.com\/es\/2024\/08\/21\/ajuda-rebuda-de-la-diputacio-dalacant-per-a-la-realitzacio-dactivitats-culturals-despecial-relleu\/","name":"Ayuda recibida de la Diputaci\u00f3n de Alicante para la realizaci\u00f3n de actividades culturales de especial relieve. - Altea Cultural","isPartOf":{"@id":"https:\/\/www.alteacultural.com\/es\/#website"},"primaryImageOfPage":{"@id":"https:\/\/www.alteacultural.com\/es\/2024\/08\/21\/ajuda-rebuda-de-la-diputacio-dalacant-per-a-la-realitzacio-dactivitats-culturals-despecial-relleu\/#primaryimage"},"image":{"@id":"https:\/\/www.alteacultural.com\/es\/2024\/08\/21\/ajuda-rebuda-de-la-diputacio-dalacant-per-a-la-realitzacio-dactivitats-culturals-despecial-relleu\/#primaryimage"},"thumbnailUrl":"https:\/\/www.alteacultural.com\/wp-content\/uploads\/2024\/08\/diputacion_alicante_banner.webp","datePublished":"2024-08-21T10:29:58+00:00","dateModified":"2024-09-27T17:04:33+00:00","author":{"@id":"https:\/\/www.alteacultural.com\/es\/#\/schema\/person\/c4e137537f1af546d214a315255e5172"},"breadcrumb":{"@id":"https:\/\/www.alteacultural.com\/es\/2024\/08\/21\/ajuda-rebuda-de-la-diputacio-dalacant-per-a-la-realitzacio-dactivitats-culturals-despecial-relleu\/#breadcrumb"},"inLanguage":"es","potentialAction":[{"@type":"ReadAction","target":["https:\/\/www.alteacultural.com\/es\/2024\/08\/21\/ajuda-rebuda-de-la-diputacio-dalacant-per-a-la-realitzacio-dactivitats-culturals-despecial-relleu\/"]}]},{"@type":"ImageObject","inLanguage":"es","@id":"https:\/\/www.alteacultural.com\/es\/2024\/08\/21\/ajuda-rebuda-de-la-diputacio-dalacant-per-a-la-realitzacio-dactivitats-culturals-despecial-relleu\/#primaryimage","url":"https:\/\/www.alteacultural.com\/wp-content\/uploads\/2024\/08\/diputacion_alicante_banner.webp","contentUrl":"https:\/\/www.alteacultural.com\/wp-content\/uploads\/2024\/08\/diputacion_alicante_banner.webp","width":784,"height":450},{"@type":"BreadcrumbList","@id":"https:\/\/www.alteacultural.com\/es\/2024\/08\/21\/ajuda-rebuda-de-la-diputacio-dalacant-per-a-la-realitzacio-dactivitats-culturals-despecial-relleu\/#breadcrumb","itemListElement":[{"@type":"ListItem","position":1,"name":"Inici","item":"https:\/\/www.alteacultural.com\/es\/"},{"@type":"ListItem","position":2,"name":"Ayuda recibida de la Diputaci\u00f3n de Alicante para la realizaci\u00f3n de actividades culturales de especial relieve."}]},{"@type":"WebSite","@id":"https:\/\/www.alteacultural.com\/es\/#website","url":"https:\/\/www.alteacultural.com\/es\/","name":"Altea Cultural","description":"Regidoria de Cultura de l&#039;Ajuntament d&#039;Altea","potentialAction":[{"@type":"SearchAction","target":{"@type":"EntryPoint","urlTemplate":"https:\/\/www.alteacultural.com\/es\/?s={search_term_string}"},"query-input":"required name=search_term_string"}],"inLanguage":"es"},{"@type":"Person","@id":"https:\/\/www.alteacultural.com\/es\/#\/schema\/person\/c4e137537f1af546d214a315255e5172","name":"sfaltea.com-admin","image":{"@type":"ImageObject","inLanguage":"es","@id":"https:\/\/www.alteacultural.com\/es\/#\/schema\/person\/image\/","url":"https:\/\/secure.gravatar.com\/avatar\/f7473fa2fbd351270ccfd469de536202?s=96&d=mm&r=g","contentUrl":"https:\/\/secure.gravatar.com\/avatar\/f7473fa2fbd351270ccfd469de536202?s=96&d=mm&r=g","caption":"sfaltea.com-admin"},"url":"https:\/\/www.alteacultural.com\/es\/author\/sfaltea-com-admin\/"}]}},"_links":{"self":[{"href":"https:\/\/www.alteacultural.com\/es\/wp-json\/wp\/v2\/posts\/32967"}],"collection":[{"href":"https:\/\/www.alteacultural.com\/es\/wp-json\/wp\/v2\/posts"}],"about":[{"href":"https:\/\/www.alteacultural.com\/es\/wp-json\/wp\/v2\/types\/post"}],"author":[{"embeddable":true,"href":"https:\/\/www.alteacultural.com\/es\/wp-json\/wp\/v2\/users\/1"}],"replies":[{"embeddable":true,"href":"https:\/\/www.alteacultural.com\/es\/wp-json\/wp\/v2\/comments?post=32967"}],"version-history":[{"count":4,"href":"https:\/\/www.alteacultural.com\/es\/wp-json\/wp\/v2\/posts\/32967\/revisions"}],"predecessor-version":[{"id":32976,"href":"https:\/\/www.alteacultural.com\/es\/wp-json\/wp\/v2\/posts\/32967\/revisions\/32976"}],"wp:featuredmedia":[{"embeddable":true,"href":"https:\/\/www.alteacultural.com\/es\/wp-json\/wp\/v2\/media\/32970"}],"wp:attachment":[{"href":"https:\/\/www.alteacultural.com\/es\/wp-json\/wp\/v2\/media?parent=32967"}],"curies":[{"name":"wp","href":"https:\/\/api.w.org\/{rel}","templated":true}]}}