{"id":33159,"date":"2024-10-14T12:15:36","date_gmt":"2024-10-14T10:15:36","guid":{"rendered":"https:\/\/www.alteacultural.com\/?p=33159"},"modified":"2024-11-03T19:13:30","modified_gmt":"2024-11-03T18:13:30","slug":"programacio-nit-de-tots-sants-halloween-altea-2024","status":"publish","type":"post","link":"https:\/\/www.alteacultural.com\/es\/2024\/10\/14\/programacio-nit-de-tots-sants-halloween-altea-2024\/","title":{"rendered":"Programaci\u00f3n Noche de Todos los Santos \u2013 Halloween \u2013 Altea 2024"},"content":{"rendered":"\n<p>Espanta la por! Per Tots Sants, monstres valencians.<\/p>\n\n\n\n<p>Programaci\u00f3n de las concejal\u00edas de Cultura, Joventud y Normalizaci\u00f3n Ling\u00fc\u00edstica para a la Noche de Todos los Santos.<\/p>\n\n\n\n<figure class=\"wp-block-image size-full\"><img fetchpriority=\"high\" decoding=\"async\" width=\"1240\" height=\"1754\" src=\"https:\/\/www.alteacultural.com\/wp-content\/uploads\/2024\/10\/NitDeTotsSants-Altea2024_Cartell.jpg\" alt=\"\" class=\"wp-image-33194\" srcset=\"https:\/\/www.alteacultural.com\/wp-content\/uploads\/2024\/10\/NitDeTotsSants-Altea2024_Cartell.jpg 1240w, https:\/\/www.alteacultural.com\/wp-content\/uploads\/2024\/10\/NitDeTotsSants-Altea2024_Cartell-768x1086.jpg 768w, https:\/\/www.alteacultural.com\/wp-content\/uploads\/2024\/10\/NitDeTotsSants-Altea2024_Cartell-1086x1536.jpg 1086w\" sizes=\"(max-width: 1240px) 100vw, 1240px\" \/><\/figure>\n\n\n\n<div class=\"wp-block-columns is-layout-flex wp-container-core-columns-is-layout-1 wp-block-columns-is-layout-flex\">\n<div class=\"wp-block-column is-layout-flow wp-block-column-is-layout-flow\" style=\"flex-basis:100%\">\n<div style=\"height:74px\" aria-hidden=\"true\" class=\"wp-block-spacer\"><\/div>\n<\/div>\n<\/div>\n\n\n\n<div class=\"wp-block-columns is-layout-flex wp-container-core-columns-is-layout-3 wp-block-columns-is-layout-flex\">\n<div class=\"wp-block-column is-layout-flow wp-block-column-is-layout-flow\">\n<div class=\"wp-block-columns is-layout-flex wp-container-core-columns-is-layout-2 wp-block-columns-is-layout-flex\">\n<div class=\"wp-block-column is-layout-flow wp-block-column-is-layout-flow\">\n<figure class=\"wp-block-image size-full\"><img decoding=\"async\" width=\"1131\" height=\"1600\" data-src=\"https:\/\/www.alteacultural.com\/wp-content\/uploads\/2024\/10\/2024-10-19_Espanta_la_por.jpeg\" alt=\"\" class=\"wp-image-33141 lazyload\" data-srcset=\"https:\/\/www.alteacultural.com\/wp-content\/uploads\/2024\/10\/2024-10-19_Espanta_la_por.jpeg 1131w, https:\/\/www.alteacultural.com\/wp-content\/uploads\/2024\/10\/2024-10-19_Espanta_la_por-768x1086.jpeg 768w, https:\/\/www.alteacultural.com\/wp-content\/uploads\/2024\/10\/2024-10-19_Espanta_la_por-1086x1536.jpeg 1086w\" data-sizes=\"(max-width: 1131px) 100vw, 1131px\" src=\"data:image\/gif;base64,R0lGODlhAQABAAAAACH5BAEKAAEALAAAAAABAAEAAAICTAEAOw==\" style=\"--smush-placeholder-width: 1131px; --smush-placeholder-aspect-ratio: 1131\/1600;\" \/><\/figure>\n\n\n\n<p class=\"has-text-align-center\">Ni\u00f1os y ni\u00f1as de 5 a 12 a\u00f1os<\/p>\n\n\n\n<div class=\"wp-block-buttons is-content-justification-center is-layout-flex wp-container-core-buttons-is-layout-1 wp-block-buttons-is-layout-flex\">\n<div class=\"wp-block-button is-style-outline\"><a class=\"wp-block-button__link has-text-align-center wp-element-button\" href=\"https:\/\/www.alteacultural.com\/es\/events\/taller-les-pocions-magiques-de-la-fetillera-espanta-la-por-2024\/\">+info<\/a><\/div>\n<\/div>\n<\/div>\n\n\n\n<div class=\"wp-block-column is-layout-flow wp-block-column-is-layout-flow\">\n<figure class=\"wp-block-image size-full\"><img decoding=\"async\" width=\"1414\" height=\"2000\" data-src=\"https:\/\/www.alteacultural.com\/wp-content\/uploads\/2024\/10\/2024-10-25_Bunyols_carabassa_i_xocolate_tassa.jpg\" alt=\"\" class=\"wp-image-33165 lazyload\" data-srcset=\"https:\/\/www.alteacultural.com\/wp-content\/uploads\/2024\/10\/2024-10-25_Bunyols_carabassa_i_xocolate_tassa.jpg 1414w, https:\/\/www.alteacultural.com\/wp-content\/uploads\/2024\/10\/2024-10-25_Bunyols_carabassa_i_xocolate_tassa-768x1086.jpg 768w, https:\/\/www.alteacultural.com\/wp-content\/uploads\/2024\/10\/2024-10-25_Bunyols_carabassa_i_xocolate_tassa-1086x1536.jpg 1086w\" data-sizes=\"(max-width: 1414px) 100vw, 1414px\" src=\"data:image\/gif;base64,R0lGODlhAQABAAAAACH5BAEKAAEALAAAAAABAAEAAAICTAEAOw==\" style=\"--smush-placeholder-width: 1414px; --smush-placeholder-aspect-ratio: 1414\/2000;\" \/><\/figure>\n\n\n\n<p class=\"has-text-align-center\">Para j\u00f3venes de 12 a 17 a\u00f1os<\/p>\n\n\n\n<div class=\"wp-block-buttons is-content-justification-center is-layout-flex wp-container-core-buttons-is-layout-2 wp-block-buttons-is-layout-flex\">\n<div class=\"wp-block-button is-style-outline\"><a class=\"wp-block-button__link wp-element-button\" href=\"https:\/\/www.alteacultural.com\/es\/events\/bunyols-de-carabassa-i-xocolate-a-la-tassa-espanta-la-por-2024\/\">+ info<\/a><\/div>\n<\/div>\n<\/div>\n\n\n\n<div class=\"wp-block-column is-layout-flow wp-block-column-is-layout-flow\">\n<figure class=\"wp-block-image size-full\"><img decoding=\"async\" width=\"358\" height=\"503\" data-src=\"https:\/\/www.alteacultural.com\/wp-content\/uploads\/2024\/10\/2024-10-26_love_zombies.jpeg\" alt=\"\" class=\"wp-image-33171 lazyload\" src=\"data:image\/gif;base64,R0lGODlhAQABAAAAACH5BAEKAAEALAAAAAABAAEAAAICTAEAOw==\" style=\"--smush-placeholder-width: 358px; --smush-placeholder-aspect-ratio: 358\/503;\" \/><\/figure>\n\n\n\n<p class=\"has-text-align-center\">A partir de 10 a\u00f1\u00f3s y adultos<\/p>\n\n\n\n<div class=\"wp-block-buttons is-content-justification-center is-layout-flex wp-container-core-buttons-is-layout-3 wp-block-buttons-is-layout-flex\">\n<div class=\"wp-block-button is-style-outline\"><a class=\"wp-block-button__link wp-element-button\" href=\"https:\/\/www.alteacultural.com\/es\/events\/love-zombies-espanta-la-por-2024\/\">+ info<\/a><\/div>\n<\/div>\n<\/div>\n<\/div>\n<\/div>\n<\/div>\n","protected":false},"excerpt":{"rendered":"<p>Espanta la por! Per Tots Sants, monstres valencians. Programaci\u00f3n de las concejal\u00edas de Cultura, Joventud y Normalizaci\u00f3n Ling\u00fc\u00edstica para [&hellip;]<\/p>\n","protected":false},"author":1,"featured_media":33194,"comment_status":"open","ping_status":"open","sticky":false,"template":"","format":"standard","meta":{"_expiration-date-status":"","_expiration-date":1730657603,"_expiration-date-type":"draft","_expiration-date-categories":[],"_expiration-date-options":[],"footnotes":""},"yoast_head":"<!-- This site is optimized with the Yoast SEO plugin v22.8 - https:\/\/yoast.com\/wordpress\/plugins\/seo\/ -->\n<title>Programaci\u00f3n Noche de Todos los Santos \u2013 Halloween \u2013 Altea 2024 - Altea Cultural<\/title>\n<meta name=\"robots\" content=\"index, follow, max-snippet:-1, max-image-preview:large, max-video-preview:-1\" \/>\n<link rel=\"canonical\" href=\"https:\/\/www.alteacultural.com\/es\/2024\/10\/14\/programacio-nit-de-tots-sants-halloween-altea-2024\/\" \/>\n<meta property=\"og:locale\" content=\"es_ES\" \/>\n<meta property=\"og:type\" content=\"article\" \/>\n<meta property=\"og:title\" content=\"Programaci\u00f3n Noche de Todos los Santos \u2013 Halloween \u2013 Altea 2024 - Altea Cultural\" \/>\n<meta property=\"og:description\" content=\"Espanta la por! Per Tots Sants, monstres valencians. Programaci\u00f3n de las concejal\u00edas de Cultura, Joventud y Normalizaci\u00f3n Ling\u00fc\u00edstica para [&hellip;]\" \/>\n<meta property=\"og:url\" content=\"https:\/\/www.alteacultural.com\/es\/2024\/10\/14\/programacio-nit-de-tots-sants-halloween-altea-2024\/\" \/>\n<meta property=\"og:site_name\" content=\"Altea Cultural\" \/>\n<meta property=\"article:published_time\" content=\"2024-10-14T10:15:36+00:00\" \/>\n<meta property=\"article:modified_time\" content=\"2024-11-03T18:13:30+00:00\" \/>\n<meta property=\"og:image\" content=\"https:\/\/www.alteacultural.com\/wp-content\/uploads\/2024\/10\/NitDeTotsSants-Altea2024_Cartell.jpg\" \/>\n\t<meta property=\"og:image:width\" content=\"1240\" \/>\n\t<meta property=\"og:image:height\" content=\"1754\" \/>\n\t<meta property=\"og:image:type\" content=\"image\/jpeg\" \/>\n<meta name=\"author\" content=\"sfaltea.com-admin\" \/>\n<meta name=\"twitter:card\" content=\"summary_large_image\" \/>\n<meta name=\"twitter:label1\" content=\"Escrito por\" \/>\n\t<meta name=\"twitter:data1\" content=\"sfaltea.com-admin\" \/>\n\t<meta name=\"twitter:label2\" content=\"Tiempo de lectura\" \/>\n\t<meta name=\"twitter:data2\" content=\"2 minutos\" \/>\n<script type=\"application\/ld+json\" class=\"yoast-schema-graph\">{\"@context\":\"https:\/\/schema.org\",\"@graph\":[{\"@type\":\"WebPage\",\"@id\":\"https:\/\/www.alteacultural.com\/es\/2024\/10\/14\/programacio-nit-de-tots-sants-halloween-altea-2024\/\",\"url\":\"https:\/\/www.alteacultural.com\/es\/2024\/10\/14\/programacio-nit-de-tots-sants-halloween-altea-2024\/\",\"name\":\"Programaci\u00f3n Noche de Todos los Santos \u2013 Halloween \u2013 Altea 2024 - Altea Cultural\",\"isPartOf\":{\"@id\":\"https:\/\/www.alteacultural.com\/es\/#website\"},\"primaryImageOfPage\":{\"@id\":\"https:\/\/www.alteacultural.com\/es\/2024\/10\/14\/programacio-nit-de-tots-sants-halloween-altea-2024\/#primaryimage\"},\"image\":{\"@id\":\"https:\/\/www.alteacultural.com\/es\/2024\/10\/14\/programacio-nit-de-tots-sants-halloween-altea-2024\/#primaryimage\"},\"thumbnailUrl\":\"https:\/\/www.alteacultural.com\/wp-content\/uploads\/2024\/10\/NitDeTotsSants-Altea2024_Cartell.jpg\",\"datePublished\":\"2024-10-14T10:15:36+00:00\",\"dateModified\":\"2024-11-03T18:13:30+00:00\",\"author\":{\"@id\":\"https:\/\/www.alteacultural.com\/es\/#\/schema\/person\/c4e137537f1af546d214a315255e5172\"},\"breadcrumb\":{\"@id\":\"https:\/\/www.alteacultural.com\/es\/2024\/10\/14\/programacio-nit-de-tots-sants-halloween-altea-2024\/#breadcrumb\"},\"inLanguage\":\"es\",\"potentialAction\":[{\"@type\":\"ReadAction\",\"target\":[\"https:\/\/www.alteacultural.com\/es\/2024\/10\/14\/programacio-nit-de-tots-sants-halloween-altea-2024\/\"]}]},{\"@type\":\"ImageObject\",\"inLanguage\":\"es\",\"@id\":\"https:\/\/www.alteacultural.com\/es\/2024\/10\/14\/programacio-nit-de-tots-sants-halloween-altea-2024\/#primaryimage\",\"url\":\"https:\/\/www.alteacultural.com\/wp-content\/uploads\/2024\/10\/NitDeTotsSants-Altea2024_Cartell.jpg\",\"contentUrl\":\"https:\/\/www.alteacultural.com\/wp-content\/uploads\/2024\/10\/NitDeTotsSants-Altea2024_Cartell.jpg\",\"width\":1240,\"height\":1754},{\"@type\":\"BreadcrumbList\",\"@id\":\"https:\/\/www.alteacultural.com\/es\/2024\/10\/14\/programacio-nit-de-tots-sants-halloween-altea-2024\/#breadcrumb\",\"itemListElement\":[{\"@type\":\"ListItem\",\"position\":1,\"name\":\"Inici\",\"item\":\"https:\/\/www.alteacultural.com\/es\/\"},{\"@type\":\"ListItem\",\"position\":2,\"name\":\"Programaci\u00f3n Noche de Todos los Santos \u2013 Halloween \u2013 Altea 2024\"}]},{\"@type\":\"WebSite\",\"@id\":\"https:\/\/www.alteacultural.com\/es\/#website\",\"url\":\"https:\/\/www.alteacultural.com\/es\/\",\"name\":\"Altea Cultural\",\"description\":\"Regidoria de Cultura de l&#039;Ajuntament d&#039;Altea\",\"potentialAction\":[{\"@type\":\"SearchAction\",\"target\":{\"@type\":\"EntryPoint\",\"urlTemplate\":\"https:\/\/www.alteacultural.com\/es\/?s={search_term_string}\"},\"query-input\":\"required name=search_term_string\"}],\"inLanguage\":\"es\"},{\"@type\":\"Person\",\"@id\":\"https:\/\/www.alteacultural.com\/es\/#\/schema\/person\/c4e137537f1af546d214a315255e5172\",\"name\":\"sfaltea.com-admin\",\"image\":{\"@type\":\"ImageObject\",\"inLanguage\":\"es\",\"@id\":\"https:\/\/www.alteacultural.com\/es\/#\/schema\/person\/image\/\",\"url\":\"https:\/\/secure.gravatar.com\/avatar\/f7473fa2fbd351270ccfd469de536202?s=96&d=mm&r=g\",\"contentUrl\":\"https:\/\/secure.gravatar.com\/avatar\/f7473fa2fbd351270ccfd469de536202?s=96&d=mm&r=g\",\"caption\":\"sfaltea.com-admin\"},\"url\":\"https:\/\/www.alteacultural.com\/es\/author\/sfaltea-com-admin\/\"}]}<\/script>\n<!-- \/ Yoast SEO plugin. -->","yoast_head_json":{"title":"Programaci\u00f3n Noche de Todos los Santos \u2013 Halloween \u2013 Altea 2024 - Altea Cultural","robots":{"index":"index","follow":"follow","max-snippet":"max-snippet:-1","max-image-preview":"max-image-preview:large","max-video-preview":"max-video-preview:-1"},"canonical":"https:\/\/www.alteacultural.com\/es\/2024\/10\/14\/programacio-nit-de-tots-sants-halloween-altea-2024\/","og_locale":"es_ES","og_type":"article","og_title":"Programaci\u00f3n Noche de Todos los Santos \u2013 Halloween \u2013 Altea 2024 - Altea Cultural","og_description":"Espanta la por! Per Tots Sants, monstres valencians. Programaci\u00f3n de las concejal\u00edas de Cultura, Joventud y Normalizaci\u00f3n Ling\u00fc\u00edstica para [&hellip;]","og_url":"https:\/\/www.alteacultural.com\/es\/2024\/10\/14\/programacio-nit-de-tots-sants-halloween-altea-2024\/","og_site_name":"Altea Cultural","article_published_time":"2024-10-14T10:15:36+00:00","article_modified_time":"2024-11-03T18:13:30+00:00","og_image":[{"width":1240,"height":1754,"url":"https:\/\/www.alteacultural.com\/wp-content\/uploads\/2024\/10\/NitDeTotsSants-Altea2024_Cartell.jpg","type":"image\/jpeg"}],"author":"sfaltea.com-admin","twitter_card":"summary_large_image","twitter_misc":{"Escrito por":"sfaltea.com-admin","Tiempo de lectura":"2 minutos"},"schema":{"@context":"https:\/\/schema.org","@graph":[{"@type":"WebPage","@id":"https:\/\/www.alteacultural.com\/es\/2024\/10\/14\/programacio-nit-de-tots-sants-halloween-altea-2024\/","url":"https:\/\/www.alteacultural.com\/es\/2024\/10\/14\/programacio-nit-de-tots-sants-halloween-altea-2024\/","name":"Programaci\u00f3n Noche de Todos los Santos \u2013 Halloween \u2013 Altea 2024 - Altea Cultural","isPartOf":{"@id":"https:\/\/www.alteacultural.com\/es\/#website"},"primaryImageOfPage":{"@id":"https:\/\/www.alteacultural.com\/es\/2024\/10\/14\/programacio-nit-de-tots-sants-halloween-altea-2024\/#primaryimage"},"image":{"@id":"https:\/\/www.alteacultural.com\/es\/2024\/10\/14\/programacio-nit-de-tots-sants-halloween-altea-2024\/#primaryimage"},"thumbnailUrl":"https:\/\/www.alteacultural.com\/wp-content\/uploads\/2024\/10\/NitDeTotsSants-Altea2024_Cartell.jpg","datePublished":"2024-10-14T10:15:36+00:00","dateModified":"2024-11-03T18:13:30+00:00","author":{"@id":"https:\/\/www.alteacultural.com\/es\/#\/schema\/person\/c4e137537f1af546d214a315255e5172"},"breadcrumb":{"@id":"https:\/\/www.alteacultural.com\/es\/2024\/10\/14\/programacio-nit-de-tots-sants-halloween-altea-2024\/#breadcrumb"},"inLanguage":"es","potentialAction":[{"@type":"ReadAction","target":["https:\/\/www.alteacultural.com\/es\/2024\/10\/14\/programacio-nit-de-tots-sants-halloween-altea-2024\/"]}]},{"@type":"ImageObject","inLanguage":"es","@id":"https:\/\/www.alteacultural.com\/es\/2024\/10\/14\/programacio-nit-de-tots-sants-halloween-altea-2024\/#primaryimage","url":"https:\/\/www.alteacultural.com\/wp-content\/uploads\/2024\/10\/NitDeTotsSants-Altea2024_Cartell.jpg","contentUrl":"https:\/\/www.alteacultural.com\/wp-content\/uploads\/2024\/10\/NitDeTotsSants-Altea2024_Cartell.jpg","width":1240,"height":1754},{"@type":"BreadcrumbList","@id":"https:\/\/www.alteacultural.com\/es\/2024\/10\/14\/programacio-nit-de-tots-sants-halloween-altea-2024\/#breadcrumb","itemListElement":[{"@type":"ListItem","position":1,"name":"Inici","item":"https:\/\/www.alteacultural.com\/es\/"},{"@type":"ListItem","position":2,"name":"Programaci\u00f3n Noche de Todos los Santos \u2013 Halloween \u2013 Altea 2024"}]},{"@type":"WebSite","@id":"https:\/\/www.alteacultural.com\/es\/#website","url":"https:\/\/www.alteacultural.com\/es\/","name":"Altea Cultural","description":"Regidoria de Cultura de l&#039;Ajuntament d&#039;Altea","potentialAction":[{"@type":"SearchAction","target":{"@type":"EntryPoint","urlTemplate":"https:\/\/www.alteacultural.com\/es\/?s={search_term_string}"},"query-input":"required name=search_term_string"}],"inLanguage":"es"},{"@type":"Person","@id":"https:\/\/www.alteacultural.com\/es\/#\/schema\/person\/c4e137537f1af546d214a315255e5172","name":"sfaltea.com-admin","image":{"@type":"ImageObject","inLanguage":"es","@id":"https:\/\/www.alteacultural.com\/es\/#\/schema\/person\/image\/","url":"https:\/\/secure.gravatar.com\/avatar\/f7473fa2fbd351270ccfd469de536202?s=96&d=mm&r=g","contentUrl":"https:\/\/secure.gravatar.com\/avatar\/f7473fa2fbd351270ccfd469de536202?s=96&d=mm&r=g","caption":"sfaltea.com-admin"},"url":"https:\/\/www.alteacultural.com\/es\/author\/sfaltea-com-admin\/"}]}},"_links":{"self":[{"href":"https:\/\/www.alteacultural.com\/es\/wp-json\/wp\/v2\/posts\/33159"}],"collection":[{"href":"https:\/\/www.alteacultural.com\/es\/wp-json\/wp\/v2\/posts"}],"about":[{"href":"https:\/\/www.alteacultural.com\/es\/wp-json\/wp\/v2\/types\/post"}],"author":[{"embeddable":true,"href":"https:\/\/www.alteacultural.com\/es\/wp-json\/wp\/v2\/users\/1"}],"replies":[{"embeddable":true,"href":"https:\/\/www.alteacultural.com\/es\/wp-json\/wp\/v2\/comments?post=33159"}],"version-history":[{"count":4,"href":"https:\/\/www.alteacultural.com\/es\/wp-json\/wp\/v2\/posts\/33159\/revisions"}],"predecessor-version":[{"id":33197,"href":"https:\/\/www.alteacultural.com\/es\/wp-json\/wp\/v2\/posts\/33159\/revisions\/33197"}],"wp:featuredmedia":[{"embeddable":true,"href":"https:\/\/www.alteacultural.com\/es\/wp-json\/wp\/v2\/media\/33194"}],"wp:attachment":[{"href":"https:\/\/www.alteacultural.com\/es\/wp-json\/wp\/v2\/media?parent=33159"}],"curies":[{"name":"wp","href":"https:\/\/api.w.org\/{rel}","templated":true}]}}